{"id":3360,"date":"2019-10-15T08:50:45","date_gmt":"2019-10-15T11:50:45","guid":{"rendered":"https:\/\/juniortakamoto.com.br\/?p=3360"},"modified":"2019-10-15T08:50:45","modified_gmt":"2019-10-15T11:50:45","slug":"gilmar-insiste-em-acusar-moro-e-a-lava-jato","status":"publish","type":"post","link":"https:\/\/www.p31noticias.com.br\/?p=3360","title":{"rendered":"Gilmar insiste em acusar Moro e a Lava Jato"},"content":{"rendered":"<p>Gilmar Mendes tem dado mais entrevistas do que Lula.<\/p>\n<p>No programa de Pedro Bial, ele repetiu mais uma vez que considera Sergio Moro suspeito no caso do chefe da ORCRIM:<\/p>\n<p>\u201cVamos ter de executar com muito cuidado, h\u00e1 a impress\u00e3o de que h\u00e1 muitos v\u00edcios, eu tenho dito que o Lula merece um julgamento justo. Tudo isso que vem se revelando de fato mostra suspeita sobre esse caso. Estou estudando. Vamos ter cap\u00edtulo sobre o eventual significado da Vaza Jato, o eventual aproveitamento ou n\u00e3o de prova il\u00edcita nesta quest\u00e3o\u201d.<\/p>\n<p>Gilmar Mendes, entrevistado por Pedro Bial, disse:<\/p>\n<p>\u201cHouve um lavajatismo militante da m\u00eddia. E ficamos como os bandidos da hist\u00f3ria\u201d.<\/p>\n<p>N\u00e3o h\u00e1 a menor d\u00favida sobre isso:\u00a0Gilmar Mendes e seus parceiros ficaram como os bandidos da hist\u00f3ria.<\/p>\n<p>\u201cMoro chegou ao governo quase que como um primeiro-ministro. Depois ele virou esse personagem que o Bolsonaro leva para o jogo do Flamengo. Ele est\u00e1 precisando do Bolsonaro. Antes o Bolsonaro precisava dele, depois ele passa a precisar do Bolsonaro\u201d.<\/p>\n<p>Gilmar Mendes est\u00e1 \u00e0 vontade para esmagar a Lava Jato porque despreza o poder de Sergio Moro.<\/p>\n<p>Ele repetiu que determinados ministros do STF t\u00eam \u201cfetiche sexual\u201d por investigadores:<\/p>\n<p>\u201cO que digo \u00e9 que de fato n\u00f3s devemos ter muito cuidado nessas rela\u00e7\u00f5es com policiais, procuradores, podemos at\u00e9 ter fetiches sexuais, mas n\u00e3o nos envolver com suas teses\u201d.<\/p>\n<p>A sutileza de Gilmar Mendes sempre foi reconhecida.<\/p>\n<p>De qualquer maneira, seria bom que os ministros do STF tivessem cuidado tamb\u00e9m ao se relacionarem com corruptos e corruptores, e que n\u00e3o inventassem teses para tir\u00e1-los da cadeia.<\/p>\n<p>Enquanto isso, Sergio Moro esteve ontem \u00e0 noite na sede da Fiesp, em S\u00e3o Paulo, e foi aplaudido de p\u00e9 por uma plateia de quase 500 empres\u00e1rios.<\/p>\n<p>O ministro da Justi\u00e7a e Seguran\u00e7a P\u00fablica assinou um termo de coopera\u00e7\u00e3o t\u00e9cnica com a entidade presidida por Paulo Skaf.<\/p>\n<p>Entre os itens do acordo, est\u00e1 um programa que deve oferecer capacita\u00e7\u00e3o profissional a detentos e egressos do sistema prisional, por interm\u00e9dio do Senai.<\/p>\n<p>O minist\u00e9rio e a Fiesp tamb\u00e9m v\u00e3o trocar informa\u00e7\u00f5es e promover estudos sobre temas como pirataria e combate e preven\u00e7\u00e3o ao roubo de cargas.<\/p>\n<p>\u201cTemos a percep\u00e7\u00e3o de que precisamos incorporar no setor p\u00fablico o dinamismo que existe no setor privado. Ambos os lados podem ganhar muito\u201d, disse Moro aos empres\u00e1rios.<\/p>\n","protected":false},"excerpt":{"rendered":"<p>Gilmar Mendes tem dado mais entrevistas do que Lula. No programa de Pedro Bial, ele repetiu mais uma vez que considera Sergio Moro suspeito no caso do chefe da ORCRIM: \u201cVamos ter de executar com muito cuidado, h\u00e1 a impress\u00e3o de que h\u00e1 muitos v\u00edcios, eu tenho dito que o Lula merece um julgamento justo. [&hellip;]<\/p>\n","protected":false},"author":18,"featured_media":3363,"comment_status":"open","ping_status":"open","sticky":false,"template":"","format":"standard","meta":{"footnotes":""},"categories":[57],"tags":[305,138,290,146,71,282,135],"class_list":{"0":"post-3360","1":"post","2":"type-post","3":"status-publish","4":"format-standard","5":"has-post-thumbnail","7":"category-politica","8":"tag-pavaomisterioso","9":"tag-gilmar-mendes","10":"tag-operacao-lava-jato","11":"tag-pt","12":"tag-sergio-moro","13":"tag-site-intercept","14":"tag-stf"},"yoast_head":"<!-- This site is optimized with the Yoast SEO Premium plugin v24.5 (Yoast SEO v27.5) - https:\/\/yoast.com\/product\/yoast-seo-premium-wordpress\/ -->\n<title>Gilmar insiste em acusar Moro e a Lava Jato - P31<\/title>\n<meta name=\"description\" content=\"Gilmar Mendes tem dado mais entrevistas do que Lula.No programa de Pedro Bial, ele repetiu mais uma vez que considera Sergio Moro suspeito no caso do chefe da ORCRIM:\" \/>\n<meta name=\"robots\" content=\"index, follow, max-snippet:-1, max-image-preview:large, max-video-preview:-1\" \/>\n<link rel=\"canonical\" href=\"https:\/\/www.p31noticias.com.br\/?p=3360\" \/>\n<meta property=\"og:locale\" content=\"pt_BR\" \/>\n<meta property=\"og:type\" content=\"article\" \/>\n<meta property=\"og:title\" content=\"Gilmar insiste em acusar Moro e a Lava Jato\" \/>\n<meta property=\"og:description\" content=\"Gilmar Mendes tem dado mais entrevistas do que Lula.No programa de Pedro Bial, ele repetiu mais uma vez que considera Sergio Moro suspeito no caso do chefe da ORCRIM:\" \/>\n<meta property=\"og:url\" content=\"https:\/\/www.p31noticias.com.br\/?p=3360\" \/>\n<meta property=\"og:site_name\" content=\"P31\" \/>\n<meta property=\"article:published_time\" content=\"2019-10-15T11:50:45+00:00\" \/>\n<meta property=\"og:image\" content=\"https:\/\/www.p31noticias.com.br\/wp-content\/uploads\/2019\/10\/AFP_13P3IX-kQuH-U2138678860WqD-1024x683@GP-Web-1.jpg\" \/>\n\t<meta property=\"og:image:width\" content=\"1024\" \/>\n\t<meta property=\"og:image:height\" content=\"683\" \/>\n\t<meta property=\"og:image:type\" content=\"image\/jpeg\" \/>\n<meta name=\"author\" content=\"Reda\u00e7\u00e3o JBN\" \/>\n<meta name=\"twitter:card\" content=\"summary_large_image\" \/>\n<meta name=\"twitter:label1\" content=\"Escrito por\" \/>\n\t<meta name=\"twitter:data1\" content=\"Reda\u00e7\u00e3o JBN\" \/>\n\t<meta name=\"twitter:label2\" content=\"Est. tempo de leitura\" \/>\n\t<meta name=\"twitter:data2\" content=\"2 minutos\" \/>\n<script type=\"application\/ld+json\" class=\"yoast-schema-graph\">{\"@context\":\"https:\\\/\\\/schema.org\",\"@graph\":[{\"@type\":\"Article\",\"@id\":\"https:\\\/\\\/www.p31noticias.com.br\\\/?p=3360#article\",\"isPartOf\":{\"@id\":\"https:\\\/\\\/www.p31noticias.com.br\\\/?p=3360\"},\"author\":{\"name\":\"Reda\u00e7\u00e3o JBN\",\"@id\":\"https:\\\/\\\/www.p31noticias.com.br\\\/#\\\/schema\\\/person\\\/77d6b186c710ac38937c6ec204fdd387\"},\"headline\":\"Gilmar insiste em acusar Moro e a Lava Jato\",\"datePublished\":\"2019-10-15T11:50:45+00:00\",\"mainEntityOfPage\":{\"@id\":\"https:\\\/\\\/www.p31noticias.com.br\\\/?p=3360\"},\"wordCount\":425,\"commentCount\":0,\"image\":{\"@id\":\"https:\\\/\\\/www.p31noticias.com.br\\\/?p=3360#primaryimage\"},\"thumbnailUrl\":\"https:\\\/\\\/www.p31noticias.com.br\\\/wp-content\\\/uploads\\\/2019\\\/10\\\/AFP_13P3IX-kQuH-U2138678860WqD-1024x683@GP-Web-1.jpg\",\"keywords\":[\"#pav\u00e3omisterioso\",\"gilmar mendes\",\"Opera\u00e7\u00e3o Lava Jato\",\"PT\",\"sergio moro\",\"site Intercept\",\"STF\"],\"articleSection\":[\"Pol\u00edtica\"],\"inLanguage\":\"pt-BR\",\"potentialAction\":[{\"@type\":\"CommentAction\",\"name\":\"Comment\",\"target\":[\"https:\\\/\\\/www.p31noticias.com.br\\\/?p=3360#respond\"]}],\"copyrightYear\":\"2019\",\"copyrightHolder\":{\"@id\":\"https:\\\/\\\/www.p31noticias.com.br\\\/#organization\"}},{\"@type\":\"WebPage\",\"@id\":\"https:\\\/\\\/www.p31noticias.com.br\\\/?p=3360\",\"url\":\"https:\\\/\\\/www.p31noticias.com.br\\\/?p=3360\",\"name\":\"Gilmar insiste em acusar Moro e a Lava Jato - P31\",\"isPartOf\":{\"@id\":\"https:\\\/\\\/www.p31noticias.com.br\\\/#website\"},\"primaryImageOfPage\":{\"@id\":\"https:\\\/\\\/www.p31noticias.com.br\\\/?p=3360#primaryimage\"},\"image\":{\"@id\":\"https:\\\/\\\/www.p31noticias.com.br\\\/?p=3360#primaryimage\"},\"thumbnailUrl\":\"https:\\\/\\\/www.p31noticias.com.br\\\/wp-content\\\/uploads\\\/2019\\\/10\\\/AFP_13P3IX-kQuH-U2138678860WqD-1024x683@GP-Web-1.jpg\",\"datePublished\":\"2019-10-15T11:50:45+00:00\",\"author\":{\"@id\":\"https:\\\/\\\/www.p31noticias.com.br\\\/#\\\/schema\\\/person\\\/77d6b186c710ac38937c6ec204fdd387\"},\"description\":\"Gilmar Mendes tem dado mais entrevistas do que Lula.No programa de Pedro Bial, ele repetiu mais uma vez que considera Sergio Moro suspeito no caso do chefe da ORCRIM:\",\"breadcrumb\":{\"@id\":\"https:\\\/\\\/www.p31noticias.com.br\\\/?p=3360#breadcrumb\"},\"inLanguage\":\"pt-BR\",\"potentialAction\":[{\"@type\":\"ReadAction\",\"target\":[\"https:\\\/\\\/www.p31noticias.com.br\\\/?p=3360\"]}]},{\"@type\":\"ImageObject\",\"inLanguage\":\"pt-BR\",\"@id\":\"https:\\\/\\\/www.p31noticias.com.br\\\/?p=3360#primaryimage\",\"url\":\"https:\\\/\\\/www.p31noticias.com.br\\\/wp-content\\\/uploads\\\/2019\\\/10\\\/AFP_13P3IX-kQuH-U2138678860WqD-1024x683@GP-Web-1.jpg\",\"contentUrl\":\"https:\\\/\\\/www.p31noticias.com.br\\\/wp-content\\\/uploads\\\/2019\\\/10\\\/AFP_13P3IX-kQuH-U2138678860WqD-1024x683@GP-Web-1.jpg\",\"width\":1024,\"height\":683,\"caption\":\"Gilmar Mendes\"},{\"@type\":\"BreadcrumbList\",\"@id\":\"https:\\\/\\\/www.p31noticias.com.br\\\/?p=3360#breadcrumb\",\"itemListElement\":[{\"@type\":\"ListItem\",\"position\":1,\"name\":\"In\u00edcio\",\"item\":\"https:\\\/\\\/www.p31noticias.com.br\\\/\"},{\"@type\":\"ListItem\",\"position\":2,\"name\":\"Gilmar insiste em acusar Moro e a Lava Jato\"}]},{\"@type\":\"WebSite\",\"@id\":\"https:\\\/\\\/www.p31noticias.com.br\\\/#website\",\"url\":\"https:\\\/\\\/www.p31noticias.com.br\\\/\",\"name\":\"P31\",\"description\":\"NOT\u00cdCIAS\",\"potentialAction\":[{\"@type\":\"SearchAction\",\"target\":{\"@type\":\"EntryPoint\",\"urlTemplate\":\"https:\\\/\\\/www.p31noticias.com.br\\\/?s={search_term_string}\"},\"query-input\":{\"@type\":\"PropertyValueSpecification\",\"valueRequired\":true,\"valueName\":\"search_term_string\"}}],\"inLanguage\":\"pt-BR\"},{\"@type\":\"Person\",\"@id\":\"https:\\\/\\\/www.p31noticias.com.br\\\/#\\\/schema\\\/person\\\/77d6b186c710ac38937c6ec204fdd387\",\"name\":\"Reda\u00e7\u00e3o JBN\",\"image\":{\"@type\":\"ImageObject\",\"inLanguage\":\"pt-BR\",\"@id\":\"https:\\\/\\\/secure.gravatar.com\\\/avatar\\\/10fcdb93211f98cce3d64c0795b0915a9a4a21dc0f279238995a3dbfafcad090?s=96&d=mm&r=g\",\"url\":\"https:\\\/\\\/secure.gravatar.com\\\/avatar\\\/10fcdb93211f98cce3d64c0795b0915a9a4a21dc0f279238995a3dbfafcad090?s=96&d=mm&r=g\",\"contentUrl\":\"https:\\\/\\\/secure.gravatar.com\\\/avatar\\\/10fcdb93211f98cce3d64c0795b0915a9a4a21dc0f279238995a3dbfafcad090?s=96&d=mm&r=g\",\"caption\":\"Reda\u00e7\u00e3o JBN\"},\"sameAs\":[\"https:\\\/\\\/p31noticias.com.br\"],\"url\":\"https:\\\/\\\/www.p31noticias.com.br\\\/?author=18\"}]}<\/script>\n<!-- \/ Yoast SEO Premium plugin. -->","yoast_head_json":{"title":"Gilmar insiste em acusar Moro e a Lava Jato - P31","description":"Gilmar Mendes tem dado mais entrevistas do que Lula.No programa de Pedro Bial, ele repetiu mais uma vez que considera Sergio Moro suspeito no caso do chefe da ORCRIM:","robots":{"index":"index","follow":"follow","max-snippet":"max-snippet:-1","max-image-preview":"max-image-preview:large","max-video-preview":"max-video-preview:-1"},"canonical":"https:\/\/www.p31noticias.com.br\/?p=3360","og_locale":"pt_BR","og_type":"article","og_title":"Gilmar insiste em acusar Moro e a Lava Jato","og_description":"Gilmar Mendes tem dado mais entrevistas do que Lula.No programa de Pedro Bial, ele repetiu mais uma vez que considera Sergio Moro suspeito no caso do chefe da ORCRIM:","og_url":"https:\/\/www.p31noticias.com.br\/?p=3360","og_site_name":"P31","article_published_time":"2019-10-15T11:50:45+00:00","og_image":[{"width":1024,"height":683,"url":"https:\/\/www.p31noticias.com.br\/wp-content\/uploads\/2019\/10\/AFP_13P3IX-kQuH-U2138678860WqD-1024x683@GP-Web-1.jpg","type":"image\/jpeg"}],"author":"Reda\u00e7\u00e3o JBN","twitter_card":"summary_large_image","twitter_misc":{"Escrito por":"Reda\u00e7\u00e3o JBN","Est. tempo de leitura":"2 minutos"},"schema":{"@context":"https:\/\/schema.org","@graph":[{"@type":"Article","@id":"https:\/\/www.p31noticias.com.br\/?p=3360#article","isPartOf":{"@id":"https:\/\/www.p31noticias.com.br\/?p=3360"},"author":{"name":"Reda\u00e7\u00e3o JBN","@id":"https:\/\/www.p31noticias.com.br\/#\/schema\/person\/77d6b186c710ac38937c6ec204fdd387"},"headline":"Gilmar insiste em acusar Moro e a Lava Jato","datePublished":"2019-10-15T11:50:45+00:00","mainEntityOfPage":{"@id":"https:\/\/www.p31noticias.com.br\/?p=3360"},"wordCount":425,"commentCount":0,"image":{"@id":"https:\/\/www.p31noticias.com.br\/?p=3360#primaryimage"},"thumbnailUrl":"https:\/\/www.p31noticias.com.br\/wp-content\/uploads\/2019\/10\/AFP_13P3IX-kQuH-U2138678860WqD-1024x683@GP-Web-1.jpg","keywords":["#pav\u00e3omisterioso","gilmar mendes","Opera\u00e7\u00e3o Lava Jato","PT","sergio moro","site Intercept","STF"],"articleSection":["Pol\u00edtica"],"inLanguage":"pt-BR","potentialAction":[{"@type":"CommentAction","name":"Comment","target":["https:\/\/www.p31noticias.com.br\/?p=3360#respond"]}],"copyrightYear":"2019","copyrightHolder":{"@id":"https:\/\/www.p31noticias.com.br\/#organization"}},{"@type":"WebPage","@id":"https:\/\/www.p31noticias.com.br\/?p=3360","url":"https:\/\/www.p31noticias.com.br\/?p=3360","name":"Gilmar insiste em acusar Moro e a Lava Jato - P31","isPartOf":{"@id":"https:\/\/www.p31noticias.com.br\/#website"},"primaryImageOfPage":{"@id":"https:\/\/www.p31noticias.com.br\/?p=3360#primaryimage"},"image":{"@id":"https:\/\/www.p31noticias.com.br\/?p=3360#primaryimage"},"thumbnailUrl":"https:\/\/www.p31noticias.com.br\/wp-content\/uploads\/2019\/10\/AFP_13P3IX-kQuH-U2138678860WqD-1024x683@GP-Web-1.jpg","datePublished":"2019-10-15T11:50:45+00:00","author":{"@id":"https:\/\/www.p31noticias.com.br\/#\/schema\/person\/77d6b186c710ac38937c6ec204fdd387"},"description":"Gilmar Mendes tem dado mais entrevistas do que Lula.No programa de Pedro Bial, ele repetiu mais uma vez que considera Sergio Moro suspeito no caso do chefe da ORCRIM:","breadcrumb":{"@id":"https:\/\/www.p31noticias.com.br\/?p=3360#breadcrumb"},"inLanguage":"pt-BR","potentialAction":[{"@type":"ReadAction","target":["https:\/\/www.p31noticias.com.br\/?p=3360"]}]},{"@type":"ImageObject","inLanguage":"pt-BR","@id":"https:\/\/www.p31noticias.com.br\/?p=3360#primaryimage","url":"https:\/\/www.p31noticias.com.br\/wp-content\/uploads\/2019\/10\/AFP_13P3IX-kQuH-U2138678860WqD-1024x683@GP-Web-1.jpg","contentUrl":"https:\/\/www.p31noticias.com.br\/wp-content\/uploads\/2019\/10\/AFP_13P3IX-kQuH-U2138678860WqD-1024x683@GP-Web-1.jpg","width":1024,"height":683,"caption":"Gilmar Mendes"},{"@type":"BreadcrumbList","@id":"https:\/\/www.p31noticias.com.br\/?p=3360#breadcrumb","itemListElement":[{"@type":"ListItem","position":1,"name":"In\u00edcio","item":"https:\/\/www.p31noticias.com.br\/"},{"@type":"ListItem","position":2,"name":"Gilmar insiste em acusar Moro e a Lava Jato"}]},{"@type":"WebSite","@id":"https:\/\/www.p31noticias.com.br\/#website","url":"https:\/\/www.p31noticias.com.br\/","name":"P31","description":"NOT\u00cdCIAS","potentialAction":[{"@type":"SearchAction","target":{"@type":"EntryPoint","urlTemplate":"https:\/\/www.p31noticias.com.br\/?s={search_term_string}"},"query-input":{"@type":"PropertyValueSpecification","valueRequired":true,"valueName":"search_term_string"}}],"inLanguage":"pt-BR"},{"@type":"Person","@id":"https:\/\/www.p31noticias.com.br\/#\/schema\/person\/77d6b186c710ac38937c6ec204fdd387","name":"Reda\u00e7\u00e3o JBN","image":{"@type":"ImageObject","inLanguage":"pt-BR","@id":"https:\/\/secure.gravatar.com\/avatar\/10fcdb93211f98cce3d64c0795b0915a9a4a21dc0f279238995a3dbfafcad090?s=96&d=mm&r=g","url":"https:\/\/secure.gravatar.com\/avatar\/10fcdb93211f98cce3d64c0795b0915a9a4a21dc0f279238995a3dbfafcad090?s=96&d=mm&r=g","contentUrl":"https:\/\/secure.gravatar.com\/avatar\/10fcdb93211f98cce3d64c0795b0915a9a4a21dc0f279238995a3dbfafcad090?s=96&d=mm&r=g","caption":"Reda\u00e7\u00e3o JBN"},"sameAs":["https:\/\/p31noticias.com.br"],"url":"https:\/\/www.p31noticias.com.br\/?author=18"}]}},"amp_enabled":true,"_links":{"self":[{"href":"https:\/\/www.p31noticias.com.br\/index.php?rest_route=\/wp\/v2\/posts\/3360","targetHints":{"allow":["GET"]}}],"collection":[{"href":"https:\/\/www.p31noticias.com.br\/index.php?rest_route=\/wp\/v2\/posts"}],"about":[{"href":"https:\/\/www.p31noticias.com.br\/index.php?rest_route=\/wp\/v2\/types\/post"}],"author":[{"embeddable":true,"href":"https:\/\/www.p31noticias.com.br\/index.php?rest_route=\/wp\/v2\/users\/18"}],"replies":[{"embeddable":true,"href":"https:\/\/www.p31noticias.com.br\/index.php?rest_route=%2Fwp%2Fv2%2Fcomments&post=3360"}],"version-history":[{"count":0,"href":"https:\/\/www.p31noticias.com.br\/index.php?rest_route=\/wp\/v2\/posts\/3360\/revisions"}],"wp:featuredmedia":[{"embeddable":true,"href":"https:\/\/www.p31noticias.com.br\/index.php?rest_route=\/wp\/v2\/media\/3363"}],"wp:attachment":[{"href":"https:\/\/www.p31noticias.com.br\/index.php?rest_route=%2Fwp%2Fv2%2Fmedia&parent=3360"}],"wp:term":[{"taxonomy":"category","embeddable":true,"href":"https:\/\/www.p31noticias.com.br\/index.php?rest_route=%2Fwp%2Fv2%2Fcategories&post=3360"},{"taxonomy":"post_tag","embeddable":true,"href":"https:\/\/www.p31noticias.com.br\/index.php?rest_route=%2Fwp%2Fv2%2Ftags&post=3360"}],"curies":[{"name":"wp","href":"https:\/\/api.w.org\/{rel}","templated":true}]}}