{"id":3357,"date":"2019-10-09T11:18:10","date_gmt":"2019-10-09T14:18:10","guid":{"rendered":"https:\/\/juniortakamoto.com.br\/?p=3357"},"modified":"2019-10-09T11:18:10","modified_gmt":"2019-10-09T14:18:10","slug":"a-soberania-nacional-ja-foi-afetada-diz-general","status":"publish","type":"post","link":"https:\/\/www.p31noticias.com.br\/?p=3357","title":{"rendered":"A soberania nacional j\u00e1 foi afetada, diz general"},"content":{"rendered":"<p>O general da reserva, Luiz Eduardo Rocha Paiva, diretor de geopol\u00edtica do <em>Instituto Sagres \u2013 Planejamento e gest\u00e3o estrat\u00e9gica aplicada<\/em>, de Bras\u00edlia, sobre as ame\u00e7as poss\u00edveis \u00e0 soberania nacional envolvidas na proposta do Corredor Triplo A, assunto que voltou \u00e0 tona com o S\u00ednodo da Amaz\u00f4nia.<\/p>\n<p>Sobre a proposta do Corredor que pretende ligar os Andes ao Atl\u00e2ntico, passando pela Amaz\u00f4nia, o general afirma se tratar da \u201c<em>consequ\u00eancia de\u00a0<\/em><em>uma s\u00e9rie de erros estrat\u00e9gicos por falta de vis\u00e3o de nossa lideran\u00e7a pol\u00edtica e muito por coniv\u00eancia e conveni\u00eancia dessa antiga lideran\u00e7a pol\u00edtica que vem desde o presidente Collor at\u00e9 agora.<\/em>\u201d<\/p>\n<p>general Rocha Paiva destaca que o interesse internacional pela Amaz\u00f4nia vem de s\u00e9culos, de 1800 para tr\u00e1s. E de acordo com ele, do governo Collor em diante houve processos que abriram a discuss\u00e3o da soberania brasileira na Amaz\u00f4nia.<\/p>\n<p>Durante a entrevista ele detalhou como as press\u00f5es se desenvolveram do evento chamado\u00a0<em>Eco 92<\/em>\u00a0at\u00e9 os dias de hoje, com press\u00f5es internacionais para a demarca\u00e7\u00e3o de terras ind\u00edgenas nas fronteiras do pa\u00eds, que ganharam for\u00e7a nas \u00faltimas d\u00e9cadas.<\/p>\n<h2>general diz que soberania foi ferida<\/h2>\n<p>O Brasil n\u00e3o aceitou discutir o\u00a0<em>Corredor Triplo A<\/em>\u00a0em Paris em 2015 e n\u00e3o vai aceitar agora, embora a ONU esteja tentando impor, afirma Paiva.<\/p>\n<p>\u201c<em>A soberania j\u00e1 \u00e9 limitada por press\u00f5es e coa\u00e7\u00f5es, com gente dentro do Brasil mancomunada com \u2018quinta-coluna\u2019 [traidores] ou de forma ing\u00eanua, ou de forma deliberada<\/em>\u201c, refor\u00e7a.<\/p>\n<p><strong>general Rocha detalha o processo que passa pela ascens\u00e3o da esquerda no Brasil, passando por PSDB e PT no poder, <em>todas as press\u00f5es internacionais foram aceitas e praticamente sem questionamentos.<\/em><\/strong><\/p>\n<p><strong>A figura muda com Bolsonaro, \u201c<em>que quer exercer a soberania inclusive nas terras ind\u00edgenas, desenvolvendo as terras ind\u00edgenas com a participa\u00e7\u00e3o do ind\u00edgena, com ganhos reais para o ind\u00edgena<\/em>\u201c, e que tem como resposta a \u201c<em>gritaria internacional exacerbando o discurso de inc\u00eandios na Floresta<\/em>\u201c.<\/strong><\/p>\n<p>O general refor\u00e7a o argumento destacando que o simples fato de estrangeiros conseguirem interferir e atrasar iniciativas brasileiras, com ajuda de agentes internos como ONG\u2019s e demais, \u00e9 o suficiente para demonstrar como a soberania brasileira j\u00e1 foi parcialmente perdida.<\/p>\n<p>\u201c<em>A soberania brasileira na Amaz\u00f4nia n\u00e3o tem que ser garantida, ela tem que ser recuperada, porque uma parte dela n\u00f3s j\u00e1 perdemos<\/em>\u201c, conclui general.<\/p>\n<h3>Confira a entrevista completa<\/h3>\n<div class=\"fluid-width-video-wrapper\"><iframe id=\"fitvid0\" title=\"Corredor Triplo A: soberania nacional j\u00e1 foi afetada, diz general\" src=\"https:\/\/www.youtube.com\/embed\/vyzmmHWKX9o?feature=oembed\" frameborder=\"0\" allowfullscreen=\"allowfullscreen\" data-mce-fragment=\"1\"><\/iframe><\/div>\n<div class=\"herald-ad\"><\/div>\n","protected":false},"excerpt":{"rendered":"<p>O general da reserva, Luiz Eduardo Rocha Paiva, diretor de geopol\u00edtica do Instituto Sagres \u2013 Planejamento e gest\u00e3o estrat\u00e9gica aplicada, de Bras\u00edlia, sobre as ame\u00e7as poss\u00edveis \u00e0 soberania nacional envolvidas na proposta do Corredor Triplo A, assunto que voltou \u00e0 tona com o S\u00ednodo da Amaz\u00f4nia. Sobre a proposta do Corredor que pretende ligar os [&hellip;]<\/p>\n","protected":false},"author":18,"featured_media":3358,"comment_status":"open","ping_status":"open","sticky":false,"template":"","format":"standard","meta":{"footnotes":""},"categories":[57],"tags":[328,329,330,331,192,146,332],"class_list":{"0":"post-3357","1":"post","2":"type-post","3":"status-publish","4":"format-standard","5":"has-post-thumbnail","7":"category-politica","8":"tag-corredor-triplo","9":"tag-floresta-amazonica","10":"tag-general-rocha-paiva","11":"tag-incendio-florestal","12":"tag-psdb","13":"tag-pt","14":"tag-soberania-nacional"},"yoast_head":"<!-- This site is optimized with the Yoast SEO Premium plugin v24.5 (Yoast SEO v27.5) - https:\/\/yoast.com\/product\/yoast-seo-premium-wordpress\/ -->\n<title>A soberania nacional j\u00e1 foi afetada, diz general - P31<\/title>\n<meta name=\"description\" content=\"O general da reserva, Luiz Eduardo Rocha Paiva, diretor de geopol\u00edtica do Instituto Sagres \u2013 Planejamento e gest\u00e3o estrat\u00e9gica aplicada,\" \/>\n<meta name=\"robots\" content=\"index, follow, max-snippet:-1, max-image-preview:large, max-video-preview:-1\" \/>\n<link rel=\"canonical\" href=\"https:\/\/www.p31noticias.com.br\/?p=3357\" \/>\n<meta property=\"og:locale\" content=\"pt_BR\" \/>\n<meta property=\"og:type\" content=\"article\" \/>\n<meta property=\"og:title\" content=\"A soberania nacional j\u00e1 foi afetada, diz general\" \/>\n<meta property=\"og:description\" content=\"O general da reserva, Luiz Eduardo Rocha Paiva, diretor de geopol\u00edtica do Instituto Sagres \u2013 Planejamento e gest\u00e3o estrat\u00e9gica aplicada,\" \/>\n<meta property=\"og:url\" content=\"https:\/\/www.p31noticias.com.br\/?p=3357\" \/>\n<meta property=\"og:site_name\" content=\"P31\" \/>\n<meta property=\"article:published_time\" content=\"2019-10-09T14:18:10+00:00\" \/>\n<meta property=\"og:image\" content=\"https:\/\/www.p31noticias.com.br\/wp-content\/uploads\/2019\/10\/Untitled-design-2019-08-22T123108.108-1.jpg\" \/>\n\t<meta property=\"og:image:width\" content=\"1280\" \/>\n\t<meta property=\"og:image:height\" content=\"720\" \/>\n\t<meta property=\"og:image:type\" content=\"image\/jpeg\" \/>\n<meta name=\"author\" content=\"Reda\u00e7\u00e3o JBN\" \/>\n<meta name=\"twitter:card\" content=\"summary_large_image\" \/>\n<meta name=\"twitter:label1\" content=\"Escrito por\" \/>\n\t<meta name=\"twitter:data1\" content=\"Reda\u00e7\u00e3o JBN\" \/>\n\t<meta name=\"twitter:label2\" content=\"Est. tempo de leitura\" \/>\n\t<meta name=\"twitter:data2\" content=\"2 minutos\" \/>\n<script type=\"application\/ld+json\" class=\"yoast-schema-graph\">{\"@context\":\"https:\\\/\\\/schema.org\",\"@graph\":[{\"@type\":\"Article\",\"@id\":\"https:\\\/\\\/www.p31noticias.com.br\\\/?p=3357#article\",\"isPartOf\":{\"@id\":\"https:\\\/\\\/www.p31noticias.com.br\\\/?p=3357\"},\"author\":{\"name\":\"Reda\u00e7\u00e3o JBN\",\"@id\":\"https:\\\/\\\/www.p31noticias.com.br\\\/#\\\/schema\\\/person\\\/77d6b186c710ac38937c6ec204fdd387\"},\"headline\":\"A soberania nacional j\u00e1 foi afetada, diz general\",\"datePublished\":\"2019-10-09T14:18:10+00:00\",\"mainEntityOfPage\":{\"@id\":\"https:\\\/\\\/www.p31noticias.com.br\\\/?p=3357\"},\"wordCount\":429,\"commentCount\":0,\"image\":{\"@id\":\"https:\\\/\\\/www.p31noticias.com.br\\\/?p=3357#primaryimage\"},\"thumbnailUrl\":\"https:\\\/\\\/www.p31noticias.com.br\\\/wp-content\\\/uploads\\\/2019\\\/10\\\/Untitled-design-2019-08-22T123108.108-1.jpg\",\"keywords\":[\"corredor triplo\",\"floresta amaz\u00f4nica\",\"general rocha paiva\",\"inc\u00eandio florestal\",\"PSDB\",\"PT\",\"soberania nacional\"],\"articleSection\":[\"Pol\u00edtica\"],\"inLanguage\":\"pt-BR\",\"potentialAction\":[{\"@type\":\"CommentAction\",\"name\":\"Comment\",\"target\":[\"https:\\\/\\\/www.p31noticias.com.br\\\/?p=3357#respond\"]}],\"copyrightYear\":\"2019\",\"copyrightHolder\":{\"@id\":\"https:\\\/\\\/www.p31noticias.com.br\\\/#organization\"}},{\"@type\":\"WebPage\",\"@id\":\"https:\\\/\\\/www.p31noticias.com.br\\\/?p=3357\",\"url\":\"https:\\\/\\\/www.p31noticias.com.br\\\/?p=3357\",\"name\":\"A soberania nacional j\u00e1 foi afetada, diz general - P31\",\"isPartOf\":{\"@id\":\"https:\\\/\\\/www.p31noticias.com.br\\\/#website\"},\"primaryImageOfPage\":{\"@id\":\"https:\\\/\\\/www.p31noticias.com.br\\\/?p=3357#primaryimage\"},\"image\":{\"@id\":\"https:\\\/\\\/www.p31noticias.com.br\\\/?p=3357#primaryimage\"},\"thumbnailUrl\":\"https:\\\/\\\/www.p31noticias.com.br\\\/wp-content\\\/uploads\\\/2019\\\/10\\\/Untitled-design-2019-08-22T123108.108-1.jpg\",\"datePublished\":\"2019-10-09T14:18:10+00:00\",\"author\":{\"@id\":\"https:\\\/\\\/www.p31noticias.com.br\\\/#\\\/schema\\\/person\\\/77d6b186c710ac38937c6ec204fdd387\"},\"description\":\"O general da reserva, Luiz Eduardo Rocha Paiva, diretor de geopol\u00edtica do Instituto Sagres \u2013 Planejamento e gest\u00e3o estrat\u00e9gica aplicada,\",\"breadcrumb\":{\"@id\":\"https:\\\/\\\/www.p31noticias.com.br\\\/?p=3357#breadcrumb\"},\"inLanguage\":\"pt-BR\",\"potentialAction\":[{\"@type\":\"ReadAction\",\"target\":[\"https:\\\/\\\/www.p31noticias.com.br\\\/?p=3357\"]}]},{\"@type\":\"ImageObject\",\"inLanguage\":\"pt-BR\",\"@id\":\"https:\\\/\\\/www.p31noticias.com.br\\\/?p=3357#primaryimage\",\"url\":\"https:\\\/\\\/www.p31noticias.com.br\\\/wp-content\\\/uploads\\\/2019\\\/10\\\/Untitled-design-2019-08-22T123108.108-1.jpg\",\"contentUrl\":\"https:\\\/\\\/www.p31noticias.com.br\\\/wp-content\\\/uploads\\\/2019\\\/10\\\/Untitled-design-2019-08-22T123108.108-1.jpg\",\"width\":1280,\"height\":720,\"caption\":\"general floresta amaz\u00f4nica\"},{\"@type\":\"BreadcrumbList\",\"@id\":\"https:\\\/\\\/www.p31noticias.com.br\\\/?p=3357#breadcrumb\",\"itemListElement\":[{\"@type\":\"ListItem\",\"position\":1,\"name\":\"In\u00edcio\",\"item\":\"https:\\\/\\\/www.p31noticias.com.br\\\/\"},{\"@type\":\"ListItem\",\"position\":2,\"name\":\"A soberania nacional j\u00e1 foi afetada, diz general\"}]},{\"@type\":\"WebSite\",\"@id\":\"https:\\\/\\\/www.p31noticias.com.br\\\/#website\",\"url\":\"https:\\\/\\\/www.p31noticias.com.br\\\/\",\"name\":\"P31\",\"description\":\"NOT\u00cdCIAS\",\"potentialAction\":[{\"@type\":\"SearchAction\",\"target\":{\"@type\":\"EntryPoint\",\"urlTemplate\":\"https:\\\/\\\/www.p31noticias.com.br\\\/?s={search_term_string}\"},\"query-input\":{\"@type\":\"PropertyValueSpecification\",\"valueRequired\":true,\"valueName\":\"search_term_string\"}}],\"inLanguage\":\"pt-BR\"},{\"@type\":\"Person\",\"@id\":\"https:\\\/\\\/www.p31noticias.com.br\\\/#\\\/schema\\\/person\\\/77d6b186c710ac38937c6ec204fdd387\",\"name\":\"Reda\u00e7\u00e3o JBN\",\"image\":{\"@type\":\"ImageObject\",\"inLanguage\":\"pt-BR\",\"@id\":\"https:\\\/\\\/secure.gravatar.com\\\/avatar\\\/10fcdb93211f98cce3d64c0795b0915a9a4a21dc0f279238995a3dbfafcad090?s=96&d=mm&r=g\",\"url\":\"https:\\\/\\\/secure.gravatar.com\\\/avatar\\\/10fcdb93211f98cce3d64c0795b0915a9a4a21dc0f279238995a3dbfafcad090?s=96&d=mm&r=g\",\"contentUrl\":\"https:\\\/\\\/secure.gravatar.com\\\/avatar\\\/10fcdb93211f98cce3d64c0795b0915a9a4a21dc0f279238995a3dbfafcad090?s=96&d=mm&r=g\",\"caption\":\"Reda\u00e7\u00e3o JBN\"},\"sameAs\":[\"https:\\\/\\\/p31noticias.com.br\"],\"url\":\"https:\\\/\\\/www.p31noticias.com.br\\\/?author=18\"}]}<\/script>\n<!-- \/ Yoast SEO Premium plugin. -->","yoast_head_json":{"title":"A soberania nacional j\u00e1 foi afetada, diz general - P31","description":"O general da reserva, Luiz Eduardo Rocha Paiva, diretor de geopol\u00edtica do Instituto Sagres \u2013 Planejamento e gest\u00e3o estrat\u00e9gica aplicada,","robots":{"index":"index","follow":"follow","max-snippet":"max-snippet:-1","max-image-preview":"max-image-preview:large","max-video-preview":"max-video-preview:-1"},"canonical":"https:\/\/www.p31noticias.com.br\/?p=3357","og_locale":"pt_BR","og_type":"article","og_title":"A soberania nacional j\u00e1 foi afetada, diz general","og_description":"O general da reserva, Luiz Eduardo Rocha Paiva, diretor de geopol\u00edtica do Instituto Sagres \u2013 Planejamento e gest\u00e3o estrat\u00e9gica aplicada,","og_url":"https:\/\/www.p31noticias.com.br\/?p=3357","og_site_name":"P31","article_published_time":"2019-10-09T14:18:10+00:00","og_image":[{"width":1280,"height":720,"url":"https:\/\/www.p31noticias.com.br\/wp-content\/uploads\/2019\/10\/Untitled-design-2019-08-22T123108.108-1.jpg","type":"image\/jpeg"}],"author":"Reda\u00e7\u00e3o JBN","twitter_card":"summary_large_image","twitter_misc":{"Escrito por":"Reda\u00e7\u00e3o JBN","Est. tempo de leitura":"2 minutos"},"schema":{"@context":"https:\/\/schema.org","@graph":[{"@type":"Article","@id":"https:\/\/www.p31noticias.com.br\/?p=3357#article","isPartOf":{"@id":"https:\/\/www.p31noticias.com.br\/?p=3357"},"author":{"name":"Reda\u00e7\u00e3o JBN","@id":"https:\/\/www.p31noticias.com.br\/#\/schema\/person\/77d6b186c710ac38937c6ec204fdd387"},"headline":"A soberania nacional j\u00e1 foi afetada, diz general","datePublished":"2019-10-09T14:18:10+00:00","mainEntityOfPage":{"@id":"https:\/\/www.p31noticias.com.br\/?p=3357"},"wordCount":429,"commentCount":0,"image":{"@id":"https:\/\/www.p31noticias.com.br\/?p=3357#primaryimage"},"thumbnailUrl":"https:\/\/www.p31noticias.com.br\/wp-content\/uploads\/2019\/10\/Untitled-design-2019-08-22T123108.108-1.jpg","keywords":["corredor triplo","floresta amaz\u00f4nica","general rocha paiva","inc\u00eandio florestal","PSDB","PT","soberania nacional"],"articleSection":["Pol\u00edtica"],"inLanguage":"pt-BR","potentialAction":[{"@type":"CommentAction","name":"Comment","target":["https:\/\/www.p31noticias.com.br\/?p=3357#respond"]}],"copyrightYear":"2019","copyrightHolder":{"@id":"https:\/\/www.p31noticias.com.br\/#organization"}},{"@type":"WebPage","@id":"https:\/\/www.p31noticias.com.br\/?p=3357","url":"https:\/\/www.p31noticias.com.br\/?p=3357","name":"A soberania nacional j\u00e1 foi afetada, diz general - P31","isPartOf":{"@id":"https:\/\/www.p31noticias.com.br\/#website"},"primaryImageOfPage":{"@id":"https:\/\/www.p31noticias.com.br\/?p=3357#primaryimage"},"image":{"@id":"https:\/\/www.p31noticias.com.br\/?p=3357#primaryimage"},"thumbnailUrl":"https:\/\/www.p31noticias.com.br\/wp-content\/uploads\/2019\/10\/Untitled-design-2019-08-22T123108.108-1.jpg","datePublished":"2019-10-09T14:18:10+00:00","author":{"@id":"https:\/\/www.p31noticias.com.br\/#\/schema\/person\/77d6b186c710ac38937c6ec204fdd387"},"description":"O general da reserva, Luiz Eduardo Rocha Paiva, diretor de geopol\u00edtica do Instituto Sagres \u2013 Planejamento e gest\u00e3o estrat\u00e9gica aplicada,","breadcrumb":{"@id":"https:\/\/www.p31noticias.com.br\/?p=3357#breadcrumb"},"inLanguage":"pt-BR","potentialAction":[{"@type":"ReadAction","target":["https:\/\/www.p31noticias.com.br\/?p=3357"]}]},{"@type":"ImageObject","inLanguage":"pt-BR","@id":"https:\/\/www.p31noticias.com.br\/?p=3357#primaryimage","url":"https:\/\/www.p31noticias.com.br\/wp-content\/uploads\/2019\/10\/Untitled-design-2019-08-22T123108.108-1.jpg","contentUrl":"https:\/\/www.p31noticias.com.br\/wp-content\/uploads\/2019\/10\/Untitled-design-2019-08-22T123108.108-1.jpg","width":1280,"height":720,"caption":"general floresta amaz\u00f4nica"},{"@type":"BreadcrumbList","@id":"https:\/\/www.p31noticias.com.br\/?p=3357#breadcrumb","itemListElement":[{"@type":"ListItem","position":1,"name":"In\u00edcio","item":"https:\/\/www.p31noticias.com.br\/"},{"@type":"ListItem","position":2,"name":"A soberania nacional j\u00e1 foi afetada, diz general"}]},{"@type":"WebSite","@id":"https:\/\/www.p31noticias.com.br\/#website","url":"https:\/\/www.p31noticias.com.br\/","name":"P31","description":"NOT\u00cdCIAS","potentialAction":[{"@type":"SearchAction","target":{"@type":"EntryPoint","urlTemplate":"https:\/\/www.p31noticias.com.br\/?s={search_term_string}"},"query-input":{"@type":"PropertyValueSpecification","valueRequired":true,"valueName":"search_term_string"}}],"inLanguage":"pt-BR"},{"@type":"Person","@id":"https:\/\/www.p31noticias.com.br\/#\/schema\/person\/77d6b186c710ac38937c6ec204fdd387","name":"Reda\u00e7\u00e3o JBN","image":{"@type":"ImageObject","inLanguage":"pt-BR","@id":"https:\/\/secure.gravatar.com\/avatar\/10fcdb93211f98cce3d64c0795b0915a9a4a21dc0f279238995a3dbfafcad090?s=96&d=mm&r=g","url":"https:\/\/secure.gravatar.com\/avatar\/10fcdb93211f98cce3d64c0795b0915a9a4a21dc0f279238995a3dbfafcad090?s=96&d=mm&r=g","contentUrl":"https:\/\/secure.gravatar.com\/avatar\/10fcdb93211f98cce3d64c0795b0915a9a4a21dc0f279238995a3dbfafcad090?s=96&d=mm&r=g","caption":"Reda\u00e7\u00e3o JBN"},"sameAs":["https:\/\/p31noticias.com.br"],"url":"https:\/\/www.p31noticias.com.br\/?author=18"}]}},"amp_enabled":true,"_links":{"self":[{"href":"https:\/\/www.p31noticias.com.br\/index.php?rest_route=\/wp\/v2\/posts\/3357","targetHints":{"allow":["GET"]}}],"collection":[{"href":"https:\/\/www.p31noticias.com.br\/index.php?rest_route=\/wp\/v2\/posts"}],"about":[{"href":"https:\/\/www.p31noticias.com.br\/index.php?rest_route=\/wp\/v2\/types\/post"}],"author":[{"embeddable":true,"href":"https:\/\/www.p31noticias.com.br\/index.php?rest_route=\/wp\/v2\/users\/18"}],"replies":[{"embeddable":true,"href":"https:\/\/www.p31noticias.com.br\/index.php?rest_route=%2Fwp%2Fv2%2Fcomments&post=3357"}],"version-history":[{"count":0,"href":"https:\/\/www.p31noticias.com.br\/index.php?rest_route=\/wp\/v2\/posts\/3357\/revisions"}],"wp:featuredmedia":[{"embeddable":true,"href":"https:\/\/www.p31noticias.com.br\/index.php?rest_route=\/wp\/v2\/media\/3358"}],"wp:attachment":[{"href":"https:\/\/www.p31noticias.com.br\/index.php?rest_route=%2Fwp%2Fv2%2Fmedia&parent=3357"}],"wp:term":[{"taxonomy":"category","embeddable":true,"href":"https:\/\/www.p31noticias.com.br\/index.php?rest_route=%2Fwp%2Fv2%2Fcategories&post=3357"},{"taxonomy":"post_tag","embeddable":true,"href":"https:\/\/www.p31noticias.com.br\/index.php?rest_route=%2Fwp%2Fv2%2Ftags&post=3357"}],"curies":[{"name":"wp","href":"https:\/\/api.w.org\/{rel}","templated":true}]}}