{"id":3350,"date":"2019-10-09T10:42:40","date_gmt":"2019-10-09T13:42:40","guid":{"rendered":"https:\/\/juniortakamoto.com.br\/?p=3350"},"modified":"2019-10-09T10:42:40","modified_gmt":"2019-10-09T13:42:40","slug":"esquerda-imbecil-derruba-campanha-do-pacote-anticrime","status":"publish","type":"post","link":"https:\/\/www.p31noticias.com.br\/?p=3350","title":{"rendered":"Esquerda Imbecil derruba campanha do Pacote Anticrime"},"content":{"rendered":"<p>Ap\u00f3s a\u00e7\u00e3o movida pelo deputado federal Marcelo Freixo (PSOL\/RJ), o Tribunal de Contas da Uni\u00e3o determinou a suspens\u00e3o das pe\u00e7as de publicidade sobre o Pacote Anticrime.<\/p>\n<p>O PSOL (Marcelo Freixo) disse que \u201ctemia\u201d que a propaganda veiculasse opini\u00f5es do governo sobre o pr\u00f3prio projeto ao inv\u00e9s de informa\u00e7\u00f5es sobre o pacote, denominado pelos esquerdistas de \u201cprojeto anti-pobre e anti-negro\u201d.<\/p>\n<p><strong>Na boa Marcelo Freixo, n\u00e3o importa se tu \u00e9 esquerda, direita ou reta, quando deixa a ideologia influenciar contra tudo que \u00e9 certo e bom para a popula\u00e7\u00e3o, tu \u00e9s um asno!<\/strong><\/p>\n<figure id=\"attachment_3355\" aria-describedby=\"caption-attachment-3355\" style=\"width: 244px\" class=\"wp-caption alignnone\"><img loading=\"lazy\" decoding=\"async\" class=\"size-medium wp-image-3355\" src=\"https:\/\/www.delioandrade.com.br\/wp-content\/uploads\/2019\/10\/Marcelo-Freixo-PSOL-RJ-defende-bandidagem-mas-exige-dez-policiais-para-seguran\u00e7a-pessoal.-Pagos-pelo-contribuinte2-1-244x300.jpg\" alt=\"\" width=\"244\" height=\"300\" srcset=\"https:\/\/www.p31noticias.com.br\/wp-content\/uploads\/2019\/10\/Marcelo-Freixo-PSOL-RJ-defende-bandidagem-mas-exige-dez-policiais-para-seguran\u00e7a-pessoal.-Pagos-pelo-contribuinte2-1-244x300.jpg 244w, https:\/\/www.p31noticias.com.br\/wp-content\/uploads\/2019\/10\/Marcelo-Freixo-PSOL-RJ-defende-bandidagem-mas-exige-dez-policiais-para-seguran\u00e7a-pessoal.-Pagos-pelo-contribuinte2-1-324x400.jpg 324w, https:\/\/www.p31noticias.com.br\/wp-content\/uploads\/2019\/10\/Marcelo-Freixo-PSOL-RJ-defende-bandidagem-mas-exige-dez-policiais-para-seguran\u00e7a-pessoal.-Pagos-pelo-contribuinte2-1-341x420.jpg 341w, https:\/\/www.p31noticias.com.br\/wp-content\/uploads\/2019\/10\/Marcelo-Freixo-PSOL-RJ-defende-bandidagem-mas-exige-dez-policiais-para-seguran\u00e7a-pessoal.-Pagos-pelo-contribuinte2-1.jpg 542w\" sizes=\"auto, (max-width: 244px) 100vw, 244px\" \/><figcaption id=\"caption-attachment-3355\" class=\"wp-caption-text\">Marcelo Freixo (PSOL) \u00c9 contra o pacote anticrime e defende bandidagem, mas exige dez policiais para seguran\u00e7a pessoal. Pagos pelo contribuinte<\/figcaption><\/figure>\n<p>Na representa\u00e7\u00e3o, o subprocurador-geral do Minist\u00e9rio P\u00fablico, Lucas Rocha Furtado, diz que se baseia em trechos de reportagem publicada por\u00a0<em>O Globo\u00a0<\/em>no dia em 27 de setembro.<\/p>\n<p>O governo teria inserido as pe\u00e7as na esp\u00e9cie \u201cPublicidade de Utilidade P\u00fablica\u201d, e, no entanto, n\u00e3o teria demonstrado a utilidade p\u00fablica da campanha.<\/p>\n<p>A reportagem diz que a campanha do governo custou RS 10 milh\u00f5es aos cofres p\u00fablicos, \u00a0valor que n\u00e3o foi confirmado pelo Governo e que no entendimento de Furtado, fere o dever de transpar\u00eancia da gest\u00e3o.<\/p>\n<p><em>\u201cQuestionada desde segunda-feira sobre o investimento, a Secretaria de Comunica\u00e7\u00e3o (Secom) da Presid\u00eancia, que \u00e9 respons\u00e1vel pela estrat\u00e9gia de divulga\u00e7\u00e3o, n\u00e3o informou o valor empregado nas pe\u00e7as\u201d<\/em>, diz o subprocurador.<\/p>\n<p>Ele tamb\u00e9m cita trecho de uma reportagem da Revista F\u00f3rum, que diz que\u00a0<strong><em>\u201co objetivo da campanha \u00e9 tentar espalhar a sensa\u00e7\u00e3o de inseguran\u00e7a no pa\u00eds, promovendo medo, \u00f3dio e intoler\u00e2ncia\u201d.<\/em><\/strong><\/p>\n<p>Ainda de acordo com Lucas Rocha Furtado, o Estado n\u00e3o \u00e9 o \u201cdono\u201d da coisa p\u00fablica, apenas \u00e9 seu gestor e, portanto, tem o dever de prestar contas n\u00e3o s\u00f3 aos \u00f3rg\u00e3os de controle, mas especialmente \u00e0 sociedade.<\/p>\n<p>O subprocurador diz que a quest\u00e3o citada acima\u00a0<strong>sugere poss\u00edvel direcionamento de verbas publicit\u00e1rias movidas por<\/strong><strong>\u00a0interesses pessoais e ideol\u00f3gicos do governo<\/strong>.<\/p>\n<p>Ele diz que n\u00e3o est\u00e1 fazendo ju\u00edzo das medidas do Pacote Anticrime, mas que, por mais que o combate \u00e0 corrup\u00e7\u00e3o deva ser prioridade, n\u00e3o justifica que gastos p\u00fablicos sejam realizados sem observ\u00e2ncia das leis.<\/p>\n<p>A decis\u00e3o final do ministro Vital do R\u00eago, ressalta que o Projeto de Lei ainda tramita na C\u00e2mara dos Deputados e pode ou n\u00e3o ser aprovada.\u00a0<em>\u201cIsso porque n\u00e3o cabe dizer que se trata de educar a popula\u00e7\u00e3o para algo que ser\u00e1 colocado em pr\u00e1tica, j\u00e1 que a lei pode ser ou n\u00e3o aprovada e, no caminho, pode ser alterada no Congresso\u201d<\/em>, atesta.<\/p>\n<p>O ministro entende que o uso de recursos p\u00fablicos para a divulga\u00e7\u00e3o de \u2018um projeto de lei\u2019 que poder\u00e1 sofrer altera\u00e7\u00f5es ap\u00f3s discuss\u00f5es que ser\u00e3o levadas \u00e0 C\u00e2mara e ao Senado Federal, n\u00e3o atendem aos requisitos de car\u00e1ter educativo, informativo e de orienta\u00e7\u00e3o social.<\/p>\n<p>&nbsp;<\/p>\n","protected":false},"excerpt":{"rendered":"<p>Ap\u00f3s a\u00e7\u00e3o movida pelo deputado federal Marcelo Freixo (PSOL\/RJ), o Tribunal de Contas da Uni\u00e3o determinou a suspens\u00e3o das pe\u00e7as de publicidade sobre o Pacote Anticrime. O PSOL (Marcelo Freixo) disse que \u201ctemia\u201d que a propaganda veiculasse opini\u00f5es do governo sobre o pr\u00f3prio projeto ao inv\u00e9s de informa\u00e7\u00f5es sobre o pacote, denominado pelos esquerdistas de [&hellip;]<\/p>\n","protected":false},"author":18,"featured_media":3353,"comment_status":"open","ping_status":"open","sticky":false,"template":"","format":"standard","meta":{"footnotes":""},"categories":[57],"tags":[283,186,178,326,327,161,146,288],"class_list":{"0":"post-3350","1":"post","2":"type-post","3":"status-publish","4":"format-standard","5":"has-post-thumbnail","7":"category-politica","8":"tag-pavaovoltou","9":"tag-baba-psol","10":"tag-esquerda","11":"tag-jean-wyllys","12":"tag-marcelo-freixo","13":"tag-psol","14":"tag-pt","15":"tag-pt-nunca-mais"},"yoast_head":"<!-- This site is optimized with the Yoast SEO Premium plugin v24.5 (Yoast SEO v27.5) - https:\/\/yoast.com\/product\/yoast-seo-premium-wordpress\/ -->\n<title>Esquerda Imbecil derruba campanha do Pacote Anticrime - P31<\/title>\n<meta name=\"description\" content=\"Ap\u00f3s a\u00e7\u00e3o movida pelo deputado federal Marcelo Freixo (PSOL\/RJ), o Tribunal de Contas da Uni\u00e3o determinou a suspens\u00e3o das pe\u00e7as de publicidade\" \/>\n<meta name=\"robots\" content=\"index, follow, max-snippet:-1, max-image-preview:large, max-video-preview:-1\" \/>\n<link rel=\"canonical\" href=\"https:\/\/www.p31noticias.com.br\/?p=3350\" \/>\n<meta property=\"og:locale\" content=\"pt_BR\" \/>\n<meta property=\"og:type\" content=\"article\" \/>\n<meta property=\"og:title\" content=\"Esquerda Imbecil derruba campanha do Pacote Anticrime\" \/>\n<meta property=\"og:description\" content=\"Ap\u00f3s a\u00e7\u00e3o movida pelo deputado federal Marcelo Freixo (PSOL\/RJ), o Tribunal de Contas da Uni\u00e3o determinou a suspens\u00e3o das pe\u00e7as de publicidade\" \/>\n<meta property=\"og:url\" content=\"https:\/\/www.p31noticias.com.br\/?p=3350\" \/>\n<meta property=\"og:site_name\" content=\"P31\" \/>\n<meta property=\"article:published_time\" content=\"2019-10-09T13:42:40+00:00\" \/>\n<meta property=\"og:image\" content=\"https:\/\/www.p31noticias.com.br\/wp-content\/uploads\/2019\/10\/IMG-20161005-WA0115-1-1.jpg\" \/>\n\t<meta property=\"og:image:width\" content=\"475\" \/>\n\t<meta property=\"og:image:height\" content=\"249\" \/>\n\t<meta property=\"og:image:type\" content=\"image\/jpeg\" \/>\n<meta name=\"author\" content=\"Reda\u00e7\u00e3o JBN\" \/>\n<meta name=\"twitter:card\" content=\"summary_large_image\" \/>\n<meta name=\"twitter:label1\" content=\"Escrito por\" \/>\n\t<meta name=\"twitter:data1\" content=\"Reda\u00e7\u00e3o JBN\" \/>\n\t<meta name=\"twitter:label2\" content=\"Est. tempo de leitura\" \/>\n\t<meta name=\"twitter:data2\" content=\"3 minutos\" \/>\n<script type=\"application\/ld+json\" class=\"yoast-schema-graph\">{\"@context\":\"https:\\\/\\\/schema.org\",\"@graph\":[{\"@type\":\"Article\",\"@id\":\"https:\\\/\\\/www.p31noticias.com.br\\\/?p=3350#article\",\"isPartOf\":{\"@id\":\"https:\\\/\\\/www.p31noticias.com.br\\\/?p=3350\"},\"author\":{\"name\":\"Reda\u00e7\u00e3o JBN\",\"@id\":\"https:\\\/\\\/www.p31noticias.com.br\\\/#\\\/schema\\\/person\\\/77d6b186c710ac38937c6ec204fdd387\"},\"headline\":\"Esquerda Imbecil derruba campanha do Pacote Anticrime\",\"datePublished\":\"2019-10-09T13:42:40+00:00\",\"mainEntityOfPage\":{\"@id\":\"https:\\\/\\\/www.p31noticias.com.br\\\/?p=3350\"},\"wordCount\":535,\"commentCount\":0,\"image\":{\"@id\":\"https:\\\/\\\/www.p31noticias.com.br\\\/?p=3350#primaryimage\"},\"thumbnailUrl\":\"https:\\\/\\\/www.p31noticias.com.br\\\/wp-content\\\/uploads\\\/2019\\\/10\\\/IMG-20161005-WA0115-1-1.jpg\",\"keywords\":[\"#pav\u00e3ovoltou\",\"Bab\u00e1 (PSOL)\",\"esquerda\",\"Jean Wyllys\",\"Marcelo Freixo\",\"PSOL\",\"PT\",\"PT nunca mais\"],\"articleSection\":[\"Pol\u00edtica\"],\"inLanguage\":\"pt-BR\",\"potentialAction\":[{\"@type\":\"CommentAction\",\"name\":\"Comment\",\"target\":[\"https:\\\/\\\/www.p31noticias.com.br\\\/?p=3350#respond\"]}],\"copyrightYear\":\"2019\",\"copyrightHolder\":{\"@id\":\"https:\\\/\\\/www.p31noticias.com.br\\\/#organization\"}},{\"@type\":\"WebPage\",\"@id\":\"https:\\\/\\\/www.p31noticias.com.br\\\/?p=3350\",\"url\":\"https:\\\/\\\/www.p31noticias.com.br\\\/?p=3350\",\"name\":\"Esquerda Imbecil derruba campanha do Pacote Anticrime - P31\",\"isPartOf\":{\"@id\":\"https:\\\/\\\/www.p31noticias.com.br\\\/#website\"},\"primaryImageOfPage\":{\"@id\":\"https:\\\/\\\/www.p31noticias.com.br\\\/?p=3350#primaryimage\"},\"image\":{\"@id\":\"https:\\\/\\\/www.p31noticias.com.br\\\/?p=3350#primaryimage\"},\"thumbnailUrl\":\"https:\\\/\\\/www.p31noticias.com.br\\\/wp-content\\\/uploads\\\/2019\\\/10\\\/IMG-20161005-WA0115-1-1.jpg\",\"datePublished\":\"2019-10-09T13:42:40+00:00\",\"author\":{\"@id\":\"https:\\\/\\\/www.p31noticias.com.br\\\/#\\\/schema\\\/person\\\/77d6b186c710ac38937c6ec204fdd387\"},\"description\":\"Ap\u00f3s a\u00e7\u00e3o movida pelo deputado federal Marcelo Freixo (PSOL\\\/RJ), o Tribunal de Contas da Uni\u00e3o determinou a suspens\u00e3o das pe\u00e7as de publicidade\",\"breadcrumb\":{\"@id\":\"https:\\\/\\\/www.p31noticias.com.br\\\/?p=3350#breadcrumb\"},\"inLanguage\":\"pt-BR\",\"potentialAction\":[{\"@type\":\"ReadAction\",\"target\":[\"https:\\\/\\\/www.p31noticias.com.br\\\/?p=3350\"]}]},{\"@type\":\"ImageObject\",\"inLanguage\":\"pt-BR\",\"@id\":\"https:\\\/\\\/www.p31noticias.com.br\\\/?p=3350#primaryimage\",\"url\":\"https:\\\/\\\/www.p31noticias.com.br\\\/wp-content\\\/uploads\\\/2019\\\/10\\\/IMG-20161005-WA0115-1-1.jpg\",\"contentUrl\":\"https:\\\/\\\/www.p31noticias.com.br\\\/wp-content\\\/uploads\\\/2019\\\/10\\\/IMG-20161005-WA0115-1-1.jpg\",\"width\":475,\"height\":249,\"caption\":\"Jean Wyllys, marcelo freixo\"},{\"@type\":\"BreadcrumbList\",\"@id\":\"https:\\\/\\\/www.p31noticias.com.br\\\/?p=3350#breadcrumb\",\"itemListElement\":[{\"@type\":\"ListItem\",\"position\":1,\"name\":\"In\u00edcio\",\"item\":\"https:\\\/\\\/www.p31noticias.com.br\\\/\"},{\"@type\":\"ListItem\",\"position\":2,\"name\":\"Esquerda Imbecil derruba campanha do Pacote Anticrime\"}]},{\"@type\":\"WebSite\",\"@id\":\"https:\\\/\\\/www.p31noticias.com.br\\\/#website\",\"url\":\"https:\\\/\\\/www.p31noticias.com.br\\\/\",\"name\":\"P31\",\"description\":\"NOT\u00cdCIAS\",\"potentialAction\":[{\"@type\":\"SearchAction\",\"target\":{\"@type\":\"EntryPoint\",\"urlTemplate\":\"https:\\\/\\\/www.p31noticias.com.br\\\/?s={search_term_string}\"},\"query-input\":{\"@type\":\"PropertyValueSpecification\",\"valueRequired\":true,\"valueName\":\"search_term_string\"}}],\"inLanguage\":\"pt-BR\"},{\"@type\":\"Person\",\"@id\":\"https:\\\/\\\/www.p31noticias.com.br\\\/#\\\/schema\\\/person\\\/77d6b186c710ac38937c6ec204fdd387\",\"name\":\"Reda\u00e7\u00e3o JBN\",\"image\":{\"@type\":\"ImageObject\",\"inLanguage\":\"pt-BR\",\"@id\":\"https:\\\/\\\/secure.gravatar.com\\\/avatar\\\/10fcdb93211f98cce3d64c0795b0915a9a4a21dc0f279238995a3dbfafcad090?s=96&d=mm&r=g\",\"url\":\"https:\\\/\\\/secure.gravatar.com\\\/avatar\\\/10fcdb93211f98cce3d64c0795b0915a9a4a21dc0f279238995a3dbfafcad090?s=96&d=mm&r=g\",\"contentUrl\":\"https:\\\/\\\/secure.gravatar.com\\\/avatar\\\/10fcdb93211f98cce3d64c0795b0915a9a4a21dc0f279238995a3dbfafcad090?s=96&d=mm&r=g\",\"caption\":\"Reda\u00e7\u00e3o JBN\"},\"sameAs\":[\"https:\\\/\\\/p31noticias.com.br\"],\"url\":\"https:\\\/\\\/www.p31noticias.com.br\\\/?author=18\"}]}<\/script>\n<!-- \/ Yoast SEO Premium plugin. -->","yoast_head_json":{"title":"Esquerda Imbecil derruba campanha do Pacote Anticrime - P31","description":"Ap\u00f3s a\u00e7\u00e3o movida pelo deputado federal Marcelo Freixo (PSOL\/RJ), o Tribunal de Contas da Uni\u00e3o determinou a suspens\u00e3o das pe\u00e7as de publicidade","robots":{"index":"index","follow":"follow","max-snippet":"max-snippet:-1","max-image-preview":"max-image-preview:large","max-video-preview":"max-video-preview:-1"},"canonical":"https:\/\/www.p31noticias.com.br\/?p=3350","og_locale":"pt_BR","og_type":"article","og_title":"Esquerda Imbecil derruba campanha do Pacote Anticrime","og_description":"Ap\u00f3s a\u00e7\u00e3o movida pelo deputado federal Marcelo Freixo (PSOL\/RJ), o Tribunal de Contas da Uni\u00e3o determinou a suspens\u00e3o das pe\u00e7as de publicidade","og_url":"https:\/\/www.p31noticias.com.br\/?p=3350","og_site_name":"P31","article_published_time":"2019-10-09T13:42:40+00:00","og_image":[{"width":475,"height":249,"url":"https:\/\/www.p31noticias.com.br\/wp-content\/uploads\/2019\/10\/IMG-20161005-WA0115-1-1.jpg","type":"image\/jpeg"}],"author":"Reda\u00e7\u00e3o JBN","twitter_card":"summary_large_image","twitter_misc":{"Escrito por":"Reda\u00e7\u00e3o JBN","Est. tempo de leitura":"3 minutos"},"schema":{"@context":"https:\/\/schema.org","@graph":[{"@type":"Article","@id":"https:\/\/www.p31noticias.com.br\/?p=3350#article","isPartOf":{"@id":"https:\/\/www.p31noticias.com.br\/?p=3350"},"author":{"name":"Reda\u00e7\u00e3o JBN","@id":"https:\/\/www.p31noticias.com.br\/#\/schema\/person\/77d6b186c710ac38937c6ec204fdd387"},"headline":"Esquerda Imbecil derruba campanha do Pacote Anticrime","datePublished":"2019-10-09T13:42:40+00:00","mainEntityOfPage":{"@id":"https:\/\/www.p31noticias.com.br\/?p=3350"},"wordCount":535,"commentCount":0,"image":{"@id":"https:\/\/www.p31noticias.com.br\/?p=3350#primaryimage"},"thumbnailUrl":"https:\/\/www.p31noticias.com.br\/wp-content\/uploads\/2019\/10\/IMG-20161005-WA0115-1-1.jpg","keywords":["#pav\u00e3ovoltou","Bab\u00e1 (PSOL)","esquerda","Jean Wyllys","Marcelo Freixo","PSOL","PT","PT nunca mais"],"articleSection":["Pol\u00edtica"],"inLanguage":"pt-BR","potentialAction":[{"@type":"CommentAction","name":"Comment","target":["https:\/\/www.p31noticias.com.br\/?p=3350#respond"]}],"copyrightYear":"2019","copyrightHolder":{"@id":"https:\/\/www.p31noticias.com.br\/#organization"}},{"@type":"WebPage","@id":"https:\/\/www.p31noticias.com.br\/?p=3350","url":"https:\/\/www.p31noticias.com.br\/?p=3350","name":"Esquerda Imbecil derruba campanha do Pacote Anticrime - P31","isPartOf":{"@id":"https:\/\/www.p31noticias.com.br\/#website"},"primaryImageOfPage":{"@id":"https:\/\/www.p31noticias.com.br\/?p=3350#primaryimage"},"image":{"@id":"https:\/\/www.p31noticias.com.br\/?p=3350#primaryimage"},"thumbnailUrl":"https:\/\/www.p31noticias.com.br\/wp-content\/uploads\/2019\/10\/IMG-20161005-WA0115-1-1.jpg","datePublished":"2019-10-09T13:42:40+00:00","author":{"@id":"https:\/\/www.p31noticias.com.br\/#\/schema\/person\/77d6b186c710ac38937c6ec204fdd387"},"description":"Ap\u00f3s a\u00e7\u00e3o movida pelo deputado federal Marcelo Freixo (PSOL\/RJ), o Tribunal de Contas da Uni\u00e3o determinou a suspens\u00e3o das pe\u00e7as de publicidade","breadcrumb":{"@id":"https:\/\/www.p31noticias.com.br\/?p=3350#breadcrumb"},"inLanguage":"pt-BR","potentialAction":[{"@type":"ReadAction","target":["https:\/\/www.p31noticias.com.br\/?p=3350"]}]},{"@type":"ImageObject","inLanguage":"pt-BR","@id":"https:\/\/www.p31noticias.com.br\/?p=3350#primaryimage","url":"https:\/\/www.p31noticias.com.br\/wp-content\/uploads\/2019\/10\/IMG-20161005-WA0115-1-1.jpg","contentUrl":"https:\/\/www.p31noticias.com.br\/wp-content\/uploads\/2019\/10\/IMG-20161005-WA0115-1-1.jpg","width":475,"height":249,"caption":"Jean Wyllys, marcelo freixo"},{"@type":"BreadcrumbList","@id":"https:\/\/www.p31noticias.com.br\/?p=3350#breadcrumb","itemListElement":[{"@type":"ListItem","position":1,"name":"In\u00edcio","item":"https:\/\/www.p31noticias.com.br\/"},{"@type":"ListItem","position":2,"name":"Esquerda Imbecil derruba campanha do Pacote Anticrime"}]},{"@type":"WebSite","@id":"https:\/\/www.p31noticias.com.br\/#website","url":"https:\/\/www.p31noticias.com.br\/","name":"P31","description":"NOT\u00cdCIAS","potentialAction":[{"@type":"SearchAction","target":{"@type":"EntryPoint","urlTemplate":"https:\/\/www.p31noticias.com.br\/?s={search_term_string}"},"query-input":{"@type":"PropertyValueSpecification","valueRequired":true,"valueName":"search_term_string"}}],"inLanguage":"pt-BR"},{"@type":"Person","@id":"https:\/\/www.p31noticias.com.br\/#\/schema\/person\/77d6b186c710ac38937c6ec204fdd387","name":"Reda\u00e7\u00e3o JBN","image":{"@type":"ImageObject","inLanguage":"pt-BR","@id":"https:\/\/secure.gravatar.com\/avatar\/10fcdb93211f98cce3d64c0795b0915a9a4a21dc0f279238995a3dbfafcad090?s=96&d=mm&r=g","url":"https:\/\/secure.gravatar.com\/avatar\/10fcdb93211f98cce3d64c0795b0915a9a4a21dc0f279238995a3dbfafcad090?s=96&d=mm&r=g","contentUrl":"https:\/\/secure.gravatar.com\/avatar\/10fcdb93211f98cce3d64c0795b0915a9a4a21dc0f279238995a3dbfafcad090?s=96&d=mm&r=g","caption":"Reda\u00e7\u00e3o JBN"},"sameAs":["https:\/\/p31noticias.com.br"],"url":"https:\/\/www.p31noticias.com.br\/?author=18"}]}},"amp_enabled":true,"_links":{"self":[{"href":"https:\/\/www.p31noticias.com.br\/index.php?rest_route=\/wp\/v2\/posts\/3350","targetHints":{"allow":["GET"]}}],"collection":[{"href":"https:\/\/www.p31noticias.com.br\/index.php?rest_route=\/wp\/v2\/posts"}],"about":[{"href":"https:\/\/www.p31noticias.com.br\/index.php?rest_route=\/wp\/v2\/types\/post"}],"author":[{"embeddable":true,"href":"https:\/\/www.p31noticias.com.br\/index.php?rest_route=\/wp\/v2\/users\/18"}],"replies":[{"embeddable":true,"href":"https:\/\/www.p31noticias.com.br\/index.php?rest_route=%2Fwp%2Fv2%2Fcomments&post=3350"}],"version-history":[{"count":0,"href":"https:\/\/www.p31noticias.com.br\/index.php?rest_route=\/wp\/v2\/posts\/3350\/revisions"}],"wp:featuredmedia":[{"embeddable":true,"href":"https:\/\/www.p31noticias.com.br\/index.php?rest_route=\/wp\/v2\/media\/3353"}],"wp:attachment":[{"href":"https:\/\/www.p31noticias.com.br\/index.php?rest_route=%2Fwp%2Fv2%2Fmedia&parent=3350"}],"wp:term":[{"taxonomy":"category","embeddable":true,"href":"https:\/\/www.p31noticias.com.br\/index.php?rest_route=%2Fwp%2Fv2%2Fcategories&post=3350"},{"taxonomy":"post_tag","embeddable":true,"href":"https:\/\/www.p31noticias.com.br\/index.php?rest_route=%2Fwp%2Fv2%2Ftags&post=3350"}],"curies":[{"name":"wp","href":"https:\/\/api.w.org\/{rel}","templated":true}]}}