{"id":33484,"date":"2023-11-30T03:06:37","date_gmt":"2023-11-30T06:06:37","guid":{"rendered":"https:\/\/p31noticias.com.br\/oposicao-reage-a-excessos-do-stf-e-protocola-cpi-do-abuso-de-autoridade-na-camara\/"},"modified":"2023-11-30T03:06:37","modified_gmt":"2023-11-30T06:06:37","slug":"oposicao-reage-a-excessos-do-stf-e-protocola-cpi-do-abuso-de-autoridade-na-camara","status":"publish","type":"post","link":"https:\/\/www.p31noticias.com.br\/?p=33484","title":{"rendered":"Oposi\u00e7\u00e3o reage a excessos do STF e protocola CPI do Abuso de Autoridade na C\u00e2mara"},"content":{"rendered":"<p>Oposi\u00e7\u00e3o conseguiu reunir 171 assinaturas necess\u00e1rias para instalar CPI Deputado federal Marcel van Hattem (NOVO-RS), autor da proposta.(Foto: Ag\u00eancia C\u00e2mara). Por Rodrigo Vilela Deputados de oposi\u00e7\u00e3o conseguiram reunir as 171 assinaturas necess\u00e1rias para instala\u00e7\u00e3o da CPI do Abuso de Autoridade do Supremo Tribunal Federal e do Tribunal Superior Eleitoral. O pedido deve ser protocolado ainda [\u2026]<\/p>\n<p>O post <a href=\"https:\/\/www.delioandrade.com.br\/oposicao-reage-a-excessos-do-stf-e-protocola-cpi-do-abuso-de-autoridade-na-camara\/\">Oposi\u00e7\u00e3o reage a excessos do STF e protocola CPI do Abuso de Autoridade na C\u00e2mara<\/a> apareceu primeiro em <a href=\"https:\/\/www.delioandrade.com.br\/\">Blog do D\u00c9LIO ANDRADE<\/a>.<\/p>\n","protected":false},"excerpt":{"rendered":"<p>Oposi\u00e7\u00e3o conseguiu reunir 171 assinaturas necess\u00e1rias para instalar CPI Deputado federal Marcel van Hattem (NOVO-RS), autor da proposta.(Foto: Ag\u00eancia C\u00e2mara). Por Rodrigo Vilela Deputados de oposi\u00e7\u00e3o conseguiram reunir as 171 assinaturas necess\u00e1rias para instala\u00e7\u00e3o da CPI do Abuso de Autoridade do Supremo Tribunal Federal e do Tribunal Superior Eleitoral. O pedido deve ser protocolado ainda [&hellip;]<\/p>\n","protected":false},"author":0,"featured_media":33454,"comment_status":"open","ping_status":"open","sticky":false,"template":"","format":"standard","meta":{"footnotes":""},"categories":[21],"tags":[],"class_list":{"0":"post-33484","1":"post","2":"type-post","3":"status-publish","4":"format-standard","5":"has-post-thumbnail","7":"category-brasilia"},"yoast_head":"<!-- This site is optimized with the Yoast SEO Premium plugin v24.5 (Yoast SEO v27.4) - https:\/\/yoast.com\/product\/yoast-seo-premium-wordpress\/ -->\n<title>Oposi\u00e7\u00e3o reage a excessos do STF e protocola CPI do Abuso de Autoridade na C\u00e2mara - P31<\/title>\n<meta name=\"robots\" content=\"index, follow, max-snippet:-1, max-image-preview:large, max-video-preview:-1\" \/>\n<link rel=\"canonical\" href=\"https:\/\/www.p31noticias.com.br\/?p=33484\" \/>\n<meta property=\"og:locale\" content=\"pt_BR\" \/>\n<meta property=\"og:type\" content=\"article\" \/>\n<meta property=\"og:title\" content=\"Oposi\u00e7\u00e3o reage a excessos do STF e protocola CPI do Abuso de Autoridade na C\u00e2mara\" \/>\n<meta property=\"og:description\" content=\"Oposi\u00e7\u00e3o conseguiu reunir 171 assinaturas necess\u00e1rias para instalar CPI Deputado federal Marcel van Hattem (NOVO-RS), autor da proposta.(Foto: Ag\u00eancia C\u00e2mara). Por Rodrigo Vilela Deputados de oposi\u00e7\u00e3o conseguiram reunir as 171 assinaturas necess\u00e1rias para instala\u00e7\u00e3o da CPI do Abuso de Autoridade do Supremo Tribunal Federal e do Tribunal Superior Eleitoral. O pedido deve ser protocolado ainda [&hellip;]\" \/>\n<meta property=\"og:url\" content=\"https:\/\/www.p31noticias.com.br\/?p=33484\" \/>\n<meta property=\"og:site_name\" content=\"P31\" \/>\n<meta property=\"article:published_time\" content=\"2023-11-30T06:06:37+00:00\" \/>\n<meta property=\"og:image\" content=\"https:\/\/www.p31noticias.com.br\/wp-content\/uploads\/2023\/11\/van-marcel-dep-150x150-lwEXZW-Hikb1g.webp\" \/>\n\t<meta property=\"og:image:width\" content=\"150\" \/>\n\t<meta property=\"og:image:height\" content=\"150\" \/>\n\t<meta property=\"og:image:type\" content=\"image\/webp\" \/>\n<meta name=\"twitter:card\" content=\"summary_large_image\" \/>\n<script type=\"application\/ld+json\" class=\"yoast-schema-graph\">{\"@context\":\"https:\\\/\\\/schema.org\",\"@graph\":[{\"@type\":\"Article\",\"@id\":\"https:\\\/\\\/www.p31noticias.com.br\\\/?p=33484#article\",\"isPartOf\":{\"@id\":\"https:\\\/\\\/www.p31noticias.com.br\\\/?p=33484\"},\"author\":{\"name\":\"\",\"@id\":\"\"},\"headline\":\"Oposi\u00e7\u00e3o reage a excessos do STF e protocola CPI do Abuso de Autoridade na C\u00e2mara\",\"datePublished\":\"2023-11-30T06:06:37+00:00\",\"mainEntityOfPage\":{\"@id\":\"https:\\\/\\\/www.p31noticias.com.br\\\/?p=33484\"},\"wordCount\":105,\"commentCount\":0,\"image\":{\"@id\":\"https:\\\/\\\/www.p31noticias.com.br\\\/?p=33484#primaryimage\"},\"thumbnailUrl\":\"https:\\\/\\\/www.p31noticias.com.br\\\/wp-content\\\/uploads\\\/2023\\\/11\\\/van-marcel-dep-150x150-lwEXZW-Hikb1g.webp\",\"articleSection\":[\"Bras\u00edlia\"],\"inLanguage\":\"pt-BR\",\"potentialAction\":[{\"@type\":\"CommentAction\",\"name\":\"Comment\",\"target\":[\"https:\\\/\\\/www.p31noticias.com.br\\\/?p=33484#respond\"]}],\"copyrightYear\":\"2023\",\"copyrightHolder\":{\"@id\":\"https:\\\/\\\/www.p31noticias.com.br\\\/#organization\"}},{\"@type\":\"WebPage\",\"@id\":\"https:\\\/\\\/www.p31noticias.com.br\\\/?p=33484\",\"url\":\"https:\\\/\\\/www.p31noticias.com.br\\\/?p=33484\",\"name\":\"Oposi\u00e7\u00e3o reage a excessos do STF e protocola CPI do Abuso de Autoridade na C\u00e2mara - P31\",\"isPartOf\":{\"@id\":\"https:\\\/\\\/www.p31noticias.com.br\\\/#website\"},\"primaryImageOfPage\":{\"@id\":\"https:\\\/\\\/www.p31noticias.com.br\\\/?p=33484#primaryimage\"},\"image\":{\"@id\":\"https:\\\/\\\/www.p31noticias.com.br\\\/?p=33484#primaryimage\"},\"thumbnailUrl\":\"https:\\\/\\\/www.p31noticias.com.br\\\/wp-content\\\/uploads\\\/2023\\\/11\\\/van-marcel-dep-150x150-lwEXZW-Hikb1g.webp\",\"datePublished\":\"2023-11-30T06:06:37+00:00\",\"author\":{\"@id\":\"\"},\"breadcrumb\":{\"@id\":\"https:\\\/\\\/www.p31noticias.com.br\\\/?p=33484#breadcrumb\"},\"inLanguage\":\"pt-BR\",\"potentialAction\":[{\"@type\":\"ReadAction\",\"target\":[\"https:\\\/\\\/www.p31noticias.com.br\\\/?p=33484\"]}]},{\"@type\":\"ImageObject\",\"inLanguage\":\"pt-BR\",\"@id\":\"https:\\\/\\\/www.p31noticias.com.br\\\/?p=33484#primaryimage\",\"url\":\"https:\\\/\\\/www.p31noticias.com.br\\\/wp-content\\\/uploads\\\/2023\\\/11\\\/van-marcel-dep-150x150-lwEXZW-Hikb1g.webp\",\"contentUrl\":\"https:\\\/\\\/www.p31noticias.com.br\\\/wp-content\\\/uploads\\\/2023\\\/11\\\/van-marcel-dep-150x150-lwEXZW-Hikb1g.webp\",\"width\":150,\"height\":150},{\"@type\":\"BreadcrumbList\",\"@id\":\"https:\\\/\\\/www.p31noticias.com.br\\\/?p=33484#breadcrumb\",\"itemListElement\":[{\"@type\":\"ListItem\",\"position\":1,\"name\":\"In\u00edcio\",\"item\":\"https:\\\/\\\/www.p31noticias.com.br\\\/\"},{\"@type\":\"ListItem\",\"position\":2,\"name\":\"Oposi\u00e7\u00e3o reage a excessos do STF e protocola CPI do Abuso de Autoridade na C\u00e2mara\"}]},{\"@type\":\"WebSite\",\"@id\":\"https:\\\/\\\/www.p31noticias.com.br\\\/#website\",\"url\":\"https:\\\/\\\/www.p31noticias.com.br\\\/\",\"name\":\"P31\",\"description\":\"NOT\u00cdCIAS\",\"potentialAction\":[{\"@type\":\"SearchAction\",\"target\":{\"@type\":\"EntryPoint\",\"urlTemplate\":\"https:\\\/\\\/www.p31noticias.com.br\\\/?s={search_term_string}\"},\"query-input\":{\"@type\":\"PropertyValueSpecification\",\"valueRequired\":true,\"valueName\":\"search_term_string\"}}],\"inLanguage\":\"pt-BR\"}]}<\/script>\n<!-- \/ Yoast SEO Premium plugin. -->","yoast_head_json":{"title":"Oposi\u00e7\u00e3o reage a excessos do STF e protocola CPI do Abuso de Autoridade na C\u00e2mara - P31","robots":{"index":"index","follow":"follow","max-snippet":"max-snippet:-1","max-image-preview":"max-image-preview:large","max-video-preview":"max-video-preview:-1"},"canonical":"https:\/\/www.p31noticias.com.br\/?p=33484","og_locale":"pt_BR","og_type":"article","og_title":"Oposi\u00e7\u00e3o reage a excessos do STF e protocola CPI do Abuso de Autoridade na C\u00e2mara","og_description":"Oposi\u00e7\u00e3o conseguiu reunir 171 assinaturas necess\u00e1rias para instalar CPI Deputado federal Marcel van Hattem (NOVO-RS), autor da proposta.(Foto: Ag\u00eancia C\u00e2mara). Por Rodrigo Vilela Deputados de oposi\u00e7\u00e3o conseguiram reunir as 171 assinaturas necess\u00e1rias para instala\u00e7\u00e3o da CPI do Abuso de Autoridade do Supremo Tribunal Federal e do Tribunal Superior Eleitoral. O pedido deve ser protocolado ainda [&hellip;]","og_url":"https:\/\/www.p31noticias.com.br\/?p=33484","og_site_name":"P31","article_published_time":"2023-11-30T06:06:37+00:00","og_image":[{"width":150,"height":150,"url":"https:\/\/www.p31noticias.com.br\/wp-content\/uploads\/2023\/11\/van-marcel-dep-150x150-lwEXZW-Hikb1g.webp","type":"image\/webp"}],"twitter_card":"summary_large_image","schema":{"@context":"https:\/\/schema.org","@graph":[{"@type":"Article","@id":"https:\/\/www.p31noticias.com.br\/?p=33484#article","isPartOf":{"@id":"https:\/\/www.p31noticias.com.br\/?p=33484"},"author":{"name":"","@id":""},"headline":"Oposi\u00e7\u00e3o reage a excessos do STF e protocola CPI do Abuso de Autoridade na C\u00e2mara","datePublished":"2023-11-30T06:06:37+00:00","mainEntityOfPage":{"@id":"https:\/\/www.p31noticias.com.br\/?p=33484"},"wordCount":105,"commentCount":0,"image":{"@id":"https:\/\/www.p31noticias.com.br\/?p=33484#primaryimage"},"thumbnailUrl":"https:\/\/www.p31noticias.com.br\/wp-content\/uploads\/2023\/11\/van-marcel-dep-150x150-lwEXZW-Hikb1g.webp","articleSection":["Bras\u00edlia"],"inLanguage":"pt-BR","potentialAction":[{"@type":"CommentAction","name":"Comment","target":["https:\/\/www.p31noticias.com.br\/?p=33484#respond"]}],"copyrightYear":"2023","copyrightHolder":{"@id":"https:\/\/www.p31noticias.com.br\/#organization"}},{"@type":"WebPage","@id":"https:\/\/www.p31noticias.com.br\/?p=33484","url":"https:\/\/www.p31noticias.com.br\/?p=33484","name":"Oposi\u00e7\u00e3o reage a excessos do STF e protocola CPI do Abuso de Autoridade na C\u00e2mara - P31","isPartOf":{"@id":"https:\/\/www.p31noticias.com.br\/#website"},"primaryImageOfPage":{"@id":"https:\/\/www.p31noticias.com.br\/?p=33484#primaryimage"},"image":{"@id":"https:\/\/www.p31noticias.com.br\/?p=33484#primaryimage"},"thumbnailUrl":"https:\/\/www.p31noticias.com.br\/wp-content\/uploads\/2023\/11\/van-marcel-dep-150x150-lwEXZW-Hikb1g.webp","datePublished":"2023-11-30T06:06:37+00:00","author":{"@id":""},"breadcrumb":{"@id":"https:\/\/www.p31noticias.com.br\/?p=33484#breadcrumb"},"inLanguage":"pt-BR","potentialAction":[{"@type":"ReadAction","target":["https:\/\/www.p31noticias.com.br\/?p=33484"]}]},{"@type":"ImageObject","inLanguage":"pt-BR","@id":"https:\/\/www.p31noticias.com.br\/?p=33484#primaryimage","url":"https:\/\/www.p31noticias.com.br\/wp-content\/uploads\/2023\/11\/van-marcel-dep-150x150-lwEXZW-Hikb1g.webp","contentUrl":"https:\/\/www.p31noticias.com.br\/wp-content\/uploads\/2023\/11\/van-marcel-dep-150x150-lwEXZW-Hikb1g.webp","width":150,"height":150},{"@type":"BreadcrumbList","@id":"https:\/\/www.p31noticias.com.br\/?p=33484#breadcrumb","itemListElement":[{"@type":"ListItem","position":1,"name":"In\u00edcio","item":"https:\/\/www.p31noticias.com.br\/"},{"@type":"ListItem","position":2,"name":"Oposi\u00e7\u00e3o reage a excessos do STF e protocola CPI do Abuso de Autoridade na C\u00e2mara"}]},{"@type":"WebSite","@id":"https:\/\/www.p31noticias.com.br\/#website","url":"https:\/\/www.p31noticias.com.br\/","name":"P31","description":"NOT\u00cdCIAS","potentialAction":[{"@type":"SearchAction","target":{"@type":"EntryPoint","urlTemplate":"https:\/\/www.p31noticias.com.br\/?s={search_term_string}"},"query-input":{"@type":"PropertyValueSpecification","valueRequired":true,"valueName":"search_term_string"}}],"inLanguage":"pt-BR"}]}},"amp_enabled":true,"_links":{"self":[{"href":"https:\/\/www.p31noticias.com.br\/index.php?rest_route=\/wp\/v2\/posts\/33484","targetHints":{"allow":["GET"]}}],"collection":[{"href":"https:\/\/www.p31noticias.com.br\/index.php?rest_route=\/wp\/v2\/posts"}],"about":[{"href":"https:\/\/www.p31noticias.com.br\/index.php?rest_route=\/wp\/v2\/types\/post"}],"replies":[{"embeddable":true,"href":"https:\/\/www.p31noticias.com.br\/index.php?rest_route=%2Fwp%2Fv2%2Fcomments&post=33484"}],"version-history":[{"count":0,"href":"https:\/\/www.p31noticias.com.br\/index.php?rest_route=\/wp\/v2\/posts\/33484\/revisions"}],"wp:featuredmedia":[{"embeddable":true,"href":"https:\/\/www.p31noticias.com.br\/index.php?rest_route=\/wp\/v2\/media\/33454"}],"wp:attachment":[{"href":"https:\/\/www.p31noticias.com.br\/index.php?rest_route=%2Fwp%2Fv2%2Fmedia&parent=33484"}],"wp:term":[{"taxonomy":"category","embeddable":true,"href":"https:\/\/www.p31noticias.com.br\/index.php?rest_route=%2Fwp%2Fv2%2Fcategories&post=33484"},{"taxonomy":"post_tag","embeddable":true,"href":"https:\/\/www.p31noticias.com.br\/index.php?rest_route=%2Fwp%2Fv2%2Ftags&post=33484"}],"curies":[{"name":"wp","href":"https:\/\/api.w.org\/{rel}","templated":true}]}}