{"id":3320,"date":"2019-10-05T12:40:41","date_gmt":"2019-10-05T15:40:41","guid":{"rendered":"https:\/\/juniortakamoto.com.br\/?p=3320"},"modified":"2019-10-05T12:40:41","modified_gmt":"2019-10-05T15:40:41","slug":"joao-doria-se-rende-bolsonaro","status":"publish","type":"post","link":"https:\/\/www.p31noticias.com.br\/?p=3320","title":{"rendered":"Jo\u00e3o Doria se rende \u00e0s Escolas C\u00edvico-Militares de Bolsonaro."},"content":{"rendered":"<p>Jo\u00e3o Doria, Governador do Estado de S\u00e3o Paulo, decidiu nesta sexta-feira (4) que deve aderir ao Programa Nacional das Escolas C\u00edvico-Militares proposto pelo Minist\u00e9rio da Educa\u00e7\u00e3o.<\/p>\n<p>De acordo com Doria, a decis\u00e3o foi tomada considerando os esclarecimentos prestados ontem (3) pelo MEC, ap\u00f3s solicita\u00e7\u00e3o da Secretaria de Educa\u00e7\u00e3o do Estado.<\/p>\n<p>No entanto, a data limite para se adequar j\u00e1 em 2020 ao modelo c\u00edvico-militar era 27 de setembro. Por isso, o MEC disse que ainda est\u00e1 em an\u00e1lise a possibilidade da ades\u00e3o de S\u00e3o Paulo.<\/p>\n<h6><strong>\u00a0<\/strong><\/h6>\n<div class=\"SandboxRoot env-bp-350\" data-twitter-event-id=\"0\">\n<div id=\"twitter-widget-0\" class=\"EmbeddedTweet EmbeddedTweet--cta js-clickToOpenTarget\" lang=\"pt\" data-click-to-open-target=\"https:\/\/twitter.com\/jdoriajr\/status\/1180084238605008897\" data-iframe-title=\"Tweet do Twitter\" data-scribe=\"page:tweet\" data-twitter-event-id=\"1\">\n<div class=\"EmbeddedTweet-tweetContainer\">\n<div class=\"EmbeddedTweet-tweet\">\n<blockquote class=\"Tweet h-entry js-tweetIdInfo subject expanded\" cite=\"https:\/\/twitter.com\/jdoriajr\/status\/1180084238605008897\" data-tweet-id=\"1180084238605008897\" data-scribe=\"section:subject\">\n<div class=\"Tweet-header\"><a class=\"TweetAuthor-avatar  Identity-avatar u-linkBlend\" href=\"https:\/\/twitter.com\/jdoriajr\" data-scribe=\"element:user_link\" aria-label=\"Jo\u00e3o Doria (nome de tela: jdoriajr)\"><img decoding=\"async\" class=\"Avatar\" src=\"https:\/\/pbs.twimg.com\/profile_images\/1084793260231544833\/u7STUHYN_bigger.jpg\" alt=\"\" data-scribe=\"element:avatar\" data-src-2x=\"https:\/\/pbs.twimg.com\/profile_images\/1084793260231544833\/u7STUHYN_bigger.jpg\" data-src-1x=\"https:\/\/pbs.twimg.com\/profile_images\/1084793260231544833\/u7STUHYN_normal.jpg\" \/><\/a><\/p>\n<div class=\"TweetAuthor js-inViewportScribingTarget\" data-scribe=\"component:author\">\n<div class=\"TweetAuthor-nameScreenNameContainer\"><span class=\"TweetAuthor-decoratedName\"><span class=\"TweetAuthor-name Identity-name customisable-highlight\" title=\"Jo\u00e3o Doria\" data-scribe=\"element:name\">Jo\u00e3o Doria<\/span><\/span><\/p>\n<div class=\"Icon Icon--verified \" title=\"Conta Verificada\" role=\"img\" aria-label=\"Conta Verificada\"><\/div>\n<p><span class=\"TweetAuthor-decoratedName\"><span class=\"TweetAuthor-verifiedBadge\" data-scribe=\"element:verified_badge\"><b class=\"u-hiddenVisually\">\u2714<\/b><\/span><\/span><span class=\"TweetAuthor-screenName Identity-screenName\" dir=\"ltr\" title=\"@jdoriajr\" data-scribe=\"element:screen_name\">@jdoriajr<\/span><\/div>\n<\/div>\n<div class=\"Tweet-brand\">\n<div class=\"Icon Icon--twitter \" title=\"Ver no Twitter\" role=\"presentation\" aria-label=\"Ver no Twitter\"><\/div>\n<\/div>\n<\/div>\n<div class=\"Tweet-body e-entry-content\" data-scribe=\"component:tweet\">\n<div class=\"Tweet-target js-inViewportScribingTarget\"><\/div>\n<p class=\"Tweet-text e-entry-title\" dir=\"ltr\" lang=\"pt\">Considerando os esclarecimentos prestados ontem pelo MEC, ap\u00f3s solicita\u00e7\u00e3o da nossa Sec. de Educa\u00e7\u00e3o, o Estado de SP resolveu aderir ao Programa Nacional das Escolas C\u00edvico-Militares. <a class=\"PrettyLink hashtag customisable\" dir=\"ltr\" href=\"https:\/\/twitter.com\/hashtag\/Educa%C3%A7%C3%A3o?src=hash\" rel=\"tag\" data-query-source=\"hashtag_click\" data-scribe=\"element:hashtag\"><span class=\"PrettyLink-prefix\">#<\/span><span class=\"PrettyLink-value\">Educa\u00e7\u00e3o<\/span><\/a> <a class=\"PrettyLink hashtag customisable\" dir=\"ltr\" href=\"https:\/\/twitter.com\/hashtag\/GovernoSP?src=hash\" rel=\"tag\" data-query-source=\"hashtag_click\" data-scribe=\"element:hashtag\"><span class=\"PrettyLink-prefix\">#<\/span><span class=\"PrettyLink-value\">GovernoSP<\/span><\/a><\/p>\n<div class=\"TweetInfo\">\n<div class=\"TweetInfo-like\">\n<div data-scribe=\"element:heart\">\n<div class=\"Icon Icon--heart \" title=\"Curtiu\" role=\"img\" aria-label=\"Curtiu\"><\/div>\n<\/div>\n<p><a class=\"TweetInfo-heart\" title=\"Curtiu\" href=\"https:\/\/twitter.com\/intent\/like?tweet_id=1180084238605008897\" data-scribe=\"component:actions\"><span class=\"TweetInfo-heartStat\" data-scribe=\"element:heart_count\">2.304<\/span><\/a><\/div>\n<div class=\"TweetInfo-timeGeo\"><a class=\"u-linkBlend u-url customisable-highlight long-permalink\" href=\"https:\/\/twitter.com\/jdoriajr\/status\/1180084238605008897\" data-datetime=\"2019-10-04T11:36:22+0000\" data-scribe=\"element:full_timestamp\"><time class=\"dt-updated\" title=\"Hor\u00e1rio da publica\u00e7\u00e3o: 04 de outubro de 2019 11:36:22 (UTC)\" datetime=\"2019-10-04T11:36:22+0000\">08:36 &#8211; 4 de out de 2019<\/time><\/a><\/div>\n<div class=\"tweet-InformationCircle\" data-scribe=\"element:notice\"><a class=\"Icon Icon--informationCircleWhite js-inViewportScribingTarget\" title=\"Informa\u00e7\u00f5es e privacidade no Twitter Ads\" href=\"https:\/\/support.twitter.com\/articles\/20175256\"><span class=\"u-hiddenVisually\">Informa\u00e7\u00f5es e privacidade no Twitter Ads<\/span><\/a><\/div>\n<\/div>\n<\/div>\n<\/blockquote>\n<\/div>\n<div class=\"CallToAction-icon\" data-scribe=\"element:conversation_icon\"><\/div>\n<\/div>\n<\/div>\n<\/div>\n<div class=\"meta-tags\"><\/div>\n","protected":false},"excerpt":{"rendered":"<p>Jo\u00e3o Doria, Governador do Estado de S\u00e3o Paulo, decidiu nesta sexta-feira (4) que deve aderir ao Programa Nacional das Escolas C\u00edvico-Militares proposto pelo Minist\u00e9rio da Educa\u00e7\u00e3o. De acordo com Doria, a decis\u00e3o foi tomada considerando os esclarecimentos prestados ontem (3) pelo MEC, ap\u00f3s solicita\u00e7\u00e3o da Secretaria de Educa\u00e7\u00e3o do Estado. No entanto, a data limite [&hellip;]<\/p>\n","protected":false},"author":18,"featured_media":3321,"comment_status":"open","ping_status":"open","sticky":false,"template":"","format":"standard","meta":{"footnotes":""},"categories":[57],"tags":[295,296,297,298],"class_list":{"0":"post-3320","1":"post","2":"type-post","3":"status-publish","4":"format-standard","5":"has-post-thumbnail","7":"category-politica","8":"tag-bolsonaro-2022","9":"tag-escolas-militares","10":"tag-escolas-publicas","11":"tag-joao-doria"},"yoast_head":"<!-- This site is optimized with the Yoast SEO Premium plugin v24.5 (Yoast SEO v27.5) - https:\/\/yoast.com\/product\/yoast-seo-premium-wordpress\/ -->\n<title>Jo\u00e3o Doria se rende \u00e0s Escolas C\u00edvico-Militares de Bolsonaro. - P31<\/title>\n<meta name=\"description\" content=\"Jo\u00e3o Doria, Governador do Estado de S\u00e3o Paulo, decidiu nesta sexta-feira (4) que deve aderir ao Programa Nacional das Escolas C\u00edvico-Militares\" \/>\n<meta name=\"robots\" content=\"index, follow, max-snippet:-1, max-image-preview:large, max-video-preview:-1\" \/>\n<link rel=\"canonical\" href=\"https:\/\/www.p31noticias.com.br\/?p=3320\" \/>\n<meta property=\"og:locale\" content=\"pt_BR\" \/>\n<meta property=\"og:type\" content=\"article\" \/>\n<meta property=\"og:title\" content=\"Jo\u00e3o Doria se rende \u00e0s Escolas C\u00edvico-Militares de Bolsonaro.\" \/>\n<meta property=\"og:description\" content=\"Jo\u00e3o Doria, Governador do Estado de S\u00e3o Paulo, decidiu nesta sexta-feira (4) que deve aderir ao Programa Nacional das Escolas C\u00edvico-Militares\" \/>\n<meta property=\"og:url\" content=\"https:\/\/www.p31noticias.com.br\/?p=3320\" \/>\n<meta property=\"og:site_name\" content=\"P31\" \/>\n<meta property=\"article:published_time\" content=\"2019-10-05T15:40:41+00:00\" \/>\n<meta property=\"og:image\" content=\"https:\/\/www.p31noticias.com.br\/wp-content\/uploads\/2019\/10\/15384511065bb2e6a2b7bf8_1538451106_3x2_md-1.jpg\" \/>\n\t<meta property=\"og:image:width\" content=\"768\" \/>\n\t<meta property=\"og:image:height\" content=\"512\" \/>\n\t<meta property=\"og:image:type\" content=\"image\/jpeg\" \/>\n<meta name=\"author\" content=\"Reda\u00e7\u00e3o JBN\" \/>\n<meta name=\"twitter:card\" content=\"summary_large_image\" \/>\n<meta name=\"twitter:label1\" content=\"Escrito por\" \/>\n\t<meta name=\"twitter:data1\" content=\"Reda\u00e7\u00e3o JBN\" \/>\n\t<meta name=\"twitter:label2\" content=\"Est. tempo de leitura\" \/>\n\t<meta name=\"twitter:data2\" content=\"1 minuto\" \/>\n<script type=\"application\/ld+json\" class=\"yoast-schema-graph\">{\"@context\":\"https:\\\/\\\/schema.org\",\"@graph\":[{\"@type\":\"Article\",\"@id\":\"https:\\\/\\\/www.p31noticias.com.br\\\/?p=3320#article\",\"isPartOf\":{\"@id\":\"https:\\\/\\\/www.p31noticias.com.br\\\/?p=3320\"},\"author\":{\"name\":\"Reda\u00e7\u00e3o JBN\",\"@id\":\"https:\\\/\\\/www.p31noticias.com.br\\\/#\\\/schema\\\/person\\\/77d6b186c710ac38937c6ec204fdd387\"},\"headline\":\"Jo\u00e3o Doria se rende \u00e0s Escolas C\u00edvico-Militares de Bolsonaro.\",\"datePublished\":\"2019-10-05T15:40:41+00:00\",\"mainEntityOfPage\":{\"@id\":\"https:\\\/\\\/www.p31noticias.com.br\\\/?p=3320\"},\"wordCount\":153,\"commentCount\":0,\"image\":{\"@id\":\"https:\\\/\\\/www.p31noticias.com.br\\\/?p=3320#primaryimage\"},\"thumbnailUrl\":\"https:\\\/\\\/www.p31noticias.com.br\\\/wp-content\\\/uploads\\\/2019\\\/10\\\/15384511065bb2e6a2b7bf8_1538451106_3x2_md-1.jpg\",\"keywords\":[\"Bolsonaro 2022\",\"escolas militares\",\"ESCOLAS P\u00daBLICAS\",\"Jo\u00e3o Doria\"],\"articleSection\":[\"Pol\u00edtica\"],\"inLanguage\":\"pt-BR\",\"potentialAction\":[{\"@type\":\"CommentAction\",\"name\":\"Comment\",\"target\":[\"https:\\\/\\\/www.p31noticias.com.br\\\/?p=3320#respond\"]}],\"copyrightYear\":\"2019\",\"copyrightHolder\":{\"@id\":\"https:\\\/\\\/www.p31noticias.com.br\\\/#organization\"}},{\"@type\":\"WebPage\",\"@id\":\"https:\\\/\\\/www.p31noticias.com.br\\\/?p=3320\",\"url\":\"https:\\\/\\\/www.p31noticias.com.br\\\/?p=3320\",\"name\":\"Jo\u00e3o Doria se rende \u00e0s Escolas C\u00edvico-Militares de Bolsonaro. - P31\",\"isPartOf\":{\"@id\":\"https:\\\/\\\/www.p31noticias.com.br\\\/#website\"},\"primaryImageOfPage\":{\"@id\":\"https:\\\/\\\/www.p31noticias.com.br\\\/?p=3320#primaryimage\"},\"image\":{\"@id\":\"https:\\\/\\\/www.p31noticias.com.br\\\/?p=3320#primaryimage\"},\"thumbnailUrl\":\"https:\\\/\\\/www.p31noticias.com.br\\\/wp-content\\\/uploads\\\/2019\\\/10\\\/15384511065bb2e6a2b7bf8_1538451106_3x2_md-1.jpg\",\"datePublished\":\"2019-10-05T15:40:41+00:00\",\"author\":{\"@id\":\"https:\\\/\\\/www.p31noticias.com.br\\\/#\\\/schema\\\/person\\\/77d6b186c710ac38937c6ec204fdd387\"},\"description\":\"Jo\u00e3o Doria, Governador do Estado de S\u00e3o Paulo, decidiu nesta sexta-feira (4) que deve aderir ao Programa Nacional das Escolas C\u00edvico-Militares\",\"breadcrumb\":{\"@id\":\"https:\\\/\\\/www.p31noticias.com.br\\\/?p=3320#breadcrumb\"},\"inLanguage\":\"pt-BR\",\"potentialAction\":[{\"@type\":\"ReadAction\",\"target\":[\"https:\\\/\\\/www.p31noticias.com.br\\\/?p=3320\"]}]},{\"@type\":\"ImageObject\",\"inLanguage\":\"pt-BR\",\"@id\":\"https:\\\/\\\/www.p31noticias.com.br\\\/?p=3320#primaryimage\",\"url\":\"https:\\\/\\\/www.p31noticias.com.br\\\/wp-content\\\/uploads\\\/2019\\\/10\\\/15384511065bb2e6a2b7bf8_1538451106_3x2_md-1.jpg\",\"contentUrl\":\"https:\\\/\\\/www.p31noticias.com.br\\\/wp-content\\\/uploads\\\/2019\\\/10\\\/15384511065bb2e6a2b7bf8_1538451106_3x2_md-1.jpg\",\"width\":768,\"height\":512,\"caption\":\"Jo\u00e3o Doria\"},{\"@type\":\"BreadcrumbList\",\"@id\":\"https:\\\/\\\/www.p31noticias.com.br\\\/?p=3320#breadcrumb\",\"itemListElement\":[{\"@type\":\"ListItem\",\"position\":1,\"name\":\"In\u00edcio\",\"item\":\"https:\\\/\\\/www.p31noticias.com.br\\\/\"},{\"@type\":\"ListItem\",\"position\":2,\"name\":\"Jo\u00e3o Doria se rende \u00e0s Escolas C\u00edvico-Militares de Bolsonaro.\"}]},{\"@type\":\"WebSite\",\"@id\":\"https:\\\/\\\/www.p31noticias.com.br\\\/#website\",\"url\":\"https:\\\/\\\/www.p31noticias.com.br\\\/\",\"name\":\"P31\",\"description\":\"NOT\u00cdCIAS\",\"potentialAction\":[{\"@type\":\"SearchAction\",\"target\":{\"@type\":\"EntryPoint\",\"urlTemplate\":\"https:\\\/\\\/www.p31noticias.com.br\\\/?s={search_term_string}\"},\"query-input\":{\"@type\":\"PropertyValueSpecification\",\"valueRequired\":true,\"valueName\":\"search_term_string\"}}],\"inLanguage\":\"pt-BR\"},{\"@type\":\"Person\",\"@id\":\"https:\\\/\\\/www.p31noticias.com.br\\\/#\\\/schema\\\/person\\\/77d6b186c710ac38937c6ec204fdd387\",\"name\":\"Reda\u00e7\u00e3o JBN\",\"image\":{\"@type\":\"ImageObject\",\"inLanguage\":\"pt-BR\",\"@id\":\"https:\\\/\\\/secure.gravatar.com\\\/avatar\\\/10fcdb93211f98cce3d64c0795b0915a9a4a21dc0f279238995a3dbfafcad090?s=96&d=mm&r=g\",\"url\":\"https:\\\/\\\/secure.gravatar.com\\\/avatar\\\/10fcdb93211f98cce3d64c0795b0915a9a4a21dc0f279238995a3dbfafcad090?s=96&d=mm&r=g\",\"contentUrl\":\"https:\\\/\\\/secure.gravatar.com\\\/avatar\\\/10fcdb93211f98cce3d64c0795b0915a9a4a21dc0f279238995a3dbfafcad090?s=96&d=mm&r=g\",\"caption\":\"Reda\u00e7\u00e3o JBN\"},\"sameAs\":[\"https:\\\/\\\/p31noticias.com.br\"],\"url\":\"https:\\\/\\\/www.p31noticias.com.br\\\/?author=18\"}]}<\/script>\n<!-- \/ Yoast SEO Premium plugin. -->","yoast_head_json":{"title":"Jo\u00e3o Doria se rende \u00e0s Escolas C\u00edvico-Militares de Bolsonaro. - P31","description":"Jo\u00e3o Doria, Governador do Estado de S\u00e3o Paulo, decidiu nesta sexta-feira (4) que deve aderir ao Programa Nacional das Escolas C\u00edvico-Militares","robots":{"index":"index","follow":"follow","max-snippet":"max-snippet:-1","max-image-preview":"max-image-preview:large","max-video-preview":"max-video-preview:-1"},"canonical":"https:\/\/www.p31noticias.com.br\/?p=3320","og_locale":"pt_BR","og_type":"article","og_title":"Jo\u00e3o Doria se rende \u00e0s Escolas C\u00edvico-Militares de Bolsonaro.","og_description":"Jo\u00e3o Doria, Governador do Estado de S\u00e3o Paulo, decidiu nesta sexta-feira (4) que deve aderir ao Programa Nacional das Escolas C\u00edvico-Militares","og_url":"https:\/\/www.p31noticias.com.br\/?p=3320","og_site_name":"P31","article_published_time":"2019-10-05T15:40:41+00:00","og_image":[{"width":768,"height":512,"url":"https:\/\/www.p31noticias.com.br\/wp-content\/uploads\/2019\/10\/15384511065bb2e6a2b7bf8_1538451106_3x2_md-1.jpg","type":"image\/jpeg"}],"author":"Reda\u00e7\u00e3o JBN","twitter_card":"summary_large_image","twitter_misc":{"Escrito por":"Reda\u00e7\u00e3o JBN","Est. tempo de leitura":"1 minuto"},"schema":{"@context":"https:\/\/schema.org","@graph":[{"@type":"Article","@id":"https:\/\/www.p31noticias.com.br\/?p=3320#article","isPartOf":{"@id":"https:\/\/www.p31noticias.com.br\/?p=3320"},"author":{"name":"Reda\u00e7\u00e3o JBN","@id":"https:\/\/www.p31noticias.com.br\/#\/schema\/person\/77d6b186c710ac38937c6ec204fdd387"},"headline":"Jo\u00e3o Doria se rende \u00e0s Escolas C\u00edvico-Militares de Bolsonaro.","datePublished":"2019-10-05T15:40:41+00:00","mainEntityOfPage":{"@id":"https:\/\/www.p31noticias.com.br\/?p=3320"},"wordCount":153,"commentCount":0,"image":{"@id":"https:\/\/www.p31noticias.com.br\/?p=3320#primaryimage"},"thumbnailUrl":"https:\/\/www.p31noticias.com.br\/wp-content\/uploads\/2019\/10\/15384511065bb2e6a2b7bf8_1538451106_3x2_md-1.jpg","keywords":["Bolsonaro 2022","escolas militares","ESCOLAS P\u00daBLICAS","Jo\u00e3o Doria"],"articleSection":["Pol\u00edtica"],"inLanguage":"pt-BR","potentialAction":[{"@type":"CommentAction","name":"Comment","target":["https:\/\/www.p31noticias.com.br\/?p=3320#respond"]}],"copyrightYear":"2019","copyrightHolder":{"@id":"https:\/\/www.p31noticias.com.br\/#organization"}},{"@type":"WebPage","@id":"https:\/\/www.p31noticias.com.br\/?p=3320","url":"https:\/\/www.p31noticias.com.br\/?p=3320","name":"Jo\u00e3o Doria se rende \u00e0s Escolas C\u00edvico-Militares de Bolsonaro. - P31","isPartOf":{"@id":"https:\/\/www.p31noticias.com.br\/#website"},"primaryImageOfPage":{"@id":"https:\/\/www.p31noticias.com.br\/?p=3320#primaryimage"},"image":{"@id":"https:\/\/www.p31noticias.com.br\/?p=3320#primaryimage"},"thumbnailUrl":"https:\/\/www.p31noticias.com.br\/wp-content\/uploads\/2019\/10\/15384511065bb2e6a2b7bf8_1538451106_3x2_md-1.jpg","datePublished":"2019-10-05T15:40:41+00:00","author":{"@id":"https:\/\/www.p31noticias.com.br\/#\/schema\/person\/77d6b186c710ac38937c6ec204fdd387"},"description":"Jo\u00e3o Doria, Governador do Estado de S\u00e3o Paulo, decidiu nesta sexta-feira (4) que deve aderir ao Programa Nacional das Escolas C\u00edvico-Militares","breadcrumb":{"@id":"https:\/\/www.p31noticias.com.br\/?p=3320#breadcrumb"},"inLanguage":"pt-BR","potentialAction":[{"@type":"ReadAction","target":["https:\/\/www.p31noticias.com.br\/?p=3320"]}]},{"@type":"ImageObject","inLanguage":"pt-BR","@id":"https:\/\/www.p31noticias.com.br\/?p=3320#primaryimage","url":"https:\/\/www.p31noticias.com.br\/wp-content\/uploads\/2019\/10\/15384511065bb2e6a2b7bf8_1538451106_3x2_md-1.jpg","contentUrl":"https:\/\/www.p31noticias.com.br\/wp-content\/uploads\/2019\/10\/15384511065bb2e6a2b7bf8_1538451106_3x2_md-1.jpg","width":768,"height":512,"caption":"Jo\u00e3o Doria"},{"@type":"BreadcrumbList","@id":"https:\/\/www.p31noticias.com.br\/?p=3320#breadcrumb","itemListElement":[{"@type":"ListItem","position":1,"name":"In\u00edcio","item":"https:\/\/www.p31noticias.com.br\/"},{"@type":"ListItem","position":2,"name":"Jo\u00e3o Doria se rende \u00e0s Escolas C\u00edvico-Militares de Bolsonaro."}]},{"@type":"WebSite","@id":"https:\/\/www.p31noticias.com.br\/#website","url":"https:\/\/www.p31noticias.com.br\/","name":"P31","description":"NOT\u00cdCIAS","potentialAction":[{"@type":"SearchAction","target":{"@type":"EntryPoint","urlTemplate":"https:\/\/www.p31noticias.com.br\/?s={search_term_string}"},"query-input":{"@type":"PropertyValueSpecification","valueRequired":true,"valueName":"search_term_string"}}],"inLanguage":"pt-BR"},{"@type":"Person","@id":"https:\/\/www.p31noticias.com.br\/#\/schema\/person\/77d6b186c710ac38937c6ec204fdd387","name":"Reda\u00e7\u00e3o JBN","image":{"@type":"ImageObject","inLanguage":"pt-BR","@id":"https:\/\/secure.gravatar.com\/avatar\/10fcdb93211f98cce3d64c0795b0915a9a4a21dc0f279238995a3dbfafcad090?s=96&d=mm&r=g","url":"https:\/\/secure.gravatar.com\/avatar\/10fcdb93211f98cce3d64c0795b0915a9a4a21dc0f279238995a3dbfafcad090?s=96&d=mm&r=g","contentUrl":"https:\/\/secure.gravatar.com\/avatar\/10fcdb93211f98cce3d64c0795b0915a9a4a21dc0f279238995a3dbfafcad090?s=96&d=mm&r=g","caption":"Reda\u00e7\u00e3o JBN"},"sameAs":["https:\/\/p31noticias.com.br"],"url":"https:\/\/www.p31noticias.com.br\/?author=18"}]}},"amp_enabled":true,"_links":{"self":[{"href":"https:\/\/www.p31noticias.com.br\/index.php?rest_route=\/wp\/v2\/posts\/3320","targetHints":{"allow":["GET"]}}],"collection":[{"href":"https:\/\/www.p31noticias.com.br\/index.php?rest_route=\/wp\/v2\/posts"}],"about":[{"href":"https:\/\/www.p31noticias.com.br\/index.php?rest_route=\/wp\/v2\/types\/post"}],"author":[{"embeddable":true,"href":"https:\/\/www.p31noticias.com.br\/index.php?rest_route=\/wp\/v2\/users\/18"}],"replies":[{"embeddable":true,"href":"https:\/\/www.p31noticias.com.br\/index.php?rest_route=%2Fwp%2Fv2%2Fcomments&post=3320"}],"version-history":[{"count":0,"href":"https:\/\/www.p31noticias.com.br\/index.php?rest_route=\/wp\/v2\/posts\/3320\/revisions"}],"wp:featuredmedia":[{"embeddable":true,"href":"https:\/\/www.p31noticias.com.br\/index.php?rest_route=\/wp\/v2\/media\/3321"}],"wp:attachment":[{"href":"https:\/\/www.p31noticias.com.br\/index.php?rest_route=%2Fwp%2Fv2%2Fmedia&parent=3320"}],"wp:term":[{"taxonomy":"category","embeddable":true,"href":"https:\/\/www.p31noticias.com.br\/index.php?rest_route=%2Fwp%2Fv2%2Fcategories&post=3320"},{"taxonomy":"post_tag","embeddable":true,"href":"https:\/\/www.p31noticias.com.br\/index.php?rest_route=%2Fwp%2Fv2%2Ftags&post=3320"}],"curies":[{"name":"wp","href":"https:\/\/api.w.org\/{rel}","templated":true}]}}