{"id":3317,"date":"2019-10-05T12:33:35","date_gmt":"2019-10-05T15:33:35","guid":{"rendered":"https:\/\/juniortakamoto.com.br\/?p=3317"},"modified":"2019-10-05T12:33:35","modified_gmt":"2019-10-05T15:33:35","slug":"stf-para-o-governo-dos-corruptos","status":"publish","type":"post","link":"https:\/\/www.p31noticias.com.br\/?p=3317","title":{"rendered":"STF \u00e9 comparsa do Congresso para o Governo dos Corruptos"},"content":{"rendered":"<p>STF &#8211; O jurista e professor de Direito aposentado, Modesto Carvalhosa, usou suas redes sociais para criticar mais uma vez a atua\u00e7\u00e3o do Supremo Tribunal Federal (STF) e cobrar o apoio da popula\u00e7\u00e3o em favor da Associa\u00e7\u00e3o dos Magistrados Brasileiros que pretende fazer uma greve geral contra a Lei do Abuso de Autoridade.&#8221;<\/p>\n<p>&#8220;A merit\u00f3ria postura da Associa\u00e7\u00e3o dos Magistrados Brasileiros de combater a Lei Renan Calheiros de Abuso de Autoridade \u00e9 do interesse da Cidadania, grande v\u00edtima dessa s\u00f3rdida lei que instaurou o imp\u00e9rio do crime em nosso pais&#8221;, escreveu Carvalhosa. &#8220;Milhares de cidad\u00e3os aplaudem a luta da AMB nas redes sociais, mas cabe uma observa\u00e7\u00e3o fundamental: n\u00e3o adianta ingressar com uma a\u00e7\u00e3o direta de inconstitucionalidade perante o STF para anular esse infame pacote a favor do crime&#8221;.<\/p>\n<p>&#8220;O STF \u00e9 o principal comparsa do Congresso na institucionaliza\u00e7\u00e3o do Governo dos Corruptos em nosso pais, como se pode ver de suas decis\u00f5es, todas as semanas, destruindo o Estado de Direito. Por isso, revela-se ainda mais necess\u00e1rio e urgente apoiar a pioneira iniciativa do Tribunal de Justi\u00e7a do Par\u00e1 propondo a greve geral enquanto n\u00e3o for revogada essa lei de impunidade para os bandidos&#8221;.<\/p>\n<p>Modesdo Carvalhosa acredita que a iniciativa da associa\u00e7\u00e3o dos magistrados em querer fazer uma greve geral \u00e9 uma boa forma de barrar o avan\u00e7o da &#8220;Lei Renan Calheiros&#8221;, visto que isso, na pr\u00e1tica, significaria o travamento do sistema judici\u00e1rio no pa\u00eds.<\/p>\n<p>&#8220;Todos esperamos que ju\u00edzes n\u00e3o s\u00f3 do Par\u00e1 mas de toda a Na\u00e7\u00e3o deem o prazo de 60 dias, ou seja, at\u00e9 30 de novembro, para que a Lei de Abuso de Autoridade seja TOTALMENTE REVOGADA, sob pena de a Magistratura brasileira declarar ESTADO DE LEG\u00cdTIMA DEFESA, abstendo-se de tomar qualquer medida que possa afetar a IMPUNIDADE dos delinquentes de todo o g\u00eanero, protegidos todos pela escabrosa lei urdida por Renan Calheiros&#8221;,\u00a0<a href=\"https:\/\/www.facebook.com\/1818891478427818\/posts\/2382868618696765\/\">disse ele<\/a>.<\/p>\n<p>&#8220;A declara\u00e7\u00e3o do estado de leg\u00edtima defesa \u00e9 a arma de que os magistrados precisam fazer uso para evitar serem condenados e presos se ousarem ferir O DIREITO \u00c0 IMPUNIDADE dos corruptos e de todos os marginais que infestam o Pa\u00eds. O povo brasileiro est\u00e1 pronto para apoiar as corajosas e efetivas medidas que dever\u00e3o ser tomadas pela Magistratura nacional nessa quest\u00e3o que afeta a todos n\u00f3s&#8221;, conclui.<\/p>\n","protected":false},"excerpt":{"rendered":"<p>STF &#8211; O jurista e professor de Direito aposentado, Modesto Carvalhosa, usou suas redes sociais para criticar mais uma vez a atua\u00e7\u00e3o do Supremo Tribunal Federal (STF) e cobrar o apoio da popula\u00e7\u00e3o em favor da Associa\u00e7\u00e3o dos Magistrados Brasileiros que pretende fazer uma greve geral contra a Lei do Abuso de Autoridade.&#8221; &#8220;A merit\u00f3ria [&hellip;]<\/p>\n","protected":false},"author":18,"featured_media":3318,"comment_status":"open","ping_status":"open","sticky":false,"template":"","format":"standard","meta":{"footnotes":""},"categories":[68],"tags":[289,138,71,135],"class_list":{"0":"post-3317","1":"post","2":"type-post","3":"status-publish","4":"format-standard","5":"has-post-thumbnail","7":"category-brasil","8":"tag-dias-toffoli","9":"tag-gilmar-mendes","10":"tag-sergio-moro","11":"tag-stf"},"yoast_head":"<!-- This site is optimized with the Yoast SEO Premium plugin v24.5 (Yoast SEO v27.5) - https:\/\/yoast.com\/product\/yoast-seo-premium-wordpress\/ -->\n<title>STF \u00e9 comparsa do Congresso para o Governo dos Corruptos - P31<\/title>\n<meta name=\"description\" content=\"STF - O jurista e professor de Direito aposentado, Modesto Carvalhosa, usou suas redes sociais para criticar mais uma vez a atua\u00e7\u00e3o do Supremo Tribunal\" \/>\n<meta name=\"robots\" content=\"index, follow, max-snippet:-1, max-image-preview:large, max-video-preview:-1\" \/>\n<link rel=\"canonical\" href=\"https:\/\/www.p31noticias.com.br\/?p=3317\" \/>\n<meta property=\"og:locale\" content=\"pt_BR\" \/>\n<meta property=\"og:type\" content=\"article\" \/>\n<meta property=\"og:title\" content=\"STF \u00e9 comparsa do Congresso para o Governo dos Corruptos\" \/>\n<meta property=\"og:description\" content=\"STF - O jurista e professor de Direito aposentado, Modesto Carvalhosa, usou suas redes sociais para criticar mais uma vez a atua\u00e7\u00e3o do Supremo Tribunal\" \/>\n<meta property=\"og:url\" content=\"https:\/\/www.p31noticias.com.br\/?p=3317\" \/>\n<meta property=\"og:site_name\" content=\"P31\" \/>\n<meta property=\"article:published_time\" content=\"2019-10-05T15:33:35+00:00\" \/>\n<meta property=\"og:image\" content=\"https:\/\/www.p31noticias.com.br\/wp-content\/uploads\/2019\/10\/2570c8ff3bb7428661ebe8b64fdd7e4e-1.jpg\" \/>\n\t<meta property=\"og:image:width\" content=\"960\" \/>\n\t<meta property=\"og:image:height\" content=\"540\" \/>\n\t<meta property=\"og:image:type\" content=\"image\/jpeg\" \/>\n<meta name=\"author\" content=\"Reda\u00e7\u00e3o JBN\" \/>\n<meta name=\"twitter:card\" content=\"summary_large_image\" \/>\n<meta name=\"twitter:label1\" content=\"Escrito por\" \/>\n\t<meta name=\"twitter:data1\" content=\"Reda\u00e7\u00e3o JBN\" \/>\n\t<meta name=\"twitter:label2\" content=\"Est. tempo de leitura\" \/>\n\t<meta name=\"twitter:data2\" content=\"2 minutos\" \/>\n<script type=\"application\/ld+json\" class=\"yoast-schema-graph\">{\"@context\":\"https:\\\/\\\/schema.org\",\"@graph\":[{\"@type\":\"Article\",\"@id\":\"https:\\\/\\\/www.p31noticias.com.br\\\/?p=3317#article\",\"isPartOf\":{\"@id\":\"https:\\\/\\\/www.p31noticias.com.br\\\/?p=3317\"},\"author\":{\"name\":\"Reda\u00e7\u00e3o JBN\",\"@id\":\"https:\\\/\\\/www.p31noticias.com.br\\\/#\\\/schema\\\/person\\\/77d6b186c710ac38937c6ec204fdd387\"},\"headline\":\"STF \u00e9 comparsa do Congresso para o Governo dos Corruptos\",\"datePublished\":\"2019-10-05T15:33:35+00:00\",\"mainEntityOfPage\":{\"@id\":\"https:\\\/\\\/www.p31noticias.com.br\\\/?p=3317\"},\"wordCount\":412,\"commentCount\":0,\"image\":{\"@id\":\"https:\\\/\\\/www.p31noticias.com.br\\\/?p=3317#primaryimage\"},\"thumbnailUrl\":\"https:\\\/\\\/www.p31noticias.com.br\\\/wp-content\\\/uploads\\\/2019\\\/10\\\/2570c8ff3bb7428661ebe8b64fdd7e4e-1.jpg\",\"keywords\":[\"Dias Toffoli\",\"gilmar mendes\",\"sergio moro\",\"STF\"],\"articleSection\":[\"Brasil\"],\"inLanguage\":\"pt-BR\",\"potentialAction\":[{\"@type\":\"CommentAction\",\"name\":\"Comment\",\"target\":[\"https:\\\/\\\/www.p31noticias.com.br\\\/?p=3317#respond\"]}],\"copyrightYear\":\"2019\",\"copyrightHolder\":{\"@id\":\"https:\\\/\\\/www.p31noticias.com.br\\\/#organization\"}},{\"@type\":\"WebPage\",\"@id\":\"https:\\\/\\\/www.p31noticias.com.br\\\/?p=3317\",\"url\":\"https:\\\/\\\/www.p31noticias.com.br\\\/?p=3317\",\"name\":\"STF \u00e9 comparsa do Congresso para o Governo dos Corruptos - P31\",\"isPartOf\":{\"@id\":\"https:\\\/\\\/www.p31noticias.com.br\\\/#website\"},\"primaryImageOfPage\":{\"@id\":\"https:\\\/\\\/www.p31noticias.com.br\\\/?p=3317#primaryimage\"},\"image\":{\"@id\":\"https:\\\/\\\/www.p31noticias.com.br\\\/?p=3317#primaryimage\"},\"thumbnailUrl\":\"https:\\\/\\\/www.p31noticias.com.br\\\/wp-content\\\/uploads\\\/2019\\\/10\\\/2570c8ff3bb7428661ebe8b64fdd7e4e-1.jpg\",\"datePublished\":\"2019-10-05T15:33:35+00:00\",\"author\":{\"@id\":\"https:\\\/\\\/www.p31noticias.com.br\\\/#\\\/schema\\\/person\\\/77d6b186c710ac38937c6ec204fdd387\"},\"description\":\"STF - O jurista e professor de Direito aposentado, Modesto Carvalhosa, usou suas redes sociais para criticar mais uma vez a atua\u00e7\u00e3o do Supremo Tribunal\",\"breadcrumb\":{\"@id\":\"https:\\\/\\\/www.p31noticias.com.br\\\/?p=3317#breadcrumb\"},\"inLanguage\":\"pt-BR\",\"potentialAction\":[{\"@type\":\"ReadAction\",\"target\":[\"https:\\\/\\\/www.p31noticias.com.br\\\/?p=3317\"]}]},{\"@type\":\"ImageObject\",\"inLanguage\":\"pt-BR\",\"@id\":\"https:\\\/\\\/www.p31noticias.com.br\\\/?p=3317#primaryimage\",\"url\":\"https:\\\/\\\/www.p31noticias.com.br\\\/wp-content\\\/uploads\\\/2019\\\/10\\\/2570c8ff3bb7428661ebe8b64fdd7e4e-1.jpg\",\"contentUrl\":\"https:\\\/\\\/www.p31noticias.com.br\\\/wp-content\\\/uploads\\\/2019\\\/10\\\/2570c8ff3bb7428661ebe8b64fdd7e4e-1.jpg\",\"width\":960,\"height\":540,\"caption\":\"STF\"},{\"@type\":\"BreadcrumbList\",\"@id\":\"https:\\\/\\\/www.p31noticias.com.br\\\/?p=3317#breadcrumb\",\"itemListElement\":[{\"@type\":\"ListItem\",\"position\":1,\"name\":\"In\u00edcio\",\"item\":\"https:\\\/\\\/www.p31noticias.com.br\\\/\"},{\"@type\":\"ListItem\",\"position\":2,\"name\":\"STF \u00e9 comparsa do Congresso para o Governo dos Corruptos\"}]},{\"@type\":\"WebSite\",\"@id\":\"https:\\\/\\\/www.p31noticias.com.br\\\/#website\",\"url\":\"https:\\\/\\\/www.p31noticias.com.br\\\/\",\"name\":\"P31\",\"description\":\"NOT\u00cdCIAS\",\"potentialAction\":[{\"@type\":\"SearchAction\",\"target\":{\"@type\":\"EntryPoint\",\"urlTemplate\":\"https:\\\/\\\/www.p31noticias.com.br\\\/?s={search_term_string}\"},\"query-input\":{\"@type\":\"PropertyValueSpecification\",\"valueRequired\":true,\"valueName\":\"search_term_string\"}}],\"inLanguage\":\"pt-BR\"},{\"@type\":\"Person\",\"@id\":\"https:\\\/\\\/www.p31noticias.com.br\\\/#\\\/schema\\\/person\\\/77d6b186c710ac38937c6ec204fdd387\",\"name\":\"Reda\u00e7\u00e3o JBN\",\"image\":{\"@type\":\"ImageObject\",\"inLanguage\":\"pt-BR\",\"@id\":\"https:\\\/\\\/secure.gravatar.com\\\/avatar\\\/10fcdb93211f98cce3d64c0795b0915a9a4a21dc0f279238995a3dbfafcad090?s=96&d=mm&r=g\",\"url\":\"https:\\\/\\\/secure.gravatar.com\\\/avatar\\\/10fcdb93211f98cce3d64c0795b0915a9a4a21dc0f279238995a3dbfafcad090?s=96&d=mm&r=g\",\"contentUrl\":\"https:\\\/\\\/secure.gravatar.com\\\/avatar\\\/10fcdb93211f98cce3d64c0795b0915a9a4a21dc0f279238995a3dbfafcad090?s=96&d=mm&r=g\",\"caption\":\"Reda\u00e7\u00e3o JBN\"},\"sameAs\":[\"https:\\\/\\\/p31noticias.com.br\"],\"url\":\"https:\\\/\\\/www.p31noticias.com.br\\\/?author=18\"}]}<\/script>\n<!-- \/ Yoast SEO Premium plugin. -->","yoast_head_json":{"title":"STF \u00e9 comparsa do Congresso para o Governo dos Corruptos - P31","description":"STF - O jurista e professor de Direito aposentado, Modesto Carvalhosa, usou suas redes sociais para criticar mais uma vez a atua\u00e7\u00e3o do Supremo Tribunal","robots":{"index":"index","follow":"follow","max-snippet":"max-snippet:-1","max-image-preview":"max-image-preview:large","max-video-preview":"max-video-preview:-1"},"canonical":"https:\/\/www.p31noticias.com.br\/?p=3317","og_locale":"pt_BR","og_type":"article","og_title":"STF \u00e9 comparsa do Congresso para o Governo dos Corruptos","og_description":"STF - O jurista e professor de Direito aposentado, Modesto Carvalhosa, usou suas redes sociais para criticar mais uma vez a atua\u00e7\u00e3o do Supremo Tribunal","og_url":"https:\/\/www.p31noticias.com.br\/?p=3317","og_site_name":"P31","article_published_time":"2019-10-05T15:33:35+00:00","og_image":[{"width":960,"height":540,"url":"https:\/\/www.p31noticias.com.br\/wp-content\/uploads\/2019\/10\/2570c8ff3bb7428661ebe8b64fdd7e4e-1.jpg","type":"image\/jpeg"}],"author":"Reda\u00e7\u00e3o JBN","twitter_card":"summary_large_image","twitter_misc":{"Escrito por":"Reda\u00e7\u00e3o JBN","Est. tempo de leitura":"2 minutos"},"schema":{"@context":"https:\/\/schema.org","@graph":[{"@type":"Article","@id":"https:\/\/www.p31noticias.com.br\/?p=3317#article","isPartOf":{"@id":"https:\/\/www.p31noticias.com.br\/?p=3317"},"author":{"name":"Reda\u00e7\u00e3o JBN","@id":"https:\/\/www.p31noticias.com.br\/#\/schema\/person\/77d6b186c710ac38937c6ec204fdd387"},"headline":"STF \u00e9 comparsa do Congresso para o Governo dos Corruptos","datePublished":"2019-10-05T15:33:35+00:00","mainEntityOfPage":{"@id":"https:\/\/www.p31noticias.com.br\/?p=3317"},"wordCount":412,"commentCount":0,"image":{"@id":"https:\/\/www.p31noticias.com.br\/?p=3317#primaryimage"},"thumbnailUrl":"https:\/\/www.p31noticias.com.br\/wp-content\/uploads\/2019\/10\/2570c8ff3bb7428661ebe8b64fdd7e4e-1.jpg","keywords":["Dias Toffoli","gilmar mendes","sergio moro","STF"],"articleSection":["Brasil"],"inLanguage":"pt-BR","potentialAction":[{"@type":"CommentAction","name":"Comment","target":["https:\/\/www.p31noticias.com.br\/?p=3317#respond"]}],"copyrightYear":"2019","copyrightHolder":{"@id":"https:\/\/www.p31noticias.com.br\/#organization"}},{"@type":"WebPage","@id":"https:\/\/www.p31noticias.com.br\/?p=3317","url":"https:\/\/www.p31noticias.com.br\/?p=3317","name":"STF \u00e9 comparsa do Congresso para o Governo dos Corruptos - P31","isPartOf":{"@id":"https:\/\/www.p31noticias.com.br\/#website"},"primaryImageOfPage":{"@id":"https:\/\/www.p31noticias.com.br\/?p=3317#primaryimage"},"image":{"@id":"https:\/\/www.p31noticias.com.br\/?p=3317#primaryimage"},"thumbnailUrl":"https:\/\/www.p31noticias.com.br\/wp-content\/uploads\/2019\/10\/2570c8ff3bb7428661ebe8b64fdd7e4e-1.jpg","datePublished":"2019-10-05T15:33:35+00:00","author":{"@id":"https:\/\/www.p31noticias.com.br\/#\/schema\/person\/77d6b186c710ac38937c6ec204fdd387"},"description":"STF - O jurista e professor de Direito aposentado, Modesto Carvalhosa, usou suas redes sociais para criticar mais uma vez a atua\u00e7\u00e3o do Supremo Tribunal","breadcrumb":{"@id":"https:\/\/www.p31noticias.com.br\/?p=3317#breadcrumb"},"inLanguage":"pt-BR","potentialAction":[{"@type":"ReadAction","target":["https:\/\/www.p31noticias.com.br\/?p=3317"]}]},{"@type":"ImageObject","inLanguage":"pt-BR","@id":"https:\/\/www.p31noticias.com.br\/?p=3317#primaryimage","url":"https:\/\/www.p31noticias.com.br\/wp-content\/uploads\/2019\/10\/2570c8ff3bb7428661ebe8b64fdd7e4e-1.jpg","contentUrl":"https:\/\/www.p31noticias.com.br\/wp-content\/uploads\/2019\/10\/2570c8ff3bb7428661ebe8b64fdd7e4e-1.jpg","width":960,"height":540,"caption":"STF"},{"@type":"BreadcrumbList","@id":"https:\/\/www.p31noticias.com.br\/?p=3317#breadcrumb","itemListElement":[{"@type":"ListItem","position":1,"name":"In\u00edcio","item":"https:\/\/www.p31noticias.com.br\/"},{"@type":"ListItem","position":2,"name":"STF \u00e9 comparsa do Congresso para o Governo dos Corruptos"}]},{"@type":"WebSite","@id":"https:\/\/www.p31noticias.com.br\/#website","url":"https:\/\/www.p31noticias.com.br\/","name":"P31","description":"NOT\u00cdCIAS","potentialAction":[{"@type":"SearchAction","target":{"@type":"EntryPoint","urlTemplate":"https:\/\/www.p31noticias.com.br\/?s={search_term_string}"},"query-input":{"@type":"PropertyValueSpecification","valueRequired":true,"valueName":"search_term_string"}}],"inLanguage":"pt-BR"},{"@type":"Person","@id":"https:\/\/www.p31noticias.com.br\/#\/schema\/person\/77d6b186c710ac38937c6ec204fdd387","name":"Reda\u00e7\u00e3o JBN","image":{"@type":"ImageObject","inLanguage":"pt-BR","@id":"https:\/\/secure.gravatar.com\/avatar\/10fcdb93211f98cce3d64c0795b0915a9a4a21dc0f279238995a3dbfafcad090?s=96&d=mm&r=g","url":"https:\/\/secure.gravatar.com\/avatar\/10fcdb93211f98cce3d64c0795b0915a9a4a21dc0f279238995a3dbfafcad090?s=96&d=mm&r=g","contentUrl":"https:\/\/secure.gravatar.com\/avatar\/10fcdb93211f98cce3d64c0795b0915a9a4a21dc0f279238995a3dbfafcad090?s=96&d=mm&r=g","caption":"Reda\u00e7\u00e3o JBN"},"sameAs":["https:\/\/p31noticias.com.br"],"url":"https:\/\/www.p31noticias.com.br\/?author=18"}]}},"amp_enabled":true,"_links":{"self":[{"href":"https:\/\/www.p31noticias.com.br\/index.php?rest_route=\/wp\/v2\/posts\/3317","targetHints":{"allow":["GET"]}}],"collection":[{"href":"https:\/\/www.p31noticias.com.br\/index.php?rest_route=\/wp\/v2\/posts"}],"about":[{"href":"https:\/\/www.p31noticias.com.br\/index.php?rest_route=\/wp\/v2\/types\/post"}],"author":[{"embeddable":true,"href":"https:\/\/www.p31noticias.com.br\/index.php?rest_route=\/wp\/v2\/users\/18"}],"replies":[{"embeddable":true,"href":"https:\/\/www.p31noticias.com.br\/index.php?rest_route=%2Fwp%2Fv2%2Fcomments&post=3317"}],"version-history":[{"count":0,"href":"https:\/\/www.p31noticias.com.br\/index.php?rest_route=\/wp\/v2\/posts\/3317\/revisions"}],"wp:featuredmedia":[{"embeddable":true,"href":"https:\/\/www.p31noticias.com.br\/index.php?rest_route=\/wp\/v2\/media\/3318"}],"wp:attachment":[{"href":"https:\/\/www.p31noticias.com.br\/index.php?rest_route=%2Fwp%2Fv2%2Fmedia&parent=3317"}],"wp:term":[{"taxonomy":"category","embeddable":true,"href":"https:\/\/www.p31noticias.com.br\/index.php?rest_route=%2Fwp%2Fv2%2Fcategories&post=3317"},{"taxonomy":"post_tag","embeddable":true,"href":"https:\/\/www.p31noticias.com.br\/index.php?rest_route=%2Fwp%2Fv2%2Ftags&post=3317"}],"curies":[{"name":"wp","href":"https:\/\/api.w.org\/{rel}","templated":true}]}}