{"id":33141,"date":"2023-11-25T13:06:23","date_gmt":"2023-11-25T16:06:23","guid":{"rendered":"https:\/\/p31noticias.com.br\/companhias-aereas-solicitam-mais-15-dias-para-apresentar-proposta-de-reducao-das-passagens\/"},"modified":"2023-11-25T13:06:23","modified_gmt":"2023-11-25T16:06:23","slug":"companhias-aereas-solicitam-mais-15-dias-para-apresentar-proposta-de-reducao-das-passagens","status":"publish","type":"post","link":"https:\/\/www.p31noticias.com.br\/?p=33141","title":{"rendered":"Companhias a\u00e9reas solicitam mais 15 dias para apresentar proposta de redu\u00e7\u00e3o das passagens"},"content":{"rendered":"<p>Prorroga\u00e7\u00e3o do prazo foi solicitada ap\u00f3s reuni\u00e3o com o ministro Silvo Costa Filho \u00a0 Ap\u00f3s se reunir separadamente com os representantes das principais companhias a\u00e9reas brasileiras com objetivo de encontrar medidas para baratear o pre\u00e7o das passagens, o Minist\u00e9rio de Portos e Aeroportos (MPor) informa que, por solicita\u00e7\u00e3o das empresas, decidiu prorrogar em at\u00e9 15 [\u2026]<\/p>\n<p>O post <a href=\"https:\/\/www.delioandrade.com.br\/companhias-aereas-solicitam-mais-15-dias-para-apresentar-proposta-de-reducao-das-passagens\/\">Companhias a\u00e9reas solicitam mais 15 dias para apresentar proposta de redu\u00e7\u00e3o das passagens<\/a> apareceu primeiro em <a href=\"https:\/\/www.delioandrade.com.br\/\">Blog do D\u00c9LIO ANDRADE<\/a>.<\/p>\n","protected":false},"excerpt":{"rendered":"<p>Prorroga\u00e7\u00e3o do prazo foi solicitada ap\u00f3s reuni\u00e3o com o ministro Silvo Costa Filho \u00a0 Ap\u00f3s se reunir separadamente com os representantes das principais companhias a\u00e9reas brasileiras com objetivo de encontrar medidas para baratear o pre\u00e7o das passagens, o Minist\u00e9rio de Portos e Aeroportos (MPor) informa que, por solicita\u00e7\u00e3o das empresas, decidiu prorrogar em at\u00e9 15 [&hellip;]<\/p>\n","protected":false},"author":0,"featured_media":33062,"comment_status":"open","ping_status":"open","sticky":false,"template":"","format":"standard","meta":{"footnotes":""},"categories":[21],"tags":[],"class_list":{"0":"post-33141","1":"post","2":"type-post","3":"status-publish","4":"format-standard","5":"has-post-thumbnail","7":"category-brasilia"},"yoast_head":"<!-- This site is optimized with the Yoast SEO Premium plugin v24.5 (Yoast SEO v27.4) - https:\/\/yoast.com\/product\/yoast-seo-premium-wordpress\/ -->\n<title>Companhias a\u00e9reas solicitam mais 15 dias para apresentar proposta de redu\u00e7\u00e3o das passagens - P31<\/title>\n<meta name=\"robots\" content=\"index, follow, max-snippet:-1, max-image-preview:large, max-video-preview:-1\" \/>\n<link rel=\"canonical\" href=\"https:\/\/www.p31noticias.com.br\/?p=33141\" \/>\n<meta property=\"og:locale\" content=\"pt_BR\" \/>\n<meta property=\"og:type\" content=\"article\" \/>\n<meta property=\"og:title\" content=\"Companhias a\u00e9reas solicitam mais 15 dias para apresentar proposta de redu\u00e7\u00e3o das passagens\" \/>\n<meta property=\"og:description\" content=\"Prorroga\u00e7\u00e3o do prazo foi solicitada ap\u00f3s reuni\u00e3o com o ministro Silvo Costa Filho \u00a0 Ap\u00f3s se reunir separadamente com os representantes das principais companhias a\u00e9reas brasileiras com objetivo de encontrar medidas para baratear o pre\u00e7o das passagens, o Minist\u00e9rio de Portos e Aeroportos (MPor) informa que, por solicita\u00e7\u00e3o das empresas, decidiu prorrogar em at\u00e9 15 [&hellip;]\" \/>\n<meta property=\"og:url\" content=\"https:\/\/www.p31noticias.com.br\/?p=33141\" \/>\n<meta property=\"og:site_name\" content=\"P31\" \/>\n<meta property=\"article:published_time\" content=\"2023-11-25T16:06:23+00:00\" \/>\n<meta property=\"og:image\" content=\"https:\/\/www.p31noticias.com.br\/wp-content\/uploads\/2023\/11\/passagens-aereas-com-a-maxmilhas-150x150-nwe05A-uMOmNh.png\" \/>\n\t<meta property=\"og:image:width\" content=\"150\" \/>\n\t<meta property=\"og:image:height\" content=\"150\" \/>\n\t<meta property=\"og:image:type\" content=\"image\/png\" \/>\n<meta name=\"twitter:card\" content=\"summary_large_image\" \/>\n<script type=\"application\/ld+json\" class=\"yoast-schema-graph\">{\"@context\":\"https:\\\/\\\/schema.org\",\"@graph\":[{\"@type\":\"Article\",\"@id\":\"https:\\\/\\\/www.p31noticias.com.br\\\/?p=33141#article\",\"isPartOf\":{\"@id\":\"https:\\\/\\\/www.p31noticias.com.br\\\/?p=33141\"},\"author\":{\"name\":\"\",\"@id\":\"\"},\"headline\":\"Companhias a\u00e9reas solicitam mais 15 dias para apresentar proposta de redu\u00e7\u00e3o das passagens\",\"datePublished\":\"2023-11-25T16:06:23+00:00\",\"mainEntityOfPage\":{\"@id\":\"https:\\\/\\\/www.p31noticias.com.br\\\/?p=33141\"},\"wordCount\":99,\"commentCount\":0,\"image\":{\"@id\":\"https:\\\/\\\/www.p31noticias.com.br\\\/?p=33141#primaryimage\"},\"thumbnailUrl\":\"https:\\\/\\\/www.p31noticias.com.br\\\/wp-content\\\/uploads\\\/2023\\\/11\\\/passagens-aereas-com-a-maxmilhas-150x150-nwe05A-uMOmNh.png\",\"articleSection\":[\"Bras\u00edlia\"],\"inLanguage\":\"pt-BR\",\"potentialAction\":[{\"@type\":\"CommentAction\",\"name\":\"Comment\",\"target\":[\"https:\\\/\\\/www.p31noticias.com.br\\\/?p=33141#respond\"]}],\"copyrightYear\":\"2023\",\"copyrightHolder\":{\"@id\":\"https:\\\/\\\/www.p31noticias.com.br\\\/#organization\"}},{\"@type\":\"WebPage\",\"@id\":\"https:\\\/\\\/www.p31noticias.com.br\\\/?p=33141\",\"url\":\"https:\\\/\\\/www.p31noticias.com.br\\\/?p=33141\",\"name\":\"Companhias a\u00e9reas solicitam mais 15 dias para apresentar proposta de redu\u00e7\u00e3o das passagens - P31\",\"isPartOf\":{\"@id\":\"https:\\\/\\\/www.p31noticias.com.br\\\/#website\"},\"primaryImageOfPage\":{\"@id\":\"https:\\\/\\\/www.p31noticias.com.br\\\/?p=33141#primaryimage\"},\"image\":{\"@id\":\"https:\\\/\\\/www.p31noticias.com.br\\\/?p=33141#primaryimage\"},\"thumbnailUrl\":\"https:\\\/\\\/www.p31noticias.com.br\\\/wp-content\\\/uploads\\\/2023\\\/11\\\/passagens-aereas-com-a-maxmilhas-150x150-nwe05A-uMOmNh.png\",\"datePublished\":\"2023-11-25T16:06:23+00:00\",\"author\":{\"@id\":\"\"},\"breadcrumb\":{\"@id\":\"https:\\\/\\\/www.p31noticias.com.br\\\/?p=33141#breadcrumb\"},\"inLanguage\":\"pt-BR\",\"potentialAction\":[{\"@type\":\"ReadAction\",\"target\":[\"https:\\\/\\\/www.p31noticias.com.br\\\/?p=33141\"]}]},{\"@type\":\"ImageObject\",\"inLanguage\":\"pt-BR\",\"@id\":\"https:\\\/\\\/www.p31noticias.com.br\\\/?p=33141#primaryimage\",\"url\":\"https:\\\/\\\/www.p31noticias.com.br\\\/wp-content\\\/uploads\\\/2023\\\/11\\\/passagens-aereas-com-a-maxmilhas-150x150-nwe05A-uMOmNh.png\",\"contentUrl\":\"https:\\\/\\\/www.p31noticias.com.br\\\/wp-content\\\/uploads\\\/2023\\\/11\\\/passagens-aereas-com-a-maxmilhas-150x150-nwe05A-uMOmNh.png\",\"width\":150,\"height\":150},{\"@type\":\"BreadcrumbList\",\"@id\":\"https:\\\/\\\/www.p31noticias.com.br\\\/?p=33141#breadcrumb\",\"itemListElement\":[{\"@type\":\"ListItem\",\"position\":1,\"name\":\"In\u00edcio\",\"item\":\"https:\\\/\\\/www.p31noticias.com.br\\\/\"},{\"@type\":\"ListItem\",\"position\":2,\"name\":\"Companhias a\u00e9reas solicitam mais 15 dias para apresentar proposta de redu\u00e7\u00e3o das passagens\"}]},{\"@type\":\"WebSite\",\"@id\":\"https:\\\/\\\/www.p31noticias.com.br\\\/#website\",\"url\":\"https:\\\/\\\/www.p31noticias.com.br\\\/\",\"name\":\"P31\",\"description\":\"NOT\u00cdCIAS\",\"potentialAction\":[{\"@type\":\"SearchAction\",\"target\":{\"@type\":\"EntryPoint\",\"urlTemplate\":\"https:\\\/\\\/www.p31noticias.com.br\\\/?s={search_term_string}\"},\"query-input\":{\"@type\":\"PropertyValueSpecification\",\"valueRequired\":true,\"valueName\":\"search_term_string\"}}],\"inLanguage\":\"pt-BR\"}]}<\/script>\n<!-- \/ Yoast SEO Premium plugin. -->","yoast_head_json":{"title":"Companhias a\u00e9reas solicitam mais 15 dias para apresentar proposta de redu\u00e7\u00e3o das passagens - P31","robots":{"index":"index","follow":"follow","max-snippet":"max-snippet:-1","max-image-preview":"max-image-preview:large","max-video-preview":"max-video-preview:-1"},"canonical":"https:\/\/www.p31noticias.com.br\/?p=33141","og_locale":"pt_BR","og_type":"article","og_title":"Companhias a\u00e9reas solicitam mais 15 dias para apresentar proposta de redu\u00e7\u00e3o das passagens","og_description":"Prorroga\u00e7\u00e3o do prazo foi solicitada ap\u00f3s reuni\u00e3o com o ministro Silvo Costa Filho \u00a0 Ap\u00f3s se reunir separadamente com os representantes das principais companhias a\u00e9reas brasileiras com objetivo de encontrar medidas para baratear o pre\u00e7o das passagens, o Minist\u00e9rio de Portos e Aeroportos (MPor) informa que, por solicita\u00e7\u00e3o das empresas, decidiu prorrogar em at\u00e9 15 [&hellip;]","og_url":"https:\/\/www.p31noticias.com.br\/?p=33141","og_site_name":"P31","article_published_time":"2023-11-25T16:06:23+00:00","og_image":[{"width":150,"height":150,"url":"https:\/\/www.p31noticias.com.br\/wp-content\/uploads\/2023\/11\/passagens-aereas-com-a-maxmilhas-150x150-nwe05A-uMOmNh.png","type":"image\/png"}],"twitter_card":"summary_large_image","schema":{"@context":"https:\/\/schema.org","@graph":[{"@type":"Article","@id":"https:\/\/www.p31noticias.com.br\/?p=33141#article","isPartOf":{"@id":"https:\/\/www.p31noticias.com.br\/?p=33141"},"author":{"name":"","@id":""},"headline":"Companhias a\u00e9reas solicitam mais 15 dias para apresentar proposta de redu\u00e7\u00e3o das passagens","datePublished":"2023-11-25T16:06:23+00:00","mainEntityOfPage":{"@id":"https:\/\/www.p31noticias.com.br\/?p=33141"},"wordCount":99,"commentCount":0,"image":{"@id":"https:\/\/www.p31noticias.com.br\/?p=33141#primaryimage"},"thumbnailUrl":"https:\/\/www.p31noticias.com.br\/wp-content\/uploads\/2023\/11\/passagens-aereas-com-a-maxmilhas-150x150-nwe05A-uMOmNh.png","articleSection":["Bras\u00edlia"],"inLanguage":"pt-BR","potentialAction":[{"@type":"CommentAction","name":"Comment","target":["https:\/\/www.p31noticias.com.br\/?p=33141#respond"]}],"copyrightYear":"2023","copyrightHolder":{"@id":"https:\/\/www.p31noticias.com.br\/#organization"}},{"@type":"WebPage","@id":"https:\/\/www.p31noticias.com.br\/?p=33141","url":"https:\/\/www.p31noticias.com.br\/?p=33141","name":"Companhias a\u00e9reas solicitam mais 15 dias para apresentar proposta de redu\u00e7\u00e3o das passagens - P31","isPartOf":{"@id":"https:\/\/www.p31noticias.com.br\/#website"},"primaryImageOfPage":{"@id":"https:\/\/www.p31noticias.com.br\/?p=33141#primaryimage"},"image":{"@id":"https:\/\/www.p31noticias.com.br\/?p=33141#primaryimage"},"thumbnailUrl":"https:\/\/www.p31noticias.com.br\/wp-content\/uploads\/2023\/11\/passagens-aereas-com-a-maxmilhas-150x150-nwe05A-uMOmNh.png","datePublished":"2023-11-25T16:06:23+00:00","author":{"@id":""},"breadcrumb":{"@id":"https:\/\/www.p31noticias.com.br\/?p=33141#breadcrumb"},"inLanguage":"pt-BR","potentialAction":[{"@type":"ReadAction","target":["https:\/\/www.p31noticias.com.br\/?p=33141"]}]},{"@type":"ImageObject","inLanguage":"pt-BR","@id":"https:\/\/www.p31noticias.com.br\/?p=33141#primaryimage","url":"https:\/\/www.p31noticias.com.br\/wp-content\/uploads\/2023\/11\/passagens-aereas-com-a-maxmilhas-150x150-nwe05A-uMOmNh.png","contentUrl":"https:\/\/www.p31noticias.com.br\/wp-content\/uploads\/2023\/11\/passagens-aereas-com-a-maxmilhas-150x150-nwe05A-uMOmNh.png","width":150,"height":150},{"@type":"BreadcrumbList","@id":"https:\/\/www.p31noticias.com.br\/?p=33141#breadcrumb","itemListElement":[{"@type":"ListItem","position":1,"name":"In\u00edcio","item":"https:\/\/www.p31noticias.com.br\/"},{"@type":"ListItem","position":2,"name":"Companhias a\u00e9reas solicitam mais 15 dias para apresentar proposta de redu\u00e7\u00e3o das passagens"}]},{"@type":"WebSite","@id":"https:\/\/www.p31noticias.com.br\/#website","url":"https:\/\/www.p31noticias.com.br\/","name":"P31","description":"NOT\u00cdCIAS","potentialAction":[{"@type":"SearchAction","target":{"@type":"EntryPoint","urlTemplate":"https:\/\/www.p31noticias.com.br\/?s={search_term_string}"},"query-input":{"@type":"PropertyValueSpecification","valueRequired":true,"valueName":"search_term_string"}}],"inLanguage":"pt-BR"}]}},"amp_enabled":true,"_links":{"self":[{"href":"https:\/\/www.p31noticias.com.br\/index.php?rest_route=\/wp\/v2\/posts\/33141","targetHints":{"allow":["GET"]}}],"collection":[{"href":"https:\/\/www.p31noticias.com.br\/index.php?rest_route=\/wp\/v2\/posts"}],"about":[{"href":"https:\/\/www.p31noticias.com.br\/index.php?rest_route=\/wp\/v2\/types\/post"}],"replies":[{"embeddable":true,"href":"https:\/\/www.p31noticias.com.br\/index.php?rest_route=%2Fwp%2Fv2%2Fcomments&post=33141"}],"version-history":[{"count":0,"href":"https:\/\/www.p31noticias.com.br\/index.php?rest_route=\/wp\/v2\/posts\/33141\/revisions"}],"wp:featuredmedia":[{"embeddable":true,"href":"https:\/\/www.p31noticias.com.br\/index.php?rest_route=\/wp\/v2\/media\/33062"}],"wp:attachment":[{"href":"https:\/\/www.p31noticias.com.br\/index.php?rest_route=%2Fwp%2Fv2%2Fmedia&parent=33141"}],"wp:term":[{"taxonomy":"category","embeddable":true,"href":"https:\/\/www.p31noticias.com.br\/index.php?rest_route=%2Fwp%2Fv2%2Fcategories&post=33141"},{"taxonomy":"post_tag","embeddable":true,"href":"https:\/\/www.p31noticias.com.br\/index.php?rest_route=%2Fwp%2Fv2%2Ftags&post=33141"}],"curies":[{"name":"wp","href":"https:\/\/api.w.org\/{rel}","templated":true}]}}