{"id":3311,"date":"2019-10-04T10:01:24","date_gmt":"2019-10-04T13:01:24","guid":{"rendered":"https:\/\/juniortakamoto.com.br\/?p=3311"},"modified":"2019-10-04T10:01:24","modified_gmt":"2019-10-04T13:01:24","slug":"gilmar-mendes-diz-que-moro-e-dallagnol-cometeram-crime-de-tortura","status":"publish","type":"post","link":"https:\/\/www.p31noticias.com.br\/?p=3311","title":{"rendered":"Gilmar Mendes diz que Moro e Dallagnol cometeram crime de &#8220;tortura&#8221;"},"content":{"rendered":"<h2 class=\"subtitulo\">Ataques desenfreados de Gilmar Mendes \u00e0 Lava Jato parecem ir al\u00e9m da esfera judicial<\/h2>\n<p>O ministro Gilmar Mendes, do Supremo Tribunal Federal (STF), voltou a criticar a Opera\u00e7\u00e3o Lava Jato, nesta quarta-feira (02\/10\/2019), durante a sess\u00e3o plen\u00e1ria. Segundo o magistrado, a for\u00e7a tarefa precisa \u201ccal\u00e7ar as sand\u00e1lias da humildade\u201d.<\/p>\n<p>\u201cO resumo da \u00f3pera \u00e9 que voc\u00ea n\u00e3o pode resolver o crime cometendo um crime. Ningu\u00e9m pode se achar o \u00f3 do borogod\u00f3. Calcem as sand\u00e1lias da humildade\u201d, disparou o ministro.<\/p>\n<p>Para Gilmar Mendes, o Brasil viveu \u201cuma \u00e9poca de trevas no que diz respeito ao processo penal\u201d. O ministro afirmou que o ex-juiz federal Sergio Moro e o coordenador da Lava Jato em Curitiba (PR), Deltan Dallagnol, usavam a pris\u00e3o provis\u00f3ria como tortura.<\/p>\n<p>\u201cHoje se sabe de maneira muito clara que usavam a pris\u00e3o provis\u00f3ria como elemento de tortura. Isto aparece hoje nas declara\u00e7\u00f5es do site The Intercept, feitas por gente como Dallagnol e Moro\u201d, declarou.<\/p>\n<p><strong>Coment\u00e1rio:<\/strong><\/p>\n<p>\u00c0s cr\u00edticas de Gilmar Mendes beiram o rid\u00edculo. Al\u00e9m de usar informa\u00e7\u00f5es obtidas de forma criminosa (hackeadas) que n\u00e3o possuem qualquer comprova\u00e7\u00e3o de autenticidade feita por autoridades p\u00fablicas, o ministro faz deboche com o nome de Moro e Dallagnol, duas figuras extremamente respeitadas dentro e fora do Brasil pelo trabalho indiscutivelmente \u00fanico feito atrav\u00e9s da Lava Jato.<\/p>\n<p>Com ataques t\u00e3o grotescos desse tipo, que est\u00e1 longe de ser o \u00fanico, Gilmar Mendes vai enterrando a sua \u00e9tica enquanto magistrado ocupante do maior cargo do poder judici\u00e1rio no pa\u00eds. Pior ainda, o ministro vai deixando transparecer nas entrelinhas dos seus chiliques anti-Lava Jato algo pessoal, muito al\u00e9m da esfera jur\u00eddica, o que n\u00e3o \u00e9 nada bom&#8230; para ele!<\/p>\n","protected":false},"excerpt":{"rendered":"<p>Ataques desenfreados de Gilmar Mendes \u00e0 Lava Jato parecem ir al\u00e9m da esfera judicial O ministro Gilmar Mendes, do Supremo Tribunal Federal (STF), voltou a criticar a Opera\u00e7\u00e3o Lava Jato, nesta quarta-feira (02\/10\/2019), durante a sess\u00e3o plen\u00e1ria. Segundo o magistrado, a for\u00e7a tarefa precisa \u201ccal\u00e7ar as sand\u00e1lias da humildade\u201d. \u201cO resumo da \u00f3pera \u00e9 que [&hellip;]<\/p>\n","protected":false},"author":18,"featured_media":3312,"comment_status":"open","ping_status":"open","sticky":false,"template":"","format":"standard","meta":{"footnotes":""},"categories":[57],"tags":[72,138,291,290,292,71,135],"class_list":{"0":"post-3311","1":"post","2":"type-post","3":"status-publish","4":"format-standard","5":"has-post-thumbnail","7":"category-politica","8":"tag-deltan-dallagnol","9":"tag-gilmar-mendes","10":"tag-ministro-gilmar-mendes","11":"tag-operacao-lava-jato","12":"tag-pavao-misterioso","13":"tag-sergio-moro","14":"tag-stf"},"yoast_head":"<!-- This site is optimized with the Yoast SEO Premium plugin v24.5 (Yoast SEO v27.5) - https:\/\/yoast.com\/product\/yoast-seo-premium-wordpress\/ -->\n<title>Gilmar Mendes diz que Moro e Dallagnol cometeram crime de &quot;tortura&quot; - P31<\/title>\n<meta name=\"description\" content=\"Ataques desenfreados de Gilmar Mendes \u00e0 Lava Jato parecem ir al\u00e9m da esfera judicialO ministro Gilmar Mendes, do Supremo Tribunal Federal (STF)\" \/>\n<meta name=\"robots\" content=\"index, follow, max-snippet:-1, max-image-preview:large, max-video-preview:-1\" \/>\n<link rel=\"canonical\" href=\"https:\/\/www.p31noticias.com.br\/?p=3311\" \/>\n<meta property=\"og:locale\" content=\"pt_BR\" \/>\n<meta property=\"og:type\" content=\"article\" \/>\n<meta property=\"og:title\" content=\"Gilmar Mendes diz que Moro e Dallagnol cometeram crime de &quot;tortura&quot;\" \/>\n<meta property=\"og:description\" content=\"Ataques desenfreados de Gilmar Mendes \u00e0 Lava Jato parecem ir al\u00e9m da esfera judicialO ministro Gilmar Mendes, do Supremo Tribunal Federal (STF)\" \/>\n<meta property=\"og:url\" content=\"https:\/\/www.p31noticias.com.br\/?p=3311\" \/>\n<meta property=\"og:site_name\" content=\"P31\" \/>\n<meta property=\"article:published_time\" content=\"2019-10-04T13:01:24+00:00\" \/>\n<meta property=\"og:image\" content=\"https:\/\/www.p31noticias.com.br\/wp-content\/uploads\/2019\/10\/gilmar-mendes-1.jpg\" \/>\n\t<meta property=\"og:image:width\" content=\"1500\" \/>\n\t<meta property=\"og:image:height\" content=\"1000\" \/>\n\t<meta property=\"og:image:type\" content=\"image\/jpeg\" \/>\n<meta name=\"author\" content=\"Reda\u00e7\u00e3o JBN\" \/>\n<meta name=\"twitter:card\" content=\"summary_large_image\" \/>\n<meta name=\"twitter:label1\" content=\"Escrito por\" \/>\n\t<meta name=\"twitter:data1\" content=\"Reda\u00e7\u00e3o JBN\" \/>\n\t<meta name=\"twitter:label2\" content=\"Est. tempo de leitura\" \/>\n\t<meta name=\"twitter:data2\" content=\"1 minuto\" \/>\n<script type=\"application\/ld+json\" class=\"yoast-schema-graph\">{\"@context\":\"https:\\\/\\\/schema.org\",\"@graph\":[{\"@type\":\"Article\",\"@id\":\"https:\\\/\\\/www.p31noticias.com.br\\\/?p=3311#article\",\"isPartOf\":{\"@id\":\"https:\\\/\\\/www.p31noticias.com.br\\\/?p=3311\"},\"author\":{\"name\":\"Reda\u00e7\u00e3o JBN\",\"@id\":\"https:\\\/\\\/www.p31noticias.com.br\\\/#\\\/schema\\\/person\\\/77d6b186c710ac38937c6ec204fdd387\"},\"headline\":\"Gilmar Mendes diz que Moro e Dallagnol cometeram crime de &#8220;tortura&#8221;\",\"datePublished\":\"2019-10-04T13:01:24+00:00\",\"mainEntityOfPage\":{\"@id\":\"https:\\\/\\\/www.p31noticias.com.br\\\/?p=3311\"},\"wordCount\":310,\"commentCount\":0,\"image\":{\"@id\":\"https:\\\/\\\/www.p31noticias.com.br\\\/?p=3311#primaryimage\"},\"thumbnailUrl\":\"https:\\\/\\\/www.p31noticias.com.br\\\/wp-content\\\/uploads\\\/2019\\\/10\\\/gilmar-mendes-1.jpg\",\"keywords\":[\"deltan dallagnol\",\"gilmar mendes\",\"ministro gilmar mendes\",\"Opera\u00e7\u00e3o Lava Jato\",\"pav\u00e3o misterioso\",\"sergio moro\",\"STF\"],\"articleSection\":[\"Pol\u00edtica\"],\"inLanguage\":\"pt-BR\",\"potentialAction\":[{\"@type\":\"CommentAction\",\"name\":\"Comment\",\"target\":[\"https:\\\/\\\/www.p31noticias.com.br\\\/?p=3311#respond\"]}],\"copyrightYear\":\"2019\",\"copyrightHolder\":{\"@id\":\"https:\\\/\\\/www.p31noticias.com.br\\\/#organization\"}},{\"@type\":\"WebPage\",\"@id\":\"https:\\\/\\\/www.p31noticias.com.br\\\/?p=3311\",\"url\":\"https:\\\/\\\/www.p31noticias.com.br\\\/?p=3311\",\"name\":\"Gilmar Mendes diz que Moro e Dallagnol cometeram crime de \\\"tortura\\\" - P31\",\"isPartOf\":{\"@id\":\"https:\\\/\\\/www.p31noticias.com.br\\\/#website\"},\"primaryImageOfPage\":{\"@id\":\"https:\\\/\\\/www.p31noticias.com.br\\\/?p=3311#primaryimage\"},\"image\":{\"@id\":\"https:\\\/\\\/www.p31noticias.com.br\\\/?p=3311#primaryimage\"},\"thumbnailUrl\":\"https:\\\/\\\/www.p31noticias.com.br\\\/wp-content\\\/uploads\\\/2019\\\/10\\\/gilmar-mendes-1.jpg\",\"datePublished\":\"2019-10-04T13:01:24+00:00\",\"author\":{\"@id\":\"https:\\\/\\\/www.p31noticias.com.br\\\/#\\\/schema\\\/person\\\/77d6b186c710ac38937c6ec204fdd387\"},\"description\":\"Ataques desenfreados de Gilmar Mendes \u00e0 Lava Jato parecem ir al\u00e9m da esfera judicialO ministro Gilmar Mendes, do Supremo Tribunal Federal (STF)\",\"breadcrumb\":{\"@id\":\"https:\\\/\\\/www.p31noticias.com.br\\\/?p=3311#breadcrumb\"},\"inLanguage\":\"pt-BR\",\"potentialAction\":[{\"@type\":\"ReadAction\",\"target\":[\"https:\\\/\\\/www.p31noticias.com.br\\\/?p=3311\"]}]},{\"@type\":\"ImageObject\",\"inLanguage\":\"pt-BR\",\"@id\":\"https:\\\/\\\/www.p31noticias.com.br\\\/?p=3311#primaryimage\",\"url\":\"https:\\\/\\\/www.p31noticias.com.br\\\/wp-content\\\/uploads\\\/2019\\\/10\\\/gilmar-mendes-1.jpg\",\"contentUrl\":\"https:\\\/\\\/www.p31noticias.com.br\\\/wp-content\\\/uploads\\\/2019\\\/10\\\/gilmar-mendes-1.jpg\",\"width\":1500,\"height\":1000,\"caption\":\"Gilmar Mendes\"},{\"@type\":\"BreadcrumbList\",\"@id\":\"https:\\\/\\\/www.p31noticias.com.br\\\/?p=3311#breadcrumb\",\"itemListElement\":[{\"@type\":\"ListItem\",\"position\":1,\"name\":\"In\u00edcio\",\"item\":\"https:\\\/\\\/www.p31noticias.com.br\\\/\"},{\"@type\":\"ListItem\",\"position\":2,\"name\":\"Gilmar Mendes diz que Moro e Dallagnol cometeram crime de &#8220;tortura&#8221;\"}]},{\"@type\":\"WebSite\",\"@id\":\"https:\\\/\\\/www.p31noticias.com.br\\\/#website\",\"url\":\"https:\\\/\\\/www.p31noticias.com.br\\\/\",\"name\":\"P31\",\"description\":\"NOT\u00cdCIAS\",\"potentialAction\":[{\"@type\":\"SearchAction\",\"target\":{\"@type\":\"EntryPoint\",\"urlTemplate\":\"https:\\\/\\\/www.p31noticias.com.br\\\/?s={search_term_string}\"},\"query-input\":{\"@type\":\"PropertyValueSpecification\",\"valueRequired\":true,\"valueName\":\"search_term_string\"}}],\"inLanguage\":\"pt-BR\"},{\"@type\":\"Person\",\"@id\":\"https:\\\/\\\/www.p31noticias.com.br\\\/#\\\/schema\\\/person\\\/77d6b186c710ac38937c6ec204fdd387\",\"name\":\"Reda\u00e7\u00e3o JBN\",\"image\":{\"@type\":\"ImageObject\",\"inLanguage\":\"pt-BR\",\"@id\":\"https:\\\/\\\/secure.gravatar.com\\\/avatar\\\/10fcdb93211f98cce3d64c0795b0915a9a4a21dc0f279238995a3dbfafcad090?s=96&d=mm&r=g\",\"url\":\"https:\\\/\\\/secure.gravatar.com\\\/avatar\\\/10fcdb93211f98cce3d64c0795b0915a9a4a21dc0f279238995a3dbfafcad090?s=96&d=mm&r=g\",\"contentUrl\":\"https:\\\/\\\/secure.gravatar.com\\\/avatar\\\/10fcdb93211f98cce3d64c0795b0915a9a4a21dc0f279238995a3dbfafcad090?s=96&d=mm&r=g\",\"caption\":\"Reda\u00e7\u00e3o JBN\"},\"sameAs\":[\"https:\\\/\\\/p31noticias.com.br\"],\"url\":\"https:\\\/\\\/www.p31noticias.com.br\\\/?author=18\"}]}<\/script>\n<!-- \/ Yoast SEO Premium plugin. -->","yoast_head_json":{"title":"Gilmar Mendes diz que Moro e Dallagnol cometeram crime de \"tortura\" - P31","description":"Ataques desenfreados de Gilmar Mendes \u00e0 Lava Jato parecem ir al\u00e9m da esfera judicialO ministro Gilmar Mendes, do Supremo Tribunal Federal (STF)","robots":{"index":"index","follow":"follow","max-snippet":"max-snippet:-1","max-image-preview":"max-image-preview:large","max-video-preview":"max-video-preview:-1"},"canonical":"https:\/\/www.p31noticias.com.br\/?p=3311","og_locale":"pt_BR","og_type":"article","og_title":"Gilmar Mendes diz que Moro e Dallagnol cometeram crime de \"tortura\"","og_description":"Ataques desenfreados de Gilmar Mendes \u00e0 Lava Jato parecem ir al\u00e9m da esfera judicialO ministro Gilmar Mendes, do Supremo Tribunal Federal (STF)","og_url":"https:\/\/www.p31noticias.com.br\/?p=3311","og_site_name":"P31","article_published_time":"2019-10-04T13:01:24+00:00","og_image":[{"width":1500,"height":1000,"url":"https:\/\/www.p31noticias.com.br\/wp-content\/uploads\/2019\/10\/gilmar-mendes-1.jpg","type":"image\/jpeg"}],"author":"Reda\u00e7\u00e3o JBN","twitter_card":"summary_large_image","twitter_misc":{"Escrito por":"Reda\u00e7\u00e3o JBN","Est. tempo de leitura":"1 minuto"},"schema":{"@context":"https:\/\/schema.org","@graph":[{"@type":"Article","@id":"https:\/\/www.p31noticias.com.br\/?p=3311#article","isPartOf":{"@id":"https:\/\/www.p31noticias.com.br\/?p=3311"},"author":{"name":"Reda\u00e7\u00e3o JBN","@id":"https:\/\/www.p31noticias.com.br\/#\/schema\/person\/77d6b186c710ac38937c6ec204fdd387"},"headline":"Gilmar Mendes diz que Moro e Dallagnol cometeram crime de &#8220;tortura&#8221;","datePublished":"2019-10-04T13:01:24+00:00","mainEntityOfPage":{"@id":"https:\/\/www.p31noticias.com.br\/?p=3311"},"wordCount":310,"commentCount":0,"image":{"@id":"https:\/\/www.p31noticias.com.br\/?p=3311#primaryimage"},"thumbnailUrl":"https:\/\/www.p31noticias.com.br\/wp-content\/uploads\/2019\/10\/gilmar-mendes-1.jpg","keywords":["deltan dallagnol","gilmar mendes","ministro gilmar mendes","Opera\u00e7\u00e3o Lava Jato","pav\u00e3o misterioso","sergio moro","STF"],"articleSection":["Pol\u00edtica"],"inLanguage":"pt-BR","potentialAction":[{"@type":"CommentAction","name":"Comment","target":["https:\/\/www.p31noticias.com.br\/?p=3311#respond"]}],"copyrightYear":"2019","copyrightHolder":{"@id":"https:\/\/www.p31noticias.com.br\/#organization"}},{"@type":"WebPage","@id":"https:\/\/www.p31noticias.com.br\/?p=3311","url":"https:\/\/www.p31noticias.com.br\/?p=3311","name":"Gilmar Mendes diz que Moro e Dallagnol cometeram crime de \"tortura\" - P31","isPartOf":{"@id":"https:\/\/www.p31noticias.com.br\/#website"},"primaryImageOfPage":{"@id":"https:\/\/www.p31noticias.com.br\/?p=3311#primaryimage"},"image":{"@id":"https:\/\/www.p31noticias.com.br\/?p=3311#primaryimage"},"thumbnailUrl":"https:\/\/www.p31noticias.com.br\/wp-content\/uploads\/2019\/10\/gilmar-mendes-1.jpg","datePublished":"2019-10-04T13:01:24+00:00","author":{"@id":"https:\/\/www.p31noticias.com.br\/#\/schema\/person\/77d6b186c710ac38937c6ec204fdd387"},"description":"Ataques desenfreados de Gilmar Mendes \u00e0 Lava Jato parecem ir al\u00e9m da esfera judicialO ministro Gilmar Mendes, do Supremo Tribunal Federal (STF)","breadcrumb":{"@id":"https:\/\/www.p31noticias.com.br\/?p=3311#breadcrumb"},"inLanguage":"pt-BR","potentialAction":[{"@type":"ReadAction","target":["https:\/\/www.p31noticias.com.br\/?p=3311"]}]},{"@type":"ImageObject","inLanguage":"pt-BR","@id":"https:\/\/www.p31noticias.com.br\/?p=3311#primaryimage","url":"https:\/\/www.p31noticias.com.br\/wp-content\/uploads\/2019\/10\/gilmar-mendes-1.jpg","contentUrl":"https:\/\/www.p31noticias.com.br\/wp-content\/uploads\/2019\/10\/gilmar-mendes-1.jpg","width":1500,"height":1000,"caption":"Gilmar Mendes"},{"@type":"BreadcrumbList","@id":"https:\/\/www.p31noticias.com.br\/?p=3311#breadcrumb","itemListElement":[{"@type":"ListItem","position":1,"name":"In\u00edcio","item":"https:\/\/www.p31noticias.com.br\/"},{"@type":"ListItem","position":2,"name":"Gilmar Mendes diz que Moro e Dallagnol cometeram crime de &#8220;tortura&#8221;"}]},{"@type":"WebSite","@id":"https:\/\/www.p31noticias.com.br\/#website","url":"https:\/\/www.p31noticias.com.br\/","name":"P31","description":"NOT\u00cdCIAS","potentialAction":[{"@type":"SearchAction","target":{"@type":"EntryPoint","urlTemplate":"https:\/\/www.p31noticias.com.br\/?s={search_term_string}"},"query-input":{"@type":"PropertyValueSpecification","valueRequired":true,"valueName":"search_term_string"}}],"inLanguage":"pt-BR"},{"@type":"Person","@id":"https:\/\/www.p31noticias.com.br\/#\/schema\/person\/77d6b186c710ac38937c6ec204fdd387","name":"Reda\u00e7\u00e3o JBN","image":{"@type":"ImageObject","inLanguage":"pt-BR","@id":"https:\/\/secure.gravatar.com\/avatar\/10fcdb93211f98cce3d64c0795b0915a9a4a21dc0f279238995a3dbfafcad090?s=96&d=mm&r=g","url":"https:\/\/secure.gravatar.com\/avatar\/10fcdb93211f98cce3d64c0795b0915a9a4a21dc0f279238995a3dbfafcad090?s=96&d=mm&r=g","contentUrl":"https:\/\/secure.gravatar.com\/avatar\/10fcdb93211f98cce3d64c0795b0915a9a4a21dc0f279238995a3dbfafcad090?s=96&d=mm&r=g","caption":"Reda\u00e7\u00e3o JBN"},"sameAs":["https:\/\/p31noticias.com.br"],"url":"https:\/\/www.p31noticias.com.br\/?author=18"}]}},"amp_enabled":true,"_links":{"self":[{"href":"https:\/\/www.p31noticias.com.br\/index.php?rest_route=\/wp\/v2\/posts\/3311","targetHints":{"allow":["GET"]}}],"collection":[{"href":"https:\/\/www.p31noticias.com.br\/index.php?rest_route=\/wp\/v2\/posts"}],"about":[{"href":"https:\/\/www.p31noticias.com.br\/index.php?rest_route=\/wp\/v2\/types\/post"}],"author":[{"embeddable":true,"href":"https:\/\/www.p31noticias.com.br\/index.php?rest_route=\/wp\/v2\/users\/18"}],"replies":[{"embeddable":true,"href":"https:\/\/www.p31noticias.com.br\/index.php?rest_route=%2Fwp%2Fv2%2Fcomments&post=3311"}],"version-history":[{"count":0,"href":"https:\/\/www.p31noticias.com.br\/index.php?rest_route=\/wp\/v2\/posts\/3311\/revisions"}],"wp:featuredmedia":[{"embeddable":true,"href":"https:\/\/www.p31noticias.com.br\/index.php?rest_route=\/wp\/v2\/media\/3312"}],"wp:attachment":[{"href":"https:\/\/www.p31noticias.com.br\/index.php?rest_route=%2Fwp%2Fv2%2Fmedia&parent=3311"}],"wp:term":[{"taxonomy":"category","embeddable":true,"href":"https:\/\/www.p31noticias.com.br\/index.php?rest_route=%2Fwp%2Fv2%2Fcategories&post=3311"},{"taxonomy":"post_tag","embeddable":true,"href":"https:\/\/www.p31noticias.com.br\/index.php?rest_route=%2Fwp%2Fv2%2Ftags&post=3311"}],"curies":[{"name":"wp","href":"https:\/\/api.w.org\/{rel}","templated":true}]}}