{"id":3308,"date":"2019-10-03T11:28:18","date_gmt":"2019-10-03T14:28:18","guid":{"rendered":"https:\/\/juniortakamoto.com.br\/?p=3308"},"modified":"2019-10-03T11:28:18","modified_gmt":"2019-10-03T14:28:18","slug":"o-stf-quer-matar-a-lava-jato-e-acusar-moro","status":"publish","type":"post","link":"https:\/\/www.p31noticias.com.br\/?p=3308","title":{"rendered":"O STF quer matar a Lava Jato e acusar Moro"},"content":{"rendered":"<p>STF\u00a0 \u201cJ\u00e1 que \u00e9 para apanhar, \u00e9 melhor apanhar de uma s\u00f3 vez\u201d.<\/p>\n<p><strong>O argumento foi usado por um ministro do STF, em conversa com a Folha de S. Paulo, para explicar por que a Lava Jato ser\u00e1 assassinada na semana que vem, com a soltura de Lula e o fim da pris\u00e3o em segundo grau.<\/strong><\/p>\n<p>A quest\u00e3o \u00e9 saber se eles v\u00e3o apanhar de uma s\u00f3 vez ou se v\u00e3o apanhar em dobro.<\/p>\n<p>Ministros do STF est\u00e3o anunciando a morte da Lava Jato.<\/p>\n<p>Segundo a Folha de S. Paulo, eles querem pautar para a semana que vem a nulidade do processo de Lula e o fim da pris\u00e3o em segunda inst\u00e2ncia.<\/p>\n<p><strong>\u201cO STF se meteu numa enrascada\u201d<\/strong><\/p>\n<p>\u201cA verdade nua e crua \u00e9 que o plen\u00e1rio do Supremo Tribunal Federal decidiu adiar a decis\u00e3o sobre regras para as alega\u00e7\u00f5es finais de r\u00e9us delatados por um \u00fanico motivo: um impasse. N\u00e3o h\u00e1 votos para as solu\u00e7\u00f5es colocadas e n\u00e3o h\u00e1 outras para substitu\u00ed-las\u201d.<\/p>\n<p>\u00c9 mais complicado do que eles imaginavam mudar a lei para anular os processos de Lula e de seus comparsas.<\/p>\n<p><strong>Gilmar Mendes cassou o direito de Jair Bolsonaro de indicar o pr\u00f3ximo ministro do STF.<\/strong><\/p>\n<p>\u201cO ministro Gilmar Mendes aproveitou a ocasi\u00e3o para tratar do assunto a que mais se dedica, falar mal dos procuradores de Curitiba e do ministro Sergio Moro, a quem acusou de transformar a pris\u00e3o preventiva em \u2018instrumento de tortura\u2019 para obter confiss\u00f5es dos presos: \u2018Quem defende a tortura n\u00e3o pode fazer parte desta Corte\u2019, asseverou, referindo-se \u00e0 possibilidade de Moro vir a ser indicado por Bolsonaro para uma vaga no STF.\u201d<\/p>\n<p><strong>Lula acompanhou pela TV o empenho do STF para cancelar a Lava Jato.<\/strong><\/p>\n<p>Seu advogado em Curitiba, Luiz Carlos da Rocha, disse a Sonia Racy que \u201cele estava otimista\u201d.<\/p>\n<p>Ele tem \u00f3timos motivos para estar otimista.<\/p>\n<p>&nbsp;<\/p>\n","protected":false},"excerpt":{"rendered":"<p>STF\u00a0 \u201cJ\u00e1 que \u00e9 para apanhar, \u00e9 melhor apanhar de uma s\u00f3 vez\u201d. O argumento foi usado por um ministro do STF, em conversa com a Folha de S. Paulo, para explicar por que a Lava Jato ser\u00e1 assassinada na semana que vem, com a soltura de Lula e o fim da pris\u00e3o em segundo [&hellip;]<\/p>\n","protected":false},"author":18,"featured_media":3309,"comment_status":"open","ping_status":"open","sticky":false,"template":"","format":"standard","meta":{"footnotes":""},"categories":[57],"tags":[216,72,289,138,279,290,71,135],"class_list":{"0":"post-3308","1":"post","2":"type-post","3":"status-publish","4":"format-standard","5":"has-post-thumbnail","7":"category-politica","8":"tag-celso-de-mello","9":"tag-deltan-dallagnol","10":"tag-dias-toffoli","11":"tag-gilmar-mendes","12":"tag-lula-da-silva","13":"tag-operacao-lava-jato","14":"tag-sergio-moro","15":"tag-stf"},"yoast_head":"<!-- This site is optimized with the Yoast SEO Premium plugin v24.5 (Yoast SEO v27.5) - https:\/\/yoast.com\/product\/yoast-seo-premium-wordpress\/ -->\n<title>O STF quer matar a Lava Jato e acusar Moro - P31<\/title>\n<meta name=\"description\" content=\"STF \u201cJ\u00e1 que \u00e9 para apanhar, \u00e9 melhor apanhar de uma s\u00f3 vez\u201d.O argumento foi usado por um ministro do STF, em conversa com a Folha de S. Paulo\" \/>\n<meta name=\"robots\" content=\"index, follow, max-snippet:-1, max-image-preview:large, max-video-preview:-1\" \/>\n<link rel=\"canonical\" href=\"https:\/\/www.p31noticias.com.br\/?p=3308\" \/>\n<meta property=\"og:locale\" content=\"pt_BR\" \/>\n<meta property=\"og:type\" content=\"article\" \/>\n<meta property=\"og:title\" content=\"O STF quer matar a Lava Jato e acusar Moro\" \/>\n<meta property=\"og:description\" content=\"STF \u201cJ\u00e1 que \u00e9 para apanhar, \u00e9 melhor apanhar de uma s\u00f3 vez\u201d.O argumento foi usado por um ministro do STF, em conversa com a Folha de S. Paulo\" \/>\n<meta property=\"og:url\" content=\"https:\/\/www.p31noticias.com.br\/?p=3308\" \/>\n<meta property=\"og:site_name\" content=\"P31\" \/>\n<meta property=\"article:published_time\" content=\"2019-10-03T14:28:18+00:00\" \/>\n<meta property=\"og:image\" content=\"https:\/\/www.p31noticias.com.br\/wp-content\/uploads\/2019\/10\/a52c3c54-6049-4b63-ac22-1c004249c0a1-1.jpg\" \/>\n\t<meta property=\"og:image:width\" content=\"496\" \/>\n\t<meta property=\"og:image:height\" content=\"254\" \/>\n\t<meta property=\"og:image:type\" content=\"image\/jpeg\" \/>\n<meta name=\"author\" content=\"Reda\u00e7\u00e3o JBN\" \/>\n<meta name=\"twitter:card\" content=\"summary_large_image\" \/>\n<meta name=\"twitter:label1\" content=\"Escrito por\" \/>\n\t<meta name=\"twitter:data1\" content=\"Reda\u00e7\u00e3o JBN\" \/>\n\t<meta name=\"twitter:label2\" content=\"Est. tempo de leitura\" \/>\n\t<meta name=\"twitter:data2\" content=\"2 minutos\" \/>\n<script type=\"application\/ld+json\" class=\"yoast-schema-graph\">{\"@context\":\"https:\\\/\\\/schema.org\",\"@graph\":[{\"@type\":\"Article\",\"@id\":\"https:\\\/\\\/www.p31noticias.com.br\\\/?p=3308#article\",\"isPartOf\":{\"@id\":\"https:\\\/\\\/www.p31noticias.com.br\\\/?p=3308\"},\"author\":{\"name\":\"Reda\u00e7\u00e3o JBN\",\"@id\":\"https:\\\/\\\/www.p31noticias.com.br\\\/#\\\/schema\\\/person\\\/77d6b186c710ac38937c6ec204fdd387\"},\"headline\":\"O STF quer matar a Lava Jato e acusar Moro\",\"datePublished\":\"2019-10-03T14:28:18+00:00\",\"mainEntityOfPage\":{\"@id\":\"https:\\\/\\\/www.p31noticias.com.br\\\/?p=3308\"},\"wordCount\":330,\"commentCount\":0,\"image\":{\"@id\":\"https:\\\/\\\/www.p31noticias.com.br\\\/?p=3308#primaryimage\"},\"thumbnailUrl\":\"https:\\\/\\\/www.p31noticias.com.br\\\/wp-content\\\/uploads\\\/2019\\\/10\\\/a52c3c54-6049-4b63-ac22-1c004249c0a1-1.jpg\",\"keywords\":[\"Celso de Mello\",\"deltan dallagnol\",\"Dias Toffoli\",\"gilmar mendes\",\"Lula da Silva\",\"Opera\u00e7\u00e3o Lava Jato\",\"sergio moro\",\"STF\"],\"articleSection\":[\"Pol\u00edtica\"],\"inLanguage\":\"pt-BR\",\"potentialAction\":[{\"@type\":\"CommentAction\",\"name\":\"Comment\",\"target\":[\"https:\\\/\\\/www.p31noticias.com.br\\\/?p=3308#respond\"]}],\"copyrightYear\":\"2019\",\"copyrightHolder\":{\"@id\":\"https:\\\/\\\/www.p31noticias.com.br\\\/#organization\"}},{\"@type\":\"WebPage\",\"@id\":\"https:\\\/\\\/www.p31noticias.com.br\\\/?p=3308\",\"url\":\"https:\\\/\\\/www.p31noticias.com.br\\\/?p=3308\",\"name\":\"O STF quer matar a Lava Jato e acusar Moro - P31\",\"isPartOf\":{\"@id\":\"https:\\\/\\\/www.p31noticias.com.br\\\/#website\"},\"primaryImageOfPage\":{\"@id\":\"https:\\\/\\\/www.p31noticias.com.br\\\/?p=3308#primaryimage\"},\"image\":{\"@id\":\"https:\\\/\\\/www.p31noticias.com.br\\\/?p=3308#primaryimage\"},\"thumbnailUrl\":\"https:\\\/\\\/www.p31noticias.com.br\\\/wp-content\\\/uploads\\\/2019\\\/10\\\/a52c3c54-6049-4b63-ac22-1c004249c0a1-1.jpg\",\"datePublished\":\"2019-10-03T14:28:18+00:00\",\"author\":{\"@id\":\"https:\\\/\\\/www.p31noticias.com.br\\\/#\\\/schema\\\/person\\\/77d6b186c710ac38937c6ec204fdd387\"},\"description\":\"STF \u201cJ\u00e1 que \u00e9 para apanhar, \u00e9 melhor apanhar de uma s\u00f3 vez\u201d.O argumento foi usado por um ministro do STF, em conversa com a Folha de S. Paulo\",\"breadcrumb\":{\"@id\":\"https:\\\/\\\/www.p31noticias.com.br\\\/?p=3308#breadcrumb\"},\"inLanguage\":\"pt-BR\",\"potentialAction\":[{\"@type\":\"ReadAction\",\"target\":[\"https:\\\/\\\/www.p31noticias.com.br\\\/?p=3308\"]}]},{\"@type\":\"ImageObject\",\"inLanguage\":\"pt-BR\",\"@id\":\"https:\\\/\\\/www.p31noticias.com.br\\\/?p=3308#primaryimage\",\"url\":\"https:\\\/\\\/www.p31noticias.com.br\\\/wp-content\\\/uploads\\\/2019\\\/10\\\/a52c3c54-6049-4b63-ac22-1c004249c0a1-1.jpg\",\"contentUrl\":\"https:\\\/\\\/www.p31noticias.com.br\\\/wp-content\\\/uploads\\\/2019\\\/10\\\/a52c3c54-6049-4b63-ac22-1c004249c0a1-1.jpg\",\"width\":496,\"height\":254,\"caption\":\"STF\"},{\"@type\":\"BreadcrumbList\",\"@id\":\"https:\\\/\\\/www.p31noticias.com.br\\\/?p=3308#breadcrumb\",\"itemListElement\":[{\"@type\":\"ListItem\",\"position\":1,\"name\":\"In\u00edcio\",\"item\":\"https:\\\/\\\/www.p31noticias.com.br\\\/\"},{\"@type\":\"ListItem\",\"position\":2,\"name\":\"O STF quer matar a Lava Jato e acusar Moro\"}]},{\"@type\":\"WebSite\",\"@id\":\"https:\\\/\\\/www.p31noticias.com.br\\\/#website\",\"url\":\"https:\\\/\\\/www.p31noticias.com.br\\\/\",\"name\":\"P31\",\"description\":\"NOT\u00cdCIAS\",\"potentialAction\":[{\"@type\":\"SearchAction\",\"target\":{\"@type\":\"EntryPoint\",\"urlTemplate\":\"https:\\\/\\\/www.p31noticias.com.br\\\/?s={search_term_string}\"},\"query-input\":{\"@type\":\"PropertyValueSpecification\",\"valueRequired\":true,\"valueName\":\"search_term_string\"}}],\"inLanguage\":\"pt-BR\"},{\"@type\":\"Person\",\"@id\":\"https:\\\/\\\/www.p31noticias.com.br\\\/#\\\/schema\\\/person\\\/77d6b186c710ac38937c6ec204fdd387\",\"name\":\"Reda\u00e7\u00e3o JBN\",\"image\":{\"@type\":\"ImageObject\",\"inLanguage\":\"pt-BR\",\"@id\":\"https:\\\/\\\/secure.gravatar.com\\\/avatar\\\/10fcdb93211f98cce3d64c0795b0915a9a4a21dc0f279238995a3dbfafcad090?s=96&d=mm&r=g\",\"url\":\"https:\\\/\\\/secure.gravatar.com\\\/avatar\\\/10fcdb93211f98cce3d64c0795b0915a9a4a21dc0f279238995a3dbfafcad090?s=96&d=mm&r=g\",\"contentUrl\":\"https:\\\/\\\/secure.gravatar.com\\\/avatar\\\/10fcdb93211f98cce3d64c0795b0915a9a4a21dc0f279238995a3dbfafcad090?s=96&d=mm&r=g\",\"caption\":\"Reda\u00e7\u00e3o JBN\"},\"sameAs\":[\"https:\\\/\\\/p31noticias.com.br\"],\"url\":\"https:\\\/\\\/www.p31noticias.com.br\\\/?author=18\"}]}<\/script>\n<!-- \/ Yoast SEO Premium plugin. -->","yoast_head_json":{"title":"O STF quer matar a Lava Jato e acusar Moro - P31","description":"STF \u201cJ\u00e1 que \u00e9 para apanhar, \u00e9 melhor apanhar de uma s\u00f3 vez\u201d.O argumento foi usado por um ministro do STF, em conversa com a Folha de S. Paulo","robots":{"index":"index","follow":"follow","max-snippet":"max-snippet:-1","max-image-preview":"max-image-preview:large","max-video-preview":"max-video-preview:-1"},"canonical":"https:\/\/www.p31noticias.com.br\/?p=3308","og_locale":"pt_BR","og_type":"article","og_title":"O STF quer matar a Lava Jato e acusar Moro","og_description":"STF \u201cJ\u00e1 que \u00e9 para apanhar, \u00e9 melhor apanhar de uma s\u00f3 vez\u201d.O argumento foi usado por um ministro do STF, em conversa com a Folha de S. Paulo","og_url":"https:\/\/www.p31noticias.com.br\/?p=3308","og_site_name":"P31","article_published_time":"2019-10-03T14:28:18+00:00","og_image":[{"width":496,"height":254,"url":"https:\/\/www.p31noticias.com.br\/wp-content\/uploads\/2019\/10\/a52c3c54-6049-4b63-ac22-1c004249c0a1-1.jpg","type":"image\/jpeg"}],"author":"Reda\u00e7\u00e3o JBN","twitter_card":"summary_large_image","twitter_misc":{"Escrito por":"Reda\u00e7\u00e3o JBN","Est. tempo de leitura":"2 minutos"},"schema":{"@context":"https:\/\/schema.org","@graph":[{"@type":"Article","@id":"https:\/\/www.p31noticias.com.br\/?p=3308#article","isPartOf":{"@id":"https:\/\/www.p31noticias.com.br\/?p=3308"},"author":{"name":"Reda\u00e7\u00e3o JBN","@id":"https:\/\/www.p31noticias.com.br\/#\/schema\/person\/77d6b186c710ac38937c6ec204fdd387"},"headline":"O STF quer matar a Lava Jato e acusar Moro","datePublished":"2019-10-03T14:28:18+00:00","mainEntityOfPage":{"@id":"https:\/\/www.p31noticias.com.br\/?p=3308"},"wordCount":330,"commentCount":0,"image":{"@id":"https:\/\/www.p31noticias.com.br\/?p=3308#primaryimage"},"thumbnailUrl":"https:\/\/www.p31noticias.com.br\/wp-content\/uploads\/2019\/10\/a52c3c54-6049-4b63-ac22-1c004249c0a1-1.jpg","keywords":["Celso de Mello","deltan dallagnol","Dias Toffoli","gilmar mendes","Lula da Silva","Opera\u00e7\u00e3o Lava Jato","sergio moro","STF"],"articleSection":["Pol\u00edtica"],"inLanguage":"pt-BR","potentialAction":[{"@type":"CommentAction","name":"Comment","target":["https:\/\/www.p31noticias.com.br\/?p=3308#respond"]}],"copyrightYear":"2019","copyrightHolder":{"@id":"https:\/\/www.p31noticias.com.br\/#organization"}},{"@type":"WebPage","@id":"https:\/\/www.p31noticias.com.br\/?p=3308","url":"https:\/\/www.p31noticias.com.br\/?p=3308","name":"O STF quer matar a Lava Jato e acusar Moro - P31","isPartOf":{"@id":"https:\/\/www.p31noticias.com.br\/#website"},"primaryImageOfPage":{"@id":"https:\/\/www.p31noticias.com.br\/?p=3308#primaryimage"},"image":{"@id":"https:\/\/www.p31noticias.com.br\/?p=3308#primaryimage"},"thumbnailUrl":"https:\/\/www.p31noticias.com.br\/wp-content\/uploads\/2019\/10\/a52c3c54-6049-4b63-ac22-1c004249c0a1-1.jpg","datePublished":"2019-10-03T14:28:18+00:00","author":{"@id":"https:\/\/www.p31noticias.com.br\/#\/schema\/person\/77d6b186c710ac38937c6ec204fdd387"},"description":"STF \u201cJ\u00e1 que \u00e9 para apanhar, \u00e9 melhor apanhar de uma s\u00f3 vez\u201d.O argumento foi usado por um ministro do STF, em conversa com a Folha de S. Paulo","breadcrumb":{"@id":"https:\/\/www.p31noticias.com.br\/?p=3308#breadcrumb"},"inLanguage":"pt-BR","potentialAction":[{"@type":"ReadAction","target":["https:\/\/www.p31noticias.com.br\/?p=3308"]}]},{"@type":"ImageObject","inLanguage":"pt-BR","@id":"https:\/\/www.p31noticias.com.br\/?p=3308#primaryimage","url":"https:\/\/www.p31noticias.com.br\/wp-content\/uploads\/2019\/10\/a52c3c54-6049-4b63-ac22-1c004249c0a1-1.jpg","contentUrl":"https:\/\/www.p31noticias.com.br\/wp-content\/uploads\/2019\/10\/a52c3c54-6049-4b63-ac22-1c004249c0a1-1.jpg","width":496,"height":254,"caption":"STF"},{"@type":"BreadcrumbList","@id":"https:\/\/www.p31noticias.com.br\/?p=3308#breadcrumb","itemListElement":[{"@type":"ListItem","position":1,"name":"In\u00edcio","item":"https:\/\/www.p31noticias.com.br\/"},{"@type":"ListItem","position":2,"name":"O STF quer matar a Lava Jato e acusar Moro"}]},{"@type":"WebSite","@id":"https:\/\/www.p31noticias.com.br\/#website","url":"https:\/\/www.p31noticias.com.br\/","name":"P31","description":"NOT\u00cdCIAS","potentialAction":[{"@type":"SearchAction","target":{"@type":"EntryPoint","urlTemplate":"https:\/\/www.p31noticias.com.br\/?s={search_term_string}"},"query-input":{"@type":"PropertyValueSpecification","valueRequired":true,"valueName":"search_term_string"}}],"inLanguage":"pt-BR"},{"@type":"Person","@id":"https:\/\/www.p31noticias.com.br\/#\/schema\/person\/77d6b186c710ac38937c6ec204fdd387","name":"Reda\u00e7\u00e3o JBN","image":{"@type":"ImageObject","inLanguage":"pt-BR","@id":"https:\/\/secure.gravatar.com\/avatar\/10fcdb93211f98cce3d64c0795b0915a9a4a21dc0f279238995a3dbfafcad090?s=96&d=mm&r=g","url":"https:\/\/secure.gravatar.com\/avatar\/10fcdb93211f98cce3d64c0795b0915a9a4a21dc0f279238995a3dbfafcad090?s=96&d=mm&r=g","contentUrl":"https:\/\/secure.gravatar.com\/avatar\/10fcdb93211f98cce3d64c0795b0915a9a4a21dc0f279238995a3dbfafcad090?s=96&d=mm&r=g","caption":"Reda\u00e7\u00e3o JBN"},"sameAs":["https:\/\/p31noticias.com.br"],"url":"https:\/\/www.p31noticias.com.br\/?author=18"}]}},"amp_enabled":true,"_links":{"self":[{"href":"https:\/\/www.p31noticias.com.br\/index.php?rest_route=\/wp\/v2\/posts\/3308","targetHints":{"allow":["GET"]}}],"collection":[{"href":"https:\/\/www.p31noticias.com.br\/index.php?rest_route=\/wp\/v2\/posts"}],"about":[{"href":"https:\/\/www.p31noticias.com.br\/index.php?rest_route=\/wp\/v2\/types\/post"}],"author":[{"embeddable":true,"href":"https:\/\/www.p31noticias.com.br\/index.php?rest_route=\/wp\/v2\/users\/18"}],"replies":[{"embeddable":true,"href":"https:\/\/www.p31noticias.com.br\/index.php?rest_route=%2Fwp%2Fv2%2Fcomments&post=3308"}],"version-history":[{"count":0,"href":"https:\/\/www.p31noticias.com.br\/index.php?rest_route=\/wp\/v2\/posts\/3308\/revisions"}],"wp:featuredmedia":[{"embeddable":true,"href":"https:\/\/www.p31noticias.com.br\/index.php?rest_route=\/wp\/v2\/media\/3309"}],"wp:attachment":[{"href":"https:\/\/www.p31noticias.com.br\/index.php?rest_route=%2Fwp%2Fv2%2Fmedia&parent=3308"}],"wp:term":[{"taxonomy":"category","embeddable":true,"href":"https:\/\/www.p31noticias.com.br\/index.php?rest_route=%2Fwp%2Fv2%2Fcategories&post=3308"},{"taxonomy":"post_tag","embeddable":true,"href":"https:\/\/www.p31noticias.com.br\/index.php?rest_route=%2Fwp%2Fv2%2Ftags&post=3308"}],"curies":[{"name":"wp","href":"https:\/\/api.w.org\/{rel}","templated":true}]}}