{"id":3301,"date":"2019-10-02T09:20:16","date_gmt":"2019-10-02T12:20:16","guid":{"rendered":"https:\/\/juniortakamoto.com.br\/?p=3301"},"modified":"2019-10-02T09:20:16","modified_gmt":"2019-10-02T12:20:16","slug":"bndes-odebrecht-na-era-pt","status":"publish","type":"post","link":"https:\/\/www.p31noticias.com.br\/?p=3301","title":{"rendered":"BNDES perdeu R$ 14,6 bi com a Odebrecht na era PT"},"content":{"rendered":"<p>O Banco Nacional de Desenvolvimento Econ\u00f4mico e Social (BNDES) informou nesta segunda-feira que as opera\u00e7\u00f5es feitas entre a institui\u00e7\u00e3o e o grupo Odebrecht praticamente durante toda a gest\u00e3o dos governos petistas, entre 2003 a 2018, resultaram em perdas, j\u00e1 ocorridas ou potenciais, de R$ 14,6 bilh\u00f5es.<\/p>\n<div class=\"pos-ads-texto ads-txt-1\">\n<div class=\"bloco-ads-texto\">A informa\u00e7\u00e3o foi divulgada por meio de nota que, segundo o BNDES, tem o objetivo de dar transpar\u00eancia \u00e0s a\u00e7\u00f5es do banco. Segundo o banco, R$ 3,7 bilh\u00f5es se referem a perdas da Uni\u00e3o em cr\u00e9ditos no financiamento \u00e0 exporta\u00e7\u00e3o. Outros R$ 8,7 bilh\u00f5es seriam perdas potenciais (m\u00e1ximas), correspondentes ao valor de exposi\u00e7\u00e3o total do BNDES em cr\u00e9ditos perante as empresas em recupera\u00e7\u00e3o judicial do grupo Odebrecht.<\/div>\n<\/div>\n<p>O restante das perdas, seriam, segundo o banco, decorrentes da venda de suas a\u00e7\u00f5es da Atvos (perda efetiva de R$ 800 milh\u00f5es) e do valor das a\u00e7\u00f5es da OTP (que resultariam numa perda potencial de R$ 1,4 bilh\u00e3o), segundo informa\u00e7\u00f5es da\u00a0<a href=\"http:\/\/agenciabrasil.ebc.com.br\/economia\/noticia\/2019-09\/bndes-diz-que-operacoes-com-odebrecht-deram-prejuizo-de-r-146-bi\">Ag\u00eancia Brasil<\/a>, que tentou contato com a Odebrecht para maiores esclarecimentos, mas n\u00e3o obteve retorno.<\/p>\n<div class=\"pos-ads-texto ads-txt-2\">\n<div class=\"bloco-ads-texto\">De acordo com a nota, nesses 16 anos (2003 a 2018), o BNDES investiu R$ 51,3 bilh\u00f5es na Odebrecht, atrav\u00e9s de oferta de cr\u00e9dito direto e indireto, financiamento espec\u00edfico a exporta\u00e7\u00f5es e aquisi\u00e7\u00e3o de participa\u00e7\u00f5es societ\u00e1rias.<\/div>\n<\/div>\n<p>Vale destacar que a Odebrecht \u00e9 um dos principais alvos da opera\u00e7\u00e3o Lava Jato, que nos \u00faltimos cinco anos apontou la\u00e7os de corrup\u00e7\u00e3o entre a c\u00fapula da empresa com lideran\u00e7as pol\u00edticas, entre elas o ex-presidente Luis In\u00e1cio Lula e o ex-ministro da Fazenda, Ant\u00f4nio Palocci.<\/p>\n<p>O que mais contraria o cidad\u00e3o de bem, \u00e9 essa gente posar de inocente, \u00e9 muita cara de pau.<\/p>\n","protected":false},"excerpt":{"rendered":"<p>O Banco Nacional de Desenvolvimento Econ\u00f4mico e Social (BNDES) informou nesta segunda-feira que as opera\u00e7\u00f5es feitas entre a institui\u00e7\u00e3o e o grupo Odebrecht praticamente durante toda a gest\u00e3o dos governos petistas, entre 2003 a 2018, resultaram em perdas, j\u00e1 ocorridas ou potenciais, de R$ 14,6 bilh\u00f5es. A informa\u00e7\u00e3o foi divulgada por meio de nota que, [&hellip;]<\/p>\n","protected":false},"author":18,"featured_media":3302,"comment_status":"open","ping_status":"open","sticky":false,"template":"","format":"standard","meta":{"footnotes":""},"categories":[57],"tags":[283,284,285,286,277,279,287,288],"class_list":{"0":"post-3301","1":"post","2":"type-post","3":"status-publish","4":"format-standard","5":"has-post-thumbnail","7":"category-politica","8":"tag-pavaovoltou","9":"tag-antonio-palocci","10":"tag-bndes","11":"tag-caixa-preta-do-bndes","12":"tag-dilma-rousseff","13":"tag-lula-da-silva","14":"tag-odebrecht","15":"tag-pt-nunca-mais"},"yoast_head":"<!-- This site is optimized with the Yoast SEO Premium plugin v24.5 (Yoast SEO v27.5) - https:\/\/yoast.com\/product\/yoast-seo-premium-wordpress\/ -->\n<title>BNDES perdeu R$ 14,6 bi com a Odebrecht na era PT - P31<\/title>\n<meta name=\"description\" content=\"O Banco Nacional de Desenvolvimento Econ\u00f4mico e Social (BNDES) informou nesta segunda-feira que as opera\u00e7\u00f5es feitas entre a institui\u00e7\u00e3o e o grupo Odebrecht\" \/>\n<meta name=\"robots\" content=\"index, follow, max-snippet:-1, max-image-preview:large, max-video-preview:-1\" \/>\n<link rel=\"canonical\" href=\"https:\/\/www.p31noticias.com.br\/?p=3301\" \/>\n<meta property=\"og:locale\" content=\"pt_BR\" \/>\n<meta property=\"og:type\" content=\"article\" \/>\n<meta property=\"og:title\" content=\"BNDES perdeu R$ 14,6 bi com a Odebrecht na era PT\" \/>\n<meta property=\"og:description\" content=\"O Banco Nacional de Desenvolvimento Econ\u00f4mico e Social (BNDES) informou nesta segunda-feira que as opera\u00e7\u00f5es feitas entre a institui\u00e7\u00e3o e o grupo Odebrecht\" \/>\n<meta property=\"og:url\" content=\"https:\/\/www.p31noticias.com.br\/?p=3301\" \/>\n<meta property=\"og:site_name\" content=\"P31\" \/>\n<meta property=\"article:published_time\" content=\"2019-10-02T12:20:16+00:00\" \/>\n<meta property=\"og:image\" content=\"https:\/\/www.p31noticias.com.br\/wp-content\/uploads\/2019\/10\/fe47bce2659e1f5d29e6e1b661e3d026-1.jpg\" \/>\n\t<meta property=\"og:image:width\" content=\"900\" \/>\n\t<meta property=\"og:image:height\" content=\"506\" \/>\n\t<meta property=\"og:image:type\" content=\"image\/jpeg\" \/>\n<meta name=\"author\" content=\"Reda\u00e7\u00e3o JBN\" \/>\n<meta name=\"twitter:card\" content=\"summary_large_image\" \/>\n<meta name=\"twitter:label1\" content=\"Escrito por\" \/>\n\t<meta name=\"twitter:data1\" content=\"Reda\u00e7\u00e3o JBN\" \/>\n\t<meta name=\"twitter:label2\" content=\"Est. tempo de leitura\" \/>\n\t<meta name=\"twitter:data2\" content=\"1 minuto\" \/>\n<script type=\"application\/ld+json\" class=\"yoast-schema-graph\">{\"@context\":\"https:\\\/\\\/schema.org\",\"@graph\":[{\"@type\":\"Article\",\"@id\":\"https:\\\/\\\/www.p31noticias.com.br\\\/?p=3301#article\",\"isPartOf\":{\"@id\":\"https:\\\/\\\/www.p31noticias.com.br\\\/?p=3301\"},\"author\":{\"name\":\"Reda\u00e7\u00e3o JBN\",\"@id\":\"https:\\\/\\\/www.p31noticias.com.br\\\/#\\\/schema\\\/person\\\/77d6b186c710ac38937c6ec204fdd387\"},\"headline\":\"BNDES perdeu R$ 14,6 bi com a Odebrecht na era PT\",\"datePublished\":\"2019-10-02T12:20:16+00:00\",\"mainEntityOfPage\":{\"@id\":\"https:\\\/\\\/www.p31noticias.com.br\\\/?p=3301\"},\"wordCount\":305,\"commentCount\":0,\"image\":{\"@id\":\"https:\\\/\\\/www.p31noticias.com.br\\\/?p=3301#primaryimage\"},\"thumbnailUrl\":\"https:\\\/\\\/www.p31noticias.com.br\\\/wp-content\\\/uploads\\\/2019\\\/10\\\/fe47bce2659e1f5d29e6e1b661e3d026-1.jpg\",\"keywords\":[\"#pav\u00e3ovoltou\",\"antonio Palocci\",\"BNDES\",\"caixa-preta do BNDES\",\"dilma rousseff\",\"Lula da Silva\",\"Odebrecht\",\"PT nunca mais\"],\"articleSection\":[\"Pol\u00edtica\"],\"inLanguage\":\"pt-BR\",\"potentialAction\":[{\"@type\":\"CommentAction\",\"name\":\"Comment\",\"target\":[\"https:\\\/\\\/www.p31noticias.com.br\\\/?p=3301#respond\"]}],\"copyrightYear\":\"2019\",\"copyrightHolder\":{\"@id\":\"https:\\\/\\\/www.p31noticias.com.br\\\/#organization\"}},{\"@type\":\"WebPage\",\"@id\":\"https:\\\/\\\/www.p31noticias.com.br\\\/?p=3301\",\"url\":\"https:\\\/\\\/www.p31noticias.com.br\\\/?p=3301\",\"name\":\"BNDES perdeu R$ 14,6 bi com a Odebrecht na era PT - P31\",\"isPartOf\":{\"@id\":\"https:\\\/\\\/www.p31noticias.com.br\\\/#website\"},\"primaryImageOfPage\":{\"@id\":\"https:\\\/\\\/www.p31noticias.com.br\\\/?p=3301#primaryimage\"},\"image\":{\"@id\":\"https:\\\/\\\/www.p31noticias.com.br\\\/?p=3301#primaryimage\"},\"thumbnailUrl\":\"https:\\\/\\\/www.p31noticias.com.br\\\/wp-content\\\/uploads\\\/2019\\\/10\\\/fe47bce2659e1f5d29e6e1b661e3d026-1.jpg\",\"datePublished\":\"2019-10-02T12:20:16+00:00\",\"author\":{\"@id\":\"https:\\\/\\\/www.p31noticias.com.br\\\/#\\\/schema\\\/person\\\/77d6b186c710ac38937c6ec204fdd387\"},\"description\":\"O Banco Nacional de Desenvolvimento Econ\u00f4mico e Social (BNDES) informou nesta segunda-feira que as opera\u00e7\u00f5es feitas entre a institui\u00e7\u00e3o e o grupo Odebrecht\",\"breadcrumb\":{\"@id\":\"https:\\\/\\\/www.p31noticias.com.br\\\/?p=3301#breadcrumb\"},\"inLanguage\":\"pt-BR\",\"potentialAction\":[{\"@type\":\"ReadAction\",\"target\":[\"https:\\\/\\\/www.p31noticias.com.br\\\/?p=3301\"]}]},{\"@type\":\"ImageObject\",\"inLanguage\":\"pt-BR\",\"@id\":\"https:\\\/\\\/www.p31noticias.com.br\\\/?p=3301#primaryimage\",\"url\":\"https:\\\/\\\/www.p31noticias.com.br\\\/wp-content\\\/uploads\\\/2019\\\/10\\\/fe47bce2659e1f5d29e6e1b661e3d026-1.jpg\",\"contentUrl\":\"https:\\\/\\\/www.p31noticias.com.br\\\/wp-content\\\/uploads\\\/2019\\\/10\\\/fe47bce2659e1f5d29e6e1b661e3d026-1.jpg\",\"width\":900,\"height\":506,\"caption\":\"BNDES na era PT\"},{\"@type\":\"BreadcrumbList\",\"@id\":\"https:\\\/\\\/www.p31noticias.com.br\\\/?p=3301#breadcrumb\",\"itemListElement\":[{\"@type\":\"ListItem\",\"position\":1,\"name\":\"In\u00edcio\",\"item\":\"https:\\\/\\\/www.p31noticias.com.br\\\/\"},{\"@type\":\"ListItem\",\"position\":2,\"name\":\"BNDES perdeu R$ 14,6 bi com a Odebrecht na era PT\"}]},{\"@type\":\"WebSite\",\"@id\":\"https:\\\/\\\/www.p31noticias.com.br\\\/#website\",\"url\":\"https:\\\/\\\/www.p31noticias.com.br\\\/\",\"name\":\"P31\",\"description\":\"NOT\u00cdCIAS\",\"potentialAction\":[{\"@type\":\"SearchAction\",\"target\":{\"@type\":\"EntryPoint\",\"urlTemplate\":\"https:\\\/\\\/www.p31noticias.com.br\\\/?s={search_term_string}\"},\"query-input\":{\"@type\":\"PropertyValueSpecification\",\"valueRequired\":true,\"valueName\":\"search_term_string\"}}],\"inLanguage\":\"pt-BR\"},{\"@type\":\"Person\",\"@id\":\"https:\\\/\\\/www.p31noticias.com.br\\\/#\\\/schema\\\/person\\\/77d6b186c710ac38937c6ec204fdd387\",\"name\":\"Reda\u00e7\u00e3o JBN\",\"image\":{\"@type\":\"ImageObject\",\"inLanguage\":\"pt-BR\",\"@id\":\"https:\\\/\\\/secure.gravatar.com\\\/avatar\\\/10fcdb93211f98cce3d64c0795b0915a9a4a21dc0f279238995a3dbfafcad090?s=96&d=mm&r=g\",\"url\":\"https:\\\/\\\/secure.gravatar.com\\\/avatar\\\/10fcdb93211f98cce3d64c0795b0915a9a4a21dc0f279238995a3dbfafcad090?s=96&d=mm&r=g\",\"contentUrl\":\"https:\\\/\\\/secure.gravatar.com\\\/avatar\\\/10fcdb93211f98cce3d64c0795b0915a9a4a21dc0f279238995a3dbfafcad090?s=96&d=mm&r=g\",\"caption\":\"Reda\u00e7\u00e3o JBN\"},\"sameAs\":[\"https:\\\/\\\/p31noticias.com.br\"],\"url\":\"https:\\\/\\\/www.p31noticias.com.br\\\/?author=18\"}]}<\/script>\n<!-- \/ Yoast SEO Premium plugin. -->","yoast_head_json":{"title":"BNDES perdeu R$ 14,6 bi com a Odebrecht na era PT - P31","description":"O Banco Nacional de Desenvolvimento Econ\u00f4mico e Social (BNDES) informou nesta segunda-feira que as opera\u00e7\u00f5es feitas entre a institui\u00e7\u00e3o e o grupo Odebrecht","robots":{"index":"index","follow":"follow","max-snippet":"max-snippet:-1","max-image-preview":"max-image-preview:large","max-video-preview":"max-video-preview:-1"},"canonical":"https:\/\/www.p31noticias.com.br\/?p=3301","og_locale":"pt_BR","og_type":"article","og_title":"BNDES perdeu R$ 14,6 bi com a Odebrecht na era PT","og_description":"O Banco Nacional de Desenvolvimento Econ\u00f4mico e Social (BNDES) informou nesta segunda-feira que as opera\u00e7\u00f5es feitas entre a institui\u00e7\u00e3o e o grupo Odebrecht","og_url":"https:\/\/www.p31noticias.com.br\/?p=3301","og_site_name":"P31","article_published_time":"2019-10-02T12:20:16+00:00","og_image":[{"width":900,"height":506,"url":"https:\/\/www.p31noticias.com.br\/wp-content\/uploads\/2019\/10\/fe47bce2659e1f5d29e6e1b661e3d026-1.jpg","type":"image\/jpeg"}],"author":"Reda\u00e7\u00e3o JBN","twitter_card":"summary_large_image","twitter_misc":{"Escrito por":"Reda\u00e7\u00e3o JBN","Est. tempo de leitura":"1 minuto"},"schema":{"@context":"https:\/\/schema.org","@graph":[{"@type":"Article","@id":"https:\/\/www.p31noticias.com.br\/?p=3301#article","isPartOf":{"@id":"https:\/\/www.p31noticias.com.br\/?p=3301"},"author":{"name":"Reda\u00e7\u00e3o JBN","@id":"https:\/\/www.p31noticias.com.br\/#\/schema\/person\/77d6b186c710ac38937c6ec204fdd387"},"headline":"BNDES perdeu R$ 14,6 bi com a Odebrecht na era PT","datePublished":"2019-10-02T12:20:16+00:00","mainEntityOfPage":{"@id":"https:\/\/www.p31noticias.com.br\/?p=3301"},"wordCount":305,"commentCount":0,"image":{"@id":"https:\/\/www.p31noticias.com.br\/?p=3301#primaryimage"},"thumbnailUrl":"https:\/\/www.p31noticias.com.br\/wp-content\/uploads\/2019\/10\/fe47bce2659e1f5d29e6e1b661e3d026-1.jpg","keywords":["#pav\u00e3ovoltou","antonio Palocci","BNDES","caixa-preta do BNDES","dilma rousseff","Lula da Silva","Odebrecht","PT nunca mais"],"articleSection":["Pol\u00edtica"],"inLanguage":"pt-BR","potentialAction":[{"@type":"CommentAction","name":"Comment","target":["https:\/\/www.p31noticias.com.br\/?p=3301#respond"]}],"copyrightYear":"2019","copyrightHolder":{"@id":"https:\/\/www.p31noticias.com.br\/#organization"}},{"@type":"WebPage","@id":"https:\/\/www.p31noticias.com.br\/?p=3301","url":"https:\/\/www.p31noticias.com.br\/?p=3301","name":"BNDES perdeu R$ 14,6 bi com a Odebrecht na era PT - P31","isPartOf":{"@id":"https:\/\/www.p31noticias.com.br\/#website"},"primaryImageOfPage":{"@id":"https:\/\/www.p31noticias.com.br\/?p=3301#primaryimage"},"image":{"@id":"https:\/\/www.p31noticias.com.br\/?p=3301#primaryimage"},"thumbnailUrl":"https:\/\/www.p31noticias.com.br\/wp-content\/uploads\/2019\/10\/fe47bce2659e1f5d29e6e1b661e3d026-1.jpg","datePublished":"2019-10-02T12:20:16+00:00","author":{"@id":"https:\/\/www.p31noticias.com.br\/#\/schema\/person\/77d6b186c710ac38937c6ec204fdd387"},"description":"O Banco Nacional de Desenvolvimento Econ\u00f4mico e Social (BNDES) informou nesta segunda-feira que as opera\u00e7\u00f5es feitas entre a institui\u00e7\u00e3o e o grupo Odebrecht","breadcrumb":{"@id":"https:\/\/www.p31noticias.com.br\/?p=3301#breadcrumb"},"inLanguage":"pt-BR","potentialAction":[{"@type":"ReadAction","target":["https:\/\/www.p31noticias.com.br\/?p=3301"]}]},{"@type":"ImageObject","inLanguage":"pt-BR","@id":"https:\/\/www.p31noticias.com.br\/?p=3301#primaryimage","url":"https:\/\/www.p31noticias.com.br\/wp-content\/uploads\/2019\/10\/fe47bce2659e1f5d29e6e1b661e3d026-1.jpg","contentUrl":"https:\/\/www.p31noticias.com.br\/wp-content\/uploads\/2019\/10\/fe47bce2659e1f5d29e6e1b661e3d026-1.jpg","width":900,"height":506,"caption":"BNDES na era PT"},{"@type":"BreadcrumbList","@id":"https:\/\/www.p31noticias.com.br\/?p=3301#breadcrumb","itemListElement":[{"@type":"ListItem","position":1,"name":"In\u00edcio","item":"https:\/\/www.p31noticias.com.br\/"},{"@type":"ListItem","position":2,"name":"BNDES perdeu R$ 14,6 bi com a Odebrecht na era PT"}]},{"@type":"WebSite","@id":"https:\/\/www.p31noticias.com.br\/#website","url":"https:\/\/www.p31noticias.com.br\/","name":"P31","description":"NOT\u00cdCIAS","potentialAction":[{"@type":"SearchAction","target":{"@type":"EntryPoint","urlTemplate":"https:\/\/www.p31noticias.com.br\/?s={search_term_string}"},"query-input":{"@type":"PropertyValueSpecification","valueRequired":true,"valueName":"search_term_string"}}],"inLanguage":"pt-BR"},{"@type":"Person","@id":"https:\/\/www.p31noticias.com.br\/#\/schema\/person\/77d6b186c710ac38937c6ec204fdd387","name":"Reda\u00e7\u00e3o JBN","image":{"@type":"ImageObject","inLanguage":"pt-BR","@id":"https:\/\/secure.gravatar.com\/avatar\/10fcdb93211f98cce3d64c0795b0915a9a4a21dc0f279238995a3dbfafcad090?s=96&d=mm&r=g","url":"https:\/\/secure.gravatar.com\/avatar\/10fcdb93211f98cce3d64c0795b0915a9a4a21dc0f279238995a3dbfafcad090?s=96&d=mm&r=g","contentUrl":"https:\/\/secure.gravatar.com\/avatar\/10fcdb93211f98cce3d64c0795b0915a9a4a21dc0f279238995a3dbfafcad090?s=96&d=mm&r=g","caption":"Reda\u00e7\u00e3o JBN"},"sameAs":["https:\/\/p31noticias.com.br"],"url":"https:\/\/www.p31noticias.com.br\/?author=18"}]}},"amp_enabled":true,"_links":{"self":[{"href":"https:\/\/www.p31noticias.com.br\/index.php?rest_route=\/wp\/v2\/posts\/3301","targetHints":{"allow":["GET"]}}],"collection":[{"href":"https:\/\/www.p31noticias.com.br\/index.php?rest_route=\/wp\/v2\/posts"}],"about":[{"href":"https:\/\/www.p31noticias.com.br\/index.php?rest_route=\/wp\/v2\/types\/post"}],"author":[{"embeddable":true,"href":"https:\/\/www.p31noticias.com.br\/index.php?rest_route=\/wp\/v2\/users\/18"}],"replies":[{"embeddable":true,"href":"https:\/\/www.p31noticias.com.br\/index.php?rest_route=%2Fwp%2Fv2%2Fcomments&post=3301"}],"version-history":[{"count":0,"href":"https:\/\/www.p31noticias.com.br\/index.php?rest_route=\/wp\/v2\/posts\/3301\/revisions"}],"wp:featuredmedia":[{"embeddable":true,"href":"https:\/\/www.p31noticias.com.br\/index.php?rest_route=\/wp\/v2\/media\/3302"}],"wp:attachment":[{"href":"https:\/\/www.p31noticias.com.br\/index.php?rest_route=%2Fwp%2Fv2%2Fmedia&parent=3301"}],"wp:term":[{"taxonomy":"category","embeddable":true,"href":"https:\/\/www.p31noticias.com.br\/index.php?rest_route=%2Fwp%2Fv2%2Fcategories&post=3301"},{"taxonomy":"post_tag","embeddable":true,"href":"https:\/\/www.p31noticias.com.br\/index.php?rest_route=%2Fwp%2Fv2%2Ftags&post=3301"}],"curies":[{"name":"wp","href":"https:\/\/api.w.org\/{rel}","templated":true}]}}