{"id":3298,"date":"2019-10-01T23:04:09","date_gmt":"2019-10-02T02:04:09","guid":{"rendered":"https:\/\/juniortakamoto.com.br\/?p=3298"},"modified":"2019-10-01T23:04:09","modified_gmt":"2019-10-02T02:04:09","slug":"industria-brasileira-petista","status":"publish","type":"post","link":"https:\/\/www.p31noticias.com.br\/?p=3298","title":{"rendered":"&#8220;Ind\u00fastria brasileira fica para tr\u00e1s ap\u00f3s desgra\u00e7a petista&#8221;"},"content":{"rendered":"<p>Reportagem do Estad\u00e3o mostra como nossa ind\u00fastria brasileira vem sofrendo e ficando para tr\u00e1s em n\u00edvel mundial ap\u00f3s a profunda recess\u00e3o produzida pelo petismo:<\/p>\n<p>Enquanto a produ\u00e7\u00e3o industrial no resto do mundo cresceu 10% desde 2014, a atividade nas\u00a0f\u00e1bricas brasileiras\u00a0caiu 15% no mesmo per\u00edodo \u2013 e n\u00e3o recuperou o patamar em que estava antes da\u00a0recess\u00e3o. Se nada for feito, de acordo com economistas, o Brasil corre o s\u00e9rio risco de deixar de estar entre os dez maiores pa\u00edses industriais do mundo.<\/p>\n<p>Para al\u00e9m dos efeitos negativos da recess\u00e3o no Brasil, de 2015 a 2016, sobre confian\u00e7a e emprego, os variados choques que a atividade industrial sofreu no Pa\u00eds e os problemas estruturais que o setor enfrenta explicam a disparidade do desempenho local frente a pa\u00edses vizinhos, dizem especialistas.<\/p>\n<p>E o pior: esses fatores devem levar a ind\u00fastria brasileira, que tem peso de cerca de 11% no Produto Interno Bruto (PIB), a uma nova retra\u00e7\u00e3o este ano, ap\u00f3s registrar crescimento em 2017 e 2018, influenciada tamb\u00e9m pela desacelera\u00e7\u00e3o global. O pico de participa\u00e7\u00e3o da ind\u00fastria no PIB foi em 1976, com 22,3% (a pre\u00e7os constantes de 2010).<\/p>\n<p>A desindustrializa\u00e7\u00e3o \u00e9, em parte, um processo natural \u00e0 medida que uma economia se desenvolve, pois o setor de servi\u00e7os tende a ocupar uma parcela maior do PIB. Mas est\u00e1 claro que n\u00e3o \u00e9 exatamente esse o fator por tr\u00e1s da nossa queda industrial.<\/p>\n<p>Al\u00e9m dos fatores estruturais conhecidos, que comp\u00f5em o famoso &#8220;Custo Brasil&#8221;, temos alguns fatores conjunturais tamb\u00e9m: a queda nas exporta\u00e7\u00f5es para a Argentina, que afeta os manufaturados e pode ter tirado at\u00e9 0,7 ponto porcentual do PIB em 2017 e 2018; a trag\u00e9dia do rompimento da barreira da Vale, em Brumadinho (MG); e a greve dos caminhoneiros, em maio do ano passado.<\/p>\n<p>Mas o mais relevante \u00e9 mesmo o gargalo estrutural, nossa baixa produtividade. E isso se deve, basicamente, aos velhos problemas conhecidos: infraestrutura capenga, m\u00e3o de obra desqualificada, carga tribut\u00e1ria elevada e complexa, leis trabalhistas obsoletas, pouca abertura comercial, taxa de juros acima do padr\u00e3o internacional etc.<\/p>\n<p>O governo Bolsonaro, sob o comando de Paulo Guedes na Economia, est\u00e1 atacando todos esses males. Reformas estruturais como a da Previd\u00eancia, para estancar a sangria fiscal, MP da Liberdade Econ\u00f4mica, para reduzir burocracia, acordos comerciais, privatiza\u00e7\u00f5es e parcerias p\u00fablico-privadas para atrair investimentos etc.<\/p>\n<p>Mas as mudan\u00e7as levam tempo, e v\u00eam em velocidade muito aqu\u00e9m do necess\u00e1rio. O grau de estrago causado pelo petismo n\u00e3o pode ser ignorado. Com a &#8220;sele\u00e7\u00e3o dos campe\u00f5es nacionais&#8221;, o governo do PT fez o Brasil voltar v\u00e1rias casas no tabuleiro industrial, distorcendo incentivos. Com o Mercosul ideologizado, o PT prejudicou bastante nossa ind\u00fastria. Com a &#8220;nova matriz macroecon\u00f4mica&#8221;, o PT trouxe de volta a infla\u00e7\u00e3o e for\u00e7ou as taxas de juros para cima. A roubalheira e a politiza\u00e7\u00e3o destru\u00edram as estatais. E por a\u00ed vai.<\/p>\n<p>N\u00e3o \u00e9 f\u00e1cil reconstruir a ind\u00fastria brasileira. Mas o caminho seguido pelo atual governo \u00e9 o certo: reformas estruturais, pois n\u00e3o h\u00e1 passe de m\u00e1gica aqui, e o estado n\u00e3o pode ser a locomotiva desse crescimento &#8211; essa mentalidade que nos colocou nesse lugar, para come\u00e7o de conversa.<\/p>\n<p>Nesse sentido, \u00e9 ao menos alvissareira a not\u00edcia de recupera\u00e7\u00e3o da produ\u00e7\u00e3o industrial em agosto:<\/p>\n<p>Depois de tr\u00eas meses em queda, a produ\u00e7\u00e3o industrial brasileira cresceu 0,8% em agosto, na compara\u00e7\u00e3o com julho, segundo divulgou nesta ter\u00e7a-feira (1) o Instituto Brasileiro de Geografia e Estat\u00edstica (IBGE). Trata-se do melhor resultado para meses de agosto desde 2014 (0,9%).<\/p>\n<p>A alta registrada em agosto \u00e9 tamb\u00e9m o melhor resultado mensal desde junho do ano passado, quando houve avan\u00e7o de 12,6%, na compara\u00e7\u00e3o com o m\u00eas imediatamente anterior.<\/p>\n<p>Segundo o IBGE, a recupera\u00e7\u00e3o em agosto foi puxada pela ind\u00fastria brasileira extrativa, que cresceu 6,6% no m\u00eas, impulsionada pelo aumento na extra\u00e7\u00e3o de min\u00e9rio de ferro, petr\u00f3leo e g\u00e1s.<\/p>\n<p>\u201cEsse \u00e9 o crescimento mais intenso desde junho do ano passado e interrompe uma sequ\u00eancia de tr\u00eas meses de queda da produ\u00e7\u00e3o industrial, que acumularam perda de 0,9%. Portanto, o avan\u00e7o observado esse m\u00eas elimina uma parte importante daquela queda acumulada\u201d, destacou Andr\u00e9 Macedo, gerente da pesquisa.<\/p>\n<p>Sigamos em frente, pois nossa ind\u00fastria brasileira tem pressa!&#8221;<\/p>\n<p>&#8220;por Rodrigo Constantino&#8221;<\/p>\n","protected":false},"excerpt":{"rendered":"<p>Reportagem do Estad\u00e3o mostra como nossa ind\u00fastria brasileira vem sofrendo e ficando para tr\u00e1s em n\u00edvel mundial ap\u00f3s a profunda recess\u00e3o produzida pelo petismo: Enquanto a produ\u00e7\u00e3o industrial no resto do mundo cresceu 10% desde 2014, a atividade nas\u00a0f\u00e1bricas brasileiras\u00a0caiu 15% no mesmo per\u00edodo \u2013 e n\u00e3o recuperou o patamar em que estava antes da\u00a0recess\u00e3o. [&hellip;]<\/p>\n","protected":false},"author":18,"featured_media":3299,"comment_status":"open","ping_status":"open","sticky":false,"template":"","format":"standard","meta":{"footnotes":""},"categories":[57],"tags":[277,278,279,280,281,146,282],"class_list":{"0":"post-3298","1":"post","2":"type-post","3":"status-publish","4":"format-standard","5":"has-post-thumbnail","7":"category-politica","8":"tag-dilma-rousseff","9":"tag-industria-brasileira","10":"tag-lula-da-silva","11":"tag-lulopetismo","12":"tag-petismo","13":"tag-pt","14":"tag-site-intercept"},"yoast_head":"<!-- This site is optimized with the Yoast SEO Premium plugin v24.5 (Yoast SEO v27.5) - https:\/\/yoast.com\/product\/yoast-seo-premium-wordpress\/ -->\n<title>&quot;Ind\u00fastria brasileira fica para tr\u00e1s ap\u00f3s desgra\u00e7a petista&quot; - P31<\/title>\n<meta name=\"description\" content=\"Reportagem do Estad\u00e3o mostra como nossa ind\u00fastria brasileira vem sofrendo e ficando para tr\u00e1s em n\u00edvel mundial ap\u00f3s a profunda recess\u00e3o produzida pelo petismo:\" \/>\n<meta name=\"robots\" content=\"index, follow, max-snippet:-1, max-image-preview:large, max-video-preview:-1\" \/>\n<link rel=\"canonical\" href=\"https:\/\/www.p31noticias.com.br\/?p=3298\" \/>\n<meta property=\"og:locale\" content=\"pt_BR\" \/>\n<meta property=\"og:type\" content=\"article\" \/>\n<meta property=\"og:title\" content=\"&quot;Ind\u00fastria brasileira fica para tr\u00e1s ap\u00f3s desgra\u00e7a petista&quot;\" \/>\n<meta property=\"og:description\" content=\"Reportagem do Estad\u00e3o mostra como nossa ind\u00fastria brasileira vem sofrendo e ficando para tr\u00e1s em n\u00edvel mundial ap\u00f3s a profunda recess\u00e3o produzida pelo petismo:\" \/>\n<meta property=\"og:url\" content=\"https:\/\/www.p31noticias.com.br\/?p=3298\" \/>\n<meta property=\"og:site_name\" content=\"P31\" \/>\n<meta property=\"article:published_time\" content=\"2019-10-02T02:04:09+00:00\" \/>\n<meta property=\"og:image\" content=\"https:\/\/www.p31noticias.com.br\/wp-content\/uploads\/2019\/10\/ind\u00fastria-1.jpg\" \/>\n\t<meta property=\"og:image:width\" content=\"984\" \/>\n\t<meta property=\"og:image:height\" content=\"654\" \/>\n\t<meta property=\"og:image:type\" content=\"image\/jpeg\" \/>\n<meta name=\"author\" content=\"Reda\u00e7\u00e3o JBN\" \/>\n<meta name=\"twitter:card\" content=\"summary_large_image\" \/>\n<meta name=\"twitter:label1\" content=\"Escrito por\" \/>\n\t<meta name=\"twitter:data1\" content=\"Reda\u00e7\u00e3o JBN\" \/>\n\t<meta name=\"twitter:label2\" content=\"Est. tempo de leitura\" \/>\n\t<meta name=\"twitter:data2\" content=\"4 minutos\" \/>\n<script type=\"application\/ld+json\" class=\"yoast-schema-graph\">{\"@context\":\"https:\\\/\\\/schema.org\",\"@graph\":[{\"@type\":\"Article\",\"@id\":\"https:\\\/\\\/www.p31noticias.com.br\\\/?p=3298#article\",\"isPartOf\":{\"@id\":\"https:\\\/\\\/www.p31noticias.com.br\\\/?p=3298\"},\"author\":{\"name\":\"Reda\u00e7\u00e3o JBN\",\"@id\":\"https:\\\/\\\/www.p31noticias.com.br\\\/#\\\/schema\\\/person\\\/77d6b186c710ac38937c6ec204fdd387\"},\"headline\":\"&#8220;Ind\u00fastria brasileira fica para tr\u00e1s ap\u00f3s desgra\u00e7a petista&#8221;\",\"datePublished\":\"2019-10-02T02:04:09+00:00\",\"mainEntityOfPage\":{\"@id\":\"https:\\\/\\\/www.p31noticias.com.br\\\/?p=3298\"},\"wordCount\":763,\"commentCount\":0,\"image\":{\"@id\":\"https:\\\/\\\/www.p31noticias.com.br\\\/?p=3298#primaryimage\"},\"thumbnailUrl\":\"https:\\\/\\\/www.p31noticias.com.br\\\/wp-content\\\/uploads\\\/2019\\\/10\\\/ind\u00fastria-1.jpg\",\"keywords\":[\"dilma rousseff\",\"ind\u00fastria brasileira\",\"Lula da Silva\",\"lulopetismo\",\"petismo\",\"PT\",\"site Intercept\"],\"articleSection\":[\"Pol\u00edtica\"],\"inLanguage\":\"pt-BR\",\"potentialAction\":[{\"@type\":\"CommentAction\",\"name\":\"Comment\",\"target\":[\"https:\\\/\\\/www.p31noticias.com.br\\\/?p=3298#respond\"]}],\"copyrightYear\":\"2019\",\"copyrightHolder\":{\"@id\":\"https:\\\/\\\/www.p31noticias.com.br\\\/#organization\"}},{\"@type\":\"WebPage\",\"@id\":\"https:\\\/\\\/www.p31noticias.com.br\\\/?p=3298\",\"url\":\"https:\\\/\\\/www.p31noticias.com.br\\\/?p=3298\",\"name\":\"\\\"Ind\u00fastria brasileira fica para tr\u00e1s ap\u00f3s desgra\u00e7a petista\\\" - P31\",\"isPartOf\":{\"@id\":\"https:\\\/\\\/www.p31noticias.com.br\\\/#website\"},\"primaryImageOfPage\":{\"@id\":\"https:\\\/\\\/www.p31noticias.com.br\\\/?p=3298#primaryimage\"},\"image\":{\"@id\":\"https:\\\/\\\/www.p31noticias.com.br\\\/?p=3298#primaryimage\"},\"thumbnailUrl\":\"https:\\\/\\\/www.p31noticias.com.br\\\/wp-content\\\/uploads\\\/2019\\\/10\\\/ind\u00fastria-1.jpg\",\"datePublished\":\"2019-10-02T02:04:09+00:00\",\"author\":{\"@id\":\"https:\\\/\\\/www.p31noticias.com.br\\\/#\\\/schema\\\/person\\\/77d6b186c710ac38937c6ec204fdd387\"},\"description\":\"Reportagem do Estad\u00e3o mostra como nossa ind\u00fastria brasileira vem sofrendo e ficando para tr\u00e1s em n\u00edvel mundial ap\u00f3s a profunda recess\u00e3o produzida pelo petismo:\",\"breadcrumb\":{\"@id\":\"https:\\\/\\\/www.p31noticias.com.br\\\/?p=3298#breadcrumb\"},\"inLanguage\":\"pt-BR\",\"potentialAction\":[{\"@type\":\"ReadAction\",\"target\":[\"https:\\\/\\\/www.p31noticias.com.br\\\/?p=3298\"]}]},{\"@type\":\"ImageObject\",\"inLanguage\":\"pt-BR\",\"@id\":\"https:\\\/\\\/www.p31noticias.com.br\\\/?p=3298#primaryimage\",\"url\":\"https:\\\/\\\/www.p31noticias.com.br\\\/wp-content\\\/uploads\\\/2019\\\/10\\\/ind\u00fastria-1.jpg\",\"contentUrl\":\"https:\\\/\\\/www.p31noticias.com.br\\\/wp-content\\\/uploads\\\/2019\\\/10\\\/ind\u00fastria-1.jpg\",\"width\":984,\"height\":654,\"caption\":\"ind\u00fastria brasileira\"},{\"@type\":\"BreadcrumbList\",\"@id\":\"https:\\\/\\\/www.p31noticias.com.br\\\/?p=3298#breadcrumb\",\"itemListElement\":[{\"@type\":\"ListItem\",\"position\":1,\"name\":\"In\u00edcio\",\"item\":\"https:\\\/\\\/www.p31noticias.com.br\\\/\"},{\"@type\":\"ListItem\",\"position\":2,\"name\":\"&#8220;Ind\u00fastria brasileira fica para tr\u00e1s ap\u00f3s desgra\u00e7a petista&#8221;\"}]},{\"@type\":\"WebSite\",\"@id\":\"https:\\\/\\\/www.p31noticias.com.br\\\/#website\",\"url\":\"https:\\\/\\\/www.p31noticias.com.br\\\/\",\"name\":\"P31\",\"description\":\"NOT\u00cdCIAS\",\"potentialAction\":[{\"@type\":\"SearchAction\",\"target\":{\"@type\":\"EntryPoint\",\"urlTemplate\":\"https:\\\/\\\/www.p31noticias.com.br\\\/?s={search_term_string}\"},\"query-input\":{\"@type\":\"PropertyValueSpecification\",\"valueRequired\":true,\"valueName\":\"search_term_string\"}}],\"inLanguage\":\"pt-BR\"},{\"@type\":\"Person\",\"@id\":\"https:\\\/\\\/www.p31noticias.com.br\\\/#\\\/schema\\\/person\\\/77d6b186c710ac38937c6ec204fdd387\",\"name\":\"Reda\u00e7\u00e3o JBN\",\"image\":{\"@type\":\"ImageObject\",\"inLanguage\":\"pt-BR\",\"@id\":\"https:\\\/\\\/secure.gravatar.com\\\/avatar\\\/10fcdb93211f98cce3d64c0795b0915a9a4a21dc0f279238995a3dbfafcad090?s=96&d=mm&r=g\",\"url\":\"https:\\\/\\\/secure.gravatar.com\\\/avatar\\\/10fcdb93211f98cce3d64c0795b0915a9a4a21dc0f279238995a3dbfafcad090?s=96&d=mm&r=g\",\"contentUrl\":\"https:\\\/\\\/secure.gravatar.com\\\/avatar\\\/10fcdb93211f98cce3d64c0795b0915a9a4a21dc0f279238995a3dbfafcad090?s=96&d=mm&r=g\",\"caption\":\"Reda\u00e7\u00e3o JBN\"},\"sameAs\":[\"https:\\\/\\\/p31noticias.com.br\"],\"url\":\"https:\\\/\\\/www.p31noticias.com.br\\\/?author=18\"}]}<\/script>\n<!-- \/ Yoast SEO Premium plugin. -->","yoast_head_json":{"title":"\"Ind\u00fastria brasileira fica para tr\u00e1s ap\u00f3s desgra\u00e7a petista\" - P31","description":"Reportagem do Estad\u00e3o mostra como nossa ind\u00fastria brasileira vem sofrendo e ficando para tr\u00e1s em n\u00edvel mundial ap\u00f3s a profunda recess\u00e3o produzida pelo petismo:","robots":{"index":"index","follow":"follow","max-snippet":"max-snippet:-1","max-image-preview":"max-image-preview:large","max-video-preview":"max-video-preview:-1"},"canonical":"https:\/\/www.p31noticias.com.br\/?p=3298","og_locale":"pt_BR","og_type":"article","og_title":"\"Ind\u00fastria brasileira fica para tr\u00e1s ap\u00f3s desgra\u00e7a petista\"","og_description":"Reportagem do Estad\u00e3o mostra como nossa ind\u00fastria brasileira vem sofrendo e ficando para tr\u00e1s em n\u00edvel mundial ap\u00f3s a profunda recess\u00e3o produzida pelo petismo:","og_url":"https:\/\/www.p31noticias.com.br\/?p=3298","og_site_name":"P31","article_published_time":"2019-10-02T02:04:09+00:00","og_image":[{"width":984,"height":654,"url":"https:\/\/www.p31noticias.com.br\/wp-content\/uploads\/2019\/10\/ind\u00fastria-1.jpg","type":"image\/jpeg"}],"author":"Reda\u00e7\u00e3o JBN","twitter_card":"summary_large_image","twitter_misc":{"Escrito por":"Reda\u00e7\u00e3o JBN","Est. tempo de leitura":"4 minutos"},"schema":{"@context":"https:\/\/schema.org","@graph":[{"@type":"Article","@id":"https:\/\/www.p31noticias.com.br\/?p=3298#article","isPartOf":{"@id":"https:\/\/www.p31noticias.com.br\/?p=3298"},"author":{"name":"Reda\u00e7\u00e3o JBN","@id":"https:\/\/www.p31noticias.com.br\/#\/schema\/person\/77d6b186c710ac38937c6ec204fdd387"},"headline":"&#8220;Ind\u00fastria brasileira fica para tr\u00e1s ap\u00f3s desgra\u00e7a petista&#8221;","datePublished":"2019-10-02T02:04:09+00:00","mainEntityOfPage":{"@id":"https:\/\/www.p31noticias.com.br\/?p=3298"},"wordCount":763,"commentCount":0,"image":{"@id":"https:\/\/www.p31noticias.com.br\/?p=3298#primaryimage"},"thumbnailUrl":"https:\/\/www.p31noticias.com.br\/wp-content\/uploads\/2019\/10\/ind\u00fastria-1.jpg","keywords":["dilma rousseff","ind\u00fastria brasileira","Lula da Silva","lulopetismo","petismo","PT","site Intercept"],"articleSection":["Pol\u00edtica"],"inLanguage":"pt-BR","potentialAction":[{"@type":"CommentAction","name":"Comment","target":["https:\/\/www.p31noticias.com.br\/?p=3298#respond"]}],"copyrightYear":"2019","copyrightHolder":{"@id":"https:\/\/www.p31noticias.com.br\/#organization"}},{"@type":"WebPage","@id":"https:\/\/www.p31noticias.com.br\/?p=3298","url":"https:\/\/www.p31noticias.com.br\/?p=3298","name":"\"Ind\u00fastria brasileira fica para tr\u00e1s ap\u00f3s desgra\u00e7a petista\" - P31","isPartOf":{"@id":"https:\/\/www.p31noticias.com.br\/#website"},"primaryImageOfPage":{"@id":"https:\/\/www.p31noticias.com.br\/?p=3298#primaryimage"},"image":{"@id":"https:\/\/www.p31noticias.com.br\/?p=3298#primaryimage"},"thumbnailUrl":"https:\/\/www.p31noticias.com.br\/wp-content\/uploads\/2019\/10\/ind\u00fastria-1.jpg","datePublished":"2019-10-02T02:04:09+00:00","author":{"@id":"https:\/\/www.p31noticias.com.br\/#\/schema\/person\/77d6b186c710ac38937c6ec204fdd387"},"description":"Reportagem do Estad\u00e3o mostra como nossa ind\u00fastria brasileira vem sofrendo e ficando para tr\u00e1s em n\u00edvel mundial ap\u00f3s a profunda recess\u00e3o produzida pelo petismo:","breadcrumb":{"@id":"https:\/\/www.p31noticias.com.br\/?p=3298#breadcrumb"},"inLanguage":"pt-BR","potentialAction":[{"@type":"ReadAction","target":["https:\/\/www.p31noticias.com.br\/?p=3298"]}]},{"@type":"ImageObject","inLanguage":"pt-BR","@id":"https:\/\/www.p31noticias.com.br\/?p=3298#primaryimage","url":"https:\/\/www.p31noticias.com.br\/wp-content\/uploads\/2019\/10\/ind\u00fastria-1.jpg","contentUrl":"https:\/\/www.p31noticias.com.br\/wp-content\/uploads\/2019\/10\/ind\u00fastria-1.jpg","width":984,"height":654,"caption":"ind\u00fastria brasileira"},{"@type":"BreadcrumbList","@id":"https:\/\/www.p31noticias.com.br\/?p=3298#breadcrumb","itemListElement":[{"@type":"ListItem","position":1,"name":"In\u00edcio","item":"https:\/\/www.p31noticias.com.br\/"},{"@type":"ListItem","position":2,"name":"&#8220;Ind\u00fastria brasileira fica para tr\u00e1s ap\u00f3s desgra\u00e7a petista&#8221;"}]},{"@type":"WebSite","@id":"https:\/\/www.p31noticias.com.br\/#website","url":"https:\/\/www.p31noticias.com.br\/","name":"P31","description":"NOT\u00cdCIAS","potentialAction":[{"@type":"SearchAction","target":{"@type":"EntryPoint","urlTemplate":"https:\/\/www.p31noticias.com.br\/?s={search_term_string}"},"query-input":{"@type":"PropertyValueSpecification","valueRequired":true,"valueName":"search_term_string"}}],"inLanguage":"pt-BR"},{"@type":"Person","@id":"https:\/\/www.p31noticias.com.br\/#\/schema\/person\/77d6b186c710ac38937c6ec204fdd387","name":"Reda\u00e7\u00e3o JBN","image":{"@type":"ImageObject","inLanguage":"pt-BR","@id":"https:\/\/secure.gravatar.com\/avatar\/10fcdb93211f98cce3d64c0795b0915a9a4a21dc0f279238995a3dbfafcad090?s=96&d=mm&r=g","url":"https:\/\/secure.gravatar.com\/avatar\/10fcdb93211f98cce3d64c0795b0915a9a4a21dc0f279238995a3dbfafcad090?s=96&d=mm&r=g","contentUrl":"https:\/\/secure.gravatar.com\/avatar\/10fcdb93211f98cce3d64c0795b0915a9a4a21dc0f279238995a3dbfafcad090?s=96&d=mm&r=g","caption":"Reda\u00e7\u00e3o JBN"},"sameAs":["https:\/\/p31noticias.com.br"],"url":"https:\/\/www.p31noticias.com.br\/?author=18"}]}},"amp_enabled":true,"_links":{"self":[{"href":"https:\/\/www.p31noticias.com.br\/index.php?rest_route=\/wp\/v2\/posts\/3298","targetHints":{"allow":["GET"]}}],"collection":[{"href":"https:\/\/www.p31noticias.com.br\/index.php?rest_route=\/wp\/v2\/posts"}],"about":[{"href":"https:\/\/www.p31noticias.com.br\/index.php?rest_route=\/wp\/v2\/types\/post"}],"author":[{"embeddable":true,"href":"https:\/\/www.p31noticias.com.br\/index.php?rest_route=\/wp\/v2\/users\/18"}],"replies":[{"embeddable":true,"href":"https:\/\/www.p31noticias.com.br\/index.php?rest_route=%2Fwp%2Fv2%2Fcomments&post=3298"}],"version-history":[{"count":0,"href":"https:\/\/www.p31noticias.com.br\/index.php?rest_route=\/wp\/v2\/posts\/3298\/revisions"}],"wp:featuredmedia":[{"embeddable":true,"href":"https:\/\/www.p31noticias.com.br\/index.php?rest_route=\/wp\/v2\/media\/3299"}],"wp:attachment":[{"href":"https:\/\/www.p31noticias.com.br\/index.php?rest_route=%2Fwp%2Fv2%2Fmedia&parent=3298"}],"wp:term":[{"taxonomy":"category","embeddable":true,"href":"https:\/\/www.p31noticias.com.br\/index.php?rest_route=%2Fwp%2Fv2%2Fcategories&post=3298"},{"taxonomy":"post_tag","embeddable":true,"href":"https:\/\/www.p31noticias.com.br\/index.php?rest_route=%2Fwp%2Fv2%2Ftags&post=3298"}],"curies":[{"name":"wp","href":"https:\/\/api.w.org\/{rel}","templated":true}]}}