{"id":32786,"date":"2023-11-22T00:07:43","date_gmt":"2023-11-22T03:07:43","guid":{"rendered":"https:\/\/p31noticias.com.br\/sonho-antigo-de-brasilia-duplicacao-da-br-080-df-comeca-a-virar-realidade-via-ministerio-dos-transportes\/"},"modified":"2023-11-22T00:07:43","modified_gmt":"2023-11-22T03:07:43","slug":"sonho-antigo-de-brasilia-duplicacao-da-br-080-df-comeca-a-virar-realidade-via-ministerio-dos-transportes","status":"publish","type":"post","link":"https:\/\/www.p31noticias.com.br\/?p=32786","title":{"rendered":"Sonho antigo de Bras\u00edlia, duplica\u00e7\u00e3o da BR-080\/DF come\u00e7a a virar realidade via Minist\u00e9rio dos Transportes"},"content":{"rendered":"<p>\u201cEssa estrada \u00e9 esperada h\u00e1 muito tempo. Quando o presidente Lula venceu a elei\u00e7\u00e3o, ele disse o seguinte: n\u00f3s vamos incrementar os investimentos no pa\u00eds\u201d, disse o ministro Renan Filho Assinatura da ordem de servi\u00e7o da duplica\u00e7\u00e3o da BR-080\/DF ocorreu nesta ter\u00e7a-feira (21) \u2013 Foto: Marcio Ferreira\/MT \u00a0 Obra esperada h\u00e1 d\u00e9cadas pela popula\u00e7\u00e3o de [\u2026]<\/p>\n<p>O post <a href=\"https:\/\/www.delioandrade.com.br\/sonho-antigo-de-brasilia-duplicacao-da-br-080-df-comeca-a-virar-realidade-via-ministerio-dos-transportes\/\">Sonho antigo de Bras\u00edlia, duplica\u00e7\u00e3o da BR-080\/DF come\u00e7a a virar realidade via Minist\u00e9rio dos Transportes<\/a> apareceu primeiro em <a href=\"https:\/\/www.delioandrade.com.br\/\">Blog do D\u00c9LIO ANDRADE<\/a>.<\/p>\n","protected":false},"excerpt":{"rendered":"<p>\u201cEssa estrada \u00e9 esperada h\u00e1 muito tempo. Quando o presidente Lula venceu a elei\u00e7\u00e3o, ele disse o seguinte: n\u00f3s vamos incrementar os investimentos no pa\u00eds\u201d, disse o ministro Renan Filho Assinatura da ordem de servi\u00e7o da duplica\u00e7\u00e3o da BR-080\/DF ocorreu nesta ter\u00e7a-feira (21) \u2013 Foto: Marcio Ferreira\/MT \u00a0 Obra esperada h\u00e1 d\u00e9cadas pela popula\u00e7\u00e3o de [&hellip;]<\/p>\n","protected":false},"author":0,"featured_media":32756,"comment_status":"open","ping_status":"open","sticky":false,"template":"","format":"standard","meta":{"footnotes":""},"categories":[21],"tags":[],"class_list":{"0":"post-32786","1":"post","2":"type-post","3":"status-publish","4":"format-standard","5":"has-post-thumbnail","7":"category-brasilia"},"yoast_head":"<!-- This site is optimized with the Yoast SEO Premium plugin v24.5 (Yoast SEO v27.4) - https:\/\/yoast.com\/product\/yoast-seo-premium-wordpress\/ -->\n<title>Sonho antigo de Bras\u00edlia, duplica\u00e7\u00e3o da BR-080\/DF come\u00e7a a virar realidade via Minist\u00e9rio dos Transportes - P31<\/title>\n<meta name=\"robots\" content=\"index, follow, max-snippet:-1, max-image-preview:large, max-video-preview:-1\" \/>\n<link rel=\"canonical\" href=\"https:\/\/www.p31noticias.com.br\/?p=32786\" \/>\n<meta property=\"og:locale\" content=\"pt_BR\" \/>\n<meta property=\"og:type\" content=\"article\" \/>\n<meta property=\"og:title\" content=\"Sonho antigo de Bras\u00edlia, duplica\u00e7\u00e3o da BR-080\/DF come\u00e7a a virar realidade via Minist\u00e9rio dos Transportes\" \/>\n<meta property=\"og:description\" content=\"\u201cEssa estrada \u00e9 esperada h\u00e1 muito tempo. Quando o presidente Lula venceu a elei\u00e7\u00e3o, ele disse o seguinte: n\u00f3s vamos incrementar os investimentos no pa\u00eds\u201d, disse o ministro Renan Filho Assinatura da ordem de servi\u00e7o da duplica\u00e7\u00e3o da BR-080\/DF ocorreu nesta ter\u00e7a-feira (21) \u2013 Foto: Marcio Ferreira\/MT \u00a0 Obra esperada h\u00e1 d\u00e9cadas pela popula\u00e7\u00e3o de [&hellip;]\" \/>\n<meta property=\"og:url\" content=\"https:\/\/www.p31noticias.com.br\/?p=32786\" \/>\n<meta property=\"og:site_name\" content=\"P31\" \/>\n<meta property=\"article:published_time\" content=\"2023-11-22T03:07:43+00:00\" \/>\n<meta property=\"og:image\" content=\"https:\/\/www.p31noticias.com.br\/wp-content\/uploads\/2023\/11\/brazlandiaordemdeservico-150x150-c6xzyb-AwHAZe.jpeg\" \/>\n\t<meta property=\"og:image:width\" content=\"150\" \/>\n\t<meta property=\"og:image:height\" content=\"150\" \/>\n\t<meta property=\"og:image:type\" content=\"image\/jpeg\" \/>\n<meta name=\"twitter:card\" content=\"summary_large_image\" \/>\n<script type=\"application\/ld+json\" class=\"yoast-schema-graph\">{\"@context\":\"https:\\\/\\\/schema.org\",\"@graph\":[{\"@type\":\"Article\",\"@id\":\"https:\\\/\\\/www.p31noticias.com.br\\\/?p=32786#article\",\"isPartOf\":{\"@id\":\"https:\\\/\\\/www.p31noticias.com.br\\\/?p=32786\"},\"author\":{\"name\":\"\",\"@id\":\"\"},\"headline\":\"Sonho antigo de Bras\u00edlia, duplica\u00e7\u00e3o da BR-080\\\/DF come\u00e7a a virar realidade via Minist\u00e9rio dos Transportes\",\"datePublished\":\"2023-11-22T03:07:43+00:00\",\"mainEntityOfPage\":{\"@id\":\"https:\\\/\\\/www.p31noticias.com.br\\\/?p=32786\"},\"wordCount\":111,\"commentCount\":0,\"image\":{\"@id\":\"https:\\\/\\\/www.p31noticias.com.br\\\/?p=32786#primaryimage\"},\"thumbnailUrl\":\"https:\\\/\\\/www.p31noticias.com.br\\\/wp-content\\\/uploads\\\/2023\\\/11\\\/brazlandiaordemdeservico-150x150-c6xzyb-AwHAZe.jpeg\",\"articleSection\":[\"Bras\u00edlia\"],\"inLanguage\":\"pt-BR\",\"potentialAction\":[{\"@type\":\"CommentAction\",\"name\":\"Comment\",\"target\":[\"https:\\\/\\\/www.p31noticias.com.br\\\/?p=32786#respond\"]}],\"copyrightYear\":\"2023\",\"copyrightHolder\":{\"@id\":\"https:\\\/\\\/www.p31noticias.com.br\\\/#organization\"}},{\"@type\":\"WebPage\",\"@id\":\"https:\\\/\\\/www.p31noticias.com.br\\\/?p=32786\",\"url\":\"https:\\\/\\\/www.p31noticias.com.br\\\/?p=32786\",\"name\":\"Sonho antigo de Bras\u00edlia, duplica\u00e7\u00e3o da BR-080\\\/DF come\u00e7a a virar realidade via Minist\u00e9rio dos Transportes - P31\",\"isPartOf\":{\"@id\":\"https:\\\/\\\/www.p31noticias.com.br\\\/#website\"},\"primaryImageOfPage\":{\"@id\":\"https:\\\/\\\/www.p31noticias.com.br\\\/?p=32786#primaryimage\"},\"image\":{\"@id\":\"https:\\\/\\\/www.p31noticias.com.br\\\/?p=32786#primaryimage\"},\"thumbnailUrl\":\"https:\\\/\\\/www.p31noticias.com.br\\\/wp-content\\\/uploads\\\/2023\\\/11\\\/brazlandiaordemdeservico-150x150-c6xzyb-AwHAZe.jpeg\",\"datePublished\":\"2023-11-22T03:07:43+00:00\",\"author\":{\"@id\":\"\"},\"breadcrumb\":{\"@id\":\"https:\\\/\\\/www.p31noticias.com.br\\\/?p=32786#breadcrumb\"},\"inLanguage\":\"pt-BR\",\"potentialAction\":[{\"@type\":\"ReadAction\",\"target\":[\"https:\\\/\\\/www.p31noticias.com.br\\\/?p=32786\"]}]},{\"@type\":\"ImageObject\",\"inLanguage\":\"pt-BR\",\"@id\":\"https:\\\/\\\/www.p31noticias.com.br\\\/?p=32786#primaryimage\",\"url\":\"https:\\\/\\\/www.p31noticias.com.br\\\/wp-content\\\/uploads\\\/2023\\\/11\\\/brazlandiaordemdeservico-150x150-c6xzyb-AwHAZe.jpeg\",\"contentUrl\":\"https:\\\/\\\/www.p31noticias.com.br\\\/wp-content\\\/uploads\\\/2023\\\/11\\\/brazlandiaordemdeservico-150x150-c6xzyb-AwHAZe.jpeg\",\"width\":150,\"height\":150},{\"@type\":\"BreadcrumbList\",\"@id\":\"https:\\\/\\\/www.p31noticias.com.br\\\/?p=32786#breadcrumb\",\"itemListElement\":[{\"@type\":\"ListItem\",\"position\":1,\"name\":\"In\u00edcio\",\"item\":\"https:\\\/\\\/www.p31noticias.com.br\\\/\"},{\"@type\":\"ListItem\",\"position\":2,\"name\":\"Sonho antigo de Bras\u00edlia, duplica\u00e7\u00e3o da BR-080\\\/DF come\u00e7a a virar realidade via Minist\u00e9rio dos Transportes\"}]},{\"@type\":\"WebSite\",\"@id\":\"https:\\\/\\\/www.p31noticias.com.br\\\/#website\",\"url\":\"https:\\\/\\\/www.p31noticias.com.br\\\/\",\"name\":\"P31\",\"description\":\"NOT\u00cdCIAS\",\"potentialAction\":[{\"@type\":\"SearchAction\",\"target\":{\"@type\":\"EntryPoint\",\"urlTemplate\":\"https:\\\/\\\/www.p31noticias.com.br\\\/?s={search_term_string}\"},\"query-input\":{\"@type\":\"PropertyValueSpecification\",\"valueRequired\":true,\"valueName\":\"search_term_string\"}}],\"inLanguage\":\"pt-BR\"}]}<\/script>\n<!-- \/ Yoast SEO Premium plugin. -->","yoast_head_json":{"title":"Sonho antigo de Bras\u00edlia, duplica\u00e7\u00e3o da BR-080\/DF come\u00e7a a virar realidade via Minist\u00e9rio dos Transportes - P31","robots":{"index":"index","follow":"follow","max-snippet":"max-snippet:-1","max-image-preview":"max-image-preview:large","max-video-preview":"max-video-preview:-1"},"canonical":"https:\/\/www.p31noticias.com.br\/?p=32786","og_locale":"pt_BR","og_type":"article","og_title":"Sonho antigo de Bras\u00edlia, duplica\u00e7\u00e3o da BR-080\/DF come\u00e7a a virar realidade via Minist\u00e9rio dos Transportes","og_description":"\u201cEssa estrada \u00e9 esperada h\u00e1 muito tempo. Quando o presidente Lula venceu a elei\u00e7\u00e3o, ele disse o seguinte: n\u00f3s vamos incrementar os investimentos no pa\u00eds\u201d, disse o ministro Renan Filho Assinatura da ordem de servi\u00e7o da duplica\u00e7\u00e3o da BR-080\/DF ocorreu nesta ter\u00e7a-feira (21) \u2013 Foto: Marcio Ferreira\/MT \u00a0 Obra esperada h\u00e1 d\u00e9cadas pela popula\u00e7\u00e3o de [&hellip;]","og_url":"https:\/\/www.p31noticias.com.br\/?p=32786","og_site_name":"P31","article_published_time":"2023-11-22T03:07:43+00:00","og_image":[{"width":150,"height":150,"url":"https:\/\/www.p31noticias.com.br\/wp-content\/uploads\/2023\/11\/brazlandiaordemdeservico-150x150-c6xzyb-AwHAZe.jpeg","type":"image\/jpeg"}],"twitter_card":"summary_large_image","schema":{"@context":"https:\/\/schema.org","@graph":[{"@type":"Article","@id":"https:\/\/www.p31noticias.com.br\/?p=32786#article","isPartOf":{"@id":"https:\/\/www.p31noticias.com.br\/?p=32786"},"author":{"name":"","@id":""},"headline":"Sonho antigo de Bras\u00edlia, duplica\u00e7\u00e3o da BR-080\/DF come\u00e7a a virar realidade via Minist\u00e9rio dos Transportes","datePublished":"2023-11-22T03:07:43+00:00","mainEntityOfPage":{"@id":"https:\/\/www.p31noticias.com.br\/?p=32786"},"wordCount":111,"commentCount":0,"image":{"@id":"https:\/\/www.p31noticias.com.br\/?p=32786#primaryimage"},"thumbnailUrl":"https:\/\/www.p31noticias.com.br\/wp-content\/uploads\/2023\/11\/brazlandiaordemdeservico-150x150-c6xzyb-AwHAZe.jpeg","articleSection":["Bras\u00edlia"],"inLanguage":"pt-BR","potentialAction":[{"@type":"CommentAction","name":"Comment","target":["https:\/\/www.p31noticias.com.br\/?p=32786#respond"]}],"copyrightYear":"2023","copyrightHolder":{"@id":"https:\/\/www.p31noticias.com.br\/#organization"}},{"@type":"WebPage","@id":"https:\/\/www.p31noticias.com.br\/?p=32786","url":"https:\/\/www.p31noticias.com.br\/?p=32786","name":"Sonho antigo de Bras\u00edlia, duplica\u00e7\u00e3o da BR-080\/DF come\u00e7a a virar realidade via Minist\u00e9rio dos Transportes - P31","isPartOf":{"@id":"https:\/\/www.p31noticias.com.br\/#website"},"primaryImageOfPage":{"@id":"https:\/\/www.p31noticias.com.br\/?p=32786#primaryimage"},"image":{"@id":"https:\/\/www.p31noticias.com.br\/?p=32786#primaryimage"},"thumbnailUrl":"https:\/\/www.p31noticias.com.br\/wp-content\/uploads\/2023\/11\/brazlandiaordemdeservico-150x150-c6xzyb-AwHAZe.jpeg","datePublished":"2023-11-22T03:07:43+00:00","author":{"@id":""},"breadcrumb":{"@id":"https:\/\/www.p31noticias.com.br\/?p=32786#breadcrumb"},"inLanguage":"pt-BR","potentialAction":[{"@type":"ReadAction","target":["https:\/\/www.p31noticias.com.br\/?p=32786"]}]},{"@type":"ImageObject","inLanguage":"pt-BR","@id":"https:\/\/www.p31noticias.com.br\/?p=32786#primaryimage","url":"https:\/\/www.p31noticias.com.br\/wp-content\/uploads\/2023\/11\/brazlandiaordemdeservico-150x150-c6xzyb-AwHAZe.jpeg","contentUrl":"https:\/\/www.p31noticias.com.br\/wp-content\/uploads\/2023\/11\/brazlandiaordemdeservico-150x150-c6xzyb-AwHAZe.jpeg","width":150,"height":150},{"@type":"BreadcrumbList","@id":"https:\/\/www.p31noticias.com.br\/?p=32786#breadcrumb","itemListElement":[{"@type":"ListItem","position":1,"name":"In\u00edcio","item":"https:\/\/www.p31noticias.com.br\/"},{"@type":"ListItem","position":2,"name":"Sonho antigo de Bras\u00edlia, duplica\u00e7\u00e3o da BR-080\/DF come\u00e7a a virar realidade via Minist\u00e9rio dos Transportes"}]},{"@type":"WebSite","@id":"https:\/\/www.p31noticias.com.br\/#website","url":"https:\/\/www.p31noticias.com.br\/","name":"P31","description":"NOT\u00cdCIAS","potentialAction":[{"@type":"SearchAction","target":{"@type":"EntryPoint","urlTemplate":"https:\/\/www.p31noticias.com.br\/?s={search_term_string}"},"query-input":{"@type":"PropertyValueSpecification","valueRequired":true,"valueName":"search_term_string"}}],"inLanguage":"pt-BR"}]}},"amp_enabled":true,"_links":{"self":[{"href":"https:\/\/www.p31noticias.com.br\/index.php?rest_route=\/wp\/v2\/posts\/32786","targetHints":{"allow":["GET"]}}],"collection":[{"href":"https:\/\/www.p31noticias.com.br\/index.php?rest_route=\/wp\/v2\/posts"}],"about":[{"href":"https:\/\/www.p31noticias.com.br\/index.php?rest_route=\/wp\/v2\/types\/post"}],"replies":[{"embeddable":true,"href":"https:\/\/www.p31noticias.com.br\/index.php?rest_route=%2Fwp%2Fv2%2Fcomments&post=32786"}],"version-history":[{"count":0,"href":"https:\/\/www.p31noticias.com.br\/index.php?rest_route=\/wp\/v2\/posts\/32786\/revisions"}],"wp:featuredmedia":[{"embeddable":true,"href":"https:\/\/www.p31noticias.com.br\/index.php?rest_route=\/wp\/v2\/media\/32756"}],"wp:attachment":[{"href":"https:\/\/www.p31noticias.com.br\/index.php?rest_route=%2Fwp%2Fv2%2Fmedia&parent=32786"}],"wp:term":[{"taxonomy":"category","embeddable":true,"href":"https:\/\/www.p31noticias.com.br\/index.php?rest_route=%2Fwp%2Fv2%2Fcategories&post=32786"},{"taxonomy":"post_tag","embeddable":true,"href":"https:\/\/www.p31noticias.com.br\/index.php?rest_route=%2Fwp%2Fv2%2Ftags&post=32786"}],"curies":[{"name":"wp","href":"https:\/\/api.w.org\/{rel}","templated":true}]}}