{"id":3275,"date":"2019-09-29T10:11:25","date_gmt":"2019-09-29T13:11:25","guid":{"rendered":"https:\/\/juniortakamoto.com.br\/?p=3275"},"modified":"2019-09-29T10:11:25","modified_gmt":"2019-09-29T13:11:25","slug":"bolsonaro-nao-fui-na-onu-para-ser-aplaudido","status":"publish","type":"post","link":"https:\/\/www.p31noticias.com.br\/?p=3275","title":{"rendered":"Bolsonaro: &#8220;N\u00e3o fui na ONU para ser aplaudido&#8221;"},"content":{"rendered":"<h2 class=\"subtitulo\">Bolsonaro disse que seria mais c\u00f4modo se fizesse um discurso mais brando, mas que n\u00e3o buscou elogios da ONU<\/h2>\n<p>O presidente da Rep\u00fablica, Jair Messias Bolsonaro, falou com jornalistas na sa\u00edda do Pal\u00e1cio da Alvorada na \u00faltima quinta-feira, rebatendo as cr\u00edticas acerca do seu discurso na Organiza\u00e7\u00e3o das Na\u00e7\u00f5es Unidas.<\/p>\n<p>Ele falou que a imprensa fez um esculacho com o tom que ele adotou na abertura da reuni\u00e3o e que n\u00e3o teria como olhar para &#8216;seu eleitor&#8217; se optasse por um pronunciamento mais brando.<\/p>\n<p>&#8220;N\u00e3o fui para a ONU para ser aplaudido&#8221;, disse o presidente, segundo informa\u00e7\u00f5es da\u00a0<a href=\"http:\/\/cbn.globoradio.globo.com\/media\/audio\/276006\/bolsonaro-nao-fui-pra-onu-pra-ser-aplaudido.htm\">CBN Brasil<\/a>, acrescentando que seria muito mais c\u00f4modo fazer um discurso para ser aplaudido, mas que n\u00e3o iria falar &#8220;abobrinha&#8221;, &#8220;enxugar gelo&#8221; ou &#8220;passar pano&#8221;, mas que n\u00e3o ofendeu ningu\u00e9m.<\/p>\n<p>Discurso perfeito, falou sobre todos os temas com voz firme, mostrando ao mundo que o Brasil \u00e9 soberano. Tenho certeza que todos os seus eleitores aplaudiram de p\u00e9.<\/p>\n","protected":false},"excerpt":{"rendered":"<p>Bolsonaro disse que seria mais c\u00f4modo se fizesse um discurso mais brando, mas que n\u00e3o buscou elogios da ONU O presidente da Rep\u00fablica, Jair Messias Bolsonaro, falou com jornalistas na sa\u00edda do Pal\u00e1cio da Alvorada na \u00faltima quinta-feira, rebatendo as cr\u00edticas acerca do seu discurso na Organiza\u00e7\u00e3o das Na\u00e7\u00f5es Unidas. Ele falou que a imprensa [&hellip;]<\/p>\n","protected":false},"author":18,"featured_media":3276,"comment_status":"open","ping_status":"open","sticky":false,"template":"","format":"standard","meta":{"footnotes":""},"categories":[57],"tags":[92,191,237],"class_list":{"0":"post-3275","1":"post","2":"type-post","3":"status-publish","4":"format-standard","5":"has-post-thumbnail","7":"category-politica","8":"tag-bolsonaro","9":"tag-jair-bolsonaro","10":"tag-onu"},"yoast_head":"<!-- This site is optimized with the Yoast SEO Premium plugin v24.5 (Yoast SEO v27.5) - https:\/\/yoast.com\/product\/yoast-seo-premium-wordpress\/ -->\n<title>Bolsonaro: &quot;N\u00e3o fui na ONU para ser aplaudido&quot; - P31<\/title>\n<meta name=\"description\" content=\"Bolsonaro disse que seria mais c\u00f4modo se fizesse um discurso mais brando, mas que n\u00e3o buscou elogios da ONU O presidente da Rep\u00fablica\" \/>\n<meta name=\"robots\" content=\"index, follow, max-snippet:-1, max-image-preview:large, max-video-preview:-1\" \/>\n<link rel=\"canonical\" href=\"https:\/\/www.p31noticias.com.br\/?p=3275\" \/>\n<meta property=\"og:locale\" content=\"pt_BR\" \/>\n<meta property=\"og:type\" content=\"article\" \/>\n<meta property=\"og:title\" content=\"Bolsonaro: &quot;N\u00e3o fui na ONU para ser aplaudido&quot;\" \/>\n<meta property=\"og:description\" content=\"Bolsonaro disse que seria mais c\u00f4modo se fizesse um discurso mais brando, mas que n\u00e3o buscou elogios da ONU O presidente da Rep\u00fablica\" \/>\n<meta property=\"og:url\" content=\"https:\/\/www.p31noticias.com.br\/?p=3275\" \/>\n<meta property=\"og:site_name\" content=\"P31\" \/>\n<meta property=\"article:published_time\" content=\"2019-09-29T13:11:25+00:00\" \/>\n<meta property=\"og:image\" content=\"https:\/\/www.p31noticias.com.br\/wp-content\/uploads\/2019\/09\/7e2c8l0wbhvxd509w59832v4a-1.jpg\" \/>\n\t<meta property=\"og:image:width\" content=\"652\" \/>\n\t<meta property=\"og:image:height\" content=\"408\" \/>\n\t<meta property=\"og:image:type\" content=\"image\/jpeg\" \/>\n<meta name=\"author\" content=\"Reda\u00e7\u00e3o JBN\" \/>\n<meta name=\"twitter:card\" content=\"summary_large_image\" \/>\n<meta name=\"twitter:label1\" content=\"Escrito por\" \/>\n\t<meta name=\"twitter:data1\" content=\"Reda\u00e7\u00e3o JBN\" \/>\n\t<meta name=\"twitter:label2\" content=\"Est. tempo de leitura\" \/>\n\t<meta name=\"twitter:data2\" content=\"1 minuto\" \/>\n<script type=\"application\/ld+json\" class=\"yoast-schema-graph\">{\"@context\":\"https:\\\/\\\/schema.org\",\"@graph\":[{\"@type\":\"Article\",\"@id\":\"https:\\\/\\\/www.p31noticias.com.br\\\/?p=3275#article\",\"isPartOf\":{\"@id\":\"https:\\\/\\\/www.p31noticias.com.br\\\/?p=3275\"},\"author\":{\"name\":\"Reda\u00e7\u00e3o JBN\",\"@id\":\"https:\\\/\\\/www.p31noticias.com.br\\\/#\\\/schema\\\/person\\\/77d6b186c710ac38937c6ec204fdd387\"},\"headline\":\"Bolsonaro: &#8220;N\u00e3o fui na ONU para ser aplaudido&#8221;\",\"datePublished\":\"2019-09-29T13:11:25+00:00\",\"mainEntityOfPage\":{\"@id\":\"https:\\\/\\\/www.p31noticias.com.br\\\/?p=3275\"},\"wordCount\":180,\"commentCount\":0,\"image\":{\"@id\":\"https:\\\/\\\/www.p31noticias.com.br\\\/?p=3275#primaryimage\"},\"thumbnailUrl\":\"https:\\\/\\\/www.p31noticias.com.br\\\/wp-content\\\/uploads\\\/2019\\\/09\\\/7e2c8l0wbhvxd509w59832v4a-1.jpg\",\"keywords\":[\"bolsonaro\",\"Jair Bolsonaro\",\"ONU\"],\"articleSection\":[\"Pol\u00edtica\"],\"inLanguage\":\"pt-BR\",\"potentialAction\":[{\"@type\":\"CommentAction\",\"name\":\"Comment\",\"target\":[\"https:\\\/\\\/www.p31noticias.com.br\\\/?p=3275#respond\"]}],\"copyrightYear\":\"2019\",\"copyrightHolder\":{\"@id\":\"https:\\\/\\\/www.p31noticias.com.br\\\/#organization\"}},{\"@type\":\"WebPage\",\"@id\":\"https:\\\/\\\/www.p31noticias.com.br\\\/?p=3275\",\"url\":\"https:\\\/\\\/www.p31noticias.com.br\\\/?p=3275\",\"name\":\"Bolsonaro: \\\"N\u00e3o fui na ONU para ser aplaudido\\\" - P31\",\"isPartOf\":{\"@id\":\"https:\\\/\\\/www.p31noticias.com.br\\\/#website\"},\"primaryImageOfPage\":{\"@id\":\"https:\\\/\\\/www.p31noticias.com.br\\\/?p=3275#primaryimage\"},\"image\":{\"@id\":\"https:\\\/\\\/www.p31noticias.com.br\\\/?p=3275#primaryimage\"},\"thumbnailUrl\":\"https:\\\/\\\/www.p31noticias.com.br\\\/wp-content\\\/uploads\\\/2019\\\/09\\\/7e2c8l0wbhvxd509w59832v4a-1.jpg\",\"datePublished\":\"2019-09-29T13:11:25+00:00\",\"author\":{\"@id\":\"https:\\\/\\\/www.p31noticias.com.br\\\/#\\\/schema\\\/person\\\/77d6b186c710ac38937c6ec204fdd387\"},\"description\":\"Bolsonaro disse que seria mais c\u00f4modo se fizesse um discurso mais brando, mas que n\u00e3o buscou elogios da ONU O presidente da Rep\u00fablica\",\"breadcrumb\":{\"@id\":\"https:\\\/\\\/www.p31noticias.com.br\\\/?p=3275#breadcrumb\"},\"inLanguage\":\"pt-BR\",\"potentialAction\":[{\"@type\":\"ReadAction\",\"target\":[\"https:\\\/\\\/www.p31noticias.com.br\\\/?p=3275\"]}]},{\"@type\":\"ImageObject\",\"inLanguage\":\"pt-BR\",\"@id\":\"https:\\\/\\\/www.p31noticias.com.br\\\/?p=3275#primaryimage\",\"url\":\"https:\\\/\\\/www.p31noticias.com.br\\\/wp-content\\\/uploads\\\/2019\\\/09\\\/7e2c8l0wbhvxd509w59832v4a-1.jpg\",\"contentUrl\":\"https:\\\/\\\/www.p31noticias.com.br\\\/wp-content\\\/uploads\\\/2019\\\/09\\\/7e2c8l0wbhvxd509w59832v4a-1.jpg\",\"width\":652,\"height\":408,\"caption\":\"Bolsonaro\"},{\"@type\":\"BreadcrumbList\",\"@id\":\"https:\\\/\\\/www.p31noticias.com.br\\\/?p=3275#breadcrumb\",\"itemListElement\":[{\"@type\":\"ListItem\",\"position\":1,\"name\":\"In\u00edcio\",\"item\":\"https:\\\/\\\/www.p31noticias.com.br\\\/\"},{\"@type\":\"ListItem\",\"position\":2,\"name\":\"Bolsonaro: &#8220;N\u00e3o fui na ONU para ser aplaudido&#8221;\"}]},{\"@type\":\"WebSite\",\"@id\":\"https:\\\/\\\/www.p31noticias.com.br\\\/#website\",\"url\":\"https:\\\/\\\/www.p31noticias.com.br\\\/\",\"name\":\"P31\",\"description\":\"NOT\u00cdCIAS\",\"potentialAction\":[{\"@type\":\"SearchAction\",\"target\":{\"@type\":\"EntryPoint\",\"urlTemplate\":\"https:\\\/\\\/www.p31noticias.com.br\\\/?s={search_term_string}\"},\"query-input\":{\"@type\":\"PropertyValueSpecification\",\"valueRequired\":true,\"valueName\":\"search_term_string\"}}],\"inLanguage\":\"pt-BR\"},{\"@type\":\"Person\",\"@id\":\"https:\\\/\\\/www.p31noticias.com.br\\\/#\\\/schema\\\/person\\\/77d6b186c710ac38937c6ec204fdd387\",\"name\":\"Reda\u00e7\u00e3o JBN\",\"image\":{\"@type\":\"ImageObject\",\"inLanguage\":\"pt-BR\",\"@id\":\"https:\\\/\\\/secure.gravatar.com\\\/avatar\\\/10fcdb93211f98cce3d64c0795b0915a9a4a21dc0f279238995a3dbfafcad090?s=96&d=mm&r=g\",\"url\":\"https:\\\/\\\/secure.gravatar.com\\\/avatar\\\/10fcdb93211f98cce3d64c0795b0915a9a4a21dc0f279238995a3dbfafcad090?s=96&d=mm&r=g\",\"contentUrl\":\"https:\\\/\\\/secure.gravatar.com\\\/avatar\\\/10fcdb93211f98cce3d64c0795b0915a9a4a21dc0f279238995a3dbfafcad090?s=96&d=mm&r=g\",\"caption\":\"Reda\u00e7\u00e3o JBN\"},\"sameAs\":[\"https:\\\/\\\/p31noticias.com.br\"],\"url\":\"https:\\\/\\\/www.p31noticias.com.br\\\/?author=18\"}]}<\/script>\n<!-- \/ Yoast SEO Premium plugin. -->","yoast_head_json":{"title":"Bolsonaro: \"N\u00e3o fui na ONU para ser aplaudido\" - P31","description":"Bolsonaro disse que seria mais c\u00f4modo se fizesse um discurso mais brando, mas que n\u00e3o buscou elogios da ONU O presidente da Rep\u00fablica","robots":{"index":"index","follow":"follow","max-snippet":"max-snippet:-1","max-image-preview":"max-image-preview:large","max-video-preview":"max-video-preview:-1"},"canonical":"https:\/\/www.p31noticias.com.br\/?p=3275","og_locale":"pt_BR","og_type":"article","og_title":"Bolsonaro: \"N\u00e3o fui na ONU para ser aplaudido\"","og_description":"Bolsonaro disse que seria mais c\u00f4modo se fizesse um discurso mais brando, mas que n\u00e3o buscou elogios da ONU O presidente da Rep\u00fablica","og_url":"https:\/\/www.p31noticias.com.br\/?p=3275","og_site_name":"P31","article_published_time":"2019-09-29T13:11:25+00:00","og_image":[{"width":652,"height":408,"url":"https:\/\/www.p31noticias.com.br\/wp-content\/uploads\/2019\/09\/7e2c8l0wbhvxd509w59832v4a-1.jpg","type":"image\/jpeg"}],"author":"Reda\u00e7\u00e3o JBN","twitter_card":"summary_large_image","twitter_misc":{"Escrito por":"Reda\u00e7\u00e3o JBN","Est. tempo de leitura":"1 minuto"},"schema":{"@context":"https:\/\/schema.org","@graph":[{"@type":"Article","@id":"https:\/\/www.p31noticias.com.br\/?p=3275#article","isPartOf":{"@id":"https:\/\/www.p31noticias.com.br\/?p=3275"},"author":{"name":"Reda\u00e7\u00e3o JBN","@id":"https:\/\/www.p31noticias.com.br\/#\/schema\/person\/77d6b186c710ac38937c6ec204fdd387"},"headline":"Bolsonaro: &#8220;N\u00e3o fui na ONU para ser aplaudido&#8221;","datePublished":"2019-09-29T13:11:25+00:00","mainEntityOfPage":{"@id":"https:\/\/www.p31noticias.com.br\/?p=3275"},"wordCount":180,"commentCount":0,"image":{"@id":"https:\/\/www.p31noticias.com.br\/?p=3275#primaryimage"},"thumbnailUrl":"https:\/\/www.p31noticias.com.br\/wp-content\/uploads\/2019\/09\/7e2c8l0wbhvxd509w59832v4a-1.jpg","keywords":["bolsonaro","Jair Bolsonaro","ONU"],"articleSection":["Pol\u00edtica"],"inLanguage":"pt-BR","potentialAction":[{"@type":"CommentAction","name":"Comment","target":["https:\/\/www.p31noticias.com.br\/?p=3275#respond"]}],"copyrightYear":"2019","copyrightHolder":{"@id":"https:\/\/www.p31noticias.com.br\/#organization"}},{"@type":"WebPage","@id":"https:\/\/www.p31noticias.com.br\/?p=3275","url":"https:\/\/www.p31noticias.com.br\/?p=3275","name":"Bolsonaro: \"N\u00e3o fui na ONU para ser aplaudido\" - P31","isPartOf":{"@id":"https:\/\/www.p31noticias.com.br\/#website"},"primaryImageOfPage":{"@id":"https:\/\/www.p31noticias.com.br\/?p=3275#primaryimage"},"image":{"@id":"https:\/\/www.p31noticias.com.br\/?p=3275#primaryimage"},"thumbnailUrl":"https:\/\/www.p31noticias.com.br\/wp-content\/uploads\/2019\/09\/7e2c8l0wbhvxd509w59832v4a-1.jpg","datePublished":"2019-09-29T13:11:25+00:00","author":{"@id":"https:\/\/www.p31noticias.com.br\/#\/schema\/person\/77d6b186c710ac38937c6ec204fdd387"},"description":"Bolsonaro disse que seria mais c\u00f4modo se fizesse um discurso mais brando, mas que n\u00e3o buscou elogios da ONU O presidente da Rep\u00fablica","breadcrumb":{"@id":"https:\/\/www.p31noticias.com.br\/?p=3275#breadcrumb"},"inLanguage":"pt-BR","potentialAction":[{"@type":"ReadAction","target":["https:\/\/www.p31noticias.com.br\/?p=3275"]}]},{"@type":"ImageObject","inLanguage":"pt-BR","@id":"https:\/\/www.p31noticias.com.br\/?p=3275#primaryimage","url":"https:\/\/www.p31noticias.com.br\/wp-content\/uploads\/2019\/09\/7e2c8l0wbhvxd509w59832v4a-1.jpg","contentUrl":"https:\/\/www.p31noticias.com.br\/wp-content\/uploads\/2019\/09\/7e2c8l0wbhvxd509w59832v4a-1.jpg","width":652,"height":408,"caption":"Bolsonaro"},{"@type":"BreadcrumbList","@id":"https:\/\/www.p31noticias.com.br\/?p=3275#breadcrumb","itemListElement":[{"@type":"ListItem","position":1,"name":"In\u00edcio","item":"https:\/\/www.p31noticias.com.br\/"},{"@type":"ListItem","position":2,"name":"Bolsonaro: &#8220;N\u00e3o fui na ONU para ser aplaudido&#8221;"}]},{"@type":"WebSite","@id":"https:\/\/www.p31noticias.com.br\/#website","url":"https:\/\/www.p31noticias.com.br\/","name":"P31","description":"NOT\u00cdCIAS","potentialAction":[{"@type":"SearchAction","target":{"@type":"EntryPoint","urlTemplate":"https:\/\/www.p31noticias.com.br\/?s={search_term_string}"},"query-input":{"@type":"PropertyValueSpecification","valueRequired":true,"valueName":"search_term_string"}}],"inLanguage":"pt-BR"},{"@type":"Person","@id":"https:\/\/www.p31noticias.com.br\/#\/schema\/person\/77d6b186c710ac38937c6ec204fdd387","name":"Reda\u00e7\u00e3o JBN","image":{"@type":"ImageObject","inLanguage":"pt-BR","@id":"https:\/\/secure.gravatar.com\/avatar\/10fcdb93211f98cce3d64c0795b0915a9a4a21dc0f279238995a3dbfafcad090?s=96&d=mm&r=g","url":"https:\/\/secure.gravatar.com\/avatar\/10fcdb93211f98cce3d64c0795b0915a9a4a21dc0f279238995a3dbfafcad090?s=96&d=mm&r=g","contentUrl":"https:\/\/secure.gravatar.com\/avatar\/10fcdb93211f98cce3d64c0795b0915a9a4a21dc0f279238995a3dbfafcad090?s=96&d=mm&r=g","caption":"Reda\u00e7\u00e3o JBN"},"sameAs":["https:\/\/p31noticias.com.br"],"url":"https:\/\/www.p31noticias.com.br\/?author=18"}]}},"amp_enabled":true,"_links":{"self":[{"href":"https:\/\/www.p31noticias.com.br\/index.php?rest_route=\/wp\/v2\/posts\/3275","targetHints":{"allow":["GET"]}}],"collection":[{"href":"https:\/\/www.p31noticias.com.br\/index.php?rest_route=\/wp\/v2\/posts"}],"about":[{"href":"https:\/\/www.p31noticias.com.br\/index.php?rest_route=\/wp\/v2\/types\/post"}],"author":[{"embeddable":true,"href":"https:\/\/www.p31noticias.com.br\/index.php?rest_route=\/wp\/v2\/users\/18"}],"replies":[{"embeddable":true,"href":"https:\/\/www.p31noticias.com.br\/index.php?rest_route=%2Fwp%2Fv2%2Fcomments&post=3275"}],"version-history":[{"count":0,"href":"https:\/\/www.p31noticias.com.br\/index.php?rest_route=\/wp\/v2\/posts\/3275\/revisions"}],"wp:featuredmedia":[{"embeddable":true,"href":"https:\/\/www.p31noticias.com.br\/index.php?rest_route=\/wp\/v2\/media\/3276"}],"wp:attachment":[{"href":"https:\/\/www.p31noticias.com.br\/index.php?rest_route=%2Fwp%2Fv2%2Fmedia&parent=3275"}],"wp:term":[{"taxonomy":"category","embeddable":true,"href":"https:\/\/www.p31noticias.com.br\/index.php?rest_route=%2Fwp%2Fv2%2Fcategories&post=3275"},{"taxonomy":"post_tag","embeddable":true,"href":"https:\/\/www.p31noticias.com.br\/index.php?rest_route=%2Fwp%2Fv2%2Ftags&post=3275"}],"curies":[{"name":"wp","href":"https:\/\/api.w.org\/{rel}","templated":true}]}}