{"id":3270,"date":"2019-09-28T11:31:10","date_gmt":"2019-09-28T14:31:10","guid":{"rendered":"https:\/\/juniortakamoto.com.br\/?p=3270"},"modified":"2019-09-28T11:31:10","modified_gmt":"2019-09-28T14:31:10","slug":"greta-thunberg-a-loucura-de-uma-adolescente-manipulada","status":"publish","type":"post","link":"https:\/\/www.p31noticias.com.br\/?p=3270","title":{"rendered":"Greta Thunberg &#8211; A loucura de uma adolescente manipulada"},"content":{"rendered":"<p>Greta Thunberg \u00e9 uma ativista do clima sueca. \u00c9 conhecida por ter protestado fora do pr\u00e9dio do parlamento sueco, e por ser a l\u00edder do movimento Greve das escolas pelo clima. A Su\u00e9cia \u00e9 conhecida por seu sistema socialista, sua educa\u00e7\u00e3o tem por base o marxismo.<\/p>\n<p>A jovem crian\u00e7a que deveria estudar, brincar e desenvolver seu imagin\u00e1rio, foi incentivada, foi manipulada e reduzida para ser a porta-voz das pol\u00edticas verdes defendida pela hipocrisia sueca. Quando uma crian\u00e7a \u00e9 reduzida para este fim, seus sentidos e valores inerentes que deveriam ser desenvolvidos, s\u00e3o bloqueados.<\/p>\n<p>No reducionismo dois extremos podem ser manifestados: conformismo e totalitarismo. N\u00e3o sou um analista de face ou um especialista em express\u00f5es, mas a menina se comporta caninamente raivosa em suas apresenta\u00e7\u00f5es &#8216;circenses&#8217;. Nesta estrada ela caminha rapidamente para neurose que desenvolve quadro de frustra\u00e7\u00e3o existencial que a levar\u00e1 para um estado m\u00f3rbido de sofrimento (depress\u00e3o) ou todo tipo de dist\u00farbios comportamentais.<\/p>\n<p>Como os pais desta garota permitem um abuso desta maneira? Como permitem que sua filha de 16 anos de idade seja abusada psicologicamente e usada para interesses pol\u00edticos produzidos nos por\u00f5es do submundo ideol\u00f3gico?<\/p>\n<p>O pre\u00e7o a se pagar ser\u00e1 muito caro. O &#8221;futuro desta adolescente \u00e9 sombrio. Os pa\u00eds desta menina s\u00e3o exemplos de loucura e amoralidade, de bizarrice e omiss\u00e3o que servem para dobrarmos os cuidados para n\u00f3s que somos pais e amamos nossos filhos.<\/p>\n<p>Que Deus tenha miseric\u00f3rdia desta pobre menina que \u00e9 usada como uma macaquinha adestrada para avan\u00e7ar uma agenda. Lembrando detalhes primordiais: a Su\u00e9cia tem uma das maiores taxas de suic\u00eddio no mundo e uma das maiores taxas de viol\u00eancia contra a mulher da Uni\u00e3o Europeia. Mas Greta Thunberg est\u00e1 preocupada com a polui\u00e7\u00e3o e as queimadas nas florestas, as girafas da Amaz\u00f4nia.<\/p>\n<p>Melhor forma de voc\u00ea entender o estado humano reduzido a subHumano, \u00e9 quando o pr\u00f3ximo vale menos que uma planta ou um animal.<\/p>\n<p>A m\u00e3e virou vegana de um dia para o outro, vendeu livros sobre o assunto e a pobre garota est\u00e1 sendo usada para enriquecer a fam\u00edlia.<br \/>\nTamb\u00e9m manipulada por financiadores do esquerdismo no mundo como por exemplo George Soros.<\/p>\n<p>Resumindo Greta Thunberg tava a cara e atos da Maria do Ros\u00e1rio&#8230;<\/p>\n","protected":false},"excerpt":{"rendered":"<p>Greta Thunberg \u00e9 uma ativista do clima sueca. \u00c9 conhecida por ter protestado fora do pr\u00e9dio do parlamento sueco, e por ser a l\u00edder do movimento Greve das escolas pelo clima. A Su\u00e9cia \u00e9 conhecida por seu sistema socialista, sua educa\u00e7\u00e3o tem por base o marxismo. A jovem crian\u00e7a que deveria estudar, brincar e desenvolver [&hellip;]<\/p>\n","protected":false},"author":18,"featured_media":3271,"comment_status":"open","ping_status":"open","sticky":false,"template":"","format":"standard","meta":{"footnotes":""},"categories":[57],"tags":[261,131,241,262,263,264],"class_list":{"0":"post-3270","1":"post","2":"type-post","3":"status-publish","4":"format-standard","5":"has-post-thumbnail","7":"category-politica","8":"tag-ambiental","9":"tag-ambientalistas","10":"tag-george-soros","11":"tag-greta-thunberg","12":"tag-maria-do-rosario","13":"tag-suecia"},"yoast_head":"<!-- This site is optimized with the Yoast SEO Premium plugin v24.5 (Yoast SEO v27.5) - https:\/\/yoast.com\/product\/yoast-seo-premium-wordpress\/ -->\n<title>Greta Thunberg - A loucura de uma adolescente manipulada - P31<\/title>\n<meta name=\"description\" content=\"Greta Thunberg \u00e9 uma ativista do clima sueca. \u00c9 conhecida por ter protestado fora do pr\u00e9dio do parlamento sueco, e por ser a l\u00edder do movimento\" \/>\n<meta name=\"robots\" content=\"index, follow, max-snippet:-1, max-image-preview:large, max-video-preview:-1\" \/>\n<link rel=\"canonical\" href=\"https:\/\/www.p31noticias.com.br\/?p=3270\" \/>\n<meta property=\"og:locale\" content=\"pt_BR\" \/>\n<meta property=\"og:type\" content=\"article\" \/>\n<meta property=\"og:title\" content=\"Greta Thunberg - A loucura de uma adolescente manipulada\" \/>\n<meta property=\"og:description\" content=\"Greta Thunberg \u00e9 uma ativista do clima sueca. \u00c9 conhecida por ter protestado fora do pr\u00e9dio do parlamento sueco, e por ser a l\u00edder do movimento\" \/>\n<meta property=\"og:url\" content=\"https:\/\/www.p31noticias.com.br\/?p=3270\" \/>\n<meta property=\"og:site_name\" content=\"P31\" \/>\n<meta property=\"article:published_time\" content=\"2019-09-28T14:31:10+00:00\" \/>\n<meta property=\"og:image\" content=\"https:\/\/www.p31noticias.com.br\/wp-content\/uploads\/2019\/09\/ac56d14a9fd1b15389c2f7114e54846502f58f7a-1.jpg\" \/>\n\t<meta property=\"og:image:width\" content=\"768\" \/>\n\t<meta property=\"og:image:height\" content=\"511\" \/>\n\t<meta property=\"og:image:type\" content=\"image\/jpeg\" \/>\n<meta name=\"author\" content=\"Reda\u00e7\u00e3o JBN\" \/>\n<meta name=\"twitter:card\" content=\"summary_large_image\" \/>\n<meta name=\"twitter:label1\" content=\"Escrito por\" \/>\n\t<meta name=\"twitter:data1\" content=\"Reda\u00e7\u00e3o JBN\" \/>\n\t<meta name=\"twitter:label2\" content=\"Est. tempo de leitura\" \/>\n\t<meta name=\"twitter:data2\" content=\"2 minutos\" \/>\n<script type=\"application\/ld+json\" class=\"yoast-schema-graph\">{\"@context\":\"https:\\\/\\\/schema.org\",\"@graph\":[{\"@type\":\"Article\",\"@id\":\"https:\\\/\\\/www.p31noticias.com.br\\\/?p=3270#article\",\"isPartOf\":{\"@id\":\"https:\\\/\\\/www.p31noticias.com.br\\\/?p=3270\"},\"author\":{\"name\":\"Reda\u00e7\u00e3o JBN\",\"@id\":\"https:\\\/\\\/www.p31noticias.com.br\\\/#\\\/schema\\\/person\\\/77d6b186c710ac38937c6ec204fdd387\"},\"headline\":\"Greta Thunberg &#8211; A loucura de uma adolescente manipulada\",\"datePublished\":\"2019-09-28T14:31:10+00:00\",\"mainEntityOfPage\":{\"@id\":\"https:\\\/\\\/www.p31noticias.com.br\\\/?p=3270\"},\"wordCount\":405,\"commentCount\":0,\"image\":{\"@id\":\"https:\\\/\\\/www.p31noticias.com.br\\\/?p=3270#primaryimage\"},\"thumbnailUrl\":\"https:\\\/\\\/www.p31noticias.com.br\\\/wp-content\\\/uploads\\\/2019\\\/09\\\/ac56d14a9fd1b15389c2f7114e54846502f58f7a-1.jpg\",\"keywords\":[\"ambiental\",\"ambientalistas\",\"George Soros\",\"Greta Thunberg\",\"maria do rosario\",\"su\u00e9cia\"],\"articleSection\":[\"Pol\u00edtica\"],\"inLanguage\":\"pt-BR\",\"potentialAction\":[{\"@type\":\"CommentAction\",\"name\":\"Comment\",\"target\":[\"https:\\\/\\\/www.p31noticias.com.br\\\/?p=3270#respond\"]}],\"copyrightYear\":\"2019\",\"copyrightHolder\":{\"@id\":\"https:\\\/\\\/www.p31noticias.com.br\\\/#organization\"}},{\"@type\":\"WebPage\",\"@id\":\"https:\\\/\\\/www.p31noticias.com.br\\\/?p=3270\",\"url\":\"https:\\\/\\\/www.p31noticias.com.br\\\/?p=3270\",\"name\":\"Greta Thunberg - A loucura de uma adolescente manipulada - P31\",\"isPartOf\":{\"@id\":\"https:\\\/\\\/www.p31noticias.com.br\\\/#website\"},\"primaryImageOfPage\":{\"@id\":\"https:\\\/\\\/www.p31noticias.com.br\\\/?p=3270#primaryimage\"},\"image\":{\"@id\":\"https:\\\/\\\/www.p31noticias.com.br\\\/?p=3270#primaryimage\"},\"thumbnailUrl\":\"https:\\\/\\\/www.p31noticias.com.br\\\/wp-content\\\/uploads\\\/2019\\\/09\\\/ac56d14a9fd1b15389c2f7114e54846502f58f7a-1.jpg\",\"datePublished\":\"2019-09-28T14:31:10+00:00\",\"author\":{\"@id\":\"https:\\\/\\\/www.p31noticias.com.br\\\/#\\\/schema\\\/person\\\/77d6b186c710ac38937c6ec204fdd387\"},\"description\":\"Greta Thunberg \u00e9 uma ativista do clima sueca. \u00c9 conhecida por ter protestado fora do pr\u00e9dio do parlamento sueco, e por ser a l\u00edder do movimento\",\"breadcrumb\":{\"@id\":\"https:\\\/\\\/www.p31noticias.com.br\\\/?p=3270#breadcrumb\"},\"inLanguage\":\"pt-BR\",\"potentialAction\":[{\"@type\":\"ReadAction\",\"target\":[\"https:\\\/\\\/www.p31noticias.com.br\\\/?p=3270\"]}]},{\"@type\":\"ImageObject\",\"inLanguage\":\"pt-BR\",\"@id\":\"https:\\\/\\\/www.p31noticias.com.br\\\/?p=3270#primaryimage\",\"url\":\"https:\\\/\\\/www.p31noticias.com.br\\\/wp-content\\\/uploads\\\/2019\\\/09\\\/ac56d14a9fd1b15389c2f7114e54846502f58f7a-1.jpg\",\"contentUrl\":\"https:\\\/\\\/www.p31noticias.com.br\\\/wp-content\\\/uploads\\\/2019\\\/09\\\/ac56d14a9fd1b15389c2f7114e54846502f58f7a-1.jpg\",\"width\":768,\"height\":511,\"caption\":\"Greta Thunberg\"},{\"@type\":\"BreadcrumbList\",\"@id\":\"https:\\\/\\\/www.p31noticias.com.br\\\/?p=3270#breadcrumb\",\"itemListElement\":[{\"@type\":\"ListItem\",\"position\":1,\"name\":\"In\u00edcio\",\"item\":\"https:\\\/\\\/www.p31noticias.com.br\\\/\"},{\"@type\":\"ListItem\",\"position\":2,\"name\":\"Greta Thunberg &#8211; A loucura de uma adolescente manipulada\"}]},{\"@type\":\"WebSite\",\"@id\":\"https:\\\/\\\/www.p31noticias.com.br\\\/#website\",\"url\":\"https:\\\/\\\/www.p31noticias.com.br\\\/\",\"name\":\"P31\",\"description\":\"NOT\u00cdCIAS\",\"potentialAction\":[{\"@type\":\"SearchAction\",\"target\":{\"@type\":\"EntryPoint\",\"urlTemplate\":\"https:\\\/\\\/www.p31noticias.com.br\\\/?s={search_term_string}\"},\"query-input\":{\"@type\":\"PropertyValueSpecification\",\"valueRequired\":true,\"valueName\":\"search_term_string\"}}],\"inLanguage\":\"pt-BR\"},{\"@type\":\"Person\",\"@id\":\"https:\\\/\\\/www.p31noticias.com.br\\\/#\\\/schema\\\/person\\\/77d6b186c710ac38937c6ec204fdd387\",\"name\":\"Reda\u00e7\u00e3o JBN\",\"image\":{\"@type\":\"ImageObject\",\"inLanguage\":\"pt-BR\",\"@id\":\"https:\\\/\\\/secure.gravatar.com\\\/avatar\\\/10fcdb93211f98cce3d64c0795b0915a9a4a21dc0f279238995a3dbfafcad090?s=96&d=mm&r=g\",\"url\":\"https:\\\/\\\/secure.gravatar.com\\\/avatar\\\/10fcdb93211f98cce3d64c0795b0915a9a4a21dc0f279238995a3dbfafcad090?s=96&d=mm&r=g\",\"contentUrl\":\"https:\\\/\\\/secure.gravatar.com\\\/avatar\\\/10fcdb93211f98cce3d64c0795b0915a9a4a21dc0f279238995a3dbfafcad090?s=96&d=mm&r=g\",\"caption\":\"Reda\u00e7\u00e3o JBN\"},\"sameAs\":[\"https:\\\/\\\/p31noticias.com.br\"],\"url\":\"https:\\\/\\\/www.p31noticias.com.br\\\/?author=18\"}]}<\/script>\n<!-- \/ Yoast SEO Premium plugin. -->","yoast_head_json":{"title":"Greta Thunberg - A loucura de uma adolescente manipulada - P31","description":"Greta Thunberg \u00e9 uma ativista do clima sueca. \u00c9 conhecida por ter protestado fora do pr\u00e9dio do parlamento sueco, e por ser a l\u00edder do movimento","robots":{"index":"index","follow":"follow","max-snippet":"max-snippet:-1","max-image-preview":"max-image-preview:large","max-video-preview":"max-video-preview:-1"},"canonical":"https:\/\/www.p31noticias.com.br\/?p=3270","og_locale":"pt_BR","og_type":"article","og_title":"Greta Thunberg - A loucura de uma adolescente manipulada","og_description":"Greta Thunberg \u00e9 uma ativista do clima sueca. \u00c9 conhecida por ter protestado fora do pr\u00e9dio do parlamento sueco, e por ser a l\u00edder do movimento","og_url":"https:\/\/www.p31noticias.com.br\/?p=3270","og_site_name":"P31","article_published_time":"2019-09-28T14:31:10+00:00","og_image":[{"width":768,"height":511,"url":"https:\/\/www.p31noticias.com.br\/wp-content\/uploads\/2019\/09\/ac56d14a9fd1b15389c2f7114e54846502f58f7a-1.jpg","type":"image\/jpeg"}],"author":"Reda\u00e7\u00e3o JBN","twitter_card":"summary_large_image","twitter_misc":{"Escrito por":"Reda\u00e7\u00e3o JBN","Est. tempo de leitura":"2 minutos"},"schema":{"@context":"https:\/\/schema.org","@graph":[{"@type":"Article","@id":"https:\/\/www.p31noticias.com.br\/?p=3270#article","isPartOf":{"@id":"https:\/\/www.p31noticias.com.br\/?p=3270"},"author":{"name":"Reda\u00e7\u00e3o JBN","@id":"https:\/\/www.p31noticias.com.br\/#\/schema\/person\/77d6b186c710ac38937c6ec204fdd387"},"headline":"Greta Thunberg &#8211; A loucura de uma adolescente manipulada","datePublished":"2019-09-28T14:31:10+00:00","mainEntityOfPage":{"@id":"https:\/\/www.p31noticias.com.br\/?p=3270"},"wordCount":405,"commentCount":0,"image":{"@id":"https:\/\/www.p31noticias.com.br\/?p=3270#primaryimage"},"thumbnailUrl":"https:\/\/www.p31noticias.com.br\/wp-content\/uploads\/2019\/09\/ac56d14a9fd1b15389c2f7114e54846502f58f7a-1.jpg","keywords":["ambiental","ambientalistas","George Soros","Greta Thunberg","maria do rosario","su\u00e9cia"],"articleSection":["Pol\u00edtica"],"inLanguage":"pt-BR","potentialAction":[{"@type":"CommentAction","name":"Comment","target":["https:\/\/www.p31noticias.com.br\/?p=3270#respond"]}],"copyrightYear":"2019","copyrightHolder":{"@id":"https:\/\/www.p31noticias.com.br\/#organization"}},{"@type":"WebPage","@id":"https:\/\/www.p31noticias.com.br\/?p=3270","url":"https:\/\/www.p31noticias.com.br\/?p=3270","name":"Greta Thunberg - A loucura de uma adolescente manipulada - P31","isPartOf":{"@id":"https:\/\/www.p31noticias.com.br\/#website"},"primaryImageOfPage":{"@id":"https:\/\/www.p31noticias.com.br\/?p=3270#primaryimage"},"image":{"@id":"https:\/\/www.p31noticias.com.br\/?p=3270#primaryimage"},"thumbnailUrl":"https:\/\/www.p31noticias.com.br\/wp-content\/uploads\/2019\/09\/ac56d14a9fd1b15389c2f7114e54846502f58f7a-1.jpg","datePublished":"2019-09-28T14:31:10+00:00","author":{"@id":"https:\/\/www.p31noticias.com.br\/#\/schema\/person\/77d6b186c710ac38937c6ec204fdd387"},"description":"Greta Thunberg \u00e9 uma ativista do clima sueca. \u00c9 conhecida por ter protestado fora do pr\u00e9dio do parlamento sueco, e por ser a l\u00edder do movimento","breadcrumb":{"@id":"https:\/\/www.p31noticias.com.br\/?p=3270#breadcrumb"},"inLanguage":"pt-BR","potentialAction":[{"@type":"ReadAction","target":["https:\/\/www.p31noticias.com.br\/?p=3270"]}]},{"@type":"ImageObject","inLanguage":"pt-BR","@id":"https:\/\/www.p31noticias.com.br\/?p=3270#primaryimage","url":"https:\/\/www.p31noticias.com.br\/wp-content\/uploads\/2019\/09\/ac56d14a9fd1b15389c2f7114e54846502f58f7a-1.jpg","contentUrl":"https:\/\/www.p31noticias.com.br\/wp-content\/uploads\/2019\/09\/ac56d14a9fd1b15389c2f7114e54846502f58f7a-1.jpg","width":768,"height":511,"caption":"Greta Thunberg"},{"@type":"BreadcrumbList","@id":"https:\/\/www.p31noticias.com.br\/?p=3270#breadcrumb","itemListElement":[{"@type":"ListItem","position":1,"name":"In\u00edcio","item":"https:\/\/www.p31noticias.com.br\/"},{"@type":"ListItem","position":2,"name":"Greta Thunberg &#8211; A loucura de uma adolescente manipulada"}]},{"@type":"WebSite","@id":"https:\/\/www.p31noticias.com.br\/#website","url":"https:\/\/www.p31noticias.com.br\/","name":"P31","description":"NOT\u00cdCIAS","potentialAction":[{"@type":"SearchAction","target":{"@type":"EntryPoint","urlTemplate":"https:\/\/www.p31noticias.com.br\/?s={search_term_string}"},"query-input":{"@type":"PropertyValueSpecification","valueRequired":true,"valueName":"search_term_string"}}],"inLanguage":"pt-BR"},{"@type":"Person","@id":"https:\/\/www.p31noticias.com.br\/#\/schema\/person\/77d6b186c710ac38937c6ec204fdd387","name":"Reda\u00e7\u00e3o JBN","image":{"@type":"ImageObject","inLanguage":"pt-BR","@id":"https:\/\/secure.gravatar.com\/avatar\/10fcdb93211f98cce3d64c0795b0915a9a4a21dc0f279238995a3dbfafcad090?s=96&d=mm&r=g","url":"https:\/\/secure.gravatar.com\/avatar\/10fcdb93211f98cce3d64c0795b0915a9a4a21dc0f279238995a3dbfafcad090?s=96&d=mm&r=g","contentUrl":"https:\/\/secure.gravatar.com\/avatar\/10fcdb93211f98cce3d64c0795b0915a9a4a21dc0f279238995a3dbfafcad090?s=96&d=mm&r=g","caption":"Reda\u00e7\u00e3o JBN"},"sameAs":["https:\/\/p31noticias.com.br"],"url":"https:\/\/www.p31noticias.com.br\/?author=18"}]}},"amp_enabled":true,"_links":{"self":[{"href":"https:\/\/www.p31noticias.com.br\/index.php?rest_route=\/wp\/v2\/posts\/3270","targetHints":{"allow":["GET"]}}],"collection":[{"href":"https:\/\/www.p31noticias.com.br\/index.php?rest_route=\/wp\/v2\/posts"}],"about":[{"href":"https:\/\/www.p31noticias.com.br\/index.php?rest_route=\/wp\/v2\/types\/post"}],"author":[{"embeddable":true,"href":"https:\/\/www.p31noticias.com.br\/index.php?rest_route=\/wp\/v2\/users\/18"}],"replies":[{"embeddable":true,"href":"https:\/\/www.p31noticias.com.br\/index.php?rest_route=%2Fwp%2Fv2%2Fcomments&post=3270"}],"version-history":[{"count":0,"href":"https:\/\/www.p31noticias.com.br\/index.php?rest_route=\/wp\/v2\/posts\/3270\/revisions"}],"wp:featuredmedia":[{"embeddable":true,"href":"https:\/\/www.p31noticias.com.br\/index.php?rest_route=\/wp\/v2\/media\/3271"}],"wp:attachment":[{"href":"https:\/\/www.p31noticias.com.br\/index.php?rest_route=%2Fwp%2Fv2%2Fmedia&parent=3270"}],"wp:term":[{"taxonomy":"category","embeddable":true,"href":"https:\/\/www.p31noticias.com.br\/index.php?rest_route=%2Fwp%2Fv2%2Fcategories&post=3270"},{"taxonomy":"post_tag","embeddable":true,"href":"https:\/\/www.p31noticias.com.br\/index.php?rest_route=%2Fwp%2Fv2%2Ftags&post=3270"}],"curies":[{"name":"wp","href":"https:\/\/api.w.org\/{rel}","templated":true}]}}