{"id":3264,"date":"2019-09-27T09:45:02","date_gmt":"2019-09-27T12:45:02","guid":{"rendered":"https:\/\/juniortakamoto.com.br\/?p=3264"},"modified":"2019-09-27T09:45:02","modified_gmt":"2019-09-27T12:45:02","slug":"governo-da-ordem-de-despejo-no-mst-do-nordeste","status":"publish","type":"post","link":"https:\/\/www.p31noticias.com.br\/?p=3264","title":{"rendered":"Governo d\u00e1 ordem de despejo no MST do Nordeste"},"content":{"rendered":"<p>O governo Jair Bolsonaro (PSL), por meio do Incra (Instituto Nacional de Coloniza\u00e7\u00e3o e Reforma Agr\u00e1ria), conseguiu decis\u00e3o favor\u00e1vel da Justi\u00e7a Federal para despejar, em Caruaru (PE), o maior centro de forma\u00e7\u00e3o nordestino do MST (Movimento dos Trabalhadores Rurais Sem Terra), segundo reportagem do jornal Folha de S. Paulo.<\/p>\n<p>O local \u00e9 considerado o cora\u00e7\u00e3o do movimento social na regi\u00e3o por j\u00e1 ter formado, em parcerias com universidades federais e estaduais, mais de 8.000 pessoas s\u00f3 em cursos de gradua\u00e7\u00e3o e p\u00f3s-gradua\u00e7\u00e3o.<\/p>\n<p>O governador de Pernambuco, Paulo C\u00e2mara (PSB), que faz parte do bloco nordestino de oposi\u00e7\u00e3o a Bolsonaro, tenta evitar a execu\u00e7\u00e3o da senten\u00e7a e j\u00e1 informou que n\u00e3o pretende usar a for\u00e7a policial para auxiliar na reintegra\u00e7\u00e3o de posse, caso n\u00e3o se encontre uma sa\u00edda.<\/p>\n<p>H\u00e1 duas semanas, o MST montou acampamento no local com 1.500 pessoas e espera dobrar a quantidade at\u00e9 o fim desta semana. \u201cVamos resistir\u201d, disse Jaime Amorim, um dos coordenadores nacionais do movimento.<\/p>\n<p>O processo tramitava desde 2008 e foi transitado em julgado contra o MST no fim de 2017. Em agosto passado, 20 dias ap\u00f3s ser nomeado superintendente do Incra em Pernambuco, o coronel da PM Marcos Campos de Albuquerque solicitou que a Justi\u00e7a Federal ordenasse o cumprimento da senten\u00e7a.<\/p>\n<p>O juiz da 24\u00ba Vara Federal Tiago Antunes de Aguiar acatou o pedido e deu prazo de 30 dias, a contar da notifica\u00e7\u00e3o, para desocupa\u00e7\u00e3o espont\u00e2nea da \u00e1rea. Em seguida, ap\u00f3s reuni\u00f5es com representantes do governo estadual e deputados federais da comiss\u00e3o de direitos humanos da C\u00e2mara, o magistrado concedeu 10 dias para posicionamento oficial do Incra.<\/p>\n<p>O prazo final \u00e9 10 de outubro, e o juiz determinou uso da for\u00e7a policial para cumprimento da medida. O Incra, diferentemente do que afirma o MST, alega que as constru\u00e7\u00f5es na \u00e1rea comum do assentamento foram feitas sem a anu\u00eancia do \u00f3rg\u00e3o federal.<\/p>\n<p>Por meio de nota, o Incra lembra que a a\u00e7\u00e3o \u00e9 de 2008 e foi institu\u00edda porque houve na \u00e1rea de dom\u00ednio coletivo dos assentados a edifica\u00e7\u00e3o do centro sem autoriza\u00e7\u00e3o do Incra. \u201cCumprida a ordem judicial, o Incra procurar\u00e1 regularizar a \u00e1rea na forma da legisla\u00e7\u00e3o vigente, a fim de promover benef\u00edcios a todos os assentados\u201d, diz. N\u00e3o h\u00e1 detalhamento do que ser\u00e1 feito na \u00e1rea.<\/p>\n","protected":false},"excerpt":{"rendered":"<p>O governo Jair Bolsonaro (PSL), por meio do Incra (Instituto Nacional de Coloniza\u00e7\u00e3o e Reforma Agr\u00e1ria), conseguiu decis\u00e3o favor\u00e1vel da Justi\u00e7a Federal para despejar, em Caruaru (PE), o maior centro de forma\u00e7\u00e3o nordestino do MST (Movimento dos Trabalhadores Rurais Sem Terra), segundo reportagem do jornal Folha de S. Paulo. O local \u00e9 considerado o cora\u00e7\u00e3o [&hellip;]<\/p>\n","protected":false},"author":18,"featured_media":3265,"comment_status":"open","ping_status":"open","sticky":false,"template":"","format":"standard","meta":{"footnotes":""},"categories":[57],"tags":[255,256,257,254,258,146,259],"class_list":{"0":"post-3264","1":"post","2":"type-post","3":"status-publish","4":"format-standard","5":"has-post-thumbnail","7":"category-politica","8":"tag-caruaru-pe","9":"tag-incra","10":"tag-marcos-campos-de-albuquerque","11":"tag-mst","12":"tag-paulo-camara-psb","13":"tag-pt","14":"tag-tiago-antunes-de-aguiar"},"yoast_head":"<!-- This site is optimized with the Yoast SEO Premium plugin v24.5 (Yoast SEO v27.5) - https:\/\/yoast.com\/product\/yoast-seo-premium-wordpress\/ -->\n<title>Governo d\u00e1 ordem de despejo no MST do Nordeste - P31<\/title>\n<meta name=\"description\" content=\"O governo Jair Bolsonaro (PSL),conseguiu decis\u00e3o favor\u00e1vel da Justi\u00e7a Federal para despejar, em Caruaru (PE), o maior centro de forma\u00e7\u00e3o nordestino do MST\" \/>\n<meta name=\"robots\" content=\"index, follow, max-snippet:-1, max-image-preview:large, max-video-preview:-1\" \/>\n<link rel=\"canonical\" href=\"https:\/\/www.p31noticias.com.br\/?p=3264\" \/>\n<meta property=\"og:locale\" content=\"pt_BR\" \/>\n<meta property=\"og:type\" content=\"article\" \/>\n<meta property=\"og:title\" content=\"Governo d\u00e1 ordem de despejo no MST do Nordeste\" \/>\n<meta property=\"og:description\" content=\"O governo Jair Bolsonaro (PSL),conseguiu decis\u00e3o favor\u00e1vel da Justi\u00e7a Federal para despejar, em Caruaru (PE), o maior centro de forma\u00e7\u00e3o nordestino do MST\" \/>\n<meta property=\"og:url\" content=\"https:\/\/www.p31noticias.com.br\/?p=3264\" \/>\n<meta property=\"og:site_name\" content=\"P31\" \/>\n<meta property=\"article:published_time\" content=\"2019-09-27T12:45:02+00:00\" \/>\n<meta property=\"og:image\" content=\"https:\/\/www.p31noticias.com.br\/wp-content\/uploads\/2019\/09\/mst-bahia-20040405-01-original-e1470236743265-1.jpeg\" \/>\n\t<meta property=\"og:image:width\" content=\"680\" \/>\n\t<meta property=\"og:image:height\" content=\"453\" \/>\n\t<meta property=\"og:image:type\" content=\"image\/jpeg\" \/>\n<meta name=\"author\" content=\"Reda\u00e7\u00e3o JBN\" \/>\n<meta name=\"twitter:card\" content=\"summary_large_image\" \/>\n<meta name=\"twitter:label1\" content=\"Escrito por\" \/>\n\t<meta name=\"twitter:data1\" content=\"Reda\u00e7\u00e3o JBN\" \/>\n\t<meta name=\"twitter:label2\" content=\"Est. tempo de leitura\" \/>\n\t<meta name=\"twitter:data2\" content=\"2 minutos\" \/>\n<script type=\"application\/ld+json\" class=\"yoast-schema-graph\">{\"@context\":\"https:\\\/\\\/schema.org\",\"@graph\":[{\"@type\":\"Article\",\"@id\":\"https:\\\/\\\/www.p31noticias.com.br\\\/?p=3264#article\",\"isPartOf\":{\"@id\":\"https:\\\/\\\/www.p31noticias.com.br\\\/?p=3264\"},\"author\":{\"name\":\"Reda\u00e7\u00e3o JBN\",\"@id\":\"https:\\\/\\\/www.p31noticias.com.br\\\/#\\\/schema\\\/person\\\/77d6b186c710ac38937c6ec204fdd387\"},\"headline\":\"Governo d\u00e1 ordem de despejo no MST do Nordeste\",\"datePublished\":\"2019-09-27T12:45:02+00:00\",\"mainEntityOfPage\":{\"@id\":\"https:\\\/\\\/www.p31noticias.com.br\\\/?p=3264\"},\"wordCount\":414,\"commentCount\":0,\"image\":{\"@id\":\"https:\\\/\\\/www.p31noticias.com.br\\\/?p=3264#primaryimage\"},\"thumbnailUrl\":\"https:\\\/\\\/www.p31noticias.com.br\\\/wp-content\\\/uploads\\\/2019\\\/09\\\/mst-bahia-20040405-01-original-e1470236743265-1.jpeg\",\"keywords\":[\"Caruaru (PE)\",\"incra\",\"Marcos Campos de Albuquerque\",\"mst\",\"Paulo C\u00e2mara (PSB)\",\"PT\",\"Tiago Antunes de Aguiar\"],\"articleSection\":[\"Pol\u00edtica\"],\"inLanguage\":\"pt-BR\",\"potentialAction\":[{\"@type\":\"CommentAction\",\"name\":\"Comment\",\"target\":[\"https:\\\/\\\/www.p31noticias.com.br\\\/?p=3264#respond\"]}],\"copyrightYear\":\"2019\",\"copyrightHolder\":{\"@id\":\"https:\\\/\\\/www.p31noticias.com.br\\\/#organization\"}},{\"@type\":\"WebPage\",\"@id\":\"https:\\\/\\\/www.p31noticias.com.br\\\/?p=3264\",\"url\":\"https:\\\/\\\/www.p31noticias.com.br\\\/?p=3264\",\"name\":\"Governo d\u00e1 ordem de despejo no MST do Nordeste - P31\",\"isPartOf\":{\"@id\":\"https:\\\/\\\/www.p31noticias.com.br\\\/#website\"},\"primaryImageOfPage\":{\"@id\":\"https:\\\/\\\/www.p31noticias.com.br\\\/?p=3264#primaryimage\"},\"image\":{\"@id\":\"https:\\\/\\\/www.p31noticias.com.br\\\/?p=3264#primaryimage\"},\"thumbnailUrl\":\"https:\\\/\\\/www.p31noticias.com.br\\\/wp-content\\\/uploads\\\/2019\\\/09\\\/mst-bahia-20040405-01-original-e1470236743265-1.jpeg\",\"datePublished\":\"2019-09-27T12:45:02+00:00\",\"author\":{\"@id\":\"https:\\\/\\\/www.p31noticias.com.br\\\/#\\\/schema\\\/person\\\/77d6b186c710ac38937c6ec204fdd387\"},\"description\":\"O governo Jair Bolsonaro (PSL),conseguiu decis\u00e3o favor\u00e1vel da Justi\u00e7a Federal para despejar, em Caruaru (PE), o maior centro de forma\u00e7\u00e3o nordestino do MST\",\"breadcrumb\":{\"@id\":\"https:\\\/\\\/www.p31noticias.com.br\\\/?p=3264#breadcrumb\"},\"inLanguage\":\"pt-BR\",\"potentialAction\":[{\"@type\":\"ReadAction\",\"target\":[\"https:\\\/\\\/www.p31noticias.com.br\\\/?p=3264\"]}]},{\"@type\":\"ImageObject\",\"inLanguage\":\"pt-BR\",\"@id\":\"https:\\\/\\\/www.p31noticias.com.br\\\/?p=3264#primaryimage\",\"url\":\"https:\\\/\\\/www.p31noticias.com.br\\\/wp-content\\\/uploads\\\/2019\\\/09\\\/mst-bahia-20040405-01-original-e1470236743265-1.jpeg\",\"contentUrl\":\"https:\\\/\\\/www.p31noticias.com.br\\\/wp-content\\\/uploads\\\/2019\\\/09\\\/mst-bahia-20040405-01-original-e1470236743265-1.jpeg\",\"width\":680,\"height\":453,\"caption\":\"MST\"},{\"@type\":\"BreadcrumbList\",\"@id\":\"https:\\\/\\\/www.p31noticias.com.br\\\/?p=3264#breadcrumb\",\"itemListElement\":[{\"@type\":\"ListItem\",\"position\":1,\"name\":\"In\u00edcio\",\"item\":\"https:\\\/\\\/www.p31noticias.com.br\\\/\"},{\"@type\":\"ListItem\",\"position\":2,\"name\":\"Governo d\u00e1 ordem de despejo no MST do Nordeste\"}]},{\"@type\":\"WebSite\",\"@id\":\"https:\\\/\\\/www.p31noticias.com.br\\\/#website\",\"url\":\"https:\\\/\\\/www.p31noticias.com.br\\\/\",\"name\":\"P31\",\"description\":\"NOT\u00cdCIAS\",\"potentialAction\":[{\"@type\":\"SearchAction\",\"target\":{\"@type\":\"EntryPoint\",\"urlTemplate\":\"https:\\\/\\\/www.p31noticias.com.br\\\/?s={search_term_string}\"},\"query-input\":{\"@type\":\"PropertyValueSpecification\",\"valueRequired\":true,\"valueName\":\"search_term_string\"}}],\"inLanguage\":\"pt-BR\"},{\"@type\":\"Person\",\"@id\":\"https:\\\/\\\/www.p31noticias.com.br\\\/#\\\/schema\\\/person\\\/77d6b186c710ac38937c6ec204fdd387\",\"name\":\"Reda\u00e7\u00e3o JBN\",\"image\":{\"@type\":\"ImageObject\",\"inLanguage\":\"pt-BR\",\"@id\":\"https:\\\/\\\/secure.gravatar.com\\\/avatar\\\/10fcdb93211f98cce3d64c0795b0915a9a4a21dc0f279238995a3dbfafcad090?s=96&d=mm&r=g\",\"url\":\"https:\\\/\\\/secure.gravatar.com\\\/avatar\\\/10fcdb93211f98cce3d64c0795b0915a9a4a21dc0f279238995a3dbfafcad090?s=96&d=mm&r=g\",\"contentUrl\":\"https:\\\/\\\/secure.gravatar.com\\\/avatar\\\/10fcdb93211f98cce3d64c0795b0915a9a4a21dc0f279238995a3dbfafcad090?s=96&d=mm&r=g\",\"caption\":\"Reda\u00e7\u00e3o JBN\"},\"sameAs\":[\"https:\\\/\\\/p31noticias.com.br\"],\"url\":\"https:\\\/\\\/www.p31noticias.com.br\\\/?author=18\"}]}<\/script>\n<!-- \/ Yoast SEO Premium plugin. -->","yoast_head_json":{"title":"Governo d\u00e1 ordem de despejo no MST do Nordeste - P31","description":"O governo Jair Bolsonaro (PSL),conseguiu decis\u00e3o favor\u00e1vel da Justi\u00e7a Federal para despejar, em Caruaru (PE), o maior centro de forma\u00e7\u00e3o nordestino do MST","robots":{"index":"index","follow":"follow","max-snippet":"max-snippet:-1","max-image-preview":"max-image-preview:large","max-video-preview":"max-video-preview:-1"},"canonical":"https:\/\/www.p31noticias.com.br\/?p=3264","og_locale":"pt_BR","og_type":"article","og_title":"Governo d\u00e1 ordem de despejo no MST do Nordeste","og_description":"O governo Jair Bolsonaro (PSL),conseguiu decis\u00e3o favor\u00e1vel da Justi\u00e7a Federal para despejar, em Caruaru (PE), o maior centro de forma\u00e7\u00e3o nordestino do MST","og_url":"https:\/\/www.p31noticias.com.br\/?p=3264","og_site_name":"P31","article_published_time":"2019-09-27T12:45:02+00:00","og_image":[{"width":680,"height":453,"url":"https:\/\/www.p31noticias.com.br\/wp-content\/uploads\/2019\/09\/mst-bahia-20040405-01-original-e1470236743265-1.jpeg","type":"image\/jpeg"}],"author":"Reda\u00e7\u00e3o JBN","twitter_card":"summary_large_image","twitter_misc":{"Escrito por":"Reda\u00e7\u00e3o JBN","Est. tempo de leitura":"2 minutos"},"schema":{"@context":"https:\/\/schema.org","@graph":[{"@type":"Article","@id":"https:\/\/www.p31noticias.com.br\/?p=3264#article","isPartOf":{"@id":"https:\/\/www.p31noticias.com.br\/?p=3264"},"author":{"name":"Reda\u00e7\u00e3o JBN","@id":"https:\/\/www.p31noticias.com.br\/#\/schema\/person\/77d6b186c710ac38937c6ec204fdd387"},"headline":"Governo d\u00e1 ordem de despejo no MST do Nordeste","datePublished":"2019-09-27T12:45:02+00:00","mainEntityOfPage":{"@id":"https:\/\/www.p31noticias.com.br\/?p=3264"},"wordCount":414,"commentCount":0,"image":{"@id":"https:\/\/www.p31noticias.com.br\/?p=3264#primaryimage"},"thumbnailUrl":"https:\/\/www.p31noticias.com.br\/wp-content\/uploads\/2019\/09\/mst-bahia-20040405-01-original-e1470236743265-1.jpeg","keywords":["Caruaru (PE)","incra","Marcos Campos de Albuquerque","mst","Paulo C\u00e2mara (PSB)","PT","Tiago Antunes de Aguiar"],"articleSection":["Pol\u00edtica"],"inLanguage":"pt-BR","potentialAction":[{"@type":"CommentAction","name":"Comment","target":["https:\/\/www.p31noticias.com.br\/?p=3264#respond"]}],"copyrightYear":"2019","copyrightHolder":{"@id":"https:\/\/www.p31noticias.com.br\/#organization"}},{"@type":"WebPage","@id":"https:\/\/www.p31noticias.com.br\/?p=3264","url":"https:\/\/www.p31noticias.com.br\/?p=3264","name":"Governo d\u00e1 ordem de despejo no MST do Nordeste - P31","isPartOf":{"@id":"https:\/\/www.p31noticias.com.br\/#website"},"primaryImageOfPage":{"@id":"https:\/\/www.p31noticias.com.br\/?p=3264#primaryimage"},"image":{"@id":"https:\/\/www.p31noticias.com.br\/?p=3264#primaryimage"},"thumbnailUrl":"https:\/\/www.p31noticias.com.br\/wp-content\/uploads\/2019\/09\/mst-bahia-20040405-01-original-e1470236743265-1.jpeg","datePublished":"2019-09-27T12:45:02+00:00","author":{"@id":"https:\/\/www.p31noticias.com.br\/#\/schema\/person\/77d6b186c710ac38937c6ec204fdd387"},"description":"O governo Jair Bolsonaro (PSL),conseguiu decis\u00e3o favor\u00e1vel da Justi\u00e7a Federal para despejar, em Caruaru (PE), o maior centro de forma\u00e7\u00e3o nordestino do MST","breadcrumb":{"@id":"https:\/\/www.p31noticias.com.br\/?p=3264#breadcrumb"},"inLanguage":"pt-BR","potentialAction":[{"@type":"ReadAction","target":["https:\/\/www.p31noticias.com.br\/?p=3264"]}]},{"@type":"ImageObject","inLanguage":"pt-BR","@id":"https:\/\/www.p31noticias.com.br\/?p=3264#primaryimage","url":"https:\/\/www.p31noticias.com.br\/wp-content\/uploads\/2019\/09\/mst-bahia-20040405-01-original-e1470236743265-1.jpeg","contentUrl":"https:\/\/www.p31noticias.com.br\/wp-content\/uploads\/2019\/09\/mst-bahia-20040405-01-original-e1470236743265-1.jpeg","width":680,"height":453,"caption":"MST"},{"@type":"BreadcrumbList","@id":"https:\/\/www.p31noticias.com.br\/?p=3264#breadcrumb","itemListElement":[{"@type":"ListItem","position":1,"name":"In\u00edcio","item":"https:\/\/www.p31noticias.com.br\/"},{"@type":"ListItem","position":2,"name":"Governo d\u00e1 ordem de despejo no MST do Nordeste"}]},{"@type":"WebSite","@id":"https:\/\/www.p31noticias.com.br\/#website","url":"https:\/\/www.p31noticias.com.br\/","name":"P31","description":"NOT\u00cdCIAS","potentialAction":[{"@type":"SearchAction","target":{"@type":"EntryPoint","urlTemplate":"https:\/\/www.p31noticias.com.br\/?s={search_term_string}"},"query-input":{"@type":"PropertyValueSpecification","valueRequired":true,"valueName":"search_term_string"}}],"inLanguage":"pt-BR"},{"@type":"Person","@id":"https:\/\/www.p31noticias.com.br\/#\/schema\/person\/77d6b186c710ac38937c6ec204fdd387","name":"Reda\u00e7\u00e3o JBN","image":{"@type":"ImageObject","inLanguage":"pt-BR","@id":"https:\/\/secure.gravatar.com\/avatar\/10fcdb93211f98cce3d64c0795b0915a9a4a21dc0f279238995a3dbfafcad090?s=96&d=mm&r=g","url":"https:\/\/secure.gravatar.com\/avatar\/10fcdb93211f98cce3d64c0795b0915a9a4a21dc0f279238995a3dbfafcad090?s=96&d=mm&r=g","contentUrl":"https:\/\/secure.gravatar.com\/avatar\/10fcdb93211f98cce3d64c0795b0915a9a4a21dc0f279238995a3dbfafcad090?s=96&d=mm&r=g","caption":"Reda\u00e7\u00e3o JBN"},"sameAs":["https:\/\/p31noticias.com.br"],"url":"https:\/\/www.p31noticias.com.br\/?author=18"}]}},"amp_enabled":true,"_links":{"self":[{"href":"https:\/\/www.p31noticias.com.br\/index.php?rest_route=\/wp\/v2\/posts\/3264","targetHints":{"allow":["GET"]}}],"collection":[{"href":"https:\/\/www.p31noticias.com.br\/index.php?rest_route=\/wp\/v2\/posts"}],"about":[{"href":"https:\/\/www.p31noticias.com.br\/index.php?rest_route=\/wp\/v2\/types\/post"}],"author":[{"embeddable":true,"href":"https:\/\/www.p31noticias.com.br\/index.php?rest_route=\/wp\/v2\/users\/18"}],"replies":[{"embeddable":true,"href":"https:\/\/www.p31noticias.com.br\/index.php?rest_route=%2Fwp%2Fv2%2Fcomments&post=3264"}],"version-history":[{"count":0,"href":"https:\/\/www.p31noticias.com.br\/index.php?rest_route=\/wp\/v2\/posts\/3264\/revisions"}],"wp:featuredmedia":[{"embeddable":true,"href":"https:\/\/www.p31noticias.com.br\/index.php?rest_route=\/wp\/v2\/media\/3265"}],"wp:attachment":[{"href":"https:\/\/www.p31noticias.com.br\/index.php?rest_route=%2Fwp%2Fv2%2Fmedia&parent=3264"}],"wp:term":[{"taxonomy":"category","embeddable":true,"href":"https:\/\/www.p31noticias.com.br\/index.php?rest_route=%2Fwp%2Fv2%2Fcategories&post=3264"},{"taxonomy":"post_tag","embeddable":true,"href":"https:\/\/www.p31noticias.com.br\/index.php?rest_route=%2Fwp%2Fv2%2Ftags&post=3264"}],"curies":[{"name":"wp","href":"https:\/\/api.w.org\/{rel}","templated":true}]}}