{"id":3260,"date":"2019-09-27T09:22:46","date_gmt":"2019-09-27T12:22:46","guid":{"rendered":"https:\/\/juniortakamoto.com.br\/?p=3260"},"modified":"2019-09-27T09:22:46","modified_gmt":"2019-09-27T12:22:46","slug":"stf-e-a-favor-de-tese-que-pode-anular-sentencas-da-lava-jato","status":"publish","type":"post","link":"https:\/\/www.p31noticias.com.br\/?p=3260","title":{"rendered":"STF \u00e9 a favor de tese que pode anular senten\u00e7as da Lava Jato"},"content":{"rendered":"<p>A porrada que a Lava Jato levou hoje (26\/9) foi hist\u00f3rica: por 6 a 4 os ministros do Supremo Tribunal Federal (STF) votaram a favor da tese de que os r\u00e9us delatados devem apresentar alega\u00e7\u00f5es finais, como uma \u00faltima etapa de manifesta\u00e7\u00f5es no processo, ap\u00f3s os delatores.<\/p>\n<p>Ao final da vota\u00e7\u00e3o, na qual 6 dos 11 ministros votaram a favor dessa\u00a0<del>imbecilidade<\/del>\u00a0tese, Dias Toffoli, o presidente do STF, afirmou que tamb\u00e9m votar\u00e1, mas suspendeu o julgamento para apresentar o voto na pr\u00f3xima sess\u00e3o.<\/p>\n<p>Toffoli dever\u00e1 propor uma modula\u00e7\u00e3o do entendimento: aplica\u00e7\u00e3o restrita da tese a determinados casos. \u201c<em>Trarei delimita\u00e7\u00f5es a respeito da aplica\u00e7\u00e3o<\/em>\u201d, afirmou.<\/p>\n<p>O povo brasileiro segue aguardando pela\u00a0<del>aberra\u00e7\u00e3o<\/del>\u00a0decis\u00e3o na sess\u00e3o de quarta-feira.<\/p>\n<div class=\"mc-column content-text active-extra-styles \" data-block-type=\"unstyled\" data-block-weight=\"24\" data-block-id=\"4\">\n<p class=\"content-text__container \" data-track-category=\"Link no Texto\" data-track-links=\"\">Se o julgamento for conclu\u00eddo com esse resultado, os processos nos quais houver r\u00e9us delatores que apresentaram alega\u00e7\u00f5es finais ao mesmo tempo que r\u00e9us delatados, poder\u00e3o ser anulados.<\/p>\n<\/div>\n<div class=\"mc-column content-text active-extra-styles \" data-block-type=\"unstyled\" data-block-weight=\"24\" data-block-id=\"5\">\n<p class=\"content-text__container \" data-track-category=\"Link no Texto\" data-track-links=\"\">De acordo com um balan\u00e7o divulgado pela for\u00e7a-tarefa da Lava Jato, poder\u00e3o ser anuladas 32 senten\u00e7as de casos da opera\u00e7\u00e3o, que envolvem 143 r\u00e9us condenados.<\/p>\n<\/div>\n","protected":false},"excerpt":{"rendered":"<p>A porrada que a Lava Jato levou hoje (26\/9) foi hist\u00f3rica: por 6 a 4 os ministros do Supremo Tribunal Federal (STF) votaram a favor da tese de que os r\u00e9us delatados devem apresentar alega\u00e7\u00f5es finais, como uma \u00faltima etapa de manifesta\u00e7\u00f5es no processo, ap\u00f3s os delatores. Ao final da vota\u00e7\u00e3o, na qual 6 dos [&hellip;]<\/p>\n","protected":false},"author":18,"featured_media":3261,"comment_status":"open","ping_status":"open","sticky":false,"template":"","format":"standard","meta":{"footnotes":""},"categories":[57],"tags":[253,134,135],"class_list":{"0":"post-3260","1":"post","2":"type-post","3":"status-publish","4":"format-standard","5":"has-post-thumbnail","7":"category-politica","8":"tag-cpi-lava-toga","9":"tag-lava-jato","10":"tag-stf"},"yoast_head":"<!-- This site is optimized with the Yoast SEO Premium plugin v24.5 (Yoast SEO v27.5) - https:\/\/yoast.com\/product\/yoast-seo-premium-wordpress\/ -->\n<title>STF \u00e9 a favor de tese que pode anular senten\u00e7as da Lava Jato - P31<\/title>\n<meta name=\"description\" content=\"A porrada que a Lava Jato levou hoje (26\/9) foi hist\u00f3rica: por 6 a 4 os ministros do Supremo Tribunal Federal (STF) votaram a favor da tese de que os r\u00e9us\" \/>\n<meta name=\"robots\" content=\"index, follow, max-snippet:-1, max-image-preview:large, max-video-preview:-1\" \/>\n<link rel=\"canonical\" href=\"https:\/\/www.p31noticias.com.br\/?p=3260\" \/>\n<meta property=\"og:locale\" content=\"pt_BR\" \/>\n<meta property=\"og:type\" content=\"article\" \/>\n<meta property=\"og:title\" content=\"STF \u00e9 a favor de tese que pode anular senten\u00e7as da Lava Jato\" \/>\n<meta property=\"og:description\" content=\"A porrada que a Lava Jato levou hoje (26\/9) foi hist\u00f3rica: por 6 a 4 os ministros do Supremo Tribunal Federal (STF) votaram a favor da tese de que os r\u00e9us\" \/>\n<meta property=\"og:url\" content=\"https:\/\/www.p31noticias.com.br\/?p=3260\" \/>\n<meta property=\"og:site_name\" content=\"P31\" \/>\n<meta property=\"article:published_time\" content=\"2019-09-27T12:22:46+00:00\" \/>\n<meta property=\"og:image\" content=\"https:\/\/www.p31noticias.com.br\/wp-content\/uploads\/2019\/09\/STF-Lava-Jato-1.png\" \/>\n\t<meta property=\"og:image:width\" content=\"800\" \/>\n\t<meta property=\"og:image:height\" content=\"519\" \/>\n\t<meta property=\"og:image:type\" content=\"image\/png\" \/>\n<meta name=\"author\" content=\"Reda\u00e7\u00e3o JBN\" \/>\n<meta name=\"twitter:card\" content=\"summary_large_image\" \/>\n<meta name=\"twitter:label1\" content=\"Escrito por\" \/>\n\t<meta name=\"twitter:data1\" content=\"Reda\u00e7\u00e3o JBN\" \/>\n\t<meta name=\"twitter:label2\" content=\"Est. tempo de leitura\" \/>\n\t<meta name=\"twitter:data2\" content=\"1 minuto\" \/>\n<script type=\"application\/ld+json\" class=\"yoast-schema-graph\">{\"@context\":\"https:\\\/\\\/schema.org\",\"@graph\":[{\"@type\":\"Article\",\"@id\":\"https:\\\/\\\/www.p31noticias.com.br\\\/?p=3260#article\",\"isPartOf\":{\"@id\":\"https:\\\/\\\/www.p31noticias.com.br\\\/?p=3260\"},\"author\":{\"name\":\"Reda\u00e7\u00e3o JBN\",\"@id\":\"https:\\\/\\\/www.p31noticias.com.br\\\/#\\\/schema\\\/person\\\/77d6b186c710ac38937c6ec204fdd387\"},\"headline\":\"STF \u00e9 a favor de tese que pode anular senten\u00e7as da Lava Jato\",\"datePublished\":\"2019-09-27T12:22:46+00:00\",\"mainEntityOfPage\":{\"@id\":\"https:\\\/\\\/www.p31noticias.com.br\\\/?p=3260\"},\"wordCount\":203,\"commentCount\":0,\"image\":{\"@id\":\"https:\\\/\\\/www.p31noticias.com.br\\\/?p=3260#primaryimage\"},\"thumbnailUrl\":\"https:\\\/\\\/www.p31noticias.com.br\\\/wp-content\\\/uploads\\\/2019\\\/09\\\/STF-Lava-Jato-1.png\",\"keywords\":[\"CPI lava toga\",\"Lava Jato\",\"STF\"],\"articleSection\":[\"Pol\u00edtica\"],\"inLanguage\":\"pt-BR\",\"potentialAction\":[{\"@type\":\"CommentAction\",\"name\":\"Comment\",\"target\":[\"https:\\\/\\\/www.p31noticias.com.br\\\/?p=3260#respond\"]}],\"copyrightYear\":\"2019\",\"copyrightHolder\":{\"@id\":\"https:\\\/\\\/www.p31noticias.com.br\\\/#organization\"}},{\"@type\":\"WebPage\",\"@id\":\"https:\\\/\\\/www.p31noticias.com.br\\\/?p=3260\",\"url\":\"https:\\\/\\\/www.p31noticias.com.br\\\/?p=3260\",\"name\":\"STF \u00e9 a favor de tese que pode anular senten\u00e7as da Lava Jato - P31\",\"isPartOf\":{\"@id\":\"https:\\\/\\\/www.p31noticias.com.br\\\/#website\"},\"primaryImageOfPage\":{\"@id\":\"https:\\\/\\\/www.p31noticias.com.br\\\/?p=3260#primaryimage\"},\"image\":{\"@id\":\"https:\\\/\\\/www.p31noticias.com.br\\\/?p=3260#primaryimage\"},\"thumbnailUrl\":\"https:\\\/\\\/www.p31noticias.com.br\\\/wp-content\\\/uploads\\\/2019\\\/09\\\/STF-Lava-Jato-1.png\",\"datePublished\":\"2019-09-27T12:22:46+00:00\",\"author\":{\"@id\":\"https:\\\/\\\/www.p31noticias.com.br\\\/#\\\/schema\\\/person\\\/77d6b186c710ac38937c6ec204fdd387\"},\"description\":\"A porrada que a Lava Jato levou hoje (26\\\/9) foi hist\u00f3rica: por 6 a 4 os ministros do Supremo Tribunal Federal (STF) votaram a favor da tese de que os r\u00e9us\",\"breadcrumb\":{\"@id\":\"https:\\\/\\\/www.p31noticias.com.br\\\/?p=3260#breadcrumb\"},\"inLanguage\":\"pt-BR\",\"potentialAction\":[{\"@type\":\"ReadAction\",\"target\":[\"https:\\\/\\\/www.p31noticias.com.br\\\/?p=3260\"]}]},{\"@type\":\"ImageObject\",\"inLanguage\":\"pt-BR\",\"@id\":\"https:\\\/\\\/www.p31noticias.com.br\\\/?p=3260#primaryimage\",\"url\":\"https:\\\/\\\/www.p31noticias.com.br\\\/wp-content\\\/uploads\\\/2019\\\/09\\\/STF-Lava-Jato-1.png\",\"contentUrl\":\"https:\\\/\\\/www.p31noticias.com.br\\\/wp-content\\\/uploads\\\/2019\\\/09\\\/STF-Lava-Jato-1.png\",\"width\":800,\"height\":519,\"caption\":\"STF\"},{\"@type\":\"BreadcrumbList\",\"@id\":\"https:\\\/\\\/www.p31noticias.com.br\\\/?p=3260#breadcrumb\",\"itemListElement\":[{\"@type\":\"ListItem\",\"position\":1,\"name\":\"In\u00edcio\",\"item\":\"https:\\\/\\\/www.p31noticias.com.br\\\/\"},{\"@type\":\"ListItem\",\"position\":2,\"name\":\"STF \u00e9 a favor de tese que pode anular senten\u00e7as da Lava Jato\"}]},{\"@type\":\"WebSite\",\"@id\":\"https:\\\/\\\/www.p31noticias.com.br\\\/#website\",\"url\":\"https:\\\/\\\/www.p31noticias.com.br\\\/\",\"name\":\"P31\",\"description\":\"NOT\u00cdCIAS\",\"potentialAction\":[{\"@type\":\"SearchAction\",\"target\":{\"@type\":\"EntryPoint\",\"urlTemplate\":\"https:\\\/\\\/www.p31noticias.com.br\\\/?s={search_term_string}\"},\"query-input\":{\"@type\":\"PropertyValueSpecification\",\"valueRequired\":true,\"valueName\":\"search_term_string\"}}],\"inLanguage\":\"pt-BR\"},{\"@type\":\"Person\",\"@id\":\"https:\\\/\\\/www.p31noticias.com.br\\\/#\\\/schema\\\/person\\\/77d6b186c710ac38937c6ec204fdd387\",\"name\":\"Reda\u00e7\u00e3o JBN\",\"image\":{\"@type\":\"ImageObject\",\"inLanguage\":\"pt-BR\",\"@id\":\"https:\\\/\\\/secure.gravatar.com\\\/avatar\\\/10fcdb93211f98cce3d64c0795b0915a9a4a21dc0f279238995a3dbfafcad090?s=96&d=mm&r=g\",\"url\":\"https:\\\/\\\/secure.gravatar.com\\\/avatar\\\/10fcdb93211f98cce3d64c0795b0915a9a4a21dc0f279238995a3dbfafcad090?s=96&d=mm&r=g\",\"contentUrl\":\"https:\\\/\\\/secure.gravatar.com\\\/avatar\\\/10fcdb93211f98cce3d64c0795b0915a9a4a21dc0f279238995a3dbfafcad090?s=96&d=mm&r=g\",\"caption\":\"Reda\u00e7\u00e3o JBN\"},\"sameAs\":[\"https:\\\/\\\/p31noticias.com.br\"],\"url\":\"https:\\\/\\\/www.p31noticias.com.br\\\/?author=18\"}]}<\/script>\n<!-- \/ Yoast SEO Premium plugin. -->","yoast_head_json":{"title":"STF \u00e9 a favor de tese que pode anular senten\u00e7as da Lava Jato - P31","description":"A porrada que a Lava Jato levou hoje (26\/9) foi hist\u00f3rica: por 6 a 4 os ministros do Supremo Tribunal Federal (STF) votaram a favor da tese de que os r\u00e9us","robots":{"index":"index","follow":"follow","max-snippet":"max-snippet:-1","max-image-preview":"max-image-preview:large","max-video-preview":"max-video-preview:-1"},"canonical":"https:\/\/www.p31noticias.com.br\/?p=3260","og_locale":"pt_BR","og_type":"article","og_title":"STF \u00e9 a favor de tese que pode anular senten\u00e7as da Lava Jato","og_description":"A porrada que a Lava Jato levou hoje (26\/9) foi hist\u00f3rica: por 6 a 4 os ministros do Supremo Tribunal Federal (STF) votaram a favor da tese de que os r\u00e9us","og_url":"https:\/\/www.p31noticias.com.br\/?p=3260","og_site_name":"P31","article_published_time":"2019-09-27T12:22:46+00:00","og_image":[{"width":800,"height":519,"url":"https:\/\/www.p31noticias.com.br\/wp-content\/uploads\/2019\/09\/STF-Lava-Jato-1.png","type":"image\/png"}],"author":"Reda\u00e7\u00e3o JBN","twitter_card":"summary_large_image","twitter_misc":{"Escrito por":"Reda\u00e7\u00e3o JBN","Est. tempo de leitura":"1 minuto"},"schema":{"@context":"https:\/\/schema.org","@graph":[{"@type":"Article","@id":"https:\/\/www.p31noticias.com.br\/?p=3260#article","isPartOf":{"@id":"https:\/\/www.p31noticias.com.br\/?p=3260"},"author":{"name":"Reda\u00e7\u00e3o JBN","@id":"https:\/\/www.p31noticias.com.br\/#\/schema\/person\/77d6b186c710ac38937c6ec204fdd387"},"headline":"STF \u00e9 a favor de tese que pode anular senten\u00e7as da Lava Jato","datePublished":"2019-09-27T12:22:46+00:00","mainEntityOfPage":{"@id":"https:\/\/www.p31noticias.com.br\/?p=3260"},"wordCount":203,"commentCount":0,"image":{"@id":"https:\/\/www.p31noticias.com.br\/?p=3260#primaryimage"},"thumbnailUrl":"https:\/\/www.p31noticias.com.br\/wp-content\/uploads\/2019\/09\/STF-Lava-Jato-1.png","keywords":["CPI lava toga","Lava Jato","STF"],"articleSection":["Pol\u00edtica"],"inLanguage":"pt-BR","potentialAction":[{"@type":"CommentAction","name":"Comment","target":["https:\/\/www.p31noticias.com.br\/?p=3260#respond"]}],"copyrightYear":"2019","copyrightHolder":{"@id":"https:\/\/www.p31noticias.com.br\/#organization"}},{"@type":"WebPage","@id":"https:\/\/www.p31noticias.com.br\/?p=3260","url":"https:\/\/www.p31noticias.com.br\/?p=3260","name":"STF \u00e9 a favor de tese que pode anular senten\u00e7as da Lava Jato - P31","isPartOf":{"@id":"https:\/\/www.p31noticias.com.br\/#website"},"primaryImageOfPage":{"@id":"https:\/\/www.p31noticias.com.br\/?p=3260#primaryimage"},"image":{"@id":"https:\/\/www.p31noticias.com.br\/?p=3260#primaryimage"},"thumbnailUrl":"https:\/\/www.p31noticias.com.br\/wp-content\/uploads\/2019\/09\/STF-Lava-Jato-1.png","datePublished":"2019-09-27T12:22:46+00:00","author":{"@id":"https:\/\/www.p31noticias.com.br\/#\/schema\/person\/77d6b186c710ac38937c6ec204fdd387"},"description":"A porrada que a Lava Jato levou hoje (26\/9) foi hist\u00f3rica: por 6 a 4 os ministros do Supremo Tribunal Federal (STF) votaram a favor da tese de que os r\u00e9us","breadcrumb":{"@id":"https:\/\/www.p31noticias.com.br\/?p=3260#breadcrumb"},"inLanguage":"pt-BR","potentialAction":[{"@type":"ReadAction","target":["https:\/\/www.p31noticias.com.br\/?p=3260"]}]},{"@type":"ImageObject","inLanguage":"pt-BR","@id":"https:\/\/www.p31noticias.com.br\/?p=3260#primaryimage","url":"https:\/\/www.p31noticias.com.br\/wp-content\/uploads\/2019\/09\/STF-Lava-Jato-1.png","contentUrl":"https:\/\/www.p31noticias.com.br\/wp-content\/uploads\/2019\/09\/STF-Lava-Jato-1.png","width":800,"height":519,"caption":"STF"},{"@type":"BreadcrumbList","@id":"https:\/\/www.p31noticias.com.br\/?p=3260#breadcrumb","itemListElement":[{"@type":"ListItem","position":1,"name":"In\u00edcio","item":"https:\/\/www.p31noticias.com.br\/"},{"@type":"ListItem","position":2,"name":"STF \u00e9 a favor de tese que pode anular senten\u00e7as da Lava Jato"}]},{"@type":"WebSite","@id":"https:\/\/www.p31noticias.com.br\/#website","url":"https:\/\/www.p31noticias.com.br\/","name":"P31","description":"NOT\u00cdCIAS","potentialAction":[{"@type":"SearchAction","target":{"@type":"EntryPoint","urlTemplate":"https:\/\/www.p31noticias.com.br\/?s={search_term_string}"},"query-input":{"@type":"PropertyValueSpecification","valueRequired":true,"valueName":"search_term_string"}}],"inLanguage":"pt-BR"},{"@type":"Person","@id":"https:\/\/www.p31noticias.com.br\/#\/schema\/person\/77d6b186c710ac38937c6ec204fdd387","name":"Reda\u00e7\u00e3o JBN","image":{"@type":"ImageObject","inLanguage":"pt-BR","@id":"https:\/\/secure.gravatar.com\/avatar\/10fcdb93211f98cce3d64c0795b0915a9a4a21dc0f279238995a3dbfafcad090?s=96&d=mm&r=g","url":"https:\/\/secure.gravatar.com\/avatar\/10fcdb93211f98cce3d64c0795b0915a9a4a21dc0f279238995a3dbfafcad090?s=96&d=mm&r=g","contentUrl":"https:\/\/secure.gravatar.com\/avatar\/10fcdb93211f98cce3d64c0795b0915a9a4a21dc0f279238995a3dbfafcad090?s=96&d=mm&r=g","caption":"Reda\u00e7\u00e3o JBN"},"sameAs":["https:\/\/p31noticias.com.br"],"url":"https:\/\/www.p31noticias.com.br\/?author=18"}]}},"amp_enabled":true,"_links":{"self":[{"href":"https:\/\/www.p31noticias.com.br\/index.php?rest_route=\/wp\/v2\/posts\/3260","targetHints":{"allow":["GET"]}}],"collection":[{"href":"https:\/\/www.p31noticias.com.br\/index.php?rest_route=\/wp\/v2\/posts"}],"about":[{"href":"https:\/\/www.p31noticias.com.br\/index.php?rest_route=\/wp\/v2\/types\/post"}],"author":[{"embeddable":true,"href":"https:\/\/www.p31noticias.com.br\/index.php?rest_route=\/wp\/v2\/users\/18"}],"replies":[{"embeddable":true,"href":"https:\/\/www.p31noticias.com.br\/index.php?rest_route=%2Fwp%2Fv2%2Fcomments&post=3260"}],"version-history":[{"count":0,"href":"https:\/\/www.p31noticias.com.br\/index.php?rest_route=\/wp\/v2\/posts\/3260\/revisions"}],"wp:featuredmedia":[{"embeddable":true,"href":"https:\/\/www.p31noticias.com.br\/index.php?rest_route=\/wp\/v2\/media\/3261"}],"wp:attachment":[{"href":"https:\/\/www.p31noticias.com.br\/index.php?rest_route=%2Fwp%2Fv2%2Fmedia&parent=3260"}],"wp:term":[{"taxonomy":"category","embeddable":true,"href":"https:\/\/www.p31noticias.com.br\/index.php?rest_route=%2Fwp%2Fv2%2Fcategories&post=3260"},{"taxonomy":"post_tag","embeddable":true,"href":"https:\/\/www.p31noticias.com.br\/index.php?rest_route=%2Fwp%2Fv2%2Ftags&post=3260"}],"curies":[{"name":"wp","href":"https:\/\/api.w.org\/{rel}","templated":true}]}}