{"id":3254,"date":"2019-09-26T10:20:44","date_gmt":"2019-09-26T13:20:44","guid":{"rendered":"https:\/\/juniortakamoto.com.br\/?p=3254"},"modified":"2019-09-26T10:20:44","modified_gmt":"2019-09-26T13:20:44","slug":"comunismo-e-nazismo-sao-maleficos","status":"publish","type":"post","link":"https:\/\/www.p31noticias.com.br\/?p=3254","title":{"rendered":"Parlamento Europeu afirma que comunismo e nazismo s\u00e3o igualmente mal\u00e9ficos"},"content":{"rendered":"<p>Uma<a href=\"http:\/\/www.europarl.europa.eu\/doceo\/document\/TA-9-2019-0021_PT.pdf\"><strong>\u00a0resolu\u00e7\u00e3o<\/strong><\/a>\u00a0aprovada pelo Parlamento Europeu em 18 de setembro, coloca comunismo e nazismo no mesmo n\u00edvel e afirma que os dois s\u00e3o igualmente mal\u00e9ficos.<\/p>\n<p>O texto, sobre a import\u00e2ncia da mem\u00f3ria europeia para o futuro da Europa, salienta que a Segunda Guerra Mundial foi o resultado imediato do pacto de n\u00e3o-agress\u00e3o germano-sovi\u00e9tico de 23 de agosto de 1939, tamb\u00e9m conhecido como Pacto Ribbentrop-Molotov.<\/p>\n<p>Recorda que os regimes nazista e comunista s\u00e3o respons\u00e1veis por massacres, genoc\u00eddio, deporta\u00e7\u00f5es, pela perda de vidas humanas e pela priva\u00e7\u00e3o da liberdade no s\u00e9culo XX, \u201cnuma escala nunca vista na hist\u00f3ria da humanidade\u201d e tamb\u00e9m relembra o criminoso holocausto provocado pelos nazistas.<\/p>\n<p>Al\u00e9m disso, condena os atos de agress\u00e3o, os crimes contra a humanidade e as viola\u00e7\u00f5es em massa dos direitos humanos causados pelo nazismo, comunismo e por outros regimes totalit\u00e1rios.<\/p>\n<p>A resolu\u00e7\u00e3o tamb\u00e9m exorta todos os Estados-Membros da UE a avaliarem os crimes e atos de agress\u00e3o perpetrados pelos regimes comunistas totalit\u00e1rios e pelo regime nazista.<\/p>\n<p>O texto cita a R\u00fassia, pa\u00eds que considera continuar sendo a maior v\u00edtima do totalitarismo comunista\u00a0 e exorta a sociedade russa \u201ca confrontar\u2011se com o seu tr\u00e1gico passado\u201d.<\/p>\n<p>Em oposi\u00e7\u00e3o \u00e0 resolu\u00e7\u00e3o da UE, o Minist\u00e9rio das Rela\u00e7\u00f5es Exteriores da R\u00fassia a rotulou como \u201crevisionismo politizado\u201d. A R\u00fassia reclamou que o texto n\u00e3o mencionava o Acordo de Munique de 1938 das pot\u00eancias ocidentais, que levou \u00e0 invas\u00e3o da Tchecoslov\u00e1quia pela Alemanha nazista.<\/p>\n<p><em>\u201cO Parlamento Europeu marcou mais uma tentativa ultrajante de igualar a Alemanha nazista \u2013 o pa\u00eds agressor \u2013 e a Uni\u00e3o Sovi\u00e9tica, cujos povos, \u00e0 custa de enormes sacrif\u00edcios, libertaram a Europa do fascismo\u201d<\/em>, afirmou o Minist\u00e9rio das Rela\u00e7\u00f5es Exteriores em comunicado.<\/p>\n<p>J\u00e1 a UE diz estar profundamente preocupada \u201ccom os esfor\u00e7os envidados pela atual lideran\u00e7a russa para distorcer os fatos hist\u00f3ricos e para \u2018branquear\u2019 os crimes cometidos pelo regime totalit\u00e1rio sovi\u00e9tico\u201d.<\/p>\n<p>Se preocupa ainda com o uso de s\u00edmbolos de regimes totalit\u00e1rios, pois em espa\u00e7os p\u00fablicos de alguns Estados-Membros e locais como parques, pra\u00e7as e ruas, permanecem monumentos que glorificam os caminhos totalit\u00e1rios, o que, segundo o parlamento, \u201cabre caminho \u00e0 distor\u00e7\u00e3o de fatos hist\u00f3ricos sobre as consequ\u00eancias da Segunda Guerra Mundial e \u00e0 propaga\u00e7\u00e3o do sistema pol\u00edtico totalit\u00e1rio\u201d.<\/p>\n<p><strong>Partidos comunistas reclamam<\/strong><\/p>\n<p>Para os partidos de esquerda, a resolu\u00e7\u00e3o falsifica a hist\u00f3ria, criminaliza o comunismo e distorce as coisas quando diz que URSS e Alemanha nazista foram respons\u00e1veis pela Segunda Guerra Mundial. Na vis\u00e3o deles,\u00a0a URSS foi a principal v\u00edtima da guerra.<\/p>\n<p>De acordo com o Partido Comunista Portugu\u00eas (PCP), \u201co texto aprovado promove as mais reacion\u00e1rias concep\u00e7\u00f5es e falsifica\u00e7\u00f5es da hist\u00f3ria contempor\u00e2nea, numa deplor\u00e1vel tentativa de equiparar fascismo e comunismo, minimizando e justificando os crimes do nazi-fascismo e silenciando as coniventes responsabilidades das grandes pot\u00eancias capitalistas, como o Reino Unido ou a Fran\u00e7a, que abriram caminho ao in\u00edcio da Segunda Guerra Mundial\u201d.<\/p>\n<p>O PCP tamb\u00e9m diz que a UE centraliza a compara\u00e7\u00e3o entre nazismo e comunismo, no contexto do Pacto Ribbentrop-Molotov e que \u201comite importantes comportamentos de toler\u00e2ncia, cumplicidade e alinhamento das grandes pot\u00eancias capitalistas com a ascens\u00e3o do fascismo em v\u00e1rios pa\u00edses europeus, motivados pelo combate ao ideal comunista e \u00e0s enormes realiza\u00e7\u00f5es e conquistas econ\u00f4micas e sociais alcan\u00e7adas pelos trabalhadores e os povos da URSS\u201d.<\/p>\n<p>Outra reclama\u00e7\u00e3o do partido \u00e9 que a resolu\u00e7\u00e3o pretende abrir caminho para a persegui\u00e7\u00e3o e proibi\u00e7\u00e3o de partidos comunistas e que por ser anti-comunista \u00e9 igualmente anti-democr\u00e1tica.<\/p>\n<p>E finalizam uma nota publicada no\u00a0<strong><a href=\"http:\/\/www.pcp.pt\/maioria-do-parlamento-europeu-promove-anti-comunismo-reescrita-da-historia\">portal<\/a><\/strong>\u00a0do partido dizendo:<\/p>\n<p>\u201cOs deputados do PCP no Parlamento Europeu denunciam esta grave tentativa de falsifica\u00e7\u00e3o hist\u00f3rica e manifesta\u00e7\u00e3o anti-comunista, que na sua ess\u00eancia \u00e9 igualmente anti-democr\u00e1tica\u201d e dizem que \u201cao mesmo tempo, reafirmam que n\u00e3o permitir\u00e3o o branqueamento do fascismo e a criminaliza\u00e7\u00e3o dos ideais e dos projetos comunistas\u201d.<\/p>\n","protected":false},"excerpt":{"rendered":"<p>Uma\u00a0resolu\u00e7\u00e3o\u00a0aprovada pelo Parlamento Europeu em 18 de setembro, coloca comunismo e nazismo no mesmo n\u00edvel e afirma que os dois s\u00e3o igualmente mal\u00e9ficos. O texto, sobre a import\u00e2ncia da mem\u00f3ria europeia para o futuro da Europa, salienta que a Segunda Guerra Mundial foi o resultado imediato do pacto de n\u00e3o-agress\u00e3o germano-sovi\u00e9tico de 23 de agosto [&hellip;]<\/p>\n","protected":false},"author":18,"featured_media":3255,"comment_status":"open","ping_status":"open","sticky":false,"template":"","format":"standard","meta":{"footnotes":""},"categories":[57],"tags":[244,245,246,183],"class_list":{"0":"post-3254","1":"post","2":"type-post","3":"status-publish","4":"format-standard","5":"has-post-thumbnail","7":"category-politica","8":"tag-comunismo","9":"tag-nazismo","10":"tag-nazismo-e-de-esquerda","11":"tag-socialismo"},"yoast_head":"<!-- This site is optimized with the Yoast SEO Premium plugin v24.5 (Yoast SEO v27.5) - https:\/\/yoast.com\/product\/yoast-seo-premium-wordpress\/ -->\n<title>Parlamento Europeu afirma que comunismo e nazismo s\u00e3o igualmente mal\u00e9ficos - P31<\/title>\n<meta name=\"description\" content=\"Uma\u00a0resolu\u00e7\u00e3o\u00a0aprovada pelo Parlamento Europeu em 18 de setembro, coloca comunismo e nazismo no mesmo n\u00edvel e afirma que os dois s\u00e3o igualmente mal\u00e9ficos.\" \/>\n<meta name=\"robots\" content=\"index, follow, max-snippet:-1, max-image-preview:large, max-video-preview:-1\" \/>\n<link rel=\"canonical\" href=\"https:\/\/www.p31noticias.com.br\/?p=3254\" \/>\n<meta property=\"og:locale\" content=\"pt_BR\" \/>\n<meta property=\"og:type\" content=\"article\" \/>\n<meta property=\"og:title\" content=\"Parlamento Europeu afirma que comunismo e nazismo s\u00e3o igualmente mal\u00e9ficos\" \/>\n<meta property=\"og:description\" content=\"Uma\u00a0resolu\u00e7\u00e3o\u00a0aprovada pelo Parlamento Europeu em 18 de setembro, coloca comunismo e nazismo no mesmo n\u00edvel e afirma que os dois s\u00e3o igualmente mal\u00e9ficos.\" \/>\n<meta property=\"og:url\" content=\"https:\/\/www.p31noticias.com.br\/?p=3254\" \/>\n<meta property=\"og:site_name\" content=\"P31\" \/>\n<meta property=\"article:published_time\" content=\"2019-09-26T13:20:44+00:00\" \/>\n<meta property=\"og:image\" content=\"https:\/\/www.p31noticias.com.br\/wp-content\/uploads\/2019\/09\/comunismo-fome-tirania-1.png\" \/>\n\t<meta property=\"og:image:width\" content=\"800\" \/>\n\t<meta property=\"og:image:height\" content=\"519\" \/>\n\t<meta property=\"og:image:type\" content=\"image\/png\" \/>\n<meta name=\"author\" content=\"Reda\u00e7\u00e3o JBN\" \/>\n<meta name=\"twitter:card\" content=\"summary_large_image\" \/>\n<meta name=\"twitter:label1\" content=\"Escrito por\" \/>\n\t<meta name=\"twitter:data1\" content=\"Reda\u00e7\u00e3o JBN\" \/>\n\t<meta name=\"twitter:label2\" content=\"Est. tempo de leitura\" \/>\n\t<meta name=\"twitter:data2\" content=\"4 minutos\" \/>\n<script type=\"application\/ld+json\" class=\"yoast-schema-graph\">{\"@context\":\"https:\\\/\\\/schema.org\",\"@graph\":[{\"@type\":\"Article\",\"@id\":\"https:\\\/\\\/www.p31noticias.com.br\\\/?p=3254#article\",\"isPartOf\":{\"@id\":\"https:\\\/\\\/www.p31noticias.com.br\\\/?p=3254\"},\"author\":{\"name\":\"Reda\u00e7\u00e3o JBN\",\"@id\":\"https:\\\/\\\/www.p31noticias.com.br\\\/#\\\/schema\\\/person\\\/77d6b186c710ac38937c6ec204fdd387\"},\"headline\":\"Parlamento Europeu afirma que comunismo e nazismo s\u00e3o igualmente mal\u00e9ficos\",\"datePublished\":\"2019-09-26T13:20:44+00:00\",\"mainEntityOfPage\":{\"@id\":\"https:\\\/\\\/www.p31noticias.com.br\\\/?p=3254\"},\"wordCount\":718,\"commentCount\":0,\"image\":{\"@id\":\"https:\\\/\\\/www.p31noticias.com.br\\\/?p=3254#primaryimage\"},\"thumbnailUrl\":\"https:\\\/\\\/www.p31noticias.com.br\\\/wp-content\\\/uploads\\\/2019\\\/09\\\/comunismo-fome-tirania-1.png\",\"keywords\":[\"comunismo\",\"nazismo\",\"Nazismo \u00e9 de esquerda\",\"socialismo\"],\"articleSection\":[\"Pol\u00edtica\"],\"inLanguage\":\"pt-BR\",\"potentialAction\":[{\"@type\":\"CommentAction\",\"name\":\"Comment\",\"target\":[\"https:\\\/\\\/www.p31noticias.com.br\\\/?p=3254#respond\"]}],\"copyrightYear\":\"2019\",\"copyrightHolder\":{\"@id\":\"https:\\\/\\\/www.p31noticias.com.br\\\/#organization\"}},{\"@type\":\"WebPage\",\"@id\":\"https:\\\/\\\/www.p31noticias.com.br\\\/?p=3254\",\"url\":\"https:\\\/\\\/www.p31noticias.com.br\\\/?p=3254\",\"name\":\"Parlamento Europeu afirma que comunismo e nazismo s\u00e3o igualmente mal\u00e9ficos - P31\",\"isPartOf\":{\"@id\":\"https:\\\/\\\/www.p31noticias.com.br\\\/#website\"},\"primaryImageOfPage\":{\"@id\":\"https:\\\/\\\/www.p31noticias.com.br\\\/?p=3254#primaryimage\"},\"image\":{\"@id\":\"https:\\\/\\\/www.p31noticias.com.br\\\/?p=3254#primaryimage\"},\"thumbnailUrl\":\"https:\\\/\\\/www.p31noticias.com.br\\\/wp-content\\\/uploads\\\/2019\\\/09\\\/comunismo-fome-tirania-1.png\",\"datePublished\":\"2019-09-26T13:20:44+00:00\",\"author\":{\"@id\":\"https:\\\/\\\/www.p31noticias.com.br\\\/#\\\/schema\\\/person\\\/77d6b186c710ac38937c6ec204fdd387\"},\"description\":\"Uma\u00a0resolu\u00e7\u00e3o\u00a0aprovada pelo Parlamento Europeu em 18 de setembro, coloca comunismo e nazismo no mesmo n\u00edvel e afirma que os dois s\u00e3o igualmente mal\u00e9ficos.\",\"breadcrumb\":{\"@id\":\"https:\\\/\\\/www.p31noticias.com.br\\\/?p=3254#breadcrumb\"},\"inLanguage\":\"pt-BR\",\"potentialAction\":[{\"@type\":\"ReadAction\",\"target\":[\"https:\\\/\\\/www.p31noticias.com.br\\\/?p=3254\"]}]},{\"@type\":\"ImageObject\",\"inLanguage\":\"pt-BR\",\"@id\":\"https:\\\/\\\/www.p31noticias.com.br\\\/?p=3254#primaryimage\",\"url\":\"https:\\\/\\\/www.p31noticias.com.br\\\/wp-content\\\/uploads\\\/2019\\\/09\\\/comunismo-fome-tirania-1.png\",\"contentUrl\":\"https:\\\/\\\/www.p31noticias.com.br\\\/wp-content\\\/uploads\\\/2019\\\/09\\\/comunismo-fome-tirania-1.png\",\"width\":800,\"height\":519,\"caption\":\"comunismo\"},{\"@type\":\"BreadcrumbList\",\"@id\":\"https:\\\/\\\/www.p31noticias.com.br\\\/?p=3254#breadcrumb\",\"itemListElement\":[{\"@type\":\"ListItem\",\"position\":1,\"name\":\"In\u00edcio\",\"item\":\"https:\\\/\\\/www.p31noticias.com.br\\\/\"},{\"@type\":\"ListItem\",\"position\":2,\"name\":\"Parlamento Europeu afirma que comunismo e nazismo s\u00e3o igualmente mal\u00e9ficos\"}]},{\"@type\":\"WebSite\",\"@id\":\"https:\\\/\\\/www.p31noticias.com.br\\\/#website\",\"url\":\"https:\\\/\\\/www.p31noticias.com.br\\\/\",\"name\":\"P31\",\"description\":\"NOT\u00cdCIAS\",\"potentialAction\":[{\"@type\":\"SearchAction\",\"target\":{\"@type\":\"EntryPoint\",\"urlTemplate\":\"https:\\\/\\\/www.p31noticias.com.br\\\/?s={search_term_string}\"},\"query-input\":{\"@type\":\"PropertyValueSpecification\",\"valueRequired\":true,\"valueName\":\"search_term_string\"}}],\"inLanguage\":\"pt-BR\"},{\"@type\":\"Person\",\"@id\":\"https:\\\/\\\/www.p31noticias.com.br\\\/#\\\/schema\\\/person\\\/77d6b186c710ac38937c6ec204fdd387\",\"name\":\"Reda\u00e7\u00e3o JBN\",\"image\":{\"@type\":\"ImageObject\",\"inLanguage\":\"pt-BR\",\"@id\":\"https:\\\/\\\/secure.gravatar.com\\\/avatar\\\/10fcdb93211f98cce3d64c0795b0915a9a4a21dc0f279238995a3dbfafcad090?s=96&d=mm&r=g\",\"url\":\"https:\\\/\\\/secure.gravatar.com\\\/avatar\\\/10fcdb93211f98cce3d64c0795b0915a9a4a21dc0f279238995a3dbfafcad090?s=96&d=mm&r=g\",\"contentUrl\":\"https:\\\/\\\/secure.gravatar.com\\\/avatar\\\/10fcdb93211f98cce3d64c0795b0915a9a4a21dc0f279238995a3dbfafcad090?s=96&d=mm&r=g\",\"caption\":\"Reda\u00e7\u00e3o JBN\"},\"sameAs\":[\"https:\\\/\\\/p31noticias.com.br\"],\"url\":\"https:\\\/\\\/www.p31noticias.com.br\\\/?author=18\"}]}<\/script>\n<!-- \/ Yoast SEO Premium plugin. -->","yoast_head_json":{"title":"Parlamento Europeu afirma que comunismo e nazismo s\u00e3o igualmente mal\u00e9ficos - P31","description":"Uma\u00a0resolu\u00e7\u00e3o\u00a0aprovada pelo Parlamento Europeu em 18 de setembro, coloca comunismo e nazismo no mesmo n\u00edvel e afirma que os dois s\u00e3o igualmente mal\u00e9ficos.","robots":{"index":"index","follow":"follow","max-snippet":"max-snippet:-1","max-image-preview":"max-image-preview:large","max-video-preview":"max-video-preview:-1"},"canonical":"https:\/\/www.p31noticias.com.br\/?p=3254","og_locale":"pt_BR","og_type":"article","og_title":"Parlamento Europeu afirma que comunismo e nazismo s\u00e3o igualmente mal\u00e9ficos","og_description":"Uma\u00a0resolu\u00e7\u00e3o\u00a0aprovada pelo Parlamento Europeu em 18 de setembro, coloca comunismo e nazismo no mesmo n\u00edvel e afirma que os dois s\u00e3o igualmente mal\u00e9ficos.","og_url":"https:\/\/www.p31noticias.com.br\/?p=3254","og_site_name":"P31","article_published_time":"2019-09-26T13:20:44+00:00","og_image":[{"width":800,"height":519,"url":"https:\/\/www.p31noticias.com.br\/wp-content\/uploads\/2019\/09\/comunismo-fome-tirania-1.png","type":"image\/png"}],"author":"Reda\u00e7\u00e3o JBN","twitter_card":"summary_large_image","twitter_misc":{"Escrito por":"Reda\u00e7\u00e3o JBN","Est. tempo de leitura":"4 minutos"},"schema":{"@context":"https:\/\/schema.org","@graph":[{"@type":"Article","@id":"https:\/\/www.p31noticias.com.br\/?p=3254#article","isPartOf":{"@id":"https:\/\/www.p31noticias.com.br\/?p=3254"},"author":{"name":"Reda\u00e7\u00e3o JBN","@id":"https:\/\/www.p31noticias.com.br\/#\/schema\/person\/77d6b186c710ac38937c6ec204fdd387"},"headline":"Parlamento Europeu afirma que comunismo e nazismo s\u00e3o igualmente mal\u00e9ficos","datePublished":"2019-09-26T13:20:44+00:00","mainEntityOfPage":{"@id":"https:\/\/www.p31noticias.com.br\/?p=3254"},"wordCount":718,"commentCount":0,"image":{"@id":"https:\/\/www.p31noticias.com.br\/?p=3254#primaryimage"},"thumbnailUrl":"https:\/\/www.p31noticias.com.br\/wp-content\/uploads\/2019\/09\/comunismo-fome-tirania-1.png","keywords":["comunismo","nazismo","Nazismo \u00e9 de esquerda","socialismo"],"articleSection":["Pol\u00edtica"],"inLanguage":"pt-BR","potentialAction":[{"@type":"CommentAction","name":"Comment","target":["https:\/\/www.p31noticias.com.br\/?p=3254#respond"]}],"copyrightYear":"2019","copyrightHolder":{"@id":"https:\/\/www.p31noticias.com.br\/#organization"}},{"@type":"WebPage","@id":"https:\/\/www.p31noticias.com.br\/?p=3254","url":"https:\/\/www.p31noticias.com.br\/?p=3254","name":"Parlamento Europeu afirma que comunismo e nazismo s\u00e3o igualmente mal\u00e9ficos - P31","isPartOf":{"@id":"https:\/\/www.p31noticias.com.br\/#website"},"primaryImageOfPage":{"@id":"https:\/\/www.p31noticias.com.br\/?p=3254#primaryimage"},"image":{"@id":"https:\/\/www.p31noticias.com.br\/?p=3254#primaryimage"},"thumbnailUrl":"https:\/\/www.p31noticias.com.br\/wp-content\/uploads\/2019\/09\/comunismo-fome-tirania-1.png","datePublished":"2019-09-26T13:20:44+00:00","author":{"@id":"https:\/\/www.p31noticias.com.br\/#\/schema\/person\/77d6b186c710ac38937c6ec204fdd387"},"description":"Uma\u00a0resolu\u00e7\u00e3o\u00a0aprovada pelo Parlamento Europeu em 18 de setembro, coloca comunismo e nazismo no mesmo n\u00edvel e afirma que os dois s\u00e3o igualmente mal\u00e9ficos.","breadcrumb":{"@id":"https:\/\/www.p31noticias.com.br\/?p=3254#breadcrumb"},"inLanguage":"pt-BR","potentialAction":[{"@type":"ReadAction","target":["https:\/\/www.p31noticias.com.br\/?p=3254"]}]},{"@type":"ImageObject","inLanguage":"pt-BR","@id":"https:\/\/www.p31noticias.com.br\/?p=3254#primaryimage","url":"https:\/\/www.p31noticias.com.br\/wp-content\/uploads\/2019\/09\/comunismo-fome-tirania-1.png","contentUrl":"https:\/\/www.p31noticias.com.br\/wp-content\/uploads\/2019\/09\/comunismo-fome-tirania-1.png","width":800,"height":519,"caption":"comunismo"},{"@type":"BreadcrumbList","@id":"https:\/\/www.p31noticias.com.br\/?p=3254#breadcrumb","itemListElement":[{"@type":"ListItem","position":1,"name":"In\u00edcio","item":"https:\/\/www.p31noticias.com.br\/"},{"@type":"ListItem","position":2,"name":"Parlamento Europeu afirma que comunismo e nazismo s\u00e3o igualmente mal\u00e9ficos"}]},{"@type":"WebSite","@id":"https:\/\/www.p31noticias.com.br\/#website","url":"https:\/\/www.p31noticias.com.br\/","name":"P31","description":"NOT\u00cdCIAS","potentialAction":[{"@type":"SearchAction","target":{"@type":"EntryPoint","urlTemplate":"https:\/\/www.p31noticias.com.br\/?s={search_term_string}"},"query-input":{"@type":"PropertyValueSpecification","valueRequired":true,"valueName":"search_term_string"}}],"inLanguage":"pt-BR"},{"@type":"Person","@id":"https:\/\/www.p31noticias.com.br\/#\/schema\/person\/77d6b186c710ac38937c6ec204fdd387","name":"Reda\u00e7\u00e3o JBN","image":{"@type":"ImageObject","inLanguage":"pt-BR","@id":"https:\/\/secure.gravatar.com\/avatar\/10fcdb93211f98cce3d64c0795b0915a9a4a21dc0f279238995a3dbfafcad090?s=96&d=mm&r=g","url":"https:\/\/secure.gravatar.com\/avatar\/10fcdb93211f98cce3d64c0795b0915a9a4a21dc0f279238995a3dbfafcad090?s=96&d=mm&r=g","contentUrl":"https:\/\/secure.gravatar.com\/avatar\/10fcdb93211f98cce3d64c0795b0915a9a4a21dc0f279238995a3dbfafcad090?s=96&d=mm&r=g","caption":"Reda\u00e7\u00e3o JBN"},"sameAs":["https:\/\/p31noticias.com.br"],"url":"https:\/\/www.p31noticias.com.br\/?author=18"}]}},"amp_enabled":true,"_links":{"self":[{"href":"https:\/\/www.p31noticias.com.br\/index.php?rest_route=\/wp\/v2\/posts\/3254","targetHints":{"allow":["GET"]}}],"collection":[{"href":"https:\/\/www.p31noticias.com.br\/index.php?rest_route=\/wp\/v2\/posts"}],"about":[{"href":"https:\/\/www.p31noticias.com.br\/index.php?rest_route=\/wp\/v2\/types\/post"}],"author":[{"embeddable":true,"href":"https:\/\/www.p31noticias.com.br\/index.php?rest_route=\/wp\/v2\/users\/18"}],"replies":[{"embeddable":true,"href":"https:\/\/www.p31noticias.com.br\/index.php?rest_route=%2Fwp%2Fv2%2Fcomments&post=3254"}],"version-history":[{"count":0,"href":"https:\/\/www.p31noticias.com.br\/index.php?rest_route=\/wp\/v2\/posts\/3254\/revisions"}],"wp:featuredmedia":[{"embeddable":true,"href":"https:\/\/www.p31noticias.com.br\/index.php?rest_route=\/wp\/v2\/media\/3255"}],"wp:attachment":[{"href":"https:\/\/www.p31noticias.com.br\/index.php?rest_route=%2Fwp%2Fv2%2Fmedia&parent=3254"}],"wp:term":[{"taxonomy":"category","embeddable":true,"href":"https:\/\/www.p31noticias.com.br\/index.php?rest_route=%2Fwp%2Fv2%2Fcategories&post=3254"},{"taxonomy":"post_tag","embeddable":true,"href":"https:\/\/www.p31noticias.com.br\/index.php?rest_route=%2Fwp%2Fv2%2Ftags&post=3254"}],"curies":[{"name":"wp","href":"https:\/\/api.w.org\/{rel}","templated":true}]}}