{"id":3248,"date":"2019-09-25T09:13:50","date_gmt":"2019-09-25T12:13:50","guid":{"rendered":"https:\/\/juniortakamoto.com.br\/?p=3248"},"modified":"2019-09-25T09:13:50","modified_gmt":"2019-09-25T12:13:50","slug":"presidente-bolsonaro","status":"publish","type":"post","link":"https:\/\/www.p31noticias.com.br\/?p=3248","title":{"rendered":"Presidente Bolsonaro na ONU enfatizou a economia, defendeu o livre com\u00e9rcio e liberdade religiosa."},"content":{"rendered":"<p>O discurso do presidente Jair Bolsonaro na 74\u00aa Assembleia das Na\u00e7\u00f5es Unidas tamb\u00e9m enfatizou a economia e defendeu o livre com\u00e9rcio, al\u00e9m da liberdade religiosa.<\/p>\n<p>De acordo com Bolsonaro, n\u00e3o pode haver liberdade pol\u00edtica sem que haja tamb\u00e9m liberdade econ\u00f4mica. O presidente lembrou que o livre mercado, as concess\u00f5es e as privatiza\u00e7\u00f5es j\u00e1 se fazem presentes hoje no Brasil.<\/p>\n<p>\u201cA economia est\u00e1 reagindo, ao romper os v\u00edcios e amarras de quase duas d\u00e9cadas de irresponsabilidade fiscal, aparelhamento do Estado e corrup\u00e7\u00e3o generalizada. A abertura, a gest\u00e3o competente e os ganhos de produtividade s\u00e3o objetivos imediatos do nosso governo\u201d, comentou.<\/p>\n<p>O Brasil, segundo ele, est\u00e1 abrindo a economia e se integrando \u00e0s cadeias globais de valor.\u00a0Ressaltou que em apenas oito meses, o pa\u00eds concluiu os dois maiores acordos comerciais da hist\u00f3ria, firmados entre o Mercosul e a Uni\u00e3o Europeia e entre o Mercosul e a \u00c1rea Europeia de Livre Com\u00e9rcio, o EFTA. \u201cPretendemos seguir adiante com v\u00e1rios outros acordos nos pr\u00f3ximos meses\u201d, afirmou.<\/p>\n<p>O Brasil tamb\u00e9m est\u00e1 pronto para iniciar o processo de ades\u00e3o \u00e0 Organiza\u00e7\u00e3o para a Coopera\u00e7\u00e3o e Desenvolvimento Econ\u00f4mico (OCDE). \u201cJ\u00e1 estamos adiantados, adotando as pr\u00e1ticas mundiais mais elevadas em todo os terrenos, desde a regula\u00e7\u00e3o financeira at\u00e9 a prote\u00e7\u00e3o ambiental\u201d, disse o presidente.<\/p>\n<p><b>Direitos Humanos<\/b><\/p>\n<p><b><\/b>Bolsonaro disse que o Brasil reafirma seu compromisso intransigente com os mais altos padr\u00f5es de direitos humanos, com a defesa da democracia e da liberdade, de express\u00e3o, religiosa e de imprensa. \u201c\u00c9 um compromisso que caminha junto com o combate \u00e0 corrup\u00e7\u00e3o e \u00e0 criminalidade, demandas urgentes da sociedade brasileira\u201d, enfatizou.<\/p>\n<p><b>Presidentes socialistas antecederam Bolsonaro<\/b><\/p>\n<p>Bolsonaro tamb\u00e9m lembrou dos governantes que todos os anos na ONU faziam discursos descompromissados, com temas que nunca atenderam aos reais interesses do Brasil nem contribu\u00edram para a estabilidade mundial e, mesmo assim, eram aplaudidos.<\/p>\n<p>\u201cH\u00e1 pouco, presidentes socialistas que me antecederam desviaram centenas de bilh\u00f5es de d\u00f3lares comprando parte da m\u00eddia e do parlamento, tudo por um projeto de poder absoluto\u201d, frisou. \u201cForam julgados e punidos gra\u00e7as ao patriotismo, perseveran\u00e7a e coragem de um juiz que \u00e9 s\u00edmbolo no meu pa\u00eds, o Dr. S\u00e9rgio Moro, nosso atual Ministro da Justi\u00e7a e Seguran\u00e7a P\u00fablica\u201d, acrescentou.<\/p>\n<p><b>Criminalidade<\/b><\/p>\n<p>Algo a respeito dos quase 70 mil homic\u00eddios e dos crimes violentos que, anualmente, massacravam a popula\u00e7\u00e3o brasileira precisava ser feito no pa\u00eds, disse Bolsonaro.<\/p>\n<p>\u201cA vida \u00e9 o mais b\u00e1sico dos direitos humanos. Nossos policiais militares eram o alvo preferencial do crime. S\u00f3 em 2017, cerca de 400 policiais militares foram cruelmente assassinados. Isso est\u00e1 mudando\u201d.<\/p>\n<p>Em meio ano de governo, o Brasil viu seus \u00edndices de homic\u00eddios serem reduzidos em\u00a0 foram tomadas e conseguimos reduzir em mais de 20%. As apreens\u00f5es de coca\u00edna e outras drogas atingiram n\u00edveis recorde. \u201cHoje o Brasil est\u00e1 mais seguro e ainda mais hospitaleiro\u201d.<\/p>\n<p><b>Persegui\u00e7\u00e3o religiosa<\/b><\/p>\n<p>Outro assunto que ganhou destaque no discurso do presidente foi a persegui\u00e7\u00e3o religiosa, que ele chamou de flagelo que devemos combater.<\/p>\n<p>\u201cNos \u00faltimos anos, testemunhamos, em diferentes regi\u00f5es, ataques covardes que vitimaram fi\u00e9is congregados em igrejas, sinagogas e mesquitas\u201d, destacou.<\/p>\n<p>O que preocupa o governo brasileiro, em particular, \u00e9 a crescente persegui\u00e7\u00e3o, a discrimina\u00e7\u00e3o e a viol\u00eancia contra mission\u00e1rios e minorias religiosas, em diferentes regi\u00f5es do mundo.<\/p>\n<p>\u201c\u00c9 inadmiss\u00edvel que, em pleno S\u00e9culo XXI, com tantos instrumentos, tratados e organismos com a finalidade de resguardar direitos de todo tipo e de toda sorte, ainda haja milh\u00f5es de crist\u00e3os e pessoas de outras religi\u00f5es que perdem sua vida ou sua liberdade em raz\u00e3o de sua f\u00e9\u201d, declarou.<\/p>\n<p><b>O Brasil em constru\u00e7\u00e3o<\/b><\/p>\n<p>Antes de embarcar para NY, o presidente havia dito que seu discurso iria mostrar ao mundo o Brasil em constru\u00e7\u00e3o.<\/p>\n<p>Para isso, destacou alguns marcos do governo at\u00e9 agora:<\/p>\n<p>A viagem para Davos, em janeiro, que mostrou programa de reformas brasileiro para investidores de todo o mundo;\u00a0A visita \u00e0 Washington em mar\u00e7o, onde lan\u00e7ou parceria com governo dos Estados Unidos para a coordena\u00e7\u00e3o pol\u00edtica e coopera\u00e7\u00e3o econ\u00f4mica e militar;\u00a0Ainda em mar\u00e7o, visita ao Chile, onde foi lan\u00e7ado o PROSUL, iniciativa para garantir que a Am\u00e9rica do Sul se consolide como um espa\u00e7o de democracia e de liberdade;\u00a0Depois, a visita a Israel, que identificou in\u00fameras oportunidades de coopera\u00e7\u00e3o em especial na \u00e1rea de tecnologia e seguran\u00e7a.<\/p>\n<p>De acordo com Bolsonaro, neste ano ainda ser\u00e3o visitados importantes parceiros asi\u00e1ticos, tanto no Extremo Oriente quanto no Oriente M\u00e9dio.<\/p>\n<p>\u201cO Brasil que represento \u00e9 um pa\u00eds que est\u00e1 se reerguendo, revigorando parcerias e reconquistando sua confian\u00e7a pol\u00edtica e economicamente\u201d.<\/p>\n<p><b>Ideologia e politicamente correto<\/b><\/p>\n<p>O presidente falou tamb\u00e9m sobre como a ideologia se instalou na cultura, na educa\u00e7\u00e3o, na m\u00eddia, dominando meios de comunica\u00e7\u00e3o, universidades, escolas e fam\u00edlias.<\/p>\n<p>Tamb\u00e9m frisou que o politicamente correto passou a dominar o debate p\u00fablico para expulsar a racionalidade e substitu\u00ed-la pela manipula\u00e7\u00e3o, pela repeti\u00e7\u00e3o de clich\u00eas e pelas palavras de ordem.<\/p>\n<p>\u201cA ONU pode ajudar a derrotar o ambiente materialista e ideol\u00f3gico que compromete alguns princ\u00edpios b\u00e1sicos da dignidade humana. Essa organiza\u00e7\u00e3o foi criada para promover a paz entre na\u00e7\u00f5es soberanas e o progresso social com liberdade, conforme o pre\u00e2mbulo de sua Carta\u201d. E enfatizou:\u00a0\u201cEsta n\u00e3o \u00e9 a Organiza\u00e7\u00e3o do Interesse Global, \u00c9 a Organiza\u00e7\u00e3o das Na\u00e7\u00f5es Unidas. E assim deve permanecer!\u201d, enfatizou.<\/p>\n<p>O presidente finalizou dizendo que o mundo poder\u00e1 contar com o novo Brasil que hoje ele apresentou.<\/p>\n","protected":false},"excerpt":{"rendered":"<p>O discurso do presidente Jair Bolsonaro na 74\u00aa Assembleia das Na\u00e7\u00f5es Unidas tamb\u00e9m enfatizou a economia e defendeu o livre com\u00e9rcio, al\u00e9m da liberdade religiosa. De acordo com Bolsonaro, n\u00e3o pode haver liberdade pol\u00edtica sem que haja tamb\u00e9m liberdade econ\u00f4mica. O presidente lembrou que o livre mercado, as concess\u00f5es e as privatiza\u00e7\u00f5es j\u00e1 se fazem [&hellip;]<\/p>\n","protected":false},"author":18,"featured_media":3249,"comment_status":"open","ping_status":"open","sticky":false,"template":"","format":"standard","meta":{"footnotes":""},"categories":[57],"tags":[239,240,237,167],"class_list":{"0":"post-3248","1":"post","2":"type-post","3":"status-publish","4":"format-standard","5":"has-post-thumbnail","7":"category-politica","8":"tag-74a-assembleia-das-nacoes-unidas","9":"tag-nacoes-unidas","10":"tag-onu","11":"tag-presidente-bolsonaro"},"yoast_head":"<!-- This site is optimized with the Yoast SEO Premium plugin v24.5 (Yoast SEO v27.5) - https:\/\/yoast.com\/product\/yoast-seo-premium-wordpress\/ -->\n<title>Presidente Bolsonaro na ONU enfatizou a economia, defendeu o livre com\u00e9rcio e liberdade religiosa. - P31<\/title>\n<meta name=\"description\" content=\"O discurso do presidente Jair Bolsonaro na 74\u00aa Assembleia das Na\u00e7\u00f5es Unidas tamb\u00e9m enfatizou a economia e defendeu o livre com\u00e9rcio, al\u00e9m da liberdade religiosa.\" \/>\n<meta name=\"robots\" content=\"index, follow, max-snippet:-1, max-image-preview:large, max-video-preview:-1\" \/>\n<link rel=\"canonical\" href=\"https:\/\/www.p31noticias.com.br\/?p=3248\" \/>\n<meta property=\"og:locale\" content=\"pt_BR\" \/>\n<meta property=\"og:type\" content=\"article\" \/>\n<meta property=\"og:title\" content=\"Presidente Bolsonaro na ONU enfatizou a economia, defendeu o livre com\u00e9rcio e liberdade religiosa.\" \/>\n<meta property=\"og:description\" content=\"O discurso do presidente Jair Bolsonaro na 74\u00aa Assembleia das Na\u00e7\u00f5es Unidas tamb\u00e9m enfatizou a economia e defendeu o livre com\u00e9rcio, al\u00e9m da liberdade religiosa.\" \/>\n<meta property=\"og:url\" content=\"https:\/\/www.p31noticias.com.br\/?p=3248\" \/>\n<meta property=\"og:site_name\" content=\"P31\" \/>\n<meta property=\"article:published_time\" content=\"2019-09-25T12:13:50+00:00\" \/>\n<meta property=\"og:image\" content=\"https:\/\/www.p31noticias.com.br\/wp-content\/uploads\/2019\/09\/24092019-74-sesso-da-assembleia-geral-das-naes-unidas_48787972938_o-1.jpg\" \/>\n\t<meta property=\"og:image:width\" content=\"1140\" \/>\n\t<meta property=\"og:image:height\" content=\"760\" \/>\n\t<meta property=\"og:image:type\" content=\"image\/jpeg\" \/>\n<meta name=\"author\" content=\"Reda\u00e7\u00e3o JBN\" \/>\n<meta name=\"twitter:card\" content=\"summary_large_image\" \/>\n<meta name=\"twitter:label1\" content=\"Escrito por\" \/>\n\t<meta name=\"twitter:data1\" content=\"Reda\u00e7\u00e3o JBN\" \/>\n\t<meta name=\"twitter:label2\" content=\"Est. tempo de leitura\" \/>\n\t<meta name=\"twitter:data2\" content=\"5 minutos\" \/>\n<script type=\"application\/ld+json\" class=\"yoast-schema-graph\">{\"@context\":\"https:\\\/\\\/schema.org\",\"@graph\":[{\"@type\":\"Article\",\"@id\":\"https:\\\/\\\/www.p31noticias.com.br\\\/?p=3248#article\",\"isPartOf\":{\"@id\":\"https:\\\/\\\/www.p31noticias.com.br\\\/?p=3248\"},\"author\":{\"name\":\"Reda\u00e7\u00e3o JBN\",\"@id\":\"https:\\\/\\\/www.p31noticias.com.br\\\/#\\\/schema\\\/person\\\/77d6b186c710ac38937c6ec204fdd387\"},\"headline\":\"Presidente Bolsonaro na ONU enfatizou a economia, defendeu o livre com\u00e9rcio e liberdade religiosa.\",\"datePublished\":\"2019-09-25T12:13:50+00:00\",\"mainEntityOfPage\":{\"@id\":\"https:\\\/\\\/www.p31noticias.com.br\\\/?p=3248\"},\"wordCount\":986,\"commentCount\":0,\"image\":{\"@id\":\"https:\\\/\\\/www.p31noticias.com.br\\\/?p=3248#primaryimage\"},\"thumbnailUrl\":\"https:\\\/\\\/www.p31noticias.com.br\\\/wp-content\\\/uploads\\\/2019\\\/09\\\/24092019-74-sesso-da-assembleia-geral-das-naes-unidas_48787972938_o-1.jpg\",\"keywords\":[\"74\u00aa Assembleia das Na\u00e7\u00f5es Unidas\",\"na\u00e7\u00f5es unidas\",\"ONU\",\"presidente bolsonaro\"],\"articleSection\":[\"Pol\u00edtica\"],\"inLanguage\":\"pt-BR\",\"potentialAction\":[{\"@type\":\"CommentAction\",\"name\":\"Comment\",\"target\":[\"https:\\\/\\\/www.p31noticias.com.br\\\/?p=3248#respond\"]}],\"copyrightYear\":\"2019\",\"copyrightHolder\":{\"@id\":\"https:\\\/\\\/www.p31noticias.com.br\\\/#organization\"}},{\"@type\":\"WebPage\",\"@id\":\"https:\\\/\\\/www.p31noticias.com.br\\\/?p=3248\",\"url\":\"https:\\\/\\\/www.p31noticias.com.br\\\/?p=3248\",\"name\":\"Presidente Bolsonaro na ONU enfatizou a economia, defendeu o livre com\u00e9rcio e liberdade religiosa. - P31\",\"isPartOf\":{\"@id\":\"https:\\\/\\\/www.p31noticias.com.br\\\/#website\"},\"primaryImageOfPage\":{\"@id\":\"https:\\\/\\\/www.p31noticias.com.br\\\/?p=3248#primaryimage\"},\"image\":{\"@id\":\"https:\\\/\\\/www.p31noticias.com.br\\\/?p=3248#primaryimage\"},\"thumbnailUrl\":\"https:\\\/\\\/www.p31noticias.com.br\\\/wp-content\\\/uploads\\\/2019\\\/09\\\/24092019-74-sesso-da-assembleia-geral-das-naes-unidas_48787972938_o-1.jpg\",\"datePublished\":\"2019-09-25T12:13:50+00:00\",\"author\":{\"@id\":\"https:\\\/\\\/www.p31noticias.com.br\\\/#\\\/schema\\\/person\\\/77d6b186c710ac38937c6ec204fdd387\"},\"description\":\"O discurso do presidente Jair Bolsonaro na 74\u00aa Assembleia das Na\u00e7\u00f5es Unidas tamb\u00e9m enfatizou a economia e defendeu o livre com\u00e9rcio, al\u00e9m da liberdade religiosa.\",\"breadcrumb\":{\"@id\":\"https:\\\/\\\/www.p31noticias.com.br\\\/?p=3248#breadcrumb\"},\"inLanguage\":\"pt-BR\",\"potentialAction\":[{\"@type\":\"ReadAction\",\"target\":[\"https:\\\/\\\/www.p31noticias.com.br\\\/?p=3248\"]}]},{\"@type\":\"ImageObject\",\"inLanguage\":\"pt-BR\",\"@id\":\"https:\\\/\\\/www.p31noticias.com.br\\\/?p=3248#primaryimage\",\"url\":\"https:\\\/\\\/www.p31noticias.com.br\\\/wp-content\\\/uploads\\\/2019\\\/09\\\/24092019-74-sesso-da-assembleia-geral-das-naes-unidas_48787972938_o-1.jpg\",\"contentUrl\":\"https:\\\/\\\/www.p31noticias.com.br\\\/wp-content\\\/uploads\\\/2019\\\/09\\\/24092019-74-sesso-da-assembleia-geral-das-naes-unidas_48787972938_o-1.jpg\",\"width\":1140,\"height\":760,\"caption\":\"Presidente da Rep\u00fablica, Jair Bolsonaro, discursa durante a abertura do Debate Geral da 74\u00aa Sess\u00e3o da Assembleia Geral das Na\u00e7\u00f5es Unidas\"},{\"@type\":\"BreadcrumbList\",\"@id\":\"https:\\\/\\\/www.p31noticias.com.br\\\/?p=3248#breadcrumb\",\"itemListElement\":[{\"@type\":\"ListItem\",\"position\":1,\"name\":\"In\u00edcio\",\"item\":\"https:\\\/\\\/www.p31noticias.com.br\\\/\"},{\"@type\":\"ListItem\",\"position\":2,\"name\":\"Presidente Bolsonaro na ONU enfatizou a economia, defendeu o livre com\u00e9rcio e liberdade religiosa.\"}]},{\"@type\":\"WebSite\",\"@id\":\"https:\\\/\\\/www.p31noticias.com.br\\\/#website\",\"url\":\"https:\\\/\\\/www.p31noticias.com.br\\\/\",\"name\":\"P31\",\"description\":\"NOT\u00cdCIAS\",\"potentialAction\":[{\"@type\":\"SearchAction\",\"target\":{\"@type\":\"EntryPoint\",\"urlTemplate\":\"https:\\\/\\\/www.p31noticias.com.br\\\/?s={search_term_string}\"},\"query-input\":{\"@type\":\"PropertyValueSpecification\",\"valueRequired\":true,\"valueName\":\"search_term_string\"}}],\"inLanguage\":\"pt-BR\"},{\"@type\":\"Person\",\"@id\":\"https:\\\/\\\/www.p31noticias.com.br\\\/#\\\/schema\\\/person\\\/77d6b186c710ac38937c6ec204fdd387\",\"name\":\"Reda\u00e7\u00e3o JBN\",\"image\":{\"@type\":\"ImageObject\",\"inLanguage\":\"pt-BR\",\"@id\":\"https:\\\/\\\/secure.gravatar.com\\\/avatar\\\/10fcdb93211f98cce3d64c0795b0915a9a4a21dc0f279238995a3dbfafcad090?s=96&d=mm&r=g\",\"url\":\"https:\\\/\\\/secure.gravatar.com\\\/avatar\\\/10fcdb93211f98cce3d64c0795b0915a9a4a21dc0f279238995a3dbfafcad090?s=96&d=mm&r=g\",\"contentUrl\":\"https:\\\/\\\/secure.gravatar.com\\\/avatar\\\/10fcdb93211f98cce3d64c0795b0915a9a4a21dc0f279238995a3dbfafcad090?s=96&d=mm&r=g\",\"caption\":\"Reda\u00e7\u00e3o JBN\"},\"sameAs\":[\"https:\\\/\\\/p31noticias.com.br\"],\"url\":\"https:\\\/\\\/www.p31noticias.com.br\\\/?author=18\"}]}<\/script>\n<!-- \/ Yoast SEO Premium plugin. -->","yoast_head_json":{"title":"Presidente Bolsonaro na ONU enfatizou a economia, defendeu o livre com\u00e9rcio e liberdade religiosa. - P31","description":"O discurso do presidente Jair Bolsonaro na 74\u00aa Assembleia das Na\u00e7\u00f5es Unidas tamb\u00e9m enfatizou a economia e defendeu o livre com\u00e9rcio, al\u00e9m da liberdade religiosa.","robots":{"index":"index","follow":"follow","max-snippet":"max-snippet:-1","max-image-preview":"max-image-preview:large","max-video-preview":"max-video-preview:-1"},"canonical":"https:\/\/www.p31noticias.com.br\/?p=3248","og_locale":"pt_BR","og_type":"article","og_title":"Presidente Bolsonaro na ONU enfatizou a economia, defendeu o livre com\u00e9rcio e liberdade religiosa.","og_description":"O discurso do presidente Jair Bolsonaro na 74\u00aa Assembleia das Na\u00e7\u00f5es Unidas tamb\u00e9m enfatizou a economia e defendeu o livre com\u00e9rcio, al\u00e9m da liberdade religiosa.","og_url":"https:\/\/www.p31noticias.com.br\/?p=3248","og_site_name":"P31","article_published_time":"2019-09-25T12:13:50+00:00","og_image":[{"width":1140,"height":760,"url":"https:\/\/www.p31noticias.com.br\/wp-content\/uploads\/2019\/09\/24092019-74-sesso-da-assembleia-geral-das-naes-unidas_48787972938_o-1.jpg","type":"image\/jpeg"}],"author":"Reda\u00e7\u00e3o JBN","twitter_card":"summary_large_image","twitter_misc":{"Escrito por":"Reda\u00e7\u00e3o JBN","Est. tempo de leitura":"5 minutos"},"schema":{"@context":"https:\/\/schema.org","@graph":[{"@type":"Article","@id":"https:\/\/www.p31noticias.com.br\/?p=3248#article","isPartOf":{"@id":"https:\/\/www.p31noticias.com.br\/?p=3248"},"author":{"name":"Reda\u00e7\u00e3o JBN","@id":"https:\/\/www.p31noticias.com.br\/#\/schema\/person\/77d6b186c710ac38937c6ec204fdd387"},"headline":"Presidente Bolsonaro na ONU enfatizou a economia, defendeu o livre com\u00e9rcio e liberdade religiosa.","datePublished":"2019-09-25T12:13:50+00:00","mainEntityOfPage":{"@id":"https:\/\/www.p31noticias.com.br\/?p=3248"},"wordCount":986,"commentCount":0,"image":{"@id":"https:\/\/www.p31noticias.com.br\/?p=3248#primaryimage"},"thumbnailUrl":"https:\/\/www.p31noticias.com.br\/wp-content\/uploads\/2019\/09\/24092019-74-sesso-da-assembleia-geral-das-naes-unidas_48787972938_o-1.jpg","keywords":["74\u00aa Assembleia das Na\u00e7\u00f5es Unidas","na\u00e7\u00f5es unidas","ONU","presidente bolsonaro"],"articleSection":["Pol\u00edtica"],"inLanguage":"pt-BR","potentialAction":[{"@type":"CommentAction","name":"Comment","target":["https:\/\/www.p31noticias.com.br\/?p=3248#respond"]}],"copyrightYear":"2019","copyrightHolder":{"@id":"https:\/\/www.p31noticias.com.br\/#organization"}},{"@type":"WebPage","@id":"https:\/\/www.p31noticias.com.br\/?p=3248","url":"https:\/\/www.p31noticias.com.br\/?p=3248","name":"Presidente Bolsonaro na ONU enfatizou a economia, defendeu o livre com\u00e9rcio e liberdade religiosa. - P31","isPartOf":{"@id":"https:\/\/www.p31noticias.com.br\/#website"},"primaryImageOfPage":{"@id":"https:\/\/www.p31noticias.com.br\/?p=3248#primaryimage"},"image":{"@id":"https:\/\/www.p31noticias.com.br\/?p=3248#primaryimage"},"thumbnailUrl":"https:\/\/www.p31noticias.com.br\/wp-content\/uploads\/2019\/09\/24092019-74-sesso-da-assembleia-geral-das-naes-unidas_48787972938_o-1.jpg","datePublished":"2019-09-25T12:13:50+00:00","author":{"@id":"https:\/\/www.p31noticias.com.br\/#\/schema\/person\/77d6b186c710ac38937c6ec204fdd387"},"description":"O discurso do presidente Jair Bolsonaro na 74\u00aa Assembleia das Na\u00e7\u00f5es Unidas tamb\u00e9m enfatizou a economia e defendeu o livre com\u00e9rcio, al\u00e9m da liberdade religiosa.","breadcrumb":{"@id":"https:\/\/www.p31noticias.com.br\/?p=3248#breadcrumb"},"inLanguage":"pt-BR","potentialAction":[{"@type":"ReadAction","target":["https:\/\/www.p31noticias.com.br\/?p=3248"]}]},{"@type":"ImageObject","inLanguage":"pt-BR","@id":"https:\/\/www.p31noticias.com.br\/?p=3248#primaryimage","url":"https:\/\/www.p31noticias.com.br\/wp-content\/uploads\/2019\/09\/24092019-74-sesso-da-assembleia-geral-das-naes-unidas_48787972938_o-1.jpg","contentUrl":"https:\/\/www.p31noticias.com.br\/wp-content\/uploads\/2019\/09\/24092019-74-sesso-da-assembleia-geral-das-naes-unidas_48787972938_o-1.jpg","width":1140,"height":760,"caption":"Presidente da Rep\u00fablica, Jair Bolsonaro, discursa durante a abertura do Debate Geral da 74\u00aa Sess\u00e3o da Assembleia Geral das Na\u00e7\u00f5es Unidas"},{"@type":"BreadcrumbList","@id":"https:\/\/www.p31noticias.com.br\/?p=3248#breadcrumb","itemListElement":[{"@type":"ListItem","position":1,"name":"In\u00edcio","item":"https:\/\/www.p31noticias.com.br\/"},{"@type":"ListItem","position":2,"name":"Presidente Bolsonaro na ONU enfatizou a economia, defendeu o livre com\u00e9rcio e liberdade religiosa."}]},{"@type":"WebSite","@id":"https:\/\/www.p31noticias.com.br\/#website","url":"https:\/\/www.p31noticias.com.br\/","name":"P31","description":"NOT\u00cdCIAS","potentialAction":[{"@type":"SearchAction","target":{"@type":"EntryPoint","urlTemplate":"https:\/\/www.p31noticias.com.br\/?s={search_term_string}"},"query-input":{"@type":"PropertyValueSpecification","valueRequired":true,"valueName":"search_term_string"}}],"inLanguage":"pt-BR"},{"@type":"Person","@id":"https:\/\/www.p31noticias.com.br\/#\/schema\/person\/77d6b186c710ac38937c6ec204fdd387","name":"Reda\u00e7\u00e3o JBN","image":{"@type":"ImageObject","inLanguage":"pt-BR","@id":"https:\/\/secure.gravatar.com\/avatar\/10fcdb93211f98cce3d64c0795b0915a9a4a21dc0f279238995a3dbfafcad090?s=96&d=mm&r=g","url":"https:\/\/secure.gravatar.com\/avatar\/10fcdb93211f98cce3d64c0795b0915a9a4a21dc0f279238995a3dbfafcad090?s=96&d=mm&r=g","contentUrl":"https:\/\/secure.gravatar.com\/avatar\/10fcdb93211f98cce3d64c0795b0915a9a4a21dc0f279238995a3dbfafcad090?s=96&d=mm&r=g","caption":"Reda\u00e7\u00e3o JBN"},"sameAs":["https:\/\/p31noticias.com.br"],"url":"https:\/\/www.p31noticias.com.br\/?author=18"}]}},"amp_enabled":true,"_links":{"self":[{"href":"https:\/\/www.p31noticias.com.br\/index.php?rest_route=\/wp\/v2\/posts\/3248","targetHints":{"allow":["GET"]}}],"collection":[{"href":"https:\/\/www.p31noticias.com.br\/index.php?rest_route=\/wp\/v2\/posts"}],"about":[{"href":"https:\/\/www.p31noticias.com.br\/index.php?rest_route=\/wp\/v2\/types\/post"}],"author":[{"embeddable":true,"href":"https:\/\/www.p31noticias.com.br\/index.php?rest_route=\/wp\/v2\/users\/18"}],"replies":[{"embeddable":true,"href":"https:\/\/www.p31noticias.com.br\/index.php?rest_route=%2Fwp%2Fv2%2Fcomments&post=3248"}],"version-history":[{"count":0,"href":"https:\/\/www.p31noticias.com.br\/index.php?rest_route=\/wp\/v2\/posts\/3248\/revisions"}],"wp:featuredmedia":[{"embeddable":true,"href":"https:\/\/www.p31noticias.com.br\/index.php?rest_route=\/wp\/v2\/media\/3249"}],"wp:attachment":[{"href":"https:\/\/www.p31noticias.com.br\/index.php?rest_route=%2Fwp%2Fv2%2Fmedia&parent=3248"}],"wp:term":[{"taxonomy":"category","embeddable":true,"href":"https:\/\/www.p31noticias.com.br\/index.php?rest_route=%2Fwp%2Fv2%2Fcategories&post=3248"},{"taxonomy":"post_tag","embeddable":true,"href":"https:\/\/www.p31noticias.com.br\/index.php?rest_route=%2Fwp%2Fv2%2Ftags&post=3248"}],"curies":[{"name":"wp","href":"https:\/\/api.w.org\/{rel}","templated":true}]}}