{"id":3245,"date":"2019-09-25T09:04:12","date_gmt":"2019-09-25T12:04:12","guid":{"rendered":"https:\/\/juniortakamoto.com.br\/?p=3245"},"modified":"2019-09-25T09:04:12","modified_gmt":"2019-09-25T12:04:12","slug":"bolsonaro-denuncia-foro-de-sao-paulo-na-onu","status":"publish","type":"post","link":"https:\/\/www.p31noticias.com.br\/?p=3245","title":{"rendered":"Bolsonaro denuncia Foro de S\u00e3o Paulo na ONU"},"content":{"rendered":"<p>O presidente Jair Bolsonaro iniciou seu discurso hist\u00f3rico na 74\u00aa Assembleia Geral da ONU lembrando que o j\u00e1 Brasil esteve \u00e0 beira do socialismo.<\/p>\n<p>Ele falou de como o PT e a esquerda destru\u00edram o pa\u00eds, lembrando que em 2013, um acordo entre o governo petista e a ditadura cubana trouxe ao pa\u00eds 10 mil m\u00e9dicos sem nenhuma comprova\u00e7\u00e3o profissional. \u201cForam impedidos de trazer c\u00f4njuges e filhos, tiveram 75% de seus sal\u00e1rios confiscados pelo regime\u201d.<\/p>\n<p>Enfatizou que era um trabalho escravo, respaldado por entidades de direitos humanos do Brasil e da ONU e que antes mesmo de ele assumir o governo, quase 90% destes m\u00e9dicos deixaram o Brasil, por a\u00e7\u00e3o unilateral do regime cubano.<\/p>\n<p>Disse ainda: \u201cO socialismo est\u00e1 dando certo na Venezuela: todos est\u00e3o pobres e sem liberdade.\u201d<\/p>\n<p>O \u00e1pice do discurso foi quando o chefe do executivo brasileiro DENUNCIOU o Foro de S\u00e3o Paulo: \u201cOrganiza\u00e7\u00e3o criminosa, criada em 90, por Fidel Castro, Lula e Chavez, para difundir e implementar o socialismo na Am\u00e9rica Latina, ainda continua vivo e tem que ser COMBATIDO\u201d.<\/p>\n<p>O presidente ainda defendeu o livre-mercado, condenou o socialismo, defendeu a soberania nacional e denunciou o indigenismo manipulador de organiza\u00e7\u00f5es estrangeiras.<\/p>\n<div class=\"herald-ad\"><\/div>\n","protected":false},"excerpt":{"rendered":"<p>O presidente Jair Bolsonaro iniciou seu discurso hist\u00f3rico na 74\u00aa Assembleia Geral da ONU lembrando que o j\u00e1 Brasil esteve \u00e0 beira do socialismo. Ele falou de como o PT e a esquerda destru\u00edram o pa\u00eds, lembrando que em 2013, um acordo entre o governo petista e a ditadura cubana trouxe ao pa\u00eds 10 mil [&hellip;]<\/p>\n","protected":false},"author":18,"featured_media":3246,"comment_status":"open","ping_status":"open","sticky":false,"template":"","format":"standard","meta":{"footnotes":""},"categories":[57],"tags":[237,238],"class_list":{"0":"post-3245","1":"post","2":"type-post","3":"status-publish","4":"format-standard","5":"has-post-thumbnail","7":"category-politica","8":"tag-onu","9":"tag-presidente-jair-bolsonaro"},"yoast_head":"<!-- This site is optimized with the Yoast SEO Premium plugin v24.5 (Yoast SEO v27.5) - https:\/\/yoast.com\/product\/yoast-seo-premium-wordpress\/ -->\n<title>Bolsonaro denuncia Foro de S\u00e3o Paulo na ONU - P31<\/title>\n<meta name=\"description\" content=\"presidente Jair Bolsonaro iniciou seu discurso hist\u00f3rico na 74\u00aa Assembleia Geral da ONU lembrando que o j\u00e1 Brasil esteve \u00e0 beira do socialismo.\" \/>\n<meta name=\"robots\" content=\"index, follow, max-snippet:-1, max-image-preview:large, max-video-preview:-1\" \/>\n<link rel=\"canonical\" href=\"https:\/\/www.p31noticias.com.br\/?p=3245\" \/>\n<meta property=\"og:locale\" content=\"pt_BR\" \/>\n<meta property=\"og:type\" content=\"article\" \/>\n<meta property=\"og:title\" content=\"Bolsonaro denuncia Foro de S\u00e3o Paulo na ONU\" \/>\n<meta property=\"og:description\" content=\"presidente Jair Bolsonaro iniciou seu discurso hist\u00f3rico na 74\u00aa Assembleia Geral da ONU lembrando que o j\u00e1 Brasil esteve \u00e0 beira do socialismo.\" \/>\n<meta property=\"og:url\" content=\"https:\/\/www.p31noticias.com.br\/?p=3245\" \/>\n<meta property=\"og:site_name\" content=\"P31\" \/>\n<meta property=\"article:published_time\" content=\"2019-09-25T12:04:12+00:00\" \/>\n<meta property=\"og:image\" content=\"https:\/\/www.p31noticias.com.br\/wp-content\/uploads\/2019\/09\/x84767902_Nova-YorkEUA-24-09-2018-Presidente-da-Republica-Jair-Bolsonaro-discursa-durante-a-ab-1.jpg.pagespeed.ic_.XtggUh6biv-1.jpg\" \/>\n\t<meta property=\"og:image:width\" content=\"1086\" \/>\n\t<meta property=\"og:image:height\" content=\"652\" \/>\n\t<meta property=\"og:image:type\" content=\"image\/jpeg\" \/>\n<meta name=\"author\" content=\"Reda\u00e7\u00e3o JBN\" \/>\n<meta name=\"twitter:card\" content=\"summary_large_image\" \/>\n<meta name=\"twitter:label1\" content=\"Escrito por\" \/>\n\t<meta name=\"twitter:data1\" content=\"Reda\u00e7\u00e3o JBN\" \/>\n\t<meta name=\"twitter:label2\" content=\"Est. tempo de leitura\" \/>\n\t<meta name=\"twitter:data2\" content=\"1 minuto\" \/>\n<script type=\"application\/ld+json\" class=\"yoast-schema-graph\">{\"@context\":\"https:\\\/\\\/schema.org\",\"@graph\":[{\"@type\":\"Article\",\"@id\":\"https:\\\/\\\/www.p31noticias.com.br\\\/?p=3245#article\",\"isPartOf\":{\"@id\":\"https:\\\/\\\/www.p31noticias.com.br\\\/?p=3245\"},\"author\":{\"name\":\"Reda\u00e7\u00e3o JBN\",\"@id\":\"https:\\\/\\\/www.p31noticias.com.br\\\/#\\\/schema\\\/person\\\/77d6b186c710ac38937c6ec204fdd387\"},\"headline\":\"Bolsonaro denuncia Foro de S\u00e3o Paulo na ONU\",\"datePublished\":\"2019-09-25T12:04:12+00:00\",\"mainEntityOfPage\":{\"@id\":\"https:\\\/\\\/www.p31noticias.com.br\\\/?p=3245\"},\"wordCount\":212,\"commentCount\":0,\"image\":{\"@id\":\"https:\\\/\\\/www.p31noticias.com.br\\\/?p=3245#primaryimage\"},\"thumbnailUrl\":\"https:\\\/\\\/www.p31noticias.com.br\\\/wp-content\\\/uploads\\\/2019\\\/09\\\/x84767902_Nova-YorkEUA-24-09-2018-Presidente-da-Republica-Jair-Bolsonaro-discursa-durante-a-ab-1.jpg.pagespeed.ic_.XtggUh6biv-1.jpg\",\"keywords\":[\"ONU\",\"presidente Jair Bolsonaro\"],\"articleSection\":[\"Pol\u00edtica\"],\"inLanguage\":\"pt-BR\",\"potentialAction\":[{\"@type\":\"CommentAction\",\"name\":\"Comment\",\"target\":[\"https:\\\/\\\/www.p31noticias.com.br\\\/?p=3245#respond\"]}],\"copyrightYear\":\"2019\",\"copyrightHolder\":{\"@id\":\"https:\\\/\\\/www.p31noticias.com.br\\\/#organization\"}},{\"@type\":\"WebPage\",\"@id\":\"https:\\\/\\\/www.p31noticias.com.br\\\/?p=3245\",\"url\":\"https:\\\/\\\/www.p31noticias.com.br\\\/?p=3245\",\"name\":\"Bolsonaro denuncia Foro de S\u00e3o Paulo na ONU - P31\",\"isPartOf\":{\"@id\":\"https:\\\/\\\/www.p31noticias.com.br\\\/#website\"},\"primaryImageOfPage\":{\"@id\":\"https:\\\/\\\/www.p31noticias.com.br\\\/?p=3245#primaryimage\"},\"image\":{\"@id\":\"https:\\\/\\\/www.p31noticias.com.br\\\/?p=3245#primaryimage\"},\"thumbnailUrl\":\"https:\\\/\\\/www.p31noticias.com.br\\\/wp-content\\\/uploads\\\/2019\\\/09\\\/x84767902_Nova-YorkEUA-24-09-2018-Presidente-da-Republica-Jair-Bolsonaro-discursa-durante-a-ab-1.jpg.pagespeed.ic_.XtggUh6biv-1.jpg\",\"datePublished\":\"2019-09-25T12:04:12+00:00\",\"author\":{\"@id\":\"https:\\\/\\\/www.p31noticias.com.br\\\/#\\\/schema\\\/person\\\/77d6b186c710ac38937c6ec204fdd387\"},\"description\":\"presidente Jair Bolsonaro iniciou seu discurso hist\u00f3rico na 74\u00aa Assembleia Geral da ONU lembrando que o j\u00e1 Brasil esteve \u00e0 beira do socialismo.\",\"breadcrumb\":{\"@id\":\"https:\\\/\\\/www.p31noticias.com.br\\\/?p=3245#breadcrumb\"},\"inLanguage\":\"pt-BR\",\"potentialAction\":[{\"@type\":\"ReadAction\",\"target\":[\"https:\\\/\\\/www.p31noticias.com.br\\\/?p=3245\"]}]},{\"@type\":\"ImageObject\",\"inLanguage\":\"pt-BR\",\"@id\":\"https:\\\/\\\/www.p31noticias.com.br\\\/?p=3245#primaryimage\",\"url\":\"https:\\\/\\\/www.p31noticias.com.br\\\/wp-content\\\/uploads\\\/2019\\\/09\\\/x84767902_Nova-YorkEUA-24-09-2018-Presidente-da-Republica-Jair-Bolsonaro-discursa-durante-a-ab-1.jpg.pagespeed.ic_.XtggUh6biv-1.jpg\",\"contentUrl\":\"https:\\\/\\\/www.p31noticias.com.br\\\/wp-content\\\/uploads\\\/2019\\\/09\\\/x84767902_Nova-YorkEUA-24-09-2018-Presidente-da-Republica-Jair-Bolsonaro-discursa-durante-a-ab-1.jpg.pagespeed.ic_.XtggUh6biv-1.jpg\",\"width\":1086,\"height\":652,\"caption\":\"presidente Jair Bolsonaro\"},{\"@type\":\"BreadcrumbList\",\"@id\":\"https:\\\/\\\/www.p31noticias.com.br\\\/?p=3245#breadcrumb\",\"itemListElement\":[{\"@type\":\"ListItem\",\"position\":1,\"name\":\"In\u00edcio\",\"item\":\"https:\\\/\\\/www.p31noticias.com.br\\\/\"},{\"@type\":\"ListItem\",\"position\":2,\"name\":\"Bolsonaro denuncia Foro de S\u00e3o Paulo na ONU\"}]},{\"@type\":\"WebSite\",\"@id\":\"https:\\\/\\\/www.p31noticias.com.br\\\/#website\",\"url\":\"https:\\\/\\\/www.p31noticias.com.br\\\/\",\"name\":\"P31\",\"description\":\"NOT\u00cdCIAS\",\"potentialAction\":[{\"@type\":\"SearchAction\",\"target\":{\"@type\":\"EntryPoint\",\"urlTemplate\":\"https:\\\/\\\/www.p31noticias.com.br\\\/?s={search_term_string}\"},\"query-input\":{\"@type\":\"PropertyValueSpecification\",\"valueRequired\":true,\"valueName\":\"search_term_string\"}}],\"inLanguage\":\"pt-BR\"},{\"@type\":\"Person\",\"@id\":\"https:\\\/\\\/www.p31noticias.com.br\\\/#\\\/schema\\\/person\\\/77d6b186c710ac38937c6ec204fdd387\",\"name\":\"Reda\u00e7\u00e3o JBN\",\"image\":{\"@type\":\"ImageObject\",\"inLanguage\":\"pt-BR\",\"@id\":\"https:\\\/\\\/secure.gravatar.com\\\/avatar\\\/10fcdb93211f98cce3d64c0795b0915a9a4a21dc0f279238995a3dbfafcad090?s=96&d=mm&r=g\",\"url\":\"https:\\\/\\\/secure.gravatar.com\\\/avatar\\\/10fcdb93211f98cce3d64c0795b0915a9a4a21dc0f279238995a3dbfafcad090?s=96&d=mm&r=g\",\"contentUrl\":\"https:\\\/\\\/secure.gravatar.com\\\/avatar\\\/10fcdb93211f98cce3d64c0795b0915a9a4a21dc0f279238995a3dbfafcad090?s=96&d=mm&r=g\",\"caption\":\"Reda\u00e7\u00e3o JBN\"},\"sameAs\":[\"https:\\\/\\\/p31noticias.com.br\"],\"url\":\"https:\\\/\\\/www.p31noticias.com.br\\\/?author=18\"}]}<\/script>\n<!-- \/ Yoast SEO Premium plugin. -->","yoast_head_json":{"title":"Bolsonaro denuncia Foro de S\u00e3o Paulo na ONU - P31","description":"presidente Jair Bolsonaro iniciou seu discurso hist\u00f3rico na 74\u00aa Assembleia Geral da ONU lembrando que o j\u00e1 Brasil esteve \u00e0 beira do socialismo.","robots":{"index":"index","follow":"follow","max-snippet":"max-snippet:-1","max-image-preview":"max-image-preview:large","max-video-preview":"max-video-preview:-1"},"canonical":"https:\/\/www.p31noticias.com.br\/?p=3245","og_locale":"pt_BR","og_type":"article","og_title":"Bolsonaro denuncia Foro de S\u00e3o Paulo na ONU","og_description":"presidente Jair Bolsonaro iniciou seu discurso hist\u00f3rico na 74\u00aa Assembleia Geral da ONU lembrando que o j\u00e1 Brasil esteve \u00e0 beira do socialismo.","og_url":"https:\/\/www.p31noticias.com.br\/?p=3245","og_site_name":"P31","article_published_time":"2019-09-25T12:04:12+00:00","og_image":[{"width":1086,"height":652,"url":"https:\/\/www.p31noticias.com.br\/wp-content\/uploads\/2019\/09\/x84767902_Nova-YorkEUA-24-09-2018-Presidente-da-Republica-Jair-Bolsonaro-discursa-durante-a-ab-1.jpg.pagespeed.ic_.XtggUh6biv-1.jpg","type":"image\/jpeg"}],"author":"Reda\u00e7\u00e3o JBN","twitter_card":"summary_large_image","twitter_misc":{"Escrito por":"Reda\u00e7\u00e3o JBN","Est. tempo de leitura":"1 minuto"},"schema":{"@context":"https:\/\/schema.org","@graph":[{"@type":"Article","@id":"https:\/\/www.p31noticias.com.br\/?p=3245#article","isPartOf":{"@id":"https:\/\/www.p31noticias.com.br\/?p=3245"},"author":{"name":"Reda\u00e7\u00e3o JBN","@id":"https:\/\/www.p31noticias.com.br\/#\/schema\/person\/77d6b186c710ac38937c6ec204fdd387"},"headline":"Bolsonaro denuncia Foro de S\u00e3o Paulo na ONU","datePublished":"2019-09-25T12:04:12+00:00","mainEntityOfPage":{"@id":"https:\/\/www.p31noticias.com.br\/?p=3245"},"wordCount":212,"commentCount":0,"image":{"@id":"https:\/\/www.p31noticias.com.br\/?p=3245#primaryimage"},"thumbnailUrl":"https:\/\/www.p31noticias.com.br\/wp-content\/uploads\/2019\/09\/x84767902_Nova-YorkEUA-24-09-2018-Presidente-da-Republica-Jair-Bolsonaro-discursa-durante-a-ab-1.jpg.pagespeed.ic_.XtggUh6biv-1.jpg","keywords":["ONU","presidente Jair Bolsonaro"],"articleSection":["Pol\u00edtica"],"inLanguage":"pt-BR","potentialAction":[{"@type":"CommentAction","name":"Comment","target":["https:\/\/www.p31noticias.com.br\/?p=3245#respond"]}],"copyrightYear":"2019","copyrightHolder":{"@id":"https:\/\/www.p31noticias.com.br\/#organization"}},{"@type":"WebPage","@id":"https:\/\/www.p31noticias.com.br\/?p=3245","url":"https:\/\/www.p31noticias.com.br\/?p=3245","name":"Bolsonaro denuncia Foro de S\u00e3o Paulo na ONU - P31","isPartOf":{"@id":"https:\/\/www.p31noticias.com.br\/#website"},"primaryImageOfPage":{"@id":"https:\/\/www.p31noticias.com.br\/?p=3245#primaryimage"},"image":{"@id":"https:\/\/www.p31noticias.com.br\/?p=3245#primaryimage"},"thumbnailUrl":"https:\/\/www.p31noticias.com.br\/wp-content\/uploads\/2019\/09\/x84767902_Nova-YorkEUA-24-09-2018-Presidente-da-Republica-Jair-Bolsonaro-discursa-durante-a-ab-1.jpg.pagespeed.ic_.XtggUh6biv-1.jpg","datePublished":"2019-09-25T12:04:12+00:00","author":{"@id":"https:\/\/www.p31noticias.com.br\/#\/schema\/person\/77d6b186c710ac38937c6ec204fdd387"},"description":"presidente Jair Bolsonaro iniciou seu discurso hist\u00f3rico na 74\u00aa Assembleia Geral da ONU lembrando que o j\u00e1 Brasil esteve \u00e0 beira do socialismo.","breadcrumb":{"@id":"https:\/\/www.p31noticias.com.br\/?p=3245#breadcrumb"},"inLanguage":"pt-BR","potentialAction":[{"@type":"ReadAction","target":["https:\/\/www.p31noticias.com.br\/?p=3245"]}]},{"@type":"ImageObject","inLanguage":"pt-BR","@id":"https:\/\/www.p31noticias.com.br\/?p=3245#primaryimage","url":"https:\/\/www.p31noticias.com.br\/wp-content\/uploads\/2019\/09\/x84767902_Nova-YorkEUA-24-09-2018-Presidente-da-Republica-Jair-Bolsonaro-discursa-durante-a-ab-1.jpg.pagespeed.ic_.XtggUh6biv-1.jpg","contentUrl":"https:\/\/www.p31noticias.com.br\/wp-content\/uploads\/2019\/09\/x84767902_Nova-YorkEUA-24-09-2018-Presidente-da-Republica-Jair-Bolsonaro-discursa-durante-a-ab-1.jpg.pagespeed.ic_.XtggUh6biv-1.jpg","width":1086,"height":652,"caption":"presidente Jair Bolsonaro"},{"@type":"BreadcrumbList","@id":"https:\/\/www.p31noticias.com.br\/?p=3245#breadcrumb","itemListElement":[{"@type":"ListItem","position":1,"name":"In\u00edcio","item":"https:\/\/www.p31noticias.com.br\/"},{"@type":"ListItem","position":2,"name":"Bolsonaro denuncia Foro de S\u00e3o Paulo na ONU"}]},{"@type":"WebSite","@id":"https:\/\/www.p31noticias.com.br\/#website","url":"https:\/\/www.p31noticias.com.br\/","name":"P31","description":"NOT\u00cdCIAS","potentialAction":[{"@type":"SearchAction","target":{"@type":"EntryPoint","urlTemplate":"https:\/\/www.p31noticias.com.br\/?s={search_term_string}"},"query-input":{"@type":"PropertyValueSpecification","valueRequired":true,"valueName":"search_term_string"}}],"inLanguage":"pt-BR"},{"@type":"Person","@id":"https:\/\/www.p31noticias.com.br\/#\/schema\/person\/77d6b186c710ac38937c6ec204fdd387","name":"Reda\u00e7\u00e3o JBN","image":{"@type":"ImageObject","inLanguage":"pt-BR","@id":"https:\/\/secure.gravatar.com\/avatar\/10fcdb93211f98cce3d64c0795b0915a9a4a21dc0f279238995a3dbfafcad090?s=96&d=mm&r=g","url":"https:\/\/secure.gravatar.com\/avatar\/10fcdb93211f98cce3d64c0795b0915a9a4a21dc0f279238995a3dbfafcad090?s=96&d=mm&r=g","contentUrl":"https:\/\/secure.gravatar.com\/avatar\/10fcdb93211f98cce3d64c0795b0915a9a4a21dc0f279238995a3dbfafcad090?s=96&d=mm&r=g","caption":"Reda\u00e7\u00e3o JBN"},"sameAs":["https:\/\/p31noticias.com.br"],"url":"https:\/\/www.p31noticias.com.br\/?author=18"}]}},"amp_enabled":true,"_links":{"self":[{"href":"https:\/\/www.p31noticias.com.br\/index.php?rest_route=\/wp\/v2\/posts\/3245","targetHints":{"allow":["GET"]}}],"collection":[{"href":"https:\/\/www.p31noticias.com.br\/index.php?rest_route=\/wp\/v2\/posts"}],"about":[{"href":"https:\/\/www.p31noticias.com.br\/index.php?rest_route=\/wp\/v2\/types\/post"}],"author":[{"embeddable":true,"href":"https:\/\/www.p31noticias.com.br\/index.php?rest_route=\/wp\/v2\/users\/18"}],"replies":[{"embeddable":true,"href":"https:\/\/www.p31noticias.com.br\/index.php?rest_route=%2Fwp%2Fv2%2Fcomments&post=3245"}],"version-history":[{"count":0,"href":"https:\/\/www.p31noticias.com.br\/index.php?rest_route=\/wp\/v2\/posts\/3245\/revisions"}],"wp:featuredmedia":[{"embeddable":true,"href":"https:\/\/www.p31noticias.com.br\/index.php?rest_route=\/wp\/v2\/media\/3246"}],"wp:attachment":[{"href":"https:\/\/www.p31noticias.com.br\/index.php?rest_route=%2Fwp%2Fv2%2Fmedia&parent=3245"}],"wp:term":[{"taxonomy":"category","embeddable":true,"href":"https:\/\/www.p31noticias.com.br\/index.php?rest_route=%2Fwp%2Fv2%2Fcategories&post=3245"},{"taxonomy":"post_tag","embeddable":true,"href":"https:\/\/www.p31noticias.com.br\/index.php?rest_route=%2Fwp%2Fv2%2Ftags&post=3245"}],"curies":[{"name":"wp","href":"https:\/\/api.w.org\/{rel}","templated":true}]}}