{"id":32412,"date":"2023-11-17T23:42:37","date_gmt":"2023-11-18T02:42:37","guid":{"rendered":"https:\/\/p31noticias.com.br\/?p=32412"},"modified":"2023-11-17T23:42:37","modified_gmt":"2023-11-18T02:42:37","slug":"pantanal-tem-mais-de-3-mil-incendios-em-novembro-recorde-historico","status":"publish","type":"post","link":"https:\/\/www.p31noticias.com.br\/?p=32412","title":{"rendered":"Pantanal tem mais de 3 mil inc\u00eandios em novembro; recorde hist\u00f3rico"},"content":{"rendered":"<h3 class=\"col-10 offset-1 animated fadeInDown dealy-900 display-8 display-md-8 alt-font font-italic my-1 text-center\" style=\"text-align: justify;\"><em><strong>Tempo seco e onda de calor favorecem queimadas na regi\u00e3o<\/strong><\/em><\/h3>\n<p style=\"text-align: justify;\">H\u00e1 mais de um m\u00eas, o fogo consome o Pantanal, e n\u00e3o h\u00e1 previs\u00e3o de tr\u00e9gua. Em 16 dias de novembro deste ano, foram registrados 3.098 focos de inc\u00eandio no bioma, um recorde hist\u00f3rico para o m\u00eas desde 2002, quando foram contabilizados 2.328 focos.\u00a0<img decoding=\"async\" src=\"https:\/\/agenciabrasil.ebc.com.br\/ebc.png?id=1567233&amp;o=node\" \/>Em rela\u00e7\u00e3o ao mesmo per\u00edodo de 2022, o aumento de queimadas ultrapassa 1.400%, conforme monitoramento do Programa Queimadas, do Instituto Nacional de Pesquisas Espaciais (Inpe).<\/p>\n<p style=\"text-align: justify;\">O tempo seco e a onda de calor favorecem o grande n\u00famero de inc\u00eandios, que destroem a vegeta\u00e7\u00e3o e a fauna.<\/p>\n<p style=\"text-align: justify;\">Na \u00faltima quarta-feira (15), o fogo chegou a invadir a rodovia Transpantaneira. As chamas\u00a0<a href=\"https:\/\/agenciabrasil.ebc.com.br\/geral\/noticia\/2023-11\/brigadistas-intensificam-trabalho-de-combate-incendios-no-pantanal\" target=\"_blank\" rel=\"noopener\">foram controladas<\/a>\u00a0pelas equipes de brigadistas e n\u00e3o alcan\u00e7aram as casas.<\/p>\n<p style=\"text-align: justify;\">Os inc\u00eandios levaram os governos de Mato Grosso e Mato Grosso do Sul, estados que abrigam o bioma, a\u00a0<a href=\"https:\/\/agenciabrasil.ebc.com.br\/geral\/noticia\/2023-11\/dois-estados-decretam-emergencia-em-razao-de-incendios-no-pantanal\" target=\"_blank\" rel=\"noopener\">decretar situa\u00e7\u00e3o de emerg\u00eancia na regi\u00e3o norte do Pantanal<\/a>.<\/p>\n<h2 style=\"text-align: justify;\">Causas<\/h2>\n<p style=\"text-align: justify;\">A causa dos inc\u00eandios ainda est\u00e1 sob investiga\u00e7\u00e3o. Os especialistas avaliam se come\u00e7aram por causa da queda de raios ou por a\u00e7\u00e3o humana.<\/p>\n<p style=\"text-align: justify;\">\u201cN\u00e3o foi poss\u00edvel esclarecer se todos os inc\u00eandios no Pantanal se iniciaram com um raio, uma descarga el\u00e9trica, ou n\u00e3o, como em 2020, quando muitos foram por crime ambiental, algu\u00e9m botando fogo para destruir a vegeta\u00e7\u00e3o\u201d, disse o climatologista Carlos Nobre, pesquisador do Instituto de Estudos Avan\u00e7ados da Universidade de S\u00e3o Paulo.<\/p>\n<p style=\"text-align: justify;\">Em 2020, o fogo queimou\u00a0<a href=\"https:\/\/agenciabrasil.ebc.com.br\/geral\/noticia\/2023-08\/incendios-queimaram-30-de-area-do-pantanal-em-2020-mostra-estudo\" target=\"_blank\" rel=\"noopener\">mais de 30% do territ\u00f3rio do Pantanal<\/a>, na por\u00e7\u00e3o brasileira, o equivalente a 44.998 quil\u00f4metros quadrados.<\/p>\n<p style=\"text-align: justify;\">No dia 21 de outubro deste ano, tr\u00eas raios atingiram o Parna do Pantanal, a Reserva Particular do Patrim\u00f4nio Natural Doroch\u00ea e uma propriedade particular.<\/p>\n<div class=\"dnd-widget-wrapper context-grande_6colunas type-image atom-align-left\" style=\"text-align: justify;\">\n<div class=\"dnd-atom-rendered\">\n<div class=\"shadow overflow-hidden rounded-lg d-block w-100\"><img decoding=\"async\" class=\"flex-fill img-cover\" title=\"Jo\u00e9dson Alves\/Ag\u00eancia Brasil\" src=\"https:\/\/imagens.ebc.com.br\/uLIzYKhM9Ci4-a6nzwhOXNBpB2c=\/463x0\/smart\/https:\/\/agenciabrasil.ebc.com.br\/sites\/default\/files\/thumbnails\/image\/_ja02057.jpg?itok=oY0wz-2s\" alt=\"Porto Jofre (MT) 16\/11\/2023 \u2013Brigadistas do ICMBIO combatem inc\u00eandio florestal que atinge o Pantanal\nFoto: Jo\u00e9dson Alves\/Ag\u00eancia Brasil\" \/><\/div>\n<\/div>\n<div class=\"dnd-caption-wrapper\">\n<div class=\"meta\">Brigadistas combatem inc\u00eandio no Pantanal &#8211;\u00a0<strong>Jo\u00e9dson Alves\/Ag\u00eancia Brasil<\/strong><\/div>\n<\/div>\n<\/div>\n<p style=\"text-align: justify;\">\n<p style=\"text-align: justify;\">Para tentar controlar as chamas, as equipes de brigadistas foram refor\u00e7adas.<\/p>\n<p style=\"text-align: justify;\">Atualmente, h\u00e1 mais de 300 servidores no combate aos inc\u00eandios no Pantanal, com o apoio de quatro aeronaves e ve\u00edculos especiais de combate a inc\u00eandios.<\/p>\n<p>O contingente foi refor\u00e7ado recentemente\u00a0pelo Instituto Brasileiro do Meio Ambiente e dos Recursos Naturais Renov\u00e1veis (Ibama) e pelo Instituto Chico Mendes de Conserva\u00e7\u00e3o da Biodiversidade (ICMBio).<\/p>\n<p style=\"text-align: justify;\">Ag\u00eancia Brasil<\/p>\n","protected":false},"excerpt":{"rendered":"<p>Tempo seco e onda de calor favorecem queimadas na regi\u00e3o H\u00e1 mais de um m\u00eas, o fogo consome o Pantanal, e n\u00e3o h\u00e1 previs\u00e3o de tr\u00e9gua. Em 16 dias de novembro deste ano, foram registrados 3.098 focos de inc\u00eandio no bioma, um recorde hist\u00f3rico para o m\u00eas desde 2002, quando foram contabilizados 2.328 focos.\u00a0Em rela\u00e7\u00e3o [&hellip;]<\/p>\n","protected":false},"author":2,"featured_media":32413,"comment_status":"open","ping_status":"open","sticky":false,"template":"","format":"standard","meta":{"footnotes":""},"categories":[68],"tags":[],"class_list":{"0":"post-32412","1":"post","2":"type-post","3":"status-publish","4":"format-standard","5":"has-post-thumbnail","7":"category-brasil"},"yoast_head":"<!-- This site is optimized with the Yoast SEO Premium plugin v24.5 (Yoast SEO v27.4) - https:\/\/yoast.com\/product\/yoast-seo-premium-wordpress\/ -->\n<title>Pantanal tem mais de 3 mil inc\u00eandios em novembro; recorde hist\u00f3rico - P31<\/title>\n<meta name=\"robots\" content=\"index, follow, max-snippet:-1, max-image-preview:large, max-video-preview:-1\" \/>\n<link rel=\"canonical\" href=\"https:\/\/www.p31noticias.com.br\/?p=32412\" \/>\n<meta property=\"og:locale\" content=\"pt_BR\" \/>\n<meta property=\"og:type\" content=\"article\" \/>\n<meta property=\"og:title\" content=\"Pantanal tem mais de 3 mil inc\u00eandios em novembro; recorde hist\u00f3rico\" \/>\n<meta property=\"og:description\" content=\"Tempo seco e onda de calor favorecem queimadas na regi\u00e3o H\u00e1 mais de um m\u00eas, o fogo consome o Pantanal, e n\u00e3o h\u00e1 previs\u00e3o de tr\u00e9gua. Em 16 dias de novembro deste ano, foram registrados 3.098 focos de inc\u00eandio no bioma, um recorde hist\u00f3rico para o m\u00eas desde 2002, quando foram contabilizados 2.328 focos.\u00a0Em rela\u00e7\u00e3o [&hellip;]\" \/>\n<meta property=\"og:url\" content=\"https:\/\/www.p31noticias.com.br\/?p=32412\" \/>\n<meta property=\"og:site_name\" content=\"P31\" \/>\n<meta property=\"article:published_time\" content=\"2023-11-18T02:42:37+00:00\" \/>\n<meta property=\"og:image\" content=\"https:\/\/www.p31noticias.com.br\/wp-content\/uploads\/2023\/11\/ja_2165_0.webp\" \/>\n\t<meta property=\"og:image:width\" content=\"1170\" \/>\n\t<meta property=\"og:image:height\" content=\"700\" \/>\n\t<meta property=\"og:image:type\" content=\"image\/webp\" \/>\n<meta name=\"author\" content=\"Gon\u00e7alves Junior\" \/>\n<meta name=\"twitter:card\" content=\"summary_large_image\" \/>\n<meta name=\"twitter:label1\" content=\"Escrito por\" \/>\n\t<meta name=\"twitter:data1\" content=\"Gon\u00e7alves Junior\" \/>\n\t<meta name=\"twitter:label2\" content=\"Est. tempo de leitura\" \/>\n\t<meta name=\"twitter:data2\" content=\"2 minutos\" \/>\n<script type=\"application\/ld+json\" class=\"yoast-schema-graph\">{\"@context\":\"https:\\\/\\\/schema.org\",\"@graph\":[{\"@type\":\"Article\",\"@id\":\"https:\\\/\\\/www.p31noticias.com.br\\\/?p=32412#article\",\"isPartOf\":{\"@id\":\"https:\\\/\\\/www.p31noticias.com.br\\\/?p=32412\"},\"author\":{\"name\":\"Gon\u00e7alves Junior\",\"@id\":\"https:\\\/\\\/www.p31noticias.com.br\\\/#\\\/schema\\\/person\\\/95f2ece30e3b4132065b915150cd0f94\"},\"headline\":\"Pantanal tem mais de 3 mil inc\u00eandios em novembro; recorde hist\u00f3rico\",\"datePublished\":\"2023-11-18T02:42:37+00:00\",\"mainEntityOfPage\":{\"@id\":\"https:\\\/\\\/www.p31noticias.com.br\\\/?p=32412\"},\"wordCount\":397,\"commentCount\":0,\"image\":{\"@id\":\"https:\\\/\\\/www.p31noticias.com.br\\\/?p=32412#primaryimage\"},\"thumbnailUrl\":\"https:\\\/\\\/www.p31noticias.com.br\\\/wp-content\\\/uploads\\\/2023\\\/11\\\/ja_2165_0.webp\",\"articleSection\":[\"Brasil\"],\"inLanguage\":\"pt-BR\",\"potentialAction\":[{\"@type\":\"CommentAction\",\"name\":\"Comment\",\"target\":[\"https:\\\/\\\/www.p31noticias.com.br\\\/?p=32412#respond\"]}],\"copyrightYear\":\"2023\",\"copyrightHolder\":{\"@id\":\"https:\\\/\\\/www.p31noticias.com.br\\\/#organization\"}},{\"@type\":\"WebPage\",\"@id\":\"https:\\\/\\\/www.p31noticias.com.br\\\/?p=32412\",\"url\":\"https:\\\/\\\/www.p31noticias.com.br\\\/?p=32412\",\"name\":\"Pantanal tem mais de 3 mil inc\u00eandios em novembro; recorde hist\u00f3rico - P31\",\"isPartOf\":{\"@id\":\"https:\\\/\\\/www.p31noticias.com.br\\\/#website\"},\"primaryImageOfPage\":{\"@id\":\"https:\\\/\\\/www.p31noticias.com.br\\\/?p=32412#primaryimage\"},\"image\":{\"@id\":\"https:\\\/\\\/www.p31noticias.com.br\\\/?p=32412#primaryimage\"},\"thumbnailUrl\":\"https:\\\/\\\/www.p31noticias.com.br\\\/wp-content\\\/uploads\\\/2023\\\/11\\\/ja_2165_0.webp\",\"datePublished\":\"2023-11-18T02:42:37+00:00\",\"author\":{\"@id\":\"https:\\\/\\\/www.p31noticias.com.br\\\/#\\\/schema\\\/person\\\/95f2ece30e3b4132065b915150cd0f94\"},\"breadcrumb\":{\"@id\":\"https:\\\/\\\/www.p31noticias.com.br\\\/?p=32412#breadcrumb\"},\"inLanguage\":\"pt-BR\",\"potentialAction\":[{\"@type\":\"ReadAction\",\"target\":[\"https:\\\/\\\/www.p31noticias.com.br\\\/?p=32412\"]}]},{\"@type\":\"ImageObject\",\"inLanguage\":\"pt-BR\",\"@id\":\"https:\\\/\\\/www.p31noticias.com.br\\\/?p=32412#primaryimage\",\"url\":\"https:\\\/\\\/www.p31noticias.com.br\\\/wp-content\\\/uploads\\\/2023\\\/11\\\/ja_2165_0.webp\",\"contentUrl\":\"https:\\\/\\\/www.p31noticias.com.br\\\/wp-content\\\/uploads\\\/2023\\\/11\\\/ja_2165_0.webp\",\"width\":1170,\"height\":700},{\"@type\":\"BreadcrumbList\",\"@id\":\"https:\\\/\\\/www.p31noticias.com.br\\\/?p=32412#breadcrumb\",\"itemListElement\":[{\"@type\":\"ListItem\",\"position\":1,\"name\":\"In\u00edcio\",\"item\":\"https:\\\/\\\/www.p31noticias.com.br\\\/\"},{\"@type\":\"ListItem\",\"position\":2,\"name\":\"Pantanal tem mais de 3 mil inc\u00eandios em novembro; recorde hist\u00f3rico\"}]},{\"@type\":\"WebSite\",\"@id\":\"https:\\\/\\\/www.p31noticias.com.br\\\/#website\",\"url\":\"https:\\\/\\\/www.p31noticias.com.br\\\/\",\"name\":\"P31\",\"description\":\"NOT\u00cdCIAS\",\"potentialAction\":[{\"@type\":\"SearchAction\",\"target\":{\"@type\":\"EntryPoint\",\"urlTemplate\":\"https:\\\/\\\/www.p31noticias.com.br\\\/?s={search_term_string}\"},\"query-input\":{\"@type\":\"PropertyValueSpecification\",\"valueRequired\":true,\"valueName\":\"search_term_string\"}}],\"inLanguage\":\"pt-BR\"},{\"@type\":\"Person\",\"@id\":\"https:\\\/\\\/www.p31noticias.com.br\\\/#\\\/schema\\\/person\\\/95f2ece30e3b4132065b915150cd0f94\",\"name\":\"Gon\u00e7alves Junior\",\"image\":{\"@type\":\"ImageObject\",\"inLanguage\":\"pt-BR\",\"@id\":\"https:\\\/\\\/secure.gravatar.com\\\/avatar\\\/6711f350116a89762687a48d66f723c799e5438a5b7578508d4294cd7a5d0800?s=96&d=mm&r=g\",\"url\":\"https:\\\/\\\/secure.gravatar.com\\\/avatar\\\/6711f350116a89762687a48d66f723c799e5438a5b7578508d4294cd7a5d0800?s=96&d=mm&r=g\",\"contentUrl\":\"https:\\\/\\\/secure.gravatar.com\\\/avatar\\\/6711f350116a89762687a48d66f723c799e5438a5b7578508d4294cd7a5d0800?s=96&d=mm&r=g\",\"caption\":\"Gon\u00e7alves Junior\"},\"url\":\"https:\\\/\\\/www.p31noticias.com.br\\\/?author=2\"}]}<\/script>\n<!-- \/ Yoast SEO Premium plugin. -->","yoast_head_json":{"title":"Pantanal tem mais de 3 mil inc\u00eandios em novembro; recorde hist\u00f3rico - P31","robots":{"index":"index","follow":"follow","max-snippet":"max-snippet:-1","max-image-preview":"max-image-preview:large","max-video-preview":"max-video-preview:-1"},"canonical":"https:\/\/www.p31noticias.com.br\/?p=32412","og_locale":"pt_BR","og_type":"article","og_title":"Pantanal tem mais de 3 mil inc\u00eandios em novembro; recorde hist\u00f3rico","og_description":"Tempo seco e onda de calor favorecem queimadas na regi\u00e3o H\u00e1 mais de um m\u00eas, o fogo consome o Pantanal, e n\u00e3o h\u00e1 previs\u00e3o de tr\u00e9gua. Em 16 dias de novembro deste ano, foram registrados 3.098 focos de inc\u00eandio no bioma, um recorde hist\u00f3rico para o m\u00eas desde 2002, quando foram contabilizados 2.328 focos.\u00a0Em rela\u00e7\u00e3o [&hellip;]","og_url":"https:\/\/www.p31noticias.com.br\/?p=32412","og_site_name":"P31","article_published_time":"2023-11-18T02:42:37+00:00","og_image":[{"width":1170,"height":700,"url":"https:\/\/www.p31noticias.com.br\/wp-content\/uploads\/2023\/11\/ja_2165_0.webp","type":"image\/webp"}],"author":"Gon\u00e7alves Junior","twitter_card":"summary_large_image","twitter_misc":{"Escrito por":"Gon\u00e7alves Junior","Est. tempo de leitura":"2 minutos"},"schema":{"@context":"https:\/\/schema.org","@graph":[{"@type":"Article","@id":"https:\/\/www.p31noticias.com.br\/?p=32412#article","isPartOf":{"@id":"https:\/\/www.p31noticias.com.br\/?p=32412"},"author":{"name":"Gon\u00e7alves Junior","@id":"https:\/\/www.p31noticias.com.br\/#\/schema\/person\/95f2ece30e3b4132065b915150cd0f94"},"headline":"Pantanal tem mais de 3 mil inc\u00eandios em novembro; recorde hist\u00f3rico","datePublished":"2023-11-18T02:42:37+00:00","mainEntityOfPage":{"@id":"https:\/\/www.p31noticias.com.br\/?p=32412"},"wordCount":397,"commentCount":0,"image":{"@id":"https:\/\/www.p31noticias.com.br\/?p=32412#primaryimage"},"thumbnailUrl":"https:\/\/www.p31noticias.com.br\/wp-content\/uploads\/2023\/11\/ja_2165_0.webp","articleSection":["Brasil"],"inLanguage":"pt-BR","potentialAction":[{"@type":"CommentAction","name":"Comment","target":["https:\/\/www.p31noticias.com.br\/?p=32412#respond"]}],"copyrightYear":"2023","copyrightHolder":{"@id":"https:\/\/www.p31noticias.com.br\/#organization"}},{"@type":"WebPage","@id":"https:\/\/www.p31noticias.com.br\/?p=32412","url":"https:\/\/www.p31noticias.com.br\/?p=32412","name":"Pantanal tem mais de 3 mil inc\u00eandios em novembro; recorde hist\u00f3rico - P31","isPartOf":{"@id":"https:\/\/www.p31noticias.com.br\/#website"},"primaryImageOfPage":{"@id":"https:\/\/www.p31noticias.com.br\/?p=32412#primaryimage"},"image":{"@id":"https:\/\/www.p31noticias.com.br\/?p=32412#primaryimage"},"thumbnailUrl":"https:\/\/www.p31noticias.com.br\/wp-content\/uploads\/2023\/11\/ja_2165_0.webp","datePublished":"2023-11-18T02:42:37+00:00","author":{"@id":"https:\/\/www.p31noticias.com.br\/#\/schema\/person\/95f2ece30e3b4132065b915150cd0f94"},"breadcrumb":{"@id":"https:\/\/www.p31noticias.com.br\/?p=32412#breadcrumb"},"inLanguage":"pt-BR","potentialAction":[{"@type":"ReadAction","target":["https:\/\/www.p31noticias.com.br\/?p=32412"]}]},{"@type":"ImageObject","inLanguage":"pt-BR","@id":"https:\/\/www.p31noticias.com.br\/?p=32412#primaryimage","url":"https:\/\/www.p31noticias.com.br\/wp-content\/uploads\/2023\/11\/ja_2165_0.webp","contentUrl":"https:\/\/www.p31noticias.com.br\/wp-content\/uploads\/2023\/11\/ja_2165_0.webp","width":1170,"height":700},{"@type":"BreadcrumbList","@id":"https:\/\/www.p31noticias.com.br\/?p=32412#breadcrumb","itemListElement":[{"@type":"ListItem","position":1,"name":"In\u00edcio","item":"https:\/\/www.p31noticias.com.br\/"},{"@type":"ListItem","position":2,"name":"Pantanal tem mais de 3 mil inc\u00eandios em novembro; recorde hist\u00f3rico"}]},{"@type":"WebSite","@id":"https:\/\/www.p31noticias.com.br\/#website","url":"https:\/\/www.p31noticias.com.br\/","name":"P31","description":"NOT\u00cdCIAS","potentialAction":[{"@type":"SearchAction","target":{"@type":"EntryPoint","urlTemplate":"https:\/\/www.p31noticias.com.br\/?s={search_term_string}"},"query-input":{"@type":"PropertyValueSpecification","valueRequired":true,"valueName":"search_term_string"}}],"inLanguage":"pt-BR"},{"@type":"Person","@id":"https:\/\/www.p31noticias.com.br\/#\/schema\/person\/95f2ece30e3b4132065b915150cd0f94","name":"Gon\u00e7alves Junior","image":{"@type":"ImageObject","inLanguage":"pt-BR","@id":"https:\/\/secure.gravatar.com\/avatar\/6711f350116a89762687a48d66f723c799e5438a5b7578508d4294cd7a5d0800?s=96&d=mm&r=g","url":"https:\/\/secure.gravatar.com\/avatar\/6711f350116a89762687a48d66f723c799e5438a5b7578508d4294cd7a5d0800?s=96&d=mm&r=g","contentUrl":"https:\/\/secure.gravatar.com\/avatar\/6711f350116a89762687a48d66f723c799e5438a5b7578508d4294cd7a5d0800?s=96&d=mm&r=g","caption":"Gon\u00e7alves Junior"},"url":"https:\/\/www.p31noticias.com.br\/?author=2"}]}},"amp_enabled":true,"_links":{"self":[{"href":"https:\/\/www.p31noticias.com.br\/index.php?rest_route=\/wp\/v2\/posts\/32412","targetHints":{"allow":["GET"]}}],"collection":[{"href":"https:\/\/www.p31noticias.com.br\/index.php?rest_route=\/wp\/v2\/posts"}],"about":[{"href":"https:\/\/www.p31noticias.com.br\/index.php?rest_route=\/wp\/v2\/types\/post"}],"author":[{"embeddable":true,"href":"https:\/\/www.p31noticias.com.br\/index.php?rest_route=\/wp\/v2\/users\/2"}],"replies":[{"embeddable":true,"href":"https:\/\/www.p31noticias.com.br\/index.php?rest_route=%2Fwp%2Fv2%2Fcomments&post=32412"}],"version-history":[{"count":1,"href":"https:\/\/www.p31noticias.com.br\/index.php?rest_route=\/wp\/v2\/posts\/32412\/revisions"}],"predecessor-version":[{"id":32414,"href":"https:\/\/www.p31noticias.com.br\/index.php?rest_route=\/wp\/v2\/posts\/32412\/revisions\/32414"}],"wp:featuredmedia":[{"embeddable":true,"href":"https:\/\/www.p31noticias.com.br\/index.php?rest_route=\/wp\/v2\/media\/32413"}],"wp:attachment":[{"href":"https:\/\/www.p31noticias.com.br\/index.php?rest_route=%2Fwp%2Fv2%2Fmedia&parent=32412"}],"wp:term":[{"taxonomy":"category","embeddable":true,"href":"https:\/\/www.p31noticias.com.br\/index.php?rest_route=%2Fwp%2Fv2%2Fcategories&post=32412"},{"taxonomy":"post_tag","embeddable":true,"href":"https:\/\/www.p31noticias.com.br\/index.php?rest_route=%2Fwp%2Fv2%2Ftags&post=32412"}],"curies":[{"name":"wp","href":"https:\/\/api.w.org\/{rel}","templated":true}]}}