{"id":3241,"date":"2019-09-25T08:43:17","date_gmt":"2019-09-25T11:43:17","guid":{"rendered":"https:\/\/juniortakamoto.com.br\/?p=3241"},"modified":"2019-09-25T08:43:17","modified_gmt":"2019-09-25T11:43:17","slug":"acidentes-e-vitimas-caem-com-suspensao-do-uso-dos-radares-da-prf","status":"publish","type":"post","link":"https:\/\/www.p31noticias.com.br\/?p=3241","title":{"rendered":"Acidentes e v\u00edtimas caem com suspens\u00e3o do uso dos radares da PRF"},"content":{"rendered":"<h2>Os dados est\u00e3o alinhados com as metas da D\u00e9cada de A\u00e7\u00f5es para a Seguran\u00e7a Vi\u00e1ria<\/h2>\n<p>Em 2010, a Organiza\u00e7\u00e3o Mundial de Sa\u00fade (OMS), endossada pela Organiza\u00e7\u00e3o das Na\u00e7\u00f5es Unidas (ONU), recomendou a cria\u00e7\u00e3o de uma campanha mundial pela redu\u00e7\u00e3o dos acidentes de tr\u00e2nsito. E foi assim que nasceu a<em>\u00a0D\u00e9cada de A\u00e7\u00f5es para a Seguran\u00e7a Vi\u00e1ria<\/em>. O objetivo estabelecido foi o de reduzir, dentro do per\u00edodo entre 2011 e 2020, o n\u00famero de acidentes e v\u00edtimas em todo o mundo. E a Pol\u00edcia Rodovi\u00e1ria Federal (PRF) abra\u00e7ou a causa como representante do governo federal no \u00e2mbito das rodovias federais. Melhor ainda, tem conseguido atingir os objetivos da campanha.<\/p>\n<h3><strong>Os n\u00fameros dizem muito<\/strong><\/h3>\n<p>A partir do ano de 2011 ficou f\u00e1cil perceber o decl\u00ednio nos \u00edndices de acidentes nas rodovias federais que cortam todo o pa\u00eds. N\u00e3o foram s\u00f3 os acidentes, mas, principalmente, o n\u00famero de v\u00edtimas vem despencando. H\u00e1 um dado que preocupa muito mais que o total de acidentes registrados no pa\u00eds; a soma de v\u00edtimas mortas. E este fator tem ca\u00eddo de maneira expressiva tamb\u00e9m. No in\u00edcio da d\u00e9cada, mais precisamente em 2011, o total de mortos computados nas rodovias federais brasileiras chegou a 8.675. Passados oito anos, o n\u00famero de \u00f3bitos caiu para 3.568, at\u00e9 a metade de setembro de 2019. Desde o dia 15 de agosto \u00faltimo que a PRF n\u00e3o est\u00e1 mais utilizando os seus radares port\u00e1teis. A partir da\u00ed, surgiram dados interessantes. Quando comparamos os trinta dias seguintes \u00e0 suspens\u00e3o do uso dos equipamentos com o mesmo per\u00edodo do ano anterior, constata-se que o n\u00famero de mortos e acidentes graves reduziu. O total de \u00f3bitos\u00a0<strong>caiu de 488 para 395<\/strong>, o que representa\u00a0<strong>queda de 19%<\/strong>. Quando o assunto \u00e9 acidentes graves, que s\u00e3o aqueles em que h\u00e1 o registro de, pelo menos, uma v\u00edtima com ferimentos graves ou \u00f3bito, percebe-se que tamb\u00e9m houve decr\u00e9scimo. A PRF registrou, entre 15 de agosto a 15 de setembro de 2019, 1.552 acidentes graves. J\u00e1 no mesmo per\u00edodo de 2018, foram anotadas 1.561 ocorr\u00eancias. O fen\u00f4meno foi o mesmo para o total de feridos, que oscilou de 6.796, no ano passado, para 6.628, em 2019.<\/p>\n<h3><strong>Vencendo a guerra<\/strong><\/h3>\n<p>Caso o total de acidentes e v\u00edtimas acompanhasse o crescimento da frota nacional de ve\u00edculos, estar\u00edamos passando por uma situa\u00e7\u00e3o muito mais grave no cen\u00e1rio brasileiro. Este fato \u00e9 bastante curioso. Pouca gente tem a real no\u00e7\u00e3o do tamanho da frota que circula atualmente no pa\u00eds. Esta passou de 65 milh\u00f5es, l\u00e1 em 2011, para cerca de 100 milh\u00f5es nos dias atuais. S\u00e3o 35 milh\u00f5es de ve\u00edculos a mais circulando por a\u00ed em pouco mais de sete anos. E, ora; quanto mais carros circulando, mais acidentes, feridos e mortos; pelo menos, \u00e9 assim que a maioria das pessoas tendem a pensar. S\u00f3 que as estat\u00edsticas apresentadas anteriormente contrariam, felizmente, essa l\u00f3gica. Por isso, a redu\u00e7\u00e3o de acidentes e v\u00edtimas ganha muito mais import\u00e2ncia quando fazemos esta compara\u00e7\u00e3o entre a frota de ve\u00edculos circulante e os resultados obtidos. Ainda n\u00e3o d\u00e1 para comemorar, mas, estamos no caminho certo. Resta continuarmos atuando de maneira incisiva nos pontos mais cr\u00edticos de nossas rodovias e, ao mesmo tempo, lutando pela transforma\u00e7\u00e3o do comportamento brasileiro nos seus mais diversos pap\u00e9is no tr\u00e2nsito brasileiro, seja como motorista, motociclista, ciclista ou pedestre.<\/p>\n<p><em>\u00a0* Fonte:\u00a0<\/em><a href=\"https:\/\/www.prf.gov.br\/agencia\/prf-mantem-reducao-no-total-de-acidentes-e-vitimas-desde-2011-nas-rodovias-federais-do-pais\/\" target=\"_blank\" rel=\"noopener noreferrer\"><em>Pol\u00edcia Rodovi\u00e1ria Federal<\/em><\/a><\/p>\n","protected":false},"excerpt":{"rendered":"<p>Os dados est\u00e3o alinhados com as metas da D\u00e9cada de A\u00e7\u00f5es para a Seguran\u00e7a Vi\u00e1ria Em 2010, a Organiza\u00e7\u00e3o Mundial de Sa\u00fade (OMS), endossada pela Organiza\u00e7\u00e3o das Na\u00e7\u00f5es Unidas (ONU), recomendou a cria\u00e7\u00e3o de uma campanha mundial pela redu\u00e7\u00e3o dos acidentes de tr\u00e2nsito. E foi assim que nasceu a\u00a0D\u00e9cada de A\u00e7\u00f5es para a Seguran\u00e7a Vi\u00e1ria. [&hellip;]<\/p>\n","protected":false},"author":18,"featured_media":3242,"comment_status":"open","ping_status":"open","sticky":false,"template":"","format":"standard","meta":{"footnotes":""},"categories":[57],"tags":[234,235,48,236],"class_list":{"0":"post-3241","1":"post","2":"type-post","3":"status-publish","4":"format-standard","5":"has-post-thumbnail","7":"category-politica","8":"tag-decada-de-acoes-para-a-seguranca-viaria","9":"tag-prf","10":"tag-radar","11":"tag-radares"},"yoast_head":"<!-- This site is optimized with the Yoast SEO Premium plugin v24.5 (Yoast SEO v27.5) - https:\/\/yoast.com\/product\/yoast-seo-premium-wordpress\/ -->\n<title>Acidentes e v\u00edtimas caem com suspens\u00e3o do uso dos radares da PRF - P31<\/title>\n<meta name=\"description\" content=\"Os dados est\u00e3o alinhados com as metas da D\u00e9cada de A\u00e7\u00f5es para a Seguran\u00e7a Vi\u00e1ria\" \/>\n<meta name=\"robots\" content=\"index, follow, max-snippet:-1, max-image-preview:large, max-video-preview:-1\" \/>\n<link rel=\"canonical\" href=\"https:\/\/www.p31noticias.com.br\/?p=3241\" \/>\n<meta property=\"og:locale\" content=\"pt_BR\" \/>\n<meta property=\"og:type\" content=\"article\" \/>\n<meta property=\"og:title\" content=\"Acidentes e v\u00edtimas caem com suspens\u00e3o do uso dos radares da PRF\" \/>\n<meta property=\"og:description\" content=\"Os dados est\u00e3o alinhados com as metas da D\u00e9cada de A\u00e7\u00f5es para a Seguran\u00e7a Vi\u00e1ria\" \/>\n<meta property=\"og:url\" content=\"https:\/\/www.p31noticias.com.br\/?p=3241\" \/>\n<meta property=\"og:site_name\" content=\"P31\" \/>\n<meta property=\"article:published_time\" content=\"2019-09-25T11:43:17+00:00\" \/>\n<meta property=\"og:image\" content=\"https:\/\/www.p31noticias.com.br\/wp-content\/uploads\/2019\/09\/24739778-1.jpg\" \/>\n\t<meta property=\"og:image:width\" content=\"700\" \/>\n\t<meta property=\"og:image:height\" content=\"466\" \/>\n\t<meta property=\"og:image:type\" content=\"image\/jpeg\" \/>\n<meta name=\"author\" content=\"Reda\u00e7\u00e3o JBN\" \/>\n<meta name=\"twitter:card\" content=\"summary_large_image\" \/>\n<meta name=\"twitter:label1\" content=\"Escrito por\" \/>\n\t<meta name=\"twitter:data1\" content=\"Reda\u00e7\u00e3o JBN\" \/>\n\t<meta name=\"twitter:label2\" content=\"Est. tempo de leitura\" \/>\n\t<meta name=\"twitter:data2\" content=\"3 minutos\" \/>\n<script type=\"application\/ld+json\" class=\"yoast-schema-graph\">{\"@context\":\"https:\\\/\\\/schema.org\",\"@graph\":[{\"@type\":\"Article\",\"@id\":\"https:\\\/\\\/www.p31noticias.com.br\\\/?p=3241#article\",\"isPartOf\":{\"@id\":\"https:\\\/\\\/www.p31noticias.com.br\\\/?p=3241\"},\"author\":{\"name\":\"Reda\u00e7\u00e3o JBN\",\"@id\":\"https:\\\/\\\/www.p31noticias.com.br\\\/#\\\/schema\\\/person\\\/77d6b186c710ac38937c6ec204fdd387\"},\"headline\":\"Acidentes e v\u00edtimas caem com suspens\u00e3o do uso dos radares da PRF\",\"datePublished\":\"2019-09-25T11:43:17+00:00\",\"mainEntityOfPage\":{\"@id\":\"https:\\\/\\\/www.p31noticias.com.br\\\/?p=3241\"},\"wordCount\":609,\"commentCount\":0,\"image\":{\"@id\":\"https:\\\/\\\/www.p31noticias.com.br\\\/?p=3241#primaryimage\"},\"thumbnailUrl\":\"https:\\\/\\\/www.p31noticias.com.br\\\/wp-content\\\/uploads\\\/2019\\\/09\\\/24739778-1.jpg\",\"keywords\":[\"D\u00e9cada de A\u00e7\u00f5es para a Seguran\u00e7a Vi\u00e1ria\",\"PRF\",\"radar\",\"radares\"],\"articleSection\":[\"Pol\u00edtica\"],\"inLanguage\":\"pt-BR\",\"potentialAction\":[{\"@type\":\"CommentAction\",\"name\":\"Comment\",\"target\":[\"https:\\\/\\\/www.p31noticias.com.br\\\/?p=3241#respond\"]}],\"copyrightYear\":\"2019\",\"copyrightHolder\":{\"@id\":\"https:\\\/\\\/www.p31noticias.com.br\\\/#organization\"}},{\"@type\":\"WebPage\",\"@id\":\"https:\\\/\\\/www.p31noticias.com.br\\\/?p=3241\",\"url\":\"https:\\\/\\\/www.p31noticias.com.br\\\/?p=3241\",\"name\":\"Acidentes e v\u00edtimas caem com suspens\u00e3o do uso dos radares da PRF - P31\",\"isPartOf\":{\"@id\":\"https:\\\/\\\/www.p31noticias.com.br\\\/#website\"},\"primaryImageOfPage\":{\"@id\":\"https:\\\/\\\/www.p31noticias.com.br\\\/?p=3241#primaryimage\"},\"image\":{\"@id\":\"https:\\\/\\\/www.p31noticias.com.br\\\/?p=3241#primaryimage\"},\"thumbnailUrl\":\"https:\\\/\\\/www.p31noticias.com.br\\\/wp-content\\\/uploads\\\/2019\\\/09\\\/24739778-1.jpg\",\"datePublished\":\"2019-09-25T11:43:17+00:00\",\"author\":{\"@id\":\"https:\\\/\\\/www.p31noticias.com.br\\\/#\\\/schema\\\/person\\\/77d6b186c710ac38937c6ec204fdd387\"},\"description\":\"Os dados est\u00e3o alinhados com as metas da D\u00e9cada de A\u00e7\u00f5es para a Seguran\u00e7a Vi\u00e1ria\",\"breadcrumb\":{\"@id\":\"https:\\\/\\\/www.p31noticias.com.br\\\/?p=3241#breadcrumb\"},\"inLanguage\":\"pt-BR\",\"potentialAction\":[{\"@type\":\"ReadAction\",\"target\":[\"https:\\\/\\\/www.p31noticias.com.br\\\/?p=3241\"]}]},{\"@type\":\"ImageObject\",\"inLanguage\":\"pt-BR\",\"@id\":\"https:\\\/\\\/www.p31noticias.com.br\\\/?p=3241#primaryimage\",\"url\":\"https:\\\/\\\/www.p31noticias.com.br\\\/wp-content\\\/uploads\\\/2019\\\/09\\\/24739778-1.jpg\",\"contentUrl\":\"https:\\\/\\\/www.p31noticias.com.br\\\/wp-content\\\/uploads\\\/2019\\\/09\\\/24739778-1.jpg\",\"width\":700,\"height\":466,\"caption\":\"PRF\"},{\"@type\":\"BreadcrumbList\",\"@id\":\"https:\\\/\\\/www.p31noticias.com.br\\\/?p=3241#breadcrumb\",\"itemListElement\":[{\"@type\":\"ListItem\",\"position\":1,\"name\":\"In\u00edcio\",\"item\":\"https:\\\/\\\/www.p31noticias.com.br\\\/\"},{\"@type\":\"ListItem\",\"position\":2,\"name\":\"Acidentes e v\u00edtimas caem com suspens\u00e3o do uso dos radares da PRF\"}]},{\"@type\":\"WebSite\",\"@id\":\"https:\\\/\\\/www.p31noticias.com.br\\\/#website\",\"url\":\"https:\\\/\\\/www.p31noticias.com.br\\\/\",\"name\":\"P31\",\"description\":\"NOT\u00cdCIAS\",\"potentialAction\":[{\"@type\":\"SearchAction\",\"target\":{\"@type\":\"EntryPoint\",\"urlTemplate\":\"https:\\\/\\\/www.p31noticias.com.br\\\/?s={search_term_string}\"},\"query-input\":{\"@type\":\"PropertyValueSpecification\",\"valueRequired\":true,\"valueName\":\"search_term_string\"}}],\"inLanguage\":\"pt-BR\"},{\"@type\":\"Person\",\"@id\":\"https:\\\/\\\/www.p31noticias.com.br\\\/#\\\/schema\\\/person\\\/77d6b186c710ac38937c6ec204fdd387\",\"name\":\"Reda\u00e7\u00e3o JBN\",\"image\":{\"@type\":\"ImageObject\",\"inLanguage\":\"pt-BR\",\"@id\":\"https:\\\/\\\/secure.gravatar.com\\\/avatar\\\/10fcdb93211f98cce3d64c0795b0915a9a4a21dc0f279238995a3dbfafcad090?s=96&d=mm&r=g\",\"url\":\"https:\\\/\\\/secure.gravatar.com\\\/avatar\\\/10fcdb93211f98cce3d64c0795b0915a9a4a21dc0f279238995a3dbfafcad090?s=96&d=mm&r=g\",\"contentUrl\":\"https:\\\/\\\/secure.gravatar.com\\\/avatar\\\/10fcdb93211f98cce3d64c0795b0915a9a4a21dc0f279238995a3dbfafcad090?s=96&d=mm&r=g\",\"caption\":\"Reda\u00e7\u00e3o JBN\"},\"sameAs\":[\"https:\\\/\\\/p31noticias.com.br\"],\"url\":\"https:\\\/\\\/www.p31noticias.com.br\\\/?author=18\"}]}<\/script>\n<!-- \/ Yoast SEO Premium plugin. -->","yoast_head_json":{"title":"Acidentes e v\u00edtimas caem com suspens\u00e3o do uso dos radares da PRF - P31","description":"Os dados est\u00e3o alinhados com as metas da D\u00e9cada de A\u00e7\u00f5es para a Seguran\u00e7a Vi\u00e1ria","robots":{"index":"index","follow":"follow","max-snippet":"max-snippet:-1","max-image-preview":"max-image-preview:large","max-video-preview":"max-video-preview:-1"},"canonical":"https:\/\/www.p31noticias.com.br\/?p=3241","og_locale":"pt_BR","og_type":"article","og_title":"Acidentes e v\u00edtimas caem com suspens\u00e3o do uso dos radares da PRF","og_description":"Os dados est\u00e3o alinhados com as metas da D\u00e9cada de A\u00e7\u00f5es para a Seguran\u00e7a Vi\u00e1ria","og_url":"https:\/\/www.p31noticias.com.br\/?p=3241","og_site_name":"P31","article_published_time":"2019-09-25T11:43:17+00:00","og_image":[{"width":700,"height":466,"url":"https:\/\/www.p31noticias.com.br\/wp-content\/uploads\/2019\/09\/24739778-1.jpg","type":"image\/jpeg"}],"author":"Reda\u00e7\u00e3o JBN","twitter_card":"summary_large_image","twitter_misc":{"Escrito por":"Reda\u00e7\u00e3o JBN","Est. tempo de leitura":"3 minutos"},"schema":{"@context":"https:\/\/schema.org","@graph":[{"@type":"Article","@id":"https:\/\/www.p31noticias.com.br\/?p=3241#article","isPartOf":{"@id":"https:\/\/www.p31noticias.com.br\/?p=3241"},"author":{"name":"Reda\u00e7\u00e3o JBN","@id":"https:\/\/www.p31noticias.com.br\/#\/schema\/person\/77d6b186c710ac38937c6ec204fdd387"},"headline":"Acidentes e v\u00edtimas caem com suspens\u00e3o do uso dos radares da PRF","datePublished":"2019-09-25T11:43:17+00:00","mainEntityOfPage":{"@id":"https:\/\/www.p31noticias.com.br\/?p=3241"},"wordCount":609,"commentCount":0,"image":{"@id":"https:\/\/www.p31noticias.com.br\/?p=3241#primaryimage"},"thumbnailUrl":"https:\/\/www.p31noticias.com.br\/wp-content\/uploads\/2019\/09\/24739778-1.jpg","keywords":["D\u00e9cada de A\u00e7\u00f5es para a Seguran\u00e7a Vi\u00e1ria","PRF","radar","radares"],"articleSection":["Pol\u00edtica"],"inLanguage":"pt-BR","potentialAction":[{"@type":"CommentAction","name":"Comment","target":["https:\/\/www.p31noticias.com.br\/?p=3241#respond"]}],"copyrightYear":"2019","copyrightHolder":{"@id":"https:\/\/www.p31noticias.com.br\/#organization"}},{"@type":"WebPage","@id":"https:\/\/www.p31noticias.com.br\/?p=3241","url":"https:\/\/www.p31noticias.com.br\/?p=3241","name":"Acidentes e v\u00edtimas caem com suspens\u00e3o do uso dos radares da PRF - P31","isPartOf":{"@id":"https:\/\/www.p31noticias.com.br\/#website"},"primaryImageOfPage":{"@id":"https:\/\/www.p31noticias.com.br\/?p=3241#primaryimage"},"image":{"@id":"https:\/\/www.p31noticias.com.br\/?p=3241#primaryimage"},"thumbnailUrl":"https:\/\/www.p31noticias.com.br\/wp-content\/uploads\/2019\/09\/24739778-1.jpg","datePublished":"2019-09-25T11:43:17+00:00","author":{"@id":"https:\/\/www.p31noticias.com.br\/#\/schema\/person\/77d6b186c710ac38937c6ec204fdd387"},"description":"Os dados est\u00e3o alinhados com as metas da D\u00e9cada de A\u00e7\u00f5es para a Seguran\u00e7a Vi\u00e1ria","breadcrumb":{"@id":"https:\/\/www.p31noticias.com.br\/?p=3241#breadcrumb"},"inLanguage":"pt-BR","potentialAction":[{"@type":"ReadAction","target":["https:\/\/www.p31noticias.com.br\/?p=3241"]}]},{"@type":"ImageObject","inLanguage":"pt-BR","@id":"https:\/\/www.p31noticias.com.br\/?p=3241#primaryimage","url":"https:\/\/www.p31noticias.com.br\/wp-content\/uploads\/2019\/09\/24739778-1.jpg","contentUrl":"https:\/\/www.p31noticias.com.br\/wp-content\/uploads\/2019\/09\/24739778-1.jpg","width":700,"height":466,"caption":"PRF"},{"@type":"BreadcrumbList","@id":"https:\/\/www.p31noticias.com.br\/?p=3241#breadcrumb","itemListElement":[{"@type":"ListItem","position":1,"name":"In\u00edcio","item":"https:\/\/www.p31noticias.com.br\/"},{"@type":"ListItem","position":2,"name":"Acidentes e v\u00edtimas caem com suspens\u00e3o do uso dos radares da PRF"}]},{"@type":"WebSite","@id":"https:\/\/www.p31noticias.com.br\/#website","url":"https:\/\/www.p31noticias.com.br\/","name":"P31","description":"NOT\u00cdCIAS","potentialAction":[{"@type":"SearchAction","target":{"@type":"EntryPoint","urlTemplate":"https:\/\/www.p31noticias.com.br\/?s={search_term_string}"},"query-input":{"@type":"PropertyValueSpecification","valueRequired":true,"valueName":"search_term_string"}}],"inLanguage":"pt-BR"},{"@type":"Person","@id":"https:\/\/www.p31noticias.com.br\/#\/schema\/person\/77d6b186c710ac38937c6ec204fdd387","name":"Reda\u00e7\u00e3o JBN","image":{"@type":"ImageObject","inLanguage":"pt-BR","@id":"https:\/\/secure.gravatar.com\/avatar\/10fcdb93211f98cce3d64c0795b0915a9a4a21dc0f279238995a3dbfafcad090?s=96&d=mm&r=g","url":"https:\/\/secure.gravatar.com\/avatar\/10fcdb93211f98cce3d64c0795b0915a9a4a21dc0f279238995a3dbfafcad090?s=96&d=mm&r=g","contentUrl":"https:\/\/secure.gravatar.com\/avatar\/10fcdb93211f98cce3d64c0795b0915a9a4a21dc0f279238995a3dbfafcad090?s=96&d=mm&r=g","caption":"Reda\u00e7\u00e3o JBN"},"sameAs":["https:\/\/p31noticias.com.br"],"url":"https:\/\/www.p31noticias.com.br\/?author=18"}]}},"amp_enabled":true,"_links":{"self":[{"href":"https:\/\/www.p31noticias.com.br\/index.php?rest_route=\/wp\/v2\/posts\/3241","targetHints":{"allow":["GET"]}}],"collection":[{"href":"https:\/\/www.p31noticias.com.br\/index.php?rest_route=\/wp\/v2\/posts"}],"about":[{"href":"https:\/\/www.p31noticias.com.br\/index.php?rest_route=\/wp\/v2\/types\/post"}],"author":[{"embeddable":true,"href":"https:\/\/www.p31noticias.com.br\/index.php?rest_route=\/wp\/v2\/users\/18"}],"replies":[{"embeddable":true,"href":"https:\/\/www.p31noticias.com.br\/index.php?rest_route=%2Fwp%2Fv2%2Fcomments&post=3241"}],"version-history":[{"count":0,"href":"https:\/\/www.p31noticias.com.br\/index.php?rest_route=\/wp\/v2\/posts\/3241\/revisions"}],"wp:featuredmedia":[{"embeddable":true,"href":"https:\/\/www.p31noticias.com.br\/index.php?rest_route=\/wp\/v2\/media\/3242"}],"wp:attachment":[{"href":"https:\/\/www.p31noticias.com.br\/index.php?rest_route=%2Fwp%2Fv2%2Fmedia&parent=3241"}],"wp:term":[{"taxonomy":"category","embeddable":true,"href":"https:\/\/www.p31noticias.com.br\/index.php?rest_route=%2Fwp%2Fv2%2Fcategories&post=3241"},{"taxonomy":"post_tag","embeddable":true,"href":"https:\/\/www.p31noticias.com.br\/index.php?rest_route=%2Fwp%2Fv2%2Ftags&post=3241"}],"curies":[{"name":"wp","href":"https:\/\/api.w.org\/{rel}","templated":true}]}}