{"id":3238,"date":"2019-09-24T09:37:53","date_gmt":"2019-09-24T12:37:53","guid":{"rendered":"https:\/\/juniortakamoto.com.br\/?p=3238"},"modified":"2019-09-24T09:37:53","modified_gmt":"2019-09-24T12:37:53","slug":"o-pacote-anticrime-de-moro-vai-voltar","status":"publish","type":"post","link":"https:\/\/www.p31noticias.com.br\/?p=3238","title":{"rendered":"O pacote anticrime de Moro vai voltar!"},"content":{"rendered":"<p>A bancada de Sergio Moro pretende reverter na CCJ e no plen\u00e1rio as derrotas sofridas pelo pacote anticrime.<\/p>\n<p>Capit\u00e3o Augusto disse para o UOL:<\/p>\n<p>\u201cNunca um l\u00edder do governo foi me visitar no grupo de trabalho. Eu estou sozinho ali. O governo errou. Sou aliado do Bolsonaro e amigo dele, considero que administrativamente ele est\u00e1 indo bem, mas o relacionamento com o Legislativo \u00e9 uma l\u00e1stima. S\u00e3o derrotas sucessivas.\u201d<\/p>\n<p>Ele acrescentou, por\u00e9m, que as derrotas devem ser provis\u00f3rias:<\/p>\n<p>\u201cS\u00e3o 305 deputados na nossa bancada, a maior da Casa. Se eles retirarem todos os pontos do pacote, no plen\u00e1rio a gente reverte.\u201d<\/p>\n<p><strong>Sem apoio do governo na C\u00e2mara<\/strong>, o pacote anticrime foi flagelado pelo grupo de trabalho, que reduziu os prazos de progress\u00e3o de regime de crimes contra a vida.<\/p>\n<p>O texto proposto por Sergio Moro fixava o cumprimento 4\/5 da pena para o benef\u00edcio quando o crime resulta em morte. Os deputados atenuaram para 3\/5 e 2\/3 se o condenador for reincidente.<\/p>\n<p>Felipe Francischini, presidente da CCJ da C\u00e2mara, vai se reunir nesta semana com os deputados do grupo de trabalho que analisa o pacote anticrime de Sergio Moro.<\/p>\n<p>O objetivo \u00e9 discutir quais pontos do pacote que foram rejeitados podem ser recuperados por meio de outras propostas que tramitam na comiss\u00e3o.<\/p>\n<p>Em uma resposta a Gloria Perez, autora de novelas da TV Globo, que lamentou, no Twitter, a autoriza\u00e7\u00e3o dada pela Justi\u00e7a para o assassino do garoto Jo\u00e3o H\u00e9lio a cumprir o restante da pena em casa, Sergio Moro defendeu a aprova\u00e7\u00e3o do pacote anticrime.<\/p>\n<p>Na postagem, Gloria Perez escreveu: \u201cQue venha o pacote do Moro, para que nunca mais a extrema crueldade contra uma crian\u00e7a seja premiada com a impunidade!\u201d.<\/p>\n<p>Moro, ent\u00e3o, publicou:<\/p>\n<p>\u201cRespons\u00e1vel por assassinato brutal de crian\u00e7a, embora condenado a 39 anos de pris\u00e3o, foi, na pr\u00e1tica, libertado ap\u00f3s dez anos. Barata a vida humana no Brasil. Em outros pa\u00edses, seria perp\u00e9tua. O projeto de lei anticrime, se aprovado, impediria essa vergonhosa injusti\u00e7a.\u201d<\/p>\n<p><img loading=\"lazy\" decoding=\"async\" class=\"size-full wp-image-243238 aligncenter\" src=\"https:\/\/cdn.oantagonista.net\/uploads\/2019\/08\/morotweet2-1.jpg\" sizes=\"auto, (max-width: 581px) 100vw, 581px\" srcset=\"https:\/\/cdn.oantagonista.net\/uploads\/2019\/08\/morotweet2-1.jpg 581w, https:\/\/cdn.oantagonista.net\/uploads\/2019\/08\/morotweet2-1-236x138.jpg 236w\" alt=\"\" width=\"581\" height=\"340\" \/><\/p>\n<div class=\"mc-column content-text active-extra-styles \" data-block-type=\"unstyled\" data-block-weight=\"22\" data-block-id=\"4\">\n<p class=\"content-text__container \" data-track-category=\"Link no Texto\" data-track-links=\"\">O brutal assassinato foi cometido em fevereiro de 2007. Carlos Roberto da Silva assaltou, com outros criminosos, uma fam\u00edlia na zona norte do Rio.<\/p>\n<p class=\"content-text__container \" data-track-category=\"Link no Texto\" data-track-links=\"\">M\u00e3e e filha conseguiram deixar o carro em que estavam, mas Jo\u00e3o H\u00e9lio, de apenas 6 anos, ficou preso no cinto de seguran\u00e7a, pendurado do lado de fora do ve\u00edculo.<\/p>\n<p data-track-category=\"Link no Texto\" data-track-links=\"\">O garoto foi arrastado por sete quil\u00f4metros e morreu. Quatro bandidos foram condenados.<\/p>\n<p>A Ordem dos Advogados do Brasil entregou em maio\/19 a Rodrigo Maia um estudo que manifesta \u201cexpressa oposi\u00e7\u00e3o\u201d aos principais pontos do pacote anticrime de Sergio Moro propostos para vencer a impunidade.<\/p>\n<p>A OAB quer derrubar, por exemplo, a pris\u00e3o em segunda inst\u00e2ncia e a pris\u00e3o em primeira inst\u00e2ncia por homic\u00eddios dolosos ap\u00f3s condena\u00e7\u00e3o pelo Tribunal do J\u00fari.<\/p>\n<p>A entidade tamb\u00e9m se manifestou contra:<\/p>\n<ul>\n<li>a restri\u00e7\u00e3o dos embargos infringentes (recursos na pr\u00f3pria segunda inst\u00e2ncia);<\/li>\n<li>a amplia\u00e7\u00e3o do conceito de leg\u00edtima defesa por policiais;<\/li>\n<li>a restri\u00e7\u00e3o das hip\u00f3teses de prescri\u00e7\u00e3o;<\/li>\n<li>endurecimento de regras para progress\u00e3o de regime;<\/li>\n<li>pena maior para o crime de resist\u00eancia (opor-se a uma pris\u00e3o);<\/li>\n<li>cria\u00e7\u00e3o do confisco alargado (perda de bens de criminosos);<\/li>\n<li>acordo penal (confiss\u00e3o do crime para evitar processo); e<\/li>\n<li>grava\u00e7\u00e3o de conversa entre advogado e cliente preso.<\/li>\n<\/ul>\n<p>Em rela\u00e7\u00e3o a todos esses pontos, a OAB diz que houve \u201cunanimidade das cr\u00edticas dos pareceristas e associa\u00e7\u00f5es que aportaram seus estudos\u201d, \u201ccom indica\u00e7\u00e3o praticamente consensual pela rejei\u00e7\u00e3o das propostas\u201d.<\/p>\n<\/div>\n","protected":false},"excerpt":{"rendered":"<p>A bancada de Sergio Moro pretende reverter na CCJ e no plen\u00e1rio as derrotas sofridas pelo pacote anticrime. Capit\u00e3o Augusto disse para o UOL: \u201cNunca um l\u00edder do governo foi me visitar no grupo de trabalho. Eu estou sozinho ali. O governo errou. Sou aliado do Bolsonaro e amigo dele, considero que administrativamente ele est\u00e1 [&hellip;]<\/p>\n","protected":false},"author":18,"featured_media":3239,"comment_status":"open","ping_status":"open","sticky":false,"template":"","format":"standard","meta":{"footnotes":""},"categories":[57],"tags":[72,224,233,215,71],"class_list":{"0":"post-3238","1":"post","2":"type-post","3":"status-publish","4":"format-standard","5":"has-post-thumbnail","7":"category-politica","8":"tag-deltan-dallagnol","9":"tag-felipe-francischini","10":"tag-governo-bolsonaro","11":"tag-pacote-anticrime","12":"tag-sergio-moro"},"yoast_head":"<!-- This site is optimized with the Yoast SEO Premium plugin v24.5 (Yoast SEO v27.5) - https:\/\/yoast.com\/product\/yoast-seo-premium-wordpress\/ -->\n<title>O pacote anticrime de Moro vai voltar! - P31<\/title>\n<meta name=\"description\" content=\"A bancada de Sergio Moro pretende reverter na CCJ e no plen\u00e1rio as derrotas sofridas pelo pacote anticrime.Capit\u00e3o Augusto disse para o UOL\" \/>\n<meta name=\"robots\" content=\"index, follow, max-snippet:-1, max-image-preview:large, max-video-preview:-1\" \/>\n<link rel=\"canonical\" href=\"https:\/\/www.p31noticias.com.br\/?p=3238\" \/>\n<meta property=\"og:locale\" content=\"pt_BR\" \/>\n<meta property=\"og:type\" content=\"article\" \/>\n<meta property=\"og:title\" content=\"O pacote anticrime de Moro vai voltar!\" \/>\n<meta property=\"og:description\" content=\"A bancada de Sergio Moro pretende reverter na CCJ e no plen\u00e1rio as derrotas sofridas pelo pacote anticrime.Capit\u00e3o Augusto disse para o UOL\" \/>\n<meta property=\"og:url\" content=\"https:\/\/www.p31noticias.com.br\/?p=3238\" \/>\n<meta property=\"og:site_name\" content=\"P31\" \/>\n<meta property=\"article:published_time\" content=\"2019-09-24T12:37:53+00:00\" \/>\n<meta property=\"og:image\" content=\"https:\/\/www.p31noticias.com.br\/wp-content\/uploads\/2019\/09\/mca_abr_0201199790df-1.jpg\" \/>\n\t<meta property=\"og:image:width\" content=\"1140\" \/>\n\t<meta property=\"og:image:height\" content=\"760\" \/>\n\t<meta property=\"og:image:type\" content=\"image\/jpeg\" \/>\n<meta name=\"author\" content=\"Reda\u00e7\u00e3o JBN\" \/>\n<meta name=\"twitter:card\" content=\"summary_large_image\" \/>\n<meta name=\"twitter:label1\" content=\"Escrito por\" \/>\n\t<meta name=\"twitter:data1\" content=\"Reda\u00e7\u00e3o JBN\" \/>\n\t<meta name=\"twitter:label2\" content=\"Est. tempo de leitura\" \/>\n\t<meta name=\"twitter:data2\" content=\"3 minutos\" \/>\n<script type=\"application\/ld+json\" class=\"yoast-schema-graph\">{\"@context\":\"https:\\\/\\\/schema.org\",\"@graph\":[{\"@type\":\"Article\",\"@id\":\"https:\\\/\\\/www.p31noticias.com.br\\\/?p=3238#article\",\"isPartOf\":{\"@id\":\"https:\\\/\\\/www.p31noticias.com.br\\\/?p=3238\"},\"author\":{\"name\":\"Reda\u00e7\u00e3o JBN\",\"@id\":\"https:\\\/\\\/www.p31noticias.com.br\\\/#\\\/schema\\\/person\\\/77d6b186c710ac38937c6ec204fdd387\"},\"headline\":\"O pacote anticrime de Moro vai voltar!\",\"datePublished\":\"2019-09-24T12:37:53+00:00\",\"mainEntityOfPage\":{\"@id\":\"https:\\\/\\\/www.p31noticias.com.br\\\/?p=3238\"},\"wordCount\":620,\"commentCount\":0,\"image\":{\"@id\":\"https:\\\/\\\/www.p31noticias.com.br\\\/?p=3238#primaryimage\"},\"thumbnailUrl\":\"https:\\\/\\\/www.p31noticias.com.br\\\/wp-content\\\/uploads\\\/2019\\\/09\\\/mca_abr_0201199790df-1.jpg\",\"keywords\":[\"deltan dallagnol\",\"Felipe Francischini\",\"governo Bolsonaro\",\"pacote anticrime\",\"sergio moro\"],\"articleSection\":[\"Pol\u00edtica\"],\"inLanguage\":\"pt-BR\",\"potentialAction\":[{\"@type\":\"CommentAction\",\"name\":\"Comment\",\"target\":[\"https:\\\/\\\/www.p31noticias.com.br\\\/?p=3238#respond\"]}],\"copyrightYear\":\"2019\",\"copyrightHolder\":{\"@id\":\"https:\\\/\\\/www.p31noticias.com.br\\\/#organization\"}},{\"@type\":\"WebPage\",\"@id\":\"https:\\\/\\\/www.p31noticias.com.br\\\/?p=3238\",\"url\":\"https:\\\/\\\/www.p31noticias.com.br\\\/?p=3238\",\"name\":\"O pacote anticrime de Moro vai voltar! - P31\",\"isPartOf\":{\"@id\":\"https:\\\/\\\/www.p31noticias.com.br\\\/#website\"},\"primaryImageOfPage\":{\"@id\":\"https:\\\/\\\/www.p31noticias.com.br\\\/?p=3238#primaryimage\"},\"image\":{\"@id\":\"https:\\\/\\\/www.p31noticias.com.br\\\/?p=3238#primaryimage\"},\"thumbnailUrl\":\"https:\\\/\\\/www.p31noticias.com.br\\\/wp-content\\\/uploads\\\/2019\\\/09\\\/mca_abr_0201199790df-1.jpg\",\"datePublished\":\"2019-09-24T12:37:53+00:00\",\"author\":{\"@id\":\"https:\\\/\\\/www.p31noticias.com.br\\\/#\\\/schema\\\/person\\\/77d6b186c710ac38937c6ec204fdd387\"},\"description\":\"A bancada de Sergio Moro pretende reverter na CCJ e no plen\u00e1rio as derrotas sofridas pelo pacote anticrime.Capit\u00e3o Augusto disse para o UOL\",\"breadcrumb\":{\"@id\":\"https:\\\/\\\/www.p31noticias.com.br\\\/?p=3238#breadcrumb\"},\"inLanguage\":\"pt-BR\",\"potentialAction\":[{\"@type\":\"ReadAction\",\"target\":[\"https:\\\/\\\/www.p31noticias.com.br\\\/?p=3238\"]}]},{\"@type\":\"ImageObject\",\"inLanguage\":\"pt-BR\",\"@id\":\"https:\\\/\\\/www.p31noticias.com.br\\\/?p=3238#primaryimage\",\"url\":\"https:\\\/\\\/www.p31noticias.com.br\\\/wp-content\\\/uploads\\\/2019\\\/09\\\/mca_abr_0201199790df-1.jpg\",\"contentUrl\":\"https:\\\/\\\/www.p31noticias.com.br\\\/wp-content\\\/uploads\\\/2019\\\/09\\\/mca_abr_0201199790df-1.jpg\",\"width\":1140,\"height\":760,\"caption\":\"O ministro da Justi\u00e7a e Seguran\u00e7a P\u00fablica, S\u00e9rgio Fernando Moro pacote anticrime\"},{\"@type\":\"BreadcrumbList\",\"@id\":\"https:\\\/\\\/www.p31noticias.com.br\\\/?p=3238#breadcrumb\",\"itemListElement\":[{\"@type\":\"ListItem\",\"position\":1,\"name\":\"In\u00edcio\",\"item\":\"https:\\\/\\\/www.p31noticias.com.br\\\/\"},{\"@type\":\"ListItem\",\"position\":2,\"name\":\"O pacote anticrime de Moro vai voltar!\"}]},{\"@type\":\"WebSite\",\"@id\":\"https:\\\/\\\/www.p31noticias.com.br\\\/#website\",\"url\":\"https:\\\/\\\/www.p31noticias.com.br\\\/\",\"name\":\"P31\",\"description\":\"NOT\u00cdCIAS\",\"potentialAction\":[{\"@type\":\"SearchAction\",\"target\":{\"@type\":\"EntryPoint\",\"urlTemplate\":\"https:\\\/\\\/www.p31noticias.com.br\\\/?s={search_term_string}\"},\"query-input\":{\"@type\":\"PropertyValueSpecification\",\"valueRequired\":true,\"valueName\":\"search_term_string\"}}],\"inLanguage\":\"pt-BR\"},{\"@type\":\"Person\",\"@id\":\"https:\\\/\\\/www.p31noticias.com.br\\\/#\\\/schema\\\/person\\\/77d6b186c710ac38937c6ec204fdd387\",\"name\":\"Reda\u00e7\u00e3o JBN\",\"image\":{\"@type\":\"ImageObject\",\"inLanguage\":\"pt-BR\",\"@id\":\"https:\\\/\\\/secure.gravatar.com\\\/avatar\\\/10fcdb93211f98cce3d64c0795b0915a9a4a21dc0f279238995a3dbfafcad090?s=96&d=mm&r=g\",\"url\":\"https:\\\/\\\/secure.gravatar.com\\\/avatar\\\/10fcdb93211f98cce3d64c0795b0915a9a4a21dc0f279238995a3dbfafcad090?s=96&d=mm&r=g\",\"contentUrl\":\"https:\\\/\\\/secure.gravatar.com\\\/avatar\\\/10fcdb93211f98cce3d64c0795b0915a9a4a21dc0f279238995a3dbfafcad090?s=96&d=mm&r=g\",\"caption\":\"Reda\u00e7\u00e3o JBN\"},\"sameAs\":[\"https:\\\/\\\/p31noticias.com.br\"],\"url\":\"https:\\\/\\\/www.p31noticias.com.br\\\/?author=18\"}]}<\/script>\n<!-- \/ Yoast SEO Premium plugin. -->","yoast_head_json":{"title":"O pacote anticrime de Moro vai voltar! - P31","description":"A bancada de Sergio Moro pretende reverter na CCJ e no plen\u00e1rio as derrotas sofridas pelo pacote anticrime.Capit\u00e3o Augusto disse para o UOL","robots":{"index":"index","follow":"follow","max-snippet":"max-snippet:-1","max-image-preview":"max-image-preview:large","max-video-preview":"max-video-preview:-1"},"canonical":"https:\/\/www.p31noticias.com.br\/?p=3238","og_locale":"pt_BR","og_type":"article","og_title":"O pacote anticrime de Moro vai voltar!","og_description":"A bancada de Sergio Moro pretende reverter na CCJ e no plen\u00e1rio as derrotas sofridas pelo pacote anticrime.Capit\u00e3o Augusto disse para o UOL","og_url":"https:\/\/www.p31noticias.com.br\/?p=3238","og_site_name":"P31","article_published_time":"2019-09-24T12:37:53+00:00","og_image":[{"width":1140,"height":760,"url":"https:\/\/www.p31noticias.com.br\/wp-content\/uploads\/2019\/09\/mca_abr_0201199790df-1.jpg","type":"image\/jpeg"}],"author":"Reda\u00e7\u00e3o JBN","twitter_card":"summary_large_image","twitter_misc":{"Escrito por":"Reda\u00e7\u00e3o JBN","Est. tempo de leitura":"3 minutos"},"schema":{"@context":"https:\/\/schema.org","@graph":[{"@type":"Article","@id":"https:\/\/www.p31noticias.com.br\/?p=3238#article","isPartOf":{"@id":"https:\/\/www.p31noticias.com.br\/?p=3238"},"author":{"name":"Reda\u00e7\u00e3o JBN","@id":"https:\/\/www.p31noticias.com.br\/#\/schema\/person\/77d6b186c710ac38937c6ec204fdd387"},"headline":"O pacote anticrime de Moro vai voltar!","datePublished":"2019-09-24T12:37:53+00:00","mainEntityOfPage":{"@id":"https:\/\/www.p31noticias.com.br\/?p=3238"},"wordCount":620,"commentCount":0,"image":{"@id":"https:\/\/www.p31noticias.com.br\/?p=3238#primaryimage"},"thumbnailUrl":"https:\/\/www.p31noticias.com.br\/wp-content\/uploads\/2019\/09\/mca_abr_0201199790df-1.jpg","keywords":["deltan dallagnol","Felipe Francischini","governo Bolsonaro","pacote anticrime","sergio moro"],"articleSection":["Pol\u00edtica"],"inLanguage":"pt-BR","potentialAction":[{"@type":"CommentAction","name":"Comment","target":["https:\/\/www.p31noticias.com.br\/?p=3238#respond"]}],"copyrightYear":"2019","copyrightHolder":{"@id":"https:\/\/www.p31noticias.com.br\/#organization"}},{"@type":"WebPage","@id":"https:\/\/www.p31noticias.com.br\/?p=3238","url":"https:\/\/www.p31noticias.com.br\/?p=3238","name":"O pacote anticrime de Moro vai voltar! - P31","isPartOf":{"@id":"https:\/\/www.p31noticias.com.br\/#website"},"primaryImageOfPage":{"@id":"https:\/\/www.p31noticias.com.br\/?p=3238#primaryimage"},"image":{"@id":"https:\/\/www.p31noticias.com.br\/?p=3238#primaryimage"},"thumbnailUrl":"https:\/\/www.p31noticias.com.br\/wp-content\/uploads\/2019\/09\/mca_abr_0201199790df-1.jpg","datePublished":"2019-09-24T12:37:53+00:00","author":{"@id":"https:\/\/www.p31noticias.com.br\/#\/schema\/person\/77d6b186c710ac38937c6ec204fdd387"},"description":"A bancada de Sergio Moro pretende reverter na CCJ e no plen\u00e1rio as derrotas sofridas pelo pacote anticrime.Capit\u00e3o Augusto disse para o UOL","breadcrumb":{"@id":"https:\/\/www.p31noticias.com.br\/?p=3238#breadcrumb"},"inLanguage":"pt-BR","potentialAction":[{"@type":"ReadAction","target":["https:\/\/www.p31noticias.com.br\/?p=3238"]}]},{"@type":"ImageObject","inLanguage":"pt-BR","@id":"https:\/\/www.p31noticias.com.br\/?p=3238#primaryimage","url":"https:\/\/www.p31noticias.com.br\/wp-content\/uploads\/2019\/09\/mca_abr_0201199790df-1.jpg","contentUrl":"https:\/\/www.p31noticias.com.br\/wp-content\/uploads\/2019\/09\/mca_abr_0201199790df-1.jpg","width":1140,"height":760,"caption":"O ministro da Justi\u00e7a e Seguran\u00e7a P\u00fablica, S\u00e9rgio Fernando Moro pacote anticrime"},{"@type":"BreadcrumbList","@id":"https:\/\/www.p31noticias.com.br\/?p=3238#breadcrumb","itemListElement":[{"@type":"ListItem","position":1,"name":"In\u00edcio","item":"https:\/\/www.p31noticias.com.br\/"},{"@type":"ListItem","position":2,"name":"O pacote anticrime de Moro vai voltar!"}]},{"@type":"WebSite","@id":"https:\/\/www.p31noticias.com.br\/#website","url":"https:\/\/www.p31noticias.com.br\/","name":"P31","description":"NOT\u00cdCIAS","potentialAction":[{"@type":"SearchAction","target":{"@type":"EntryPoint","urlTemplate":"https:\/\/www.p31noticias.com.br\/?s={search_term_string}"},"query-input":{"@type":"PropertyValueSpecification","valueRequired":true,"valueName":"search_term_string"}}],"inLanguage":"pt-BR"},{"@type":"Person","@id":"https:\/\/www.p31noticias.com.br\/#\/schema\/person\/77d6b186c710ac38937c6ec204fdd387","name":"Reda\u00e7\u00e3o JBN","image":{"@type":"ImageObject","inLanguage":"pt-BR","@id":"https:\/\/secure.gravatar.com\/avatar\/10fcdb93211f98cce3d64c0795b0915a9a4a21dc0f279238995a3dbfafcad090?s=96&d=mm&r=g","url":"https:\/\/secure.gravatar.com\/avatar\/10fcdb93211f98cce3d64c0795b0915a9a4a21dc0f279238995a3dbfafcad090?s=96&d=mm&r=g","contentUrl":"https:\/\/secure.gravatar.com\/avatar\/10fcdb93211f98cce3d64c0795b0915a9a4a21dc0f279238995a3dbfafcad090?s=96&d=mm&r=g","caption":"Reda\u00e7\u00e3o JBN"},"sameAs":["https:\/\/p31noticias.com.br"],"url":"https:\/\/www.p31noticias.com.br\/?author=18"}]}},"amp_enabled":true,"_links":{"self":[{"href":"https:\/\/www.p31noticias.com.br\/index.php?rest_route=\/wp\/v2\/posts\/3238","targetHints":{"allow":["GET"]}}],"collection":[{"href":"https:\/\/www.p31noticias.com.br\/index.php?rest_route=\/wp\/v2\/posts"}],"about":[{"href":"https:\/\/www.p31noticias.com.br\/index.php?rest_route=\/wp\/v2\/types\/post"}],"author":[{"embeddable":true,"href":"https:\/\/www.p31noticias.com.br\/index.php?rest_route=\/wp\/v2\/users\/18"}],"replies":[{"embeddable":true,"href":"https:\/\/www.p31noticias.com.br\/index.php?rest_route=%2Fwp%2Fv2%2Fcomments&post=3238"}],"version-history":[{"count":0,"href":"https:\/\/www.p31noticias.com.br\/index.php?rest_route=\/wp\/v2\/posts\/3238\/revisions"}],"wp:featuredmedia":[{"embeddable":true,"href":"https:\/\/www.p31noticias.com.br\/index.php?rest_route=\/wp\/v2\/media\/3239"}],"wp:attachment":[{"href":"https:\/\/www.p31noticias.com.br\/index.php?rest_route=%2Fwp%2Fv2%2Fmedia&parent=3238"}],"wp:term":[{"taxonomy":"category","embeddable":true,"href":"https:\/\/www.p31noticias.com.br\/index.php?rest_route=%2Fwp%2Fv2%2Fcategories&post=3238"},{"taxonomy":"post_tag","embeddable":true,"href":"https:\/\/www.p31noticias.com.br\/index.php?rest_route=%2Fwp%2Fv2%2Ftags&post=3238"}],"curies":[{"name":"wp","href":"https:\/\/api.w.org\/{rel}","templated":true}]}}