{"id":3231,"date":"2019-09-23T17:07:35","date_gmt":"2019-09-23T20:07:35","guid":{"rendered":"https:\/\/juniortakamoto.com.br\/?p=3231"},"modified":"2019-09-23T17:07:35","modified_gmt":"2019-09-23T20:07:35","slug":"deputados-distritais-almocam","status":"publish","type":"post","link":"https:\/\/www.p31noticias.com.br\/?p=3231","title":{"rendered":"Deputados distritais almo\u00e7am com objetivo de aproxima\u00e7\u00e3o das bancadas"},"content":{"rendered":"<h2 class=\"m-resume-single\">Evento foi realizado na casa de Telma Rufino (Pros) e contou com a presen\u00e7a de 16 dos 23 integrantes da CLDF<\/h2>\n<p>A deputada distrital Telma Rufino (Pros)\u00a0recebeu 16 dos 23 parlamentares no tradicional almo\u00e7o realizado nesta segunda-feira (23\/09\/3019), na casa dela \u2013 localizada em Arniqueira. O grupo reuniu base e oposi\u00e7\u00e3o ao governo Ibaneis Rocha (MDB), al\u00e9m do subsecret\u00e1rio de rela\u00e7\u00f5es parlamentares,\u00a0Bispo Renato. O presidente da C\u00e2mara Legislativa (CLDF), Rafael Prudente (MDB), tamb\u00e9m esteve presente.<\/p>\n<p>O menu foi a j\u00e1 conhecida\u00a0rabada\u00a0preparada pelo cozinheiro Raul, que trabalha para a distrital. Desde a legislatura passada, os eventos organizados por Telma s\u00e3o prestigiados. Desta vez, o objetivo foi aproximar os distritais de diferentes linhas ideol\u00f3gicas.<\/p>\n<p>Os almo\u00e7os oferecidos por Telma j\u00e1 viraram um costume na CLDF, desde a legislatura passada. A recente edi\u00e7\u00e3o \u00e9 a primeira ap\u00f3s a posse dos atuais deputados distritais. No fim do ano passado, a parlamentar recebeu\u00a0os ent\u00e3o eleitos\u00a0para o primeiro encontro dos atuais legisladores.<\/p>\n<p>&nbsp;<\/p>\n","protected":false},"excerpt":{"rendered":"<p>Evento foi realizado na casa de Telma Rufino (Pros) e contou com a presen\u00e7a de 16 dos 23 integrantes da CLDF A deputada distrital Telma Rufino (Pros)\u00a0recebeu 16 dos 23 parlamentares no tradicional almo\u00e7o realizado nesta segunda-feira (23\/09\/3019), na casa dela \u2013 localizada em Arniqueira. O grupo reuniu base e oposi\u00e7\u00e3o ao governo Ibaneis Rocha [&hellip;]<\/p>\n","protected":false},"author":18,"featured_media":3232,"comment_status":"open","ping_status":"open","sticky":false,"template":"","format":"standard","meta":{"footnotes":""},"categories":[21],"tags":[80,228,227],"class_list":{"0":"post-3231","1":"post","2":"type-post","3":"status-publish","4":"format-standard","5":"has-post-thumbnail","7":"category-brasilia","8":"tag-cldf","9":"tag-deputado-distrital","10":"tag-telma-rufino"},"yoast_head":"<!-- This site is optimized with the Yoast SEO Premium plugin v24.5 (Yoast SEO v27.5) - https:\/\/yoast.com\/product\/yoast-seo-premium-wordpress\/ -->\n<title>Deputados distritais almo\u00e7am com objetivo de aproxima\u00e7\u00e3o das bancadas - P31<\/title>\n<meta name=\"description\" content=\"Evento foi realizado na casa de Telma Rufino (Pros) e contou com a presen\u00e7a de 16 dos 23 integrantes da CLDF\" \/>\n<meta name=\"robots\" content=\"index, follow, max-snippet:-1, max-image-preview:large, max-video-preview:-1\" \/>\n<link rel=\"canonical\" href=\"https:\/\/www.p31noticias.com.br\/?p=3231\" \/>\n<meta property=\"og:locale\" content=\"pt_BR\" \/>\n<meta property=\"og:type\" content=\"article\" \/>\n<meta property=\"og:title\" content=\"Deputados distritais almo\u00e7am com objetivo de aproxima\u00e7\u00e3o das bancadas\" \/>\n<meta property=\"og:description\" content=\"Evento foi realizado na casa de Telma Rufino (Pros) e contou com a presen\u00e7a de 16 dos 23 integrantes da CLDF\" \/>\n<meta property=\"og:url\" content=\"https:\/\/www.p31noticias.com.br\/?p=3231\" \/>\n<meta property=\"og:site_name\" content=\"P31\" \/>\n<meta property=\"article:published_time\" content=\"2019-09-23T20:07:35+00:00\" \/>\n<meta property=\"og:image\" content=\"https:\/\/www.p31noticias.com.br\/wp-content\/uploads\/2019\/09\/telma-1.jpg\" \/>\n\t<meta property=\"og:image:width\" content=\"840\" \/>\n\t<meta property=\"og:image:height\" content=\"560\" \/>\n\t<meta property=\"og:image:type\" content=\"image\/jpeg\" \/>\n<meta name=\"author\" content=\"Reda\u00e7\u00e3o JBN\" \/>\n<meta name=\"twitter:card\" content=\"summary_large_image\" \/>\n<meta name=\"twitter:label1\" content=\"Escrito por\" \/>\n\t<meta name=\"twitter:data1\" content=\"Reda\u00e7\u00e3o JBN\" \/>\n\t<meta name=\"twitter:label2\" content=\"Est. tempo de leitura\" \/>\n\t<meta name=\"twitter:data2\" content=\"1 minuto\" \/>\n<script type=\"application\/ld+json\" class=\"yoast-schema-graph\">{\"@context\":\"https:\\\/\\\/schema.org\",\"@graph\":[{\"@type\":\"Article\",\"@id\":\"https:\\\/\\\/www.p31noticias.com.br\\\/?p=3231#article\",\"isPartOf\":{\"@id\":\"https:\\\/\\\/www.p31noticias.com.br\\\/?p=3231\"},\"author\":{\"name\":\"Reda\u00e7\u00e3o JBN\",\"@id\":\"https:\\\/\\\/www.p31noticias.com.br\\\/#\\\/schema\\\/person\\\/77d6b186c710ac38937c6ec204fdd387\"},\"headline\":\"Deputados distritais almo\u00e7am com objetivo de aproxima\u00e7\u00e3o das bancadas\",\"datePublished\":\"2019-09-23T20:07:35+00:00\",\"mainEntityOfPage\":{\"@id\":\"https:\\\/\\\/www.p31noticias.com.br\\\/?p=3231\"},\"wordCount\":181,\"commentCount\":0,\"image\":{\"@id\":\"https:\\\/\\\/www.p31noticias.com.br\\\/?p=3231#primaryimage\"},\"thumbnailUrl\":\"https:\\\/\\\/www.p31noticias.com.br\\\/wp-content\\\/uploads\\\/2019\\\/09\\\/telma-1.jpg\",\"keywords\":[\"CLDF\",\"deputado distrital\",\"Telma Rufino\"],\"articleSection\":[\"Bras\u00edlia\"],\"inLanguage\":\"pt-BR\",\"potentialAction\":[{\"@type\":\"CommentAction\",\"name\":\"Comment\",\"target\":[\"https:\\\/\\\/www.p31noticias.com.br\\\/?p=3231#respond\"]}],\"copyrightYear\":\"2019\",\"copyrightHolder\":{\"@id\":\"https:\\\/\\\/www.p31noticias.com.br\\\/#organization\"}},{\"@type\":\"WebPage\",\"@id\":\"https:\\\/\\\/www.p31noticias.com.br\\\/?p=3231\",\"url\":\"https:\\\/\\\/www.p31noticias.com.br\\\/?p=3231\",\"name\":\"Deputados distritais almo\u00e7am com objetivo de aproxima\u00e7\u00e3o das bancadas - P31\",\"isPartOf\":{\"@id\":\"https:\\\/\\\/www.p31noticias.com.br\\\/#website\"},\"primaryImageOfPage\":{\"@id\":\"https:\\\/\\\/www.p31noticias.com.br\\\/?p=3231#primaryimage\"},\"image\":{\"@id\":\"https:\\\/\\\/www.p31noticias.com.br\\\/?p=3231#primaryimage\"},\"thumbnailUrl\":\"https:\\\/\\\/www.p31noticias.com.br\\\/wp-content\\\/uploads\\\/2019\\\/09\\\/telma-1.jpg\",\"datePublished\":\"2019-09-23T20:07:35+00:00\",\"author\":{\"@id\":\"https:\\\/\\\/www.p31noticias.com.br\\\/#\\\/schema\\\/person\\\/77d6b186c710ac38937c6ec204fdd387\"},\"description\":\"Evento foi realizado na casa de Telma Rufino (Pros) e contou com a presen\u00e7a de 16 dos 23 integrantes da CLDF\",\"breadcrumb\":{\"@id\":\"https:\\\/\\\/www.p31noticias.com.br\\\/?p=3231#breadcrumb\"},\"inLanguage\":\"pt-BR\",\"potentialAction\":[{\"@type\":\"ReadAction\",\"target\":[\"https:\\\/\\\/www.p31noticias.com.br\\\/?p=3231\"]}]},{\"@type\":\"ImageObject\",\"inLanguage\":\"pt-BR\",\"@id\":\"https:\\\/\\\/www.p31noticias.com.br\\\/?p=3231#primaryimage\",\"url\":\"https:\\\/\\\/www.p31noticias.com.br\\\/wp-content\\\/uploads\\\/2019\\\/09\\\/telma-1.jpg\",\"contentUrl\":\"https:\\\/\\\/www.p31noticias.com.br\\\/wp-content\\\/uploads\\\/2019\\\/09\\\/telma-1.jpg\",\"width\":840,\"height\":560,\"caption\":\"Telma Rufino\"},{\"@type\":\"BreadcrumbList\",\"@id\":\"https:\\\/\\\/www.p31noticias.com.br\\\/?p=3231#breadcrumb\",\"itemListElement\":[{\"@type\":\"ListItem\",\"position\":1,\"name\":\"In\u00edcio\",\"item\":\"https:\\\/\\\/www.p31noticias.com.br\\\/\"},{\"@type\":\"ListItem\",\"position\":2,\"name\":\"Deputados distritais almo\u00e7am com objetivo de aproxima\u00e7\u00e3o das bancadas\"}]},{\"@type\":\"WebSite\",\"@id\":\"https:\\\/\\\/www.p31noticias.com.br\\\/#website\",\"url\":\"https:\\\/\\\/www.p31noticias.com.br\\\/\",\"name\":\"P31\",\"description\":\"NOT\u00cdCIAS\",\"potentialAction\":[{\"@type\":\"SearchAction\",\"target\":{\"@type\":\"EntryPoint\",\"urlTemplate\":\"https:\\\/\\\/www.p31noticias.com.br\\\/?s={search_term_string}\"},\"query-input\":{\"@type\":\"PropertyValueSpecification\",\"valueRequired\":true,\"valueName\":\"search_term_string\"}}],\"inLanguage\":\"pt-BR\"},{\"@type\":\"Person\",\"@id\":\"https:\\\/\\\/www.p31noticias.com.br\\\/#\\\/schema\\\/person\\\/77d6b186c710ac38937c6ec204fdd387\",\"name\":\"Reda\u00e7\u00e3o JBN\",\"image\":{\"@type\":\"ImageObject\",\"inLanguage\":\"pt-BR\",\"@id\":\"https:\\\/\\\/secure.gravatar.com\\\/avatar\\\/10fcdb93211f98cce3d64c0795b0915a9a4a21dc0f279238995a3dbfafcad090?s=96&d=mm&r=g\",\"url\":\"https:\\\/\\\/secure.gravatar.com\\\/avatar\\\/10fcdb93211f98cce3d64c0795b0915a9a4a21dc0f279238995a3dbfafcad090?s=96&d=mm&r=g\",\"contentUrl\":\"https:\\\/\\\/secure.gravatar.com\\\/avatar\\\/10fcdb93211f98cce3d64c0795b0915a9a4a21dc0f279238995a3dbfafcad090?s=96&d=mm&r=g\",\"caption\":\"Reda\u00e7\u00e3o JBN\"},\"sameAs\":[\"https:\\\/\\\/p31noticias.com.br\"],\"url\":\"https:\\\/\\\/www.p31noticias.com.br\\\/?author=18\"}]}<\/script>\n<!-- \/ Yoast SEO Premium plugin. -->","yoast_head_json":{"title":"Deputados distritais almo\u00e7am com objetivo de aproxima\u00e7\u00e3o das bancadas - P31","description":"Evento foi realizado na casa de Telma Rufino (Pros) e contou com a presen\u00e7a de 16 dos 23 integrantes da CLDF","robots":{"index":"index","follow":"follow","max-snippet":"max-snippet:-1","max-image-preview":"max-image-preview:large","max-video-preview":"max-video-preview:-1"},"canonical":"https:\/\/www.p31noticias.com.br\/?p=3231","og_locale":"pt_BR","og_type":"article","og_title":"Deputados distritais almo\u00e7am com objetivo de aproxima\u00e7\u00e3o das bancadas","og_description":"Evento foi realizado na casa de Telma Rufino (Pros) e contou com a presen\u00e7a de 16 dos 23 integrantes da CLDF","og_url":"https:\/\/www.p31noticias.com.br\/?p=3231","og_site_name":"P31","article_published_time":"2019-09-23T20:07:35+00:00","og_image":[{"width":840,"height":560,"url":"https:\/\/www.p31noticias.com.br\/wp-content\/uploads\/2019\/09\/telma-1.jpg","type":"image\/jpeg"}],"author":"Reda\u00e7\u00e3o JBN","twitter_card":"summary_large_image","twitter_misc":{"Escrito por":"Reda\u00e7\u00e3o JBN","Est. tempo de leitura":"1 minuto"},"schema":{"@context":"https:\/\/schema.org","@graph":[{"@type":"Article","@id":"https:\/\/www.p31noticias.com.br\/?p=3231#article","isPartOf":{"@id":"https:\/\/www.p31noticias.com.br\/?p=3231"},"author":{"name":"Reda\u00e7\u00e3o JBN","@id":"https:\/\/www.p31noticias.com.br\/#\/schema\/person\/77d6b186c710ac38937c6ec204fdd387"},"headline":"Deputados distritais almo\u00e7am com objetivo de aproxima\u00e7\u00e3o das bancadas","datePublished":"2019-09-23T20:07:35+00:00","mainEntityOfPage":{"@id":"https:\/\/www.p31noticias.com.br\/?p=3231"},"wordCount":181,"commentCount":0,"image":{"@id":"https:\/\/www.p31noticias.com.br\/?p=3231#primaryimage"},"thumbnailUrl":"https:\/\/www.p31noticias.com.br\/wp-content\/uploads\/2019\/09\/telma-1.jpg","keywords":["CLDF","deputado distrital","Telma Rufino"],"articleSection":["Bras\u00edlia"],"inLanguage":"pt-BR","potentialAction":[{"@type":"CommentAction","name":"Comment","target":["https:\/\/www.p31noticias.com.br\/?p=3231#respond"]}],"copyrightYear":"2019","copyrightHolder":{"@id":"https:\/\/www.p31noticias.com.br\/#organization"}},{"@type":"WebPage","@id":"https:\/\/www.p31noticias.com.br\/?p=3231","url":"https:\/\/www.p31noticias.com.br\/?p=3231","name":"Deputados distritais almo\u00e7am com objetivo de aproxima\u00e7\u00e3o das bancadas - P31","isPartOf":{"@id":"https:\/\/www.p31noticias.com.br\/#website"},"primaryImageOfPage":{"@id":"https:\/\/www.p31noticias.com.br\/?p=3231#primaryimage"},"image":{"@id":"https:\/\/www.p31noticias.com.br\/?p=3231#primaryimage"},"thumbnailUrl":"https:\/\/www.p31noticias.com.br\/wp-content\/uploads\/2019\/09\/telma-1.jpg","datePublished":"2019-09-23T20:07:35+00:00","author":{"@id":"https:\/\/www.p31noticias.com.br\/#\/schema\/person\/77d6b186c710ac38937c6ec204fdd387"},"description":"Evento foi realizado na casa de Telma Rufino (Pros) e contou com a presen\u00e7a de 16 dos 23 integrantes da CLDF","breadcrumb":{"@id":"https:\/\/www.p31noticias.com.br\/?p=3231#breadcrumb"},"inLanguage":"pt-BR","potentialAction":[{"@type":"ReadAction","target":["https:\/\/www.p31noticias.com.br\/?p=3231"]}]},{"@type":"ImageObject","inLanguage":"pt-BR","@id":"https:\/\/www.p31noticias.com.br\/?p=3231#primaryimage","url":"https:\/\/www.p31noticias.com.br\/wp-content\/uploads\/2019\/09\/telma-1.jpg","contentUrl":"https:\/\/www.p31noticias.com.br\/wp-content\/uploads\/2019\/09\/telma-1.jpg","width":840,"height":560,"caption":"Telma Rufino"},{"@type":"BreadcrumbList","@id":"https:\/\/www.p31noticias.com.br\/?p=3231#breadcrumb","itemListElement":[{"@type":"ListItem","position":1,"name":"In\u00edcio","item":"https:\/\/www.p31noticias.com.br\/"},{"@type":"ListItem","position":2,"name":"Deputados distritais almo\u00e7am com objetivo de aproxima\u00e7\u00e3o das bancadas"}]},{"@type":"WebSite","@id":"https:\/\/www.p31noticias.com.br\/#website","url":"https:\/\/www.p31noticias.com.br\/","name":"P31","description":"NOT\u00cdCIAS","potentialAction":[{"@type":"SearchAction","target":{"@type":"EntryPoint","urlTemplate":"https:\/\/www.p31noticias.com.br\/?s={search_term_string}"},"query-input":{"@type":"PropertyValueSpecification","valueRequired":true,"valueName":"search_term_string"}}],"inLanguage":"pt-BR"},{"@type":"Person","@id":"https:\/\/www.p31noticias.com.br\/#\/schema\/person\/77d6b186c710ac38937c6ec204fdd387","name":"Reda\u00e7\u00e3o JBN","image":{"@type":"ImageObject","inLanguage":"pt-BR","@id":"https:\/\/secure.gravatar.com\/avatar\/10fcdb93211f98cce3d64c0795b0915a9a4a21dc0f279238995a3dbfafcad090?s=96&d=mm&r=g","url":"https:\/\/secure.gravatar.com\/avatar\/10fcdb93211f98cce3d64c0795b0915a9a4a21dc0f279238995a3dbfafcad090?s=96&d=mm&r=g","contentUrl":"https:\/\/secure.gravatar.com\/avatar\/10fcdb93211f98cce3d64c0795b0915a9a4a21dc0f279238995a3dbfafcad090?s=96&d=mm&r=g","caption":"Reda\u00e7\u00e3o JBN"},"sameAs":["https:\/\/p31noticias.com.br"],"url":"https:\/\/www.p31noticias.com.br\/?author=18"}]}},"amp_enabled":true,"_links":{"self":[{"href":"https:\/\/www.p31noticias.com.br\/index.php?rest_route=\/wp\/v2\/posts\/3231","targetHints":{"allow":["GET"]}}],"collection":[{"href":"https:\/\/www.p31noticias.com.br\/index.php?rest_route=\/wp\/v2\/posts"}],"about":[{"href":"https:\/\/www.p31noticias.com.br\/index.php?rest_route=\/wp\/v2\/types\/post"}],"author":[{"embeddable":true,"href":"https:\/\/www.p31noticias.com.br\/index.php?rest_route=\/wp\/v2\/users\/18"}],"replies":[{"embeddable":true,"href":"https:\/\/www.p31noticias.com.br\/index.php?rest_route=%2Fwp%2Fv2%2Fcomments&post=3231"}],"version-history":[{"count":0,"href":"https:\/\/www.p31noticias.com.br\/index.php?rest_route=\/wp\/v2\/posts\/3231\/revisions"}],"wp:featuredmedia":[{"embeddable":true,"href":"https:\/\/www.p31noticias.com.br\/index.php?rest_route=\/wp\/v2\/media\/3232"}],"wp:attachment":[{"href":"https:\/\/www.p31noticias.com.br\/index.php?rest_route=%2Fwp%2Fv2%2Fmedia&parent=3231"}],"wp:term":[{"taxonomy":"category","embeddable":true,"href":"https:\/\/www.p31noticias.com.br\/index.php?rest_route=%2Fwp%2Fv2%2Fcategories&post=3231"},{"taxonomy":"post_tag","embeddable":true,"href":"https:\/\/www.p31noticias.com.br\/index.php?rest_route=%2Fwp%2Fv2%2Ftags&post=3231"}],"curies":[{"name":"wp","href":"https:\/\/api.w.org\/{rel}","templated":true}]}}