{"id":3227,"date":"2019-09-23T10:06:20","date_gmt":"2019-09-23T13:06:20","guid":{"rendered":"https:\/\/juniortakamoto.com.br\/?p=3227"},"modified":"2019-09-23T10:06:20","modified_gmt":"2019-09-23T13:06:20","slug":"orcrim-agatha-felix-anticrime","status":"publish","type":"post","link":"https:\/\/www.p31noticias.com.br\/?p=3227","title":{"rendered":"ORCRIM usa \u00c1gatha Felix contra o pacote anticrime de Moro"},"content":{"rendered":"<p>A trag\u00e9dia de \u00c1gatha Felix est\u00e1 sendo usada pelos membros da ORCRIM para torpedear o pacote anticrime de Sergio Moro, como se uma coisa tivesse a ver com a outra.<\/p>\n<p>O prop\u00f3sito do pacote anticrime, claro, \u00e9 o oposto: prender os criminosos e salvar vidas.<\/p>\n<p>No primeiro semestre de 2019, houve 6.082 assassinatos a menos do que em 2018.<\/p>\n<p>Essa \u00e9 a \u00fanica maneira de impedir trag\u00e9dias como a da menininha \u00c1gatha.<\/p>\n<p>A Folha de S. Paulo usou as cartas dos leitores para imputar a Sergio Moro a morte da menininha \u00c1gatha Felix:<\/p>\n<p>\u201cComo sempre, os pretos, de t\u00e3o pobres, e os pobres, de t\u00e3o pretos, que s\u00e3o a carne mais barata, sempre pagam o pato. O ministro Sergio Moro deveria ter vergonha, pois \u00e9 um dos principais apoiadores desse desgoverno que prega a viol\u00eancia. Witzel tamb\u00e9m deveria ser defenestrado do cargo. Impeachment j\u00e1.\u201d<\/p>\n<p>E tamb\u00e9m:<\/p>\n<p>\u201cO exterm\u00ednio de popula\u00e7\u00f5es faveladas pelos fac\u00ednoras Sergio Moro, Jair Bolsonaro e Witzel s\u00f3 est\u00e1 come\u00e7ando.\u201d<\/p>\n<p>Gilmar Mendes, ardoroso defensor dos direitos humanos, foi ao Twitter comentar a morte da menina Agatha:<\/p>\n<p><img loading=\"lazy\" decoding=\"async\" class=\"alignleft size-medium wp-image-252936\" src=\"https:\/\/cdn.oantagonista.net\/uploads\/2019\/09\/20007246-1370-4D38-A041-F06D97B40151-313x353.jpeg\" sizes=\"auto, (max-width: 313px) 100vw, 313px\" srcset=\"https:\/\/cdn.oantagonista.net\/uploads\/2019\/09\/20007246-1370-4D38-A041-F06D97B40151-313x353.jpeg 313w, https:\/\/cdn.oantagonista.net\/uploads\/2019\/09\/20007246-1370-4D38-A041-F06D97B40151-122x138.jpeg 122w, https:\/\/cdn.oantagonista.net\/uploads\/2019\/09\/20007246-1370-4D38-A041-F06D97B40151.jpeg 622w\" alt=\"\" width=\"313\" height=\"353\" \/><\/p>\n<p>&nbsp;<\/p>\n<p>&nbsp;<\/p>\n<p>&nbsp;<\/p>\n<p>&nbsp;<\/p>\n<p>&nbsp;<\/p>\n<p>&nbsp;<\/p>\n<p>&nbsp;<\/p>\n<p>&nbsp;<\/p>\n<p>No Twitter, Sergio Moro se pronunciou sobre a morte de \u00c1gatha Felix, de 8 anos, e disse que \u201cn\u00e3o h\u00e1 nenhuma rela\u00e7\u00e3o poss\u00edvel do fato com a proposta de leg\u00edtima defesa constante no projeto anticrime\u201d.<\/p>\n<p>\u201cLament\u00e1vel e tr\u00e1gica a morte da menina Agatha. J\u00e1 me manifestei oficialmente. Os fatos t\u00eam que ser apurados\u201d, afirmou.<\/p>\n<p>Rodrigo Maia citou a morte da menina e disse que o caso exige \u201cuma avalia\u00e7\u00e3o muito cuidadosa e criteriosa sobre o excludente de ilicitude\u201d em discuss\u00e3o no Congresso.<\/p>\n<p>Felipe Francischini, presidente da CCJ na C\u00e2mara, lamentou no Twitter a morte de \u00c1gatha Felix e disse que o caso n\u00e3o pode ser usado para \u201cprejudicar o debate sobre o pacote anticrime na quest\u00e3o da excludente de ilicitude\u201d.<\/p>\n<p>\u201cO projeto \u00e9 bastante claro quanto \u00e0s hip\u00f3teses e limites. N\u00e3o h\u00e1 carta branca para matar. LEIAM O PROJETO E DEIXEM DE M\u00c1-F\u00c9\u201d, afirmou.<\/p>\n<p>Rodrigo Maia disse que a morte da menina refor\u00e7a a necessidade de \u201cavalia\u00e7\u00e3o muito cuidadosa e criteriosa sobre o excludente de ilicitude que est\u00e1 em discuss\u00e3o no Parlamento\u201d.<\/p>\n<div class=\"SandboxRoot env-bp-350\" data-twitter-event-id=\"0\">\n<div id=\"twitter-widget-0\" class=\"EmbeddedTweet EmbeddedTweet--cta js-clickToOpenTarget\" lang=\"pt\" data-click-to-open-target=\"https:\/\/twitter.com\/FFrancischini_\/status\/1175852575603736576\" data-iframe-title=\"Tweet do Twitter\" data-scribe=\"page:tweet\" data-twitter-event-id=\"1\">\n<div class=\"EmbeddedTweet-tweetContainer\">\n<div class=\"EmbeddedTweet-tweet\">\n<div class=\"Tweet-header\">\n<p>Em nota, o governo do Rio de Janeiro se manifestou neste domingo sobre a morte de \u00c1gatha Felix, de 8 anos, atingida por um tiro de fuzil quando voltava para casa no Complexo do Alem\u00e3o.<\/p>\n<p>\u201cO Governo do Estado lamenta profundamente a morte da menina \u00c1gatha, assim como a de todas as v\u00edtimas inocentes, durante a\u00e7\u00f5es policiais. O trabalho realizado pelas pol\u00edcias, que t\u00eam como principal objetivo localizar criminosos e apreender armas e drogas, \u00e9 pautado por informa\u00e7\u00f5es da \u00e1rea de intelig\u00eancia e segue protocolos r\u00edgidos de execu\u00e7\u00e3o, sempre com a preocupa\u00e7\u00e3o de preservar vidas\u201d, diz trecho da nota.<\/p>\n<div id=\"move-banner-box1\" class=\"container-banner-single\">\n<div class=\"banner-box-single\">\n<div class=\"advise-banner-single\">\n<div id=\"div-gpt-box1\" class=\"bn-esq dfp_ad_pos\" data-google-query-id=\"CK2Eudv85uQCFQxlwQodazYN9Q\">\n<p>Segundo o governo fluminense, \u201ctodas as mortes decorrentes de interven\u00e7\u00e3o de agente p\u00fablico s\u00e3o apuradas pelas corregedorias e em inqu\u00e9ritos da Delegacia de Homic\u00eddios\u201d.<\/p>\n<p>\u201cNa noite de sexta, criminosos realizaram ataques simult\u00e2neos em diversas localidades do Complexo do Alem\u00e3o. Policiais da UPP Fazendinha revidaram \u00e0 agress\u00e3o e, ap\u00f3s o confronto, foram informados por moradores que a menina tinha sido atingida e levada para o Hospital Get\u00falio Vargas. A PM j\u00e1 abriu um procedimento para apurar a a\u00e7\u00e3o dos policiais.\u201d<\/p>\n<p>&nbsp;<\/p>\n<\/div>\n<\/div>\n<\/div>\n<\/div>\n<\/div>\n<\/div>\n<\/div>\n<\/div>\n<\/div>\n","protected":false},"excerpt":{"rendered":"<p>A trag\u00e9dia de \u00c1gatha Felix est\u00e1 sendo usada pelos membros da ORCRIM para torpedear o pacote anticrime de Sergio Moro, como se uma coisa tivesse a ver com a outra. O prop\u00f3sito do pacote anticrime, claro, \u00e9 o oposto: prender os criminosos e salvar vidas. No primeiro semestre de 2019, houve 6.082 assassinatos a menos [&hellip;]<\/p>\n","protected":false},"author":18,"featured_media":3228,"comment_status":"open","ping_status":"open","sticky":false,"template":"","format":"standard","meta":{"footnotes":""},"categories":[57],"tags":[223,224,191,225,71,226],"class_list":{"0":"post-3227","1":"post","2":"type-post","3":"status-publish","4":"format-standard","5":"has-post-thumbnail","7":"category-politica","8":"tag-agatha-felix","9":"tag-felipe-francischini","10":"tag-jair-bolsonaro","11":"tag-pacote-anti-crime","12":"tag-sergio-moro","13":"tag-witzel"},"yoast_head":"<!-- This site is optimized with the Yoast SEO Premium plugin v24.5 (Yoast SEO v27.5) - https:\/\/yoast.com\/product\/yoast-seo-premium-wordpress\/ -->\n<title>ORCRIM usa \u00c1gatha Felix contra o pacote anticrime de Moro - P31<\/title>\n<meta name=\"description\" content=\"A trag\u00e9dia de \u00c1gatha Felix est\u00e1 sendo usada pelos membros da ORCRIM para torpedear o pacote anticrime de Sergio Moro, como se uma cois\" \/>\n<meta name=\"robots\" content=\"index, follow, max-snippet:-1, max-image-preview:large, max-video-preview:-1\" \/>\n<link rel=\"canonical\" href=\"https:\/\/www.p31noticias.com.br\/?p=3227\" \/>\n<meta property=\"og:locale\" content=\"pt_BR\" \/>\n<meta property=\"og:type\" content=\"article\" \/>\n<meta property=\"og:title\" content=\"ORCRIM usa \u00c1gatha Felix contra o pacote anticrime de Moro\" \/>\n<meta property=\"og:description\" content=\"A trag\u00e9dia de \u00c1gatha Felix est\u00e1 sendo usada pelos membros da ORCRIM para torpedear o pacote anticrime de Sergio Moro, como se uma cois\" \/>\n<meta property=\"og:url\" content=\"https:\/\/www.p31noticias.com.br\/?p=3227\" \/>\n<meta property=\"og:site_name\" content=\"P31\" \/>\n<meta property=\"article:published_time\" content=\"2019-09-23T13:06:20+00:00\" \/>\n<meta property=\"og:image\" content=\"https:\/\/www.p31noticias.com.br\/wp-content\/uploads\/2019\/09\/MQL7DZ62WENG5CZRRK3ALKU424-1.jpg\" \/>\n\t<meta property=\"og:image:width\" content=\"1500\" \/>\n\t<meta property=\"og:image:height\" content=\"1001\" \/>\n\t<meta property=\"og:image:type\" content=\"image\/jpeg\" \/>\n<meta name=\"author\" content=\"Reda\u00e7\u00e3o JBN\" \/>\n<meta name=\"twitter:card\" content=\"summary_large_image\" \/>\n<meta name=\"twitter:label1\" content=\"Escrito por\" \/>\n\t<meta name=\"twitter:data1\" content=\"Reda\u00e7\u00e3o JBN\" \/>\n\t<meta name=\"twitter:label2\" content=\"Est. tempo de leitura\" \/>\n\t<meta name=\"twitter:data2\" content=\"3 minutos\" \/>\n<script type=\"application\/ld+json\" class=\"yoast-schema-graph\">{\"@context\":\"https:\\\/\\\/schema.org\",\"@graph\":[{\"@type\":\"Article\",\"@id\":\"https:\\\/\\\/www.p31noticias.com.br\\\/?p=3227#article\",\"isPartOf\":{\"@id\":\"https:\\\/\\\/www.p31noticias.com.br\\\/?p=3227\"},\"author\":{\"name\":\"Reda\u00e7\u00e3o JBN\",\"@id\":\"https:\\\/\\\/www.p31noticias.com.br\\\/#\\\/schema\\\/person\\\/77d6b186c710ac38937c6ec204fdd387\"},\"headline\":\"ORCRIM usa \u00c1gatha Felix contra o pacote anticrime de Moro\",\"datePublished\":\"2019-09-23T13:06:20+00:00\",\"mainEntityOfPage\":{\"@id\":\"https:\\\/\\\/www.p31noticias.com.br\\\/?p=3227\"},\"wordCount\":588,\"commentCount\":0,\"image\":{\"@id\":\"https:\\\/\\\/www.p31noticias.com.br\\\/?p=3227#primaryimage\"},\"thumbnailUrl\":\"https:\\\/\\\/www.p31noticias.com.br\\\/wp-content\\\/uploads\\\/2019\\\/09\\\/MQL7DZ62WENG5CZRRK3ALKU424-1.jpg\",\"keywords\":[\"\u00c1gatha Felix\",\"Felipe Francischini\",\"Jair Bolsonaro\",\"pacote anti-crime\",\"sergio moro\",\"Witzel\"],\"articleSection\":[\"Pol\u00edtica\"],\"inLanguage\":\"pt-BR\",\"potentialAction\":[{\"@type\":\"CommentAction\",\"name\":\"Comment\",\"target\":[\"https:\\\/\\\/www.p31noticias.com.br\\\/?p=3227#respond\"]}],\"copyrightYear\":\"2019\",\"copyrightHolder\":{\"@id\":\"https:\\\/\\\/www.p31noticias.com.br\\\/#organization\"}},{\"@type\":\"WebPage\",\"@id\":\"https:\\\/\\\/www.p31noticias.com.br\\\/?p=3227\",\"url\":\"https:\\\/\\\/www.p31noticias.com.br\\\/?p=3227\",\"name\":\"ORCRIM usa \u00c1gatha Felix contra o pacote anticrime de Moro - P31\",\"isPartOf\":{\"@id\":\"https:\\\/\\\/www.p31noticias.com.br\\\/#website\"},\"primaryImageOfPage\":{\"@id\":\"https:\\\/\\\/www.p31noticias.com.br\\\/?p=3227#primaryimage\"},\"image\":{\"@id\":\"https:\\\/\\\/www.p31noticias.com.br\\\/?p=3227#primaryimage\"},\"thumbnailUrl\":\"https:\\\/\\\/www.p31noticias.com.br\\\/wp-content\\\/uploads\\\/2019\\\/09\\\/MQL7DZ62WENG5CZRRK3ALKU424-1.jpg\",\"datePublished\":\"2019-09-23T13:06:20+00:00\",\"author\":{\"@id\":\"https:\\\/\\\/www.p31noticias.com.br\\\/#\\\/schema\\\/person\\\/77d6b186c710ac38937c6ec204fdd387\"},\"description\":\"A trag\u00e9dia de \u00c1gatha Felix est\u00e1 sendo usada pelos membros da ORCRIM para torpedear o pacote anticrime de Sergio Moro, como se uma cois\",\"breadcrumb\":{\"@id\":\"https:\\\/\\\/www.p31noticias.com.br\\\/?p=3227#breadcrumb\"},\"inLanguage\":\"pt-BR\",\"potentialAction\":[{\"@type\":\"ReadAction\",\"target\":[\"https:\\\/\\\/www.p31noticias.com.br\\\/?p=3227\"]}]},{\"@type\":\"ImageObject\",\"inLanguage\":\"pt-BR\",\"@id\":\"https:\\\/\\\/www.p31noticias.com.br\\\/?p=3227#primaryimage\",\"url\":\"https:\\\/\\\/www.p31noticias.com.br\\\/wp-content\\\/uploads\\\/2019\\\/09\\\/MQL7DZ62WENG5CZRRK3ALKU424-1.jpg\",\"contentUrl\":\"https:\\\/\\\/www.p31noticias.com.br\\\/wp-content\\\/uploads\\\/2019\\\/09\\\/MQL7DZ62WENG5CZRRK3ALKU424-1.jpg\",\"width\":1500,\"height\":1001,\"caption\":\"\u00c1gatha Felix\"},{\"@type\":\"BreadcrumbList\",\"@id\":\"https:\\\/\\\/www.p31noticias.com.br\\\/?p=3227#breadcrumb\",\"itemListElement\":[{\"@type\":\"ListItem\",\"position\":1,\"name\":\"In\u00edcio\",\"item\":\"https:\\\/\\\/www.p31noticias.com.br\\\/\"},{\"@type\":\"ListItem\",\"position\":2,\"name\":\"ORCRIM usa \u00c1gatha Felix contra o pacote anticrime de Moro\"}]},{\"@type\":\"WebSite\",\"@id\":\"https:\\\/\\\/www.p31noticias.com.br\\\/#website\",\"url\":\"https:\\\/\\\/www.p31noticias.com.br\\\/\",\"name\":\"P31\",\"description\":\"NOT\u00cdCIAS\",\"potentialAction\":[{\"@type\":\"SearchAction\",\"target\":{\"@type\":\"EntryPoint\",\"urlTemplate\":\"https:\\\/\\\/www.p31noticias.com.br\\\/?s={search_term_string}\"},\"query-input\":{\"@type\":\"PropertyValueSpecification\",\"valueRequired\":true,\"valueName\":\"search_term_string\"}}],\"inLanguage\":\"pt-BR\"},{\"@type\":\"Person\",\"@id\":\"https:\\\/\\\/www.p31noticias.com.br\\\/#\\\/schema\\\/person\\\/77d6b186c710ac38937c6ec204fdd387\",\"name\":\"Reda\u00e7\u00e3o JBN\",\"image\":{\"@type\":\"ImageObject\",\"inLanguage\":\"pt-BR\",\"@id\":\"https:\\\/\\\/secure.gravatar.com\\\/avatar\\\/10fcdb93211f98cce3d64c0795b0915a9a4a21dc0f279238995a3dbfafcad090?s=96&d=mm&r=g\",\"url\":\"https:\\\/\\\/secure.gravatar.com\\\/avatar\\\/10fcdb93211f98cce3d64c0795b0915a9a4a21dc0f279238995a3dbfafcad090?s=96&d=mm&r=g\",\"contentUrl\":\"https:\\\/\\\/secure.gravatar.com\\\/avatar\\\/10fcdb93211f98cce3d64c0795b0915a9a4a21dc0f279238995a3dbfafcad090?s=96&d=mm&r=g\",\"caption\":\"Reda\u00e7\u00e3o JBN\"},\"sameAs\":[\"https:\\\/\\\/p31noticias.com.br\"],\"url\":\"https:\\\/\\\/www.p31noticias.com.br\\\/?author=18\"}]}<\/script>\n<!-- \/ Yoast SEO Premium plugin. -->","yoast_head_json":{"title":"ORCRIM usa \u00c1gatha Felix contra o pacote anticrime de Moro - P31","description":"A trag\u00e9dia de \u00c1gatha Felix est\u00e1 sendo usada pelos membros da ORCRIM para torpedear o pacote anticrime de Sergio Moro, como se uma cois","robots":{"index":"index","follow":"follow","max-snippet":"max-snippet:-1","max-image-preview":"max-image-preview:large","max-video-preview":"max-video-preview:-1"},"canonical":"https:\/\/www.p31noticias.com.br\/?p=3227","og_locale":"pt_BR","og_type":"article","og_title":"ORCRIM usa \u00c1gatha Felix contra o pacote anticrime de Moro","og_description":"A trag\u00e9dia de \u00c1gatha Felix est\u00e1 sendo usada pelos membros da ORCRIM para torpedear o pacote anticrime de Sergio Moro, como se uma cois","og_url":"https:\/\/www.p31noticias.com.br\/?p=3227","og_site_name":"P31","article_published_time":"2019-09-23T13:06:20+00:00","og_image":[{"width":1500,"height":1001,"url":"https:\/\/www.p31noticias.com.br\/wp-content\/uploads\/2019\/09\/MQL7DZ62WENG5CZRRK3ALKU424-1.jpg","type":"image\/jpeg"}],"author":"Reda\u00e7\u00e3o JBN","twitter_card":"summary_large_image","twitter_misc":{"Escrito por":"Reda\u00e7\u00e3o JBN","Est. tempo de leitura":"3 minutos"},"schema":{"@context":"https:\/\/schema.org","@graph":[{"@type":"Article","@id":"https:\/\/www.p31noticias.com.br\/?p=3227#article","isPartOf":{"@id":"https:\/\/www.p31noticias.com.br\/?p=3227"},"author":{"name":"Reda\u00e7\u00e3o JBN","@id":"https:\/\/www.p31noticias.com.br\/#\/schema\/person\/77d6b186c710ac38937c6ec204fdd387"},"headline":"ORCRIM usa \u00c1gatha Felix contra o pacote anticrime de Moro","datePublished":"2019-09-23T13:06:20+00:00","mainEntityOfPage":{"@id":"https:\/\/www.p31noticias.com.br\/?p=3227"},"wordCount":588,"commentCount":0,"image":{"@id":"https:\/\/www.p31noticias.com.br\/?p=3227#primaryimage"},"thumbnailUrl":"https:\/\/www.p31noticias.com.br\/wp-content\/uploads\/2019\/09\/MQL7DZ62WENG5CZRRK3ALKU424-1.jpg","keywords":["\u00c1gatha Felix","Felipe Francischini","Jair Bolsonaro","pacote anti-crime","sergio moro","Witzel"],"articleSection":["Pol\u00edtica"],"inLanguage":"pt-BR","potentialAction":[{"@type":"CommentAction","name":"Comment","target":["https:\/\/www.p31noticias.com.br\/?p=3227#respond"]}],"copyrightYear":"2019","copyrightHolder":{"@id":"https:\/\/www.p31noticias.com.br\/#organization"}},{"@type":"WebPage","@id":"https:\/\/www.p31noticias.com.br\/?p=3227","url":"https:\/\/www.p31noticias.com.br\/?p=3227","name":"ORCRIM usa \u00c1gatha Felix contra o pacote anticrime de Moro - P31","isPartOf":{"@id":"https:\/\/www.p31noticias.com.br\/#website"},"primaryImageOfPage":{"@id":"https:\/\/www.p31noticias.com.br\/?p=3227#primaryimage"},"image":{"@id":"https:\/\/www.p31noticias.com.br\/?p=3227#primaryimage"},"thumbnailUrl":"https:\/\/www.p31noticias.com.br\/wp-content\/uploads\/2019\/09\/MQL7DZ62WENG5CZRRK3ALKU424-1.jpg","datePublished":"2019-09-23T13:06:20+00:00","author":{"@id":"https:\/\/www.p31noticias.com.br\/#\/schema\/person\/77d6b186c710ac38937c6ec204fdd387"},"description":"A trag\u00e9dia de \u00c1gatha Felix est\u00e1 sendo usada pelos membros da ORCRIM para torpedear o pacote anticrime de Sergio Moro, como se uma cois","breadcrumb":{"@id":"https:\/\/www.p31noticias.com.br\/?p=3227#breadcrumb"},"inLanguage":"pt-BR","potentialAction":[{"@type":"ReadAction","target":["https:\/\/www.p31noticias.com.br\/?p=3227"]}]},{"@type":"ImageObject","inLanguage":"pt-BR","@id":"https:\/\/www.p31noticias.com.br\/?p=3227#primaryimage","url":"https:\/\/www.p31noticias.com.br\/wp-content\/uploads\/2019\/09\/MQL7DZ62WENG5CZRRK3ALKU424-1.jpg","contentUrl":"https:\/\/www.p31noticias.com.br\/wp-content\/uploads\/2019\/09\/MQL7DZ62WENG5CZRRK3ALKU424-1.jpg","width":1500,"height":1001,"caption":"\u00c1gatha Felix"},{"@type":"BreadcrumbList","@id":"https:\/\/www.p31noticias.com.br\/?p=3227#breadcrumb","itemListElement":[{"@type":"ListItem","position":1,"name":"In\u00edcio","item":"https:\/\/www.p31noticias.com.br\/"},{"@type":"ListItem","position":2,"name":"ORCRIM usa \u00c1gatha Felix contra o pacote anticrime de Moro"}]},{"@type":"WebSite","@id":"https:\/\/www.p31noticias.com.br\/#website","url":"https:\/\/www.p31noticias.com.br\/","name":"P31","description":"NOT\u00cdCIAS","potentialAction":[{"@type":"SearchAction","target":{"@type":"EntryPoint","urlTemplate":"https:\/\/www.p31noticias.com.br\/?s={search_term_string}"},"query-input":{"@type":"PropertyValueSpecification","valueRequired":true,"valueName":"search_term_string"}}],"inLanguage":"pt-BR"},{"@type":"Person","@id":"https:\/\/www.p31noticias.com.br\/#\/schema\/person\/77d6b186c710ac38937c6ec204fdd387","name":"Reda\u00e7\u00e3o JBN","image":{"@type":"ImageObject","inLanguage":"pt-BR","@id":"https:\/\/secure.gravatar.com\/avatar\/10fcdb93211f98cce3d64c0795b0915a9a4a21dc0f279238995a3dbfafcad090?s=96&d=mm&r=g","url":"https:\/\/secure.gravatar.com\/avatar\/10fcdb93211f98cce3d64c0795b0915a9a4a21dc0f279238995a3dbfafcad090?s=96&d=mm&r=g","contentUrl":"https:\/\/secure.gravatar.com\/avatar\/10fcdb93211f98cce3d64c0795b0915a9a4a21dc0f279238995a3dbfafcad090?s=96&d=mm&r=g","caption":"Reda\u00e7\u00e3o JBN"},"sameAs":["https:\/\/p31noticias.com.br"],"url":"https:\/\/www.p31noticias.com.br\/?author=18"}]}},"amp_enabled":true,"_links":{"self":[{"href":"https:\/\/www.p31noticias.com.br\/index.php?rest_route=\/wp\/v2\/posts\/3227","targetHints":{"allow":["GET"]}}],"collection":[{"href":"https:\/\/www.p31noticias.com.br\/index.php?rest_route=\/wp\/v2\/posts"}],"about":[{"href":"https:\/\/www.p31noticias.com.br\/index.php?rest_route=\/wp\/v2\/types\/post"}],"author":[{"embeddable":true,"href":"https:\/\/www.p31noticias.com.br\/index.php?rest_route=\/wp\/v2\/users\/18"}],"replies":[{"embeddable":true,"href":"https:\/\/www.p31noticias.com.br\/index.php?rest_route=%2Fwp%2Fv2%2Fcomments&post=3227"}],"version-history":[{"count":0,"href":"https:\/\/www.p31noticias.com.br\/index.php?rest_route=\/wp\/v2\/posts\/3227\/revisions"}],"wp:featuredmedia":[{"embeddable":true,"href":"https:\/\/www.p31noticias.com.br\/index.php?rest_route=\/wp\/v2\/media\/3228"}],"wp:attachment":[{"href":"https:\/\/www.p31noticias.com.br\/index.php?rest_route=%2Fwp%2Fv2%2Fmedia&parent=3227"}],"wp:term":[{"taxonomy":"category","embeddable":true,"href":"https:\/\/www.p31noticias.com.br\/index.php?rest_route=%2Fwp%2Fv2%2Fcategories&post=3227"},{"taxonomy":"post_tag","embeddable":true,"href":"https:\/\/www.p31noticias.com.br\/index.php?rest_route=%2Fwp%2Fv2%2Ftags&post=3227"}],"curies":[{"name":"wp","href":"https:\/\/api.w.org\/{rel}","templated":true}]}}