{"id":3223,"date":"2019-09-21T23:04:46","date_gmt":"2019-09-22T02:04:46","guid":{"rendered":"https:\/\/juniortakamoto.com.br\/?p=3223"},"modified":"2019-09-21T23:04:46","modified_gmt":"2019-09-22T02:04:46","slug":"filhos-de-bombeiros-e-policiais-mortos-em-servico-terao-assistencia","status":"publish","type":"post","link":"https:\/\/www.p31noticias.com.br\/?p=3223","title":{"rendered":"filhos de bombeiros e policiais mortos em servi\u00e7o ter\u00e3o assist\u00eancia"},"content":{"rendered":"<p>O governador Ibaneis Rocha (MDB)\u00a0determinou, nesta ter\u00e7a-feira (17\/09\/2019), que a equipe jur\u00eddica do\u00a0Pal\u00e1cio do Buriti\u00a0elabore um estudo que garanta uma s\u00e9rie de benef\u00edcios para filhos de integrantes das for\u00e7as de seguran\u00e7a do Distrito Federal que perderam a vida em servi\u00e7o.<\/p>\n<p>Uma das medidas adiantadas pelo emedebista ao\u00a0<strong>Metr\u00f3poles<\/strong>\u00a0\u00e9 a que prioriza a matr\u00edcula em escolas p\u00fablicas, incluindo as militarizadas, de crian\u00e7as e adolescentes descendentes de bombeiros, PMs e policiais civis mortos em miss\u00e3o.<\/p>\n<p>A medida, segundo o chefe do Executivo local, tamb\u00e9m se estender\u00e1 \u00e0queles que ficaram inv\u00e1lidos cumprindo o of\u00edcio de manter a paz e a ordem na capital do pa\u00eds.<\/p>\n<div class=\"m-banner-wrap m-banner-rectangle m-publicity-content-middle\">\n<div id=\"div-gpt-ad-colunas-blogs-quadrado-2\" class=\"ad-quadrado\" data-google-query-id=\"CJOXu8-j2eQCFQF_wQodbVkABw\" data-boostbox-banner-identifier=\"982acf324f2f9b3a1e1544ad-1302955a137d27\">\n<div id=\"google_ads_iframe_\/123935210\/colunas-blogs-quadrado-2_0__container__\">Os detalhes do texto ainda ser\u00e3o redigidos, mas Ibaneis destacou que o projeto passar\u00e1 a vigorar em breve por meio da publica\u00e7\u00e3o de um decreto. A norma foi solicitada um dia ap\u00f3s o chefe do Executivo local ter comparecido ao enterro da bombeira Marizelli Armelinda Dias\u00a0e se solidarizar com a fam\u00edlia. Divorciada, a soldado deixou dois filhos pequenos, de 4 e 5 anos.<\/div>\n<\/div>\n<\/div>\n<blockquote><p>\u201cN\u00f3s precisamos encontrar uma solu\u00e7\u00e3o para garantir um futuro pr\u00f3spero aos filhos de quem lutou bravamente pelo Distrito Federal, porque \u00e9 mais do que justo que o Estado d\u00ea um olhar especial \u00e0 fam\u00edlia de quem dedicou a vida por nossa cidade\u201d, disse \u00e0 coluna.<\/p><\/blockquote>\n<p>Ibaneis planeja tamb\u00e9m reservar outros tipos de assist\u00eancias aos \u00f3rf\u00e3os de integrantes das corpora\u00e7\u00f5es que tenham perdido a vida durante o trabalho ou que se feriram gravemente e n\u00e3o puderem retornar \u00e0s atividades.<\/p>\n<div class=\"m-banner-wrap m-banner-rectangle m-publicity-content-middle\">\n<div id=\"div-gpt-ad-colunas-blogs-quadrado-3\" class=\"ad-quadrado\" data-google-query-id=\"CJSXu8-j2eQCFQF_wQodbVkABw\">\n<div id=\"google_ads_iframe_\/123935210\/colunas-blogs-quadrado-3_0__container__\">\u201cPedi para que todas as possibilidades sejam analisadas, toda a forma de aux\u00edlio, porque \u00e9 o m\u00ednimo que o governo pode fazer por esses jovens. O Estado tem total responsabilidade de abra\u00e7ar esses jovens e minimizar os impactos causados por epis\u00f3dios assim\u201d, emendou.<\/div>\n<\/div>\n<\/div>\n<h6>Fatalidade<\/h6>\n<p>Marizelli Dias foi morta enquanto tentava apagar\u00a0um inc\u00eandio florestal\u00a0na QNL 2, em Taguatinga Norte, na manh\u00e3 de domingo (15\/09\/2019). Investiga\u00e7\u00f5es levam a crer que uma \u00e1rvore teria ca\u00eddo sobre a cabe\u00e7a da soldado, mas h\u00e1 tamb\u00e9m uma linha de apura\u00e7\u00e3o que enxerga a possibilidade de a v\u00edtima ter sido eletrocutada por fios de alta-tens\u00e3o.<\/p>\n<p>Ap\u00f3s tomar conhecimento sobre a fatalidade, o governador decretou\u00a0luto oficial no DF\u00a0por tr\u00eas dias.<\/p>\n<div class=\"m-banner-wrap m-banner-rectangle m-publicity-content-middle\">\n<div id=\"div-gpt-ad-colunas-blogs-quadrado-4\" class=\"ad-quadrado\" data-google-query-id=\"CJWXu8-j2eQCFQF_wQodbVkABw\" data-boostbox-banner-identifier=\"982acf324f2f9b3a1e1544ad-1d3ffa0d341545\"><\/div>\n<\/div>\n","protected":false},"excerpt":{"rendered":"<p>O governador Ibaneis Rocha (MDB)\u00a0determinou, nesta ter\u00e7a-feira (17\/09\/2019), que a equipe jur\u00eddica do\u00a0Pal\u00e1cio do Buriti\u00a0elabore um estudo que garanta uma s\u00e9rie de benef\u00edcios para filhos de integrantes das for\u00e7as de seguran\u00e7a do Distrito Federal que perderam a vida em servi\u00e7o. Uma das medidas adiantadas pelo emedebista ao\u00a0Metr\u00f3poles\u00a0\u00e9 a que prioriza a matr\u00edcula em escolas p\u00fablicas, [&hellip;]<\/p>\n","protected":false},"author":18,"featured_media":3224,"comment_status":"open","ping_status":"open","sticky":false,"template":"","format":"standard","meta":{"footnotes":""},"categories":[21],"tags":[],"class_list":{"0":"post-3223","1":"post","2":"type-post","3":"status-publish","4":"format-standard","5":"has-post-thumbnail","7":"category-brasilia"},"yoast_head":"<!-- This site is optimized with the Yoast SEO Premium plugin v24.5 (Yoast SEO v27.5) - https:\/\/yoast.com\/product\/yoast-seo-premium-wordpress\/ -->\n<title>filhos de bombeiros e policiais mortos em servi\u00e7o ter\u00e3o assist\u00eancia - P31<\/title>\n<meta name=\"robots\" content=\"index, follow, max-snippet:-1, max-image-preview:large, max-video-preview:-1\" \/>\n<link rel=\"canonical\" href=\"https:\/\/www.p31noticias.com.br\/?p=3223\" \/>\n<meta property=\"og:locale\" content=\"pt_BR\" \/>\n<meta property=\"og:type\" content=\"article\" \/>\n<meta property=\"og:title\" content=\"filhos de bombeiros e policiais mortos em servi\u00e7o ter\u00e3o assist\u00eancia\" \/>\n<meta property=\"og:description\" content=\"O governador Ibaneis Rocha (MDB)\u00a0determinou, nesta ter\u00e7a-feira (17\/09\/2019), que a equipe jur\u00eddica do\u00a0Pal\u00e1cio do Buriti\u00a0elabore um estudo que garanta uma s\u00e9rie de benef\u00edcios para filhos de integrantes das for\u00e7as de seguran\u00e7a do Distrito Federal que perderam a vida em servi\u00e7o. Uma das medidas adiantadas pelo emedebista ao\u00a0Metr\u00f3poles\u00a0\u00e9 a que prioriza a matr\u00edcula em escolas p\u00fablicas, [&hellip;]\" \/>\n<meta property=\"og:url\" content=\"https:\/\/www.p31noticias.com.br\/?p=3223\" \/>\n<meta property=\"og:site_name\" content=\"P31\" \/>\n<meta property=\"article:published_time\" content=\"2019-09-22T02:04:46+00:00\" \/>\n<meta property=\"og:image\" content=\"https:\/\/www.p31noticias.com.br\/wp-content\/uploads\/2019\/09\/WhatsApp-Image-2019-09-16-at-15.44.54-960x640-1.jpeg\" \/>\n\t<meta property=\"og:image:width\" content=\"960\" \/>\n\t<meta property=\"og:image:height\" content=\"640\" \/>\n\t<meta property=\"og:image:type\" content=\"image\/jpeg\" \/>\n<meta name=\"author\" content=\"Reda\u00e7\u00e3o JBN\" \/>\n<meta name=\"twitter:card\" content=\"summary_large_image\" \/>\n<meta name=\"twitter:label1\" content=\"Escrito por\" \/>\n\t<meta name=\"twitter:data1\" content=\"Reda\u00e7\u00e3o JBN\" \/>\n\t<meta name=\"twitter:label2\" content=\"Est. tempo de leitura\" \/>\n\t<meta name=\"twitter:data2\" content=\"2 minutos\" \/>\n<script type=\"application\/ld+json\" class=\"yoast-schema-graph\">{\"@context\":\"https:\\\/\\\/schema.org\",\"@graph\":[{\"@type\":\"Article\",\"@id\":\"https:\\\/\\\/www.p31noticias.com.br\\\/?p=3223#article\",\"isPartOf\":{\"@id\":\"https:\\\/\\\/www.p31noticias.com.br\\\/?p=3223\"},\"author\":{\"name\":\"Reda\u00e7\u00e3o JBN\",\"@id\":\"https:\\\/\\\/www.p31noticias.com.br\\\/#\\\/schema\\\/person\\\/77d6b186c710ac38937c6ec204fdd387\"},\"headline\":\"filhos de bombeiros e policiais mortos em servi\u00e7o ter\u00e3o assist\u00eancia\",\"datePublished\":\"2019-09-22T02:04:46+00:00\",\"mainEntityOfPage\":{\"@id\":\"https:\\\/\\\/www.p31noticias.com.br\\\/?p=3223\"},\"wordCount\":411,\"commentCount\":0,\"image\":{\"@id\":\"https:\\\/\\\/www.p31noticias.com.br\\\/?p=3223#primaryimage\"},\"thumbnailUrl\":\"https:\\\/\\\/www.p31noticias.com.br\\\/wp-content\\\/uploads\\\/2019\\\/09\\\/WhatsApp-Image-2019-09-16-at-15.44.54-960x640-1.jpeg\",\"articleSection\":[\"Bras\u00edlia\"],\"inLanguage\":\"pt-BR\",\"potentialAction\":[{\"@type\":\"CommentAction\",\"name\":\"Comment\",\"target\":[\"https:\\\/\\\/www.p31noticias.com.br\\\/?p=3223#respond\"]}],\"copyrightYear\":\"2019\",\"copyrightHolder\":{\"@id\":\"https:\\\/\\\/www.p31noticias.com.br\\\/#organization\"}},{\"@type\":\"WebPage\",\"@id\":\"https:\\\/\\\/www.p31noticias.com.br\\\/?p=3223\",\"url\":\"https:\\\/\\\/www.p31noticias.com.br\\\/?p=3223\",\"name\":\"filhos de bombeiros e policiais mortos em servi\u00e7o ter\u00e3o assist\u00eancia - P31\",\"isPartOf\":{\"@id\":\"https:\\\/\\\/www.p31noticias.com.br\\\/#website\"},\"primaryImageOfPage\":{\"@id\":\"https:\\\/\\\/www.p31noticias.com.br\\\/?p=3223#primaryimage\"},\"image\":{\"@id\":\"https:\\\/\\\/www.p31noticias.com.br\\\/?p=3223#primaryimage\"},\"thumbnailUrl\":\"https:\\\/\\\/www.p31noticias.com.br\\\/wp-content\\\/uploads\\\/2019\\\/09\\\/WhatsApp-Image-2019-09-16-at-15.44.54-960x640-1.jpeg\",\"datePublished\":\"2019-09-22T02:04:46+00:00\",\"author\":{\"@id\":\"https:\\\/\\\/www.p31noticias.com.br\\\/#\\\/schema\\\/person\\\/77d6b186c710ac38937c6ec204fdd387\"},\"breadcrumb\":{\"@id\":\"https:\\\/\\\/www.p31noticias.com.br\\\/?p=3223#breadcrumb\"},\"inLanguage\":\"pt-BR\",\"potentialAction\":[{\"@type\":\"ReadAction\",\"target\":[\"https:\\\/\\\/www.p31noticias.com.br\\\/?p=3223\"]}]},{\"@type\":\"ImageObject\",\"inLanguage\":\"pt-BR\",\"@id\":\"https:\\\/\\\/www.p31noticias.com.br\\\/?p=3223#primaryimage\",\"url\":\"https:\\\/\\\/www.p31noticias.com.br\\\/wp-content\\\/uploads\\\/2019\\\/09\\\/WhatsApp-Image-2019-09-16-at-15.44.54-960x640-1.jpeg\",\"contentUrl\":\"https:\\\/\\\/www.p31noticias.com.br\\\/wp-content\\\/uploads\\\/2019\\\/09\\\/WhatsApp-Image-2019-09-16-at-15.44.54-960x640-1.jpeg\",\"width\":960,\"height\":640},{\"@type\":\"BreadcrumbList\",\"@id\":\"https:\\\/\\\/www.p31noticias.com.br\\\/?p=3223#breadcrumb\",\"itemListElement\":[{\"@type\":\"ListItem\",\"position\":1,\"name\":\"In\u00edcio\",\"item\":\"https:\\\/\\\/www.p31noticias.com.br\\\/\"},{\"@type\":\"ListItem\",\"position\":2,\"name\":\"filhos de bombeiros e policiais mortos em servi\u00e7o ter\u00e3o assist\u00eancia\"}]},{\"@type\":\"WebSite\",\"@id\":\"https:\\\/\\\/www.p31noticias.com.br\\\/#website\",\"url\":\"https:\\\/\\\/www.p31noticias.com.br\\\/\",\"name\":\"P31\",\"description\":\"NOT\u00cdCIAS\",\"potentialAction\":[{\"@type\":\"SearchAction\",\"target\":{\"@type\":\"EntryPoint\",\"urlTemplate\":\"https:\\\/\\\/www.p31noticias.com.br\\\/?s={search_term_string}\"},\"query-input\":{\"@type\":\"PropertyValueSpecification\",\"valueRequired\":true,\"valueName\":\"search_term_string\"}}],\"inLanguage\":\"pt-BR\"},{\"@type\":\"Person\",\"@id\":\"https:\\\/\\\/www.p31noticias.com.br\\\/#\\\/schema\\\/person\\\/77d6b186c710ac38937c6ec204fdd387\",\"name\":\"Reda\u00e7\u00e3o JBN\",\"image\":{\"@type\":\"ImageObject\",\"inLanguage\":\"pt-BR\",\"@id\":\"https:\\\/\\\/secure.gravatar.com\\\/avatar\\\/10fcdb93211f98cce3d64c0795b0915a9a4a21dc0f279238995a3dbfafcad090?s=96&d=mm&r=g\",\"url\":\"https:\\\/\\\/secure.gravatar.com\\\/avatar\\\/10fcdb93211f98cce3d64c0795b0915a9a4a21dc0f279238995a3dbfafcad090?s=96&d=mm&r=g\",\"contentUrl\":\"https:\\\/\\\/secure.gravatar.com\\\/avatar\\\/10fcdb93211f98cce3d64c0795b0915a9a4a21dc0f279238995a3dbfafcad090?s=96&d=mm&r=g\",\"caption\":\"Reda\u00e7\u00e3o JBN\"},\"sameAs\":[\"https:\\\/\\\/p31noticias.com.br\"],\"url\":\"https:\\\/\\\/www.p31noticias.com.br\\\/?author=18\"}]}<\/script>\n<!-- \/ Yoast SEO Premium plugin. -->","yoast_head_json":{"title":"filhos de bombeiros e policiais mortos em servi\u00e7o ter\u00e3o assist\u00eancia - P31","robots":{"index":"index","follow":"follow","max-snippet":"max-snippet:-1","max-image-preview":"max-image-preview:large","max-video-preview":"max-video-preview:-1"},"canonical":"https:\/\/www.p31noticias.com.br\/?p=3223","og_locale":"pt_BR","og_type":"article","og_title":"filhos de bombeiros e policiais mortos em servi\u00e7o ter\u00e3o assist\u00eancia","og_description":"O governador Ibaneis Rocha (MDB)\u00a0determinou, nesta ter\u00e7a-feira (17\/09\/2019), que a equipe jur\u00eddica do\u00a0Pal\u00e1cio do Buriti\u00a0elabore um estudo que garanta uma s\u00e9rie de benef\u00edcios para filhos de integrantes das for\u00e7as de seguran\u00e7a do Distrito Federal que perderam a vida em servi\u00e7o. Uma das medidas adiantadas pelo emedebista ao\u00a0Metr\u00f3poles\u00a0\u00e9 a que prioriza a matr\u00edcula em escolas p\u00fablicas, [&hellip;]","og_url":"https:\/\/www.p31noticias.com.br\/?p=3223","og_site_name":"P31","article_published_time":"2019-09-22T02:04:46+00:00","og_image":[{"width":960,"height":640,"url":"https:\/\/www.p31noticias.com.br\/wp-content\/uploads\/2019\/09\/WhatsApp-Image-2019-09-16-at-15.44.54-960x640-1.jpeg","type":"image\/jpeg"}],"author":"Reda\u00e7\u00e3o JBN","twitter_card":"summary_large_image","twitter_misc":{"Escrito por":"Reda\u00e7\u00e3o JBN","Est. tempo de leitura":"2 minutos"},"schema":{"@context":"https:\/\/schema.org","@graph":[{"@type":"Article","@id":"https:\/\/www.p31noticias.com.br\/?p=3223#article","isPartOf":{"@id":"https:\/\/www.p31noticias.com.br\/?p=3223"},"author":{"name":"Reda\u00e7\u00e3o JBN","@id":"https:\/\/www.p31noticias.com.br\/#\/schema\/person\/77d6b186c710ac38937c6ec204fdd387"},"headline":"filhos de bombeiros e policiais mortos em servi\u00e7o ter\u00e3o assist\u00eancia","datePublished":"2019-09-22T02:04:46+00:00","mainEntityOfPage":{"@id":"https:\/\/www.p31noticias.com.br\/?p=3223"},"wordCount":411,"commentCount":0,"image":{"@id":"https:\/\/www.p31noticias.com.br\/?p=3223#primaryimage"},"thumbnailUrl":"https:\/\/www.p31noticias.com.br\/wp-content\/uploads\/2019\/09\/WhatsApp-Image-2019-09-16-at-15.44.54-960x640-1.jpeg","articleSection":["Bras\u00edlia"],"inLanguage":"pt-BR","potentialAction":[{"@type":"CommentAction","name":"Comment","target":["https:\/\/www.p31noticias.com.br\/?p=3223#respond"]}],"copyrightYear":"2019","copyrightHolder":{"@id":"https:\/\/www.p31noticias.com.br\/#organization"}},{"@type":"WebPage","@id":"https:\/\/www.p31noticias.com.br\/?p=3223","url":"https:\/\/www.p31noticias.com.br\/?p=3223","name":"filhos de bombeiros e policiais mortos em servi\u00e7o ter\u00e3o assist\u00eancia - P31","isPartOf":{"@id":"https:\/\/www.p31noticias.com.br\/#website"},"primaryImageOfPage":{"@id":"https:\/\/www.p31noticias.com.br\/?p=3223#primaryimage"},"image":{"@id":"https:\/\/www.p31noticias.com.br\/?p=3223#primaryimage"},"thumbnailUrl":"https:\/\/www.p31noticias.com.br\/wp-content\/uploads\/2019\/09\/WhatsApp-Image-2019-09-16-at-15.44.54-960x640-1.jpeg","datePublished":"2019-09-22T02:04:46+00:00","author":{"@id":"https:\/\/www.p31noticias.com.br\/#\/schema\/person\/77d6b186c710ac38937c6ec204fdd387"},"breadcrumb":{"@id":"https:\/\/www.p31noticias.com.br\/?p=3223#breadcrumb"},"inLanguage":"pt-BR","potentialAction":[{"@type":"ReadAction","target":["https:\/\/www.p31noticias.com.br\/?p=3223"]}]},{"@type":"ImageObject","inLanguage":"pt-BR","@id":"https:\/\/www.p31noticias.com.br\/?p=3223#primaryimage","url":"https:\/\/www.p31noticias.com.br\/wp-content\/uploads\/2019\/09\/WhatsApp-Image-2019-09-16-at-15.44.54-960x640-1.jpeg","contentUrl":"https:\/\/www.p31noticias.com.br\/wp-content\/uploads\/2019\/09\/WhatsApp-Image-2019-09-16-at-15.44.54-960x640-1.jpeg","width":960,"height":640},{"@type":"BreadcrumbList","@id":"https:\/\/www.p31noticias.com.br\/?p=3223#breadcrumb","itemListElement":[{"@type":"ListItem","position":1,"name":"In\u00edcio","item":"https:\/\/www.p31noticias.com.br\/"},{"@type":"ListItem","position":2,"name":"filhos de bombeiros e policiais mortos em servi\u00e7o ter\u00e3o assist\u00eancia"}]},{"@type":"WebSite","@id":"https:\/\/www.p31noticias.com.br\/#website","url":"https:\/\/www.p31noticias.com.br\/","name":"P31","description":"NOT\u00cdCIAS","potentialAction":[{"@type":"SearchAction","target":{"@type":"EntryPoint","urlTemplate":"https:\/\/www.p31noticias.com.br\/?s={search_term_string}"},"query-input":{"@type":"PropertyValueSpecification","valueRequired":true,"valueName":"search_term_string"}}],"inLanguage":"pt-BR"},{"@type":"Person","@id":"https:\/\/www.p31noticias.com.br\/#\/schema\/person\/77d6b186c710ac38937c6ec204fdd387","name":"Reda\u00e7\u00e3o JBN","image":{"@type":"ImageObject","inLanguage":"pt-BR","@id":"https:\/\/secure.gravatar.com\/avatar\/10fcdb93211f98cce3d64c0795b0915a9a4a21dc0f279238995a3dbfafcad090?s=96&d=mm&r=g","url":"https:\/\/secure.gravatar.com\/avatar\/10fcdb93211f98cce3d64c0795b0915a9a4a21dc0f279238995a3dbfafcad090?s=96&d=mm&r=g","contentUrl":"https:\/\/secure.gravatar.com\/avatar\/10fcdb93211f98cce3d64c0795b0915a9a4a21dc0f279238995a3dbfafcad090?s=96&d=mm&r=g","caption":"Reda\u00e7\u00e3o JBN"},"sameAs":["https:\/\/p31noticias.com.br"],"url":"https:\/\/www.p31noticias.com.br\/?author=18"}]}},"amp_enabled":true,"_links":{"self":[{"href":"https:\/\/www.p31noticias.com.br\/index.php?rest_route=\/wp\/v2\/posts\/3223","targetHints":{"allow":["GET"]}}],"collection":[{"href":"https:\/\/www.p31noticias.com.br\/index.php?rest_route=\/wp\/v2\/posts"}],"about":[{"href":"https:\/\/www.p31noticias.com.br\/index.php?rest_route=\/wp\/v2\/types\/post"}],"author":[{"embeddable":true,"href":"https:\/\/www.p31noticias.com.br\/index.php?rest_route=\/wp\/v2\/users\/18"}],"replies":[{"embeddable":true,"href":"https:\/\/www.p31noticias.com.br\/index.php?rest_route=%2Fwp%2Fv2%2Fcomments&post=3223"}],"version-history":[{"count":0,"href":"https:\/\/www.p31noticias.com.br\/index.php?rest_route=\/wp\/v2\/posts\/3223\/revisions"}],"wp:featuredmedia":[{"embeddable":true,"href":"https:\/\/www.p31noticias.com.br\/index.php?rest_route=\/wp\/v2\/media\/3224"}],"wp:attachment":[{"href":"https:\/\/www.p31noticias.com.br\/index.php?rest_route=%2Fwp%2Fv2%2Fmedia&parent=3223"}],"wp:term":[{"taxonomy":"category","embeddable":true,"href":"https:\/\/www.p31noticias.com.br\/index.php?rest_route=%2Fwp%2Fv2%2Fcategories&post=3223"},{"taxonomy":"post_tag","embeddable":true,"href":"https:\/\/www.p31noticias.com.br\/index.php?rest_route=%2Fwp%2Fv2%2Ftags&post=3223"}],"curies":[{"name":"wp","href":"https:\/\/api.w.org\/{rel}","templated":true}]}}