{"id":3216,"date":"2019-09-20T14:49:52","date_gmt":"2019-09-20T17:49:52","guid":{"rendered":"https:\/\/juniortakamoto.com.br\/?p=3216"},"modified":"2019-09-20T14:49:52","modified_gmt":"2019-09-20T17:49:52","slug":"bolsonaro-vai-receber-alta-medica-nesta-segunda-feira","status":"publish","type":"post","link":"https:\/\/www.p31noticias.com.br\/?p=3216","title":{"rendered":"Bolsonaro vai receber alta m\u00e9dica nesta segunda-feira"},"content":{"rendered":"<div class=\"article-paragraph\">\n<p>O presidente Jair Bolsonaro (PSL) receber\u00e1 alta m\u00e9dica na tarde desta segunda-feira (16) e seguir\u00e1 sua recupera\u00e7\u00e3o em Bras\u00edlia. &#8220;O presidente continuar\u00e1 sua recupera\u00e7\u00e3o em domic\u00edlio, devendo seguir as orienta\u00e7\u00f5es m\u00e9dicas relacionadas a dieta e atividade f\u00edsica&#8221;, diz boletim m\u00e9dico desta segunda.<\/p>\n<\/div>\n<div class=\"article-paragraph\">\n<p>O presidente est\u00e1 internado no Hospital Vila Nova Star, na zona sul de S\u00e3o Paulo, onde foi submetido no dia 8 \u00e0 quarta cirurgia desde que sofreu uma facada durante um ato de campanha, em setembro de 2018.<\/p>\n<\/div>\n<div class=\"article-paragraph\">\n<p>A interinidade do vice-presidente Hamilton Mour\u00e3o (PRTB) na chefia do Executivo federal foi estendida em um dia e Bolsonaro deve reassumir o cargo na quinta-feira (19).<\/p>\n<\/div>\n<div class=\"article-paragraph\">\n<p>Segundo o porta-voz da Presid\u00eancia, Ot\u00e1vio R\u00eago Barros, a medida foi adotada por orienta\u00e7\u00e3o m\u00e9dica para que o presidente possa descansar e ter uma recupera\u00e7\u00e3o mais r\u00e1pida.<\/p>\n<\/div>\n<div class=\"article-paragraph\">\n<p>Barros confirmou que Bolsonaro participar\u00e1 da Assembleia Geral da ONU em 24 de setembro e afirmou que o presidente embarcar\u00e1 para Nova York no dia 23.<\/p>\n<\/div>\n<div class=\"article-paragraph\">\n<p>Segundo o porta-voz, Bolsonaro deixar\u00e1 Nova York e seguir\u00e1 para o estado americano do Texas, onde se reunir\u00e1 com industriais, empres\u00e1rios e oficiais das For\u00e7as Armadas dos EUA. A estadia no pa\u00eds foi encurtada em um dia e o presidente voltar\u00e1 ao Brasil no dia 25, disse Barros.<\/p>\n<\/div>\n<div class=\"article-paragraph\">\n<p>Tamb\u00e9m foi confirmada a viagem de Bolsonaro para a \u00c1sia no final de outubro, onde passar\u00e1 por Jap\u00e3o, China, Emirados \u00c1rabes, Qatar e Ar\u00e1bia Saudita.<\/p>\n<\/div>\n<div class=\"article-paragraph\">\n<p>O presidente continua com alimenta\u00e7\u00e3o cremosa e a evolu\u00e7\u00e3o do quadro de sa\u00fade est\u00e1 de acordo com o esperado pela equipe m\u00e9dica, afirmou Ant\u00f4nio Antonietto, diretor m\u00e9dico do hospital.<\/p>\n<\/div>\n<div class=\"article-paragraph\">\n<p>\u0093Ele [Bolsonaro] ainda tem um pouco de g\u00e1s no intestino delgado e ent\u00e3o nos pareceu perigoso evoluir para uma dieta geral e de repente a coisa complicar. A dieta cremosa tem calorias suficientes para sustent\u00e1-lo, em torno de 2.000 calorias por dia\u0094, disse o cirurgi\u00e3o-chefe, Ant\u00f4nio Luiz de Vasconcellos Macedo.<\/p>\n<\/div>\n<div class=\"article-paragraph\">\n<p>Ele informou que ir\u00e1 a Bras\u00edlia na pr\u00f3xima sexta-feira (20) para acompanhar exames de sangue e de imagem de Bolsonaro no hospital DF Star, da mesma rede do Vila Nova Star.<\/p>\n<\/div>\n<div class=\"article-paragraph\">\n<p>De acordo com Macedo, \u0093a alta aconteceu em fun\u00e7\u00e3o da melhora dos exames, da melhora do tr\u00e2nsito intestinal, da melhora dele como um todo\u0094.<\/p>\n<\/div>\n<div class=\"article-paragraph\">\n<p>O porta-voz da Presid\u00eancia comentou ainda que nos \u00faltimos dias Bolsonaro j\u00e1 percorreu mais de 3.000 metros em caminhadas pelo corredor do oitavo andar do hospital.<\/p>\n<\/div>\n<div class=\"article-paragraph\">\n<p>No \u00faltimo dia 8, os m\u00e9dicos corrigiram uma h\u00e9rnia que surgiu na regi\u00e3o do abd\u00f4men em decorr\u00eancia das m\u00faltiplas incis\u00f5es feitas no local nos \u00faltimos meses. A opera\u00e7\u00e3o durou cinco horas e foi considerada bem-sucedida.<\/p>\n<\/div>\n<div class=\"article-paragraph\">\n<p>Logo ap\u00f3s a cirurgia, Bolsonaro vestiu uma cinta el\u00e1stica para pressionar o abd\u00f4men operado e ajudar no processo de recupera\u00e7\u00e3o. O surgimento da chamada h\u00e9rnia incisional j\u00e1 era esperado pelos m\u00e9dicos que atendem o presidente, em raz\u00e3o da s\u00e9rie de interven\u00e7\u00f5es feitas na regi\u00e3o da barriga do paciente para tratar os danos provocados pela facada.<\/p>\n<\/div>\n<div class=\"article-paragraph\">\n<p>A h\u00e9rnia ocorreu porque, em virtude do enfraquecimento da parede muscular do abd\u00f4men, uma parte do intestino passou por uma cavidade desse tecido. As sucessivas incis\u00f5es (cortes) na barriga fragilizaram o m\u00fasculo, o que fez com que a por\u00e7\u00e3o do \u00f3rg\u00e3o e uma camada de gordura rompessem a membrana, criando uma sali\u00eancia sob a pele.<\/p>\n<\/div>\n<div class=\"article-paragraph\">\n<p>O ent\u00e3o candidato a presidente foi esfaqueado por Ad\u00e9lio Bispo de Oliveira em 6 de setembro de 2018. O autor do crime est\u00e1 preso desde ent\u00e3o.<\/p>\n<\/div>\n<div class=\"article-paragraph\">\n<p>Neste \u00faltimo final de semana, o organismo do presidente reagiu bem \u00e0 introdu\u00e7\u00e3o da dieta cremosa \u0097com papinhas e sopas mais espessas.<\/p>\n<\/div>\n<div class=\"article-paragraph\">\n<p>Segundo o porta-voz, os m\u00e9dicos sa\u00edram do quarto do presidente &#8220;vivamente impressionados&#8221; com o quadro de evolu\u00e7\u00e3o de Bolsonaro, que est\u00e1 acompanhado da esposa, Michelle, do filho Carlos e de assessores pr\u00f3ximos.<\/p>\n<\/div>\n","protected":false},"excerpt":{"rendered":"<p>O presidente Jair Bolsonaro (PSL) receber\u00e1 alta m\u00e9dica na tarde desta segunda-feira (16) e seguir\u00e1 sua recupera\u00e7\u00e3o em Bras\u00edlia. &#8220;O presidente continuar\u00e1 sua recupera\u00e7\u00e3o em domic\u00edlio, devendo seguir as orienta\u00e7\u00f5es m\u00e9dicas relacionadas a dieta e atividade f\u00edsica&#8221;, diz boletim m\u00e9dico desta segunda. O presidente est\u00e1 internado no Hospital Vila Nova Star, na zona sul de [&hellip;]<\/p>\n","protected":false},"author":18,"featured_media":3217,"comment_status":"open","ping_status":"open","sticky":false,"template":"","format":"standard","meta":{"footnotes":""},"categories":[68],"tags":[],"class_list":{"0":"post-3216","1":"post","2":"type-post","3":"status-publish","4":"format-standard","5":"has-post-thumbnail","7":"category-brasil"},"yoast_head":"<!-- This site is optimized with the Yoast SEO Premium plugin v24.5 (Yoast SEO v27.5) - https:\/\/yoast.com\/product\/yoast-seo-premium-wordpress\/ -->\n<title>Bolsonaro vai receber alta m\u00e9dica nesta segunda-feira - P31<\/title>\n<meta name=\"robots\" content=\"index, follow, max-snippet:-1, max-image-preview:large, max-video-preview:-1\" \/>\n<link rel=\"canonical\" href=\"https:\/\/www.p31noticias.com.br\/?p=3216\" \/>\n<meta property=\"og:locale\" content=\"pt_BR\" \/>\n<meta property=\"og:type\" content=\"article\" \/>\n<meta property=\"og:title\" content=\"Bolsonaro vai receber alta m\u00e9dica nesta segunda-feira\" \/>\n<meta property=\"og:description\" content=\"O presidente Jair Bolsonaro (PSL) receber\u00e1 alta m\u00e9dica na tarde desta segunda-feira (16) e seguir\u00e1 sua recupera\u00e7\u00e3o em Bras\u00edlia. &#8220;O presidente continuar\u00e1 sua recupera\u00e7\u00e3o em domic\u00edlio, devendo seguir as orienta\u00e7\u00f5es m\u00e9dicas relacionadas a dieta e atividade f\u00edsica&#8221;, diz boletim m\u00e9dico desta segunda. O presidente est\u00e1 internado no Hospital Vila Nova Star, na zona sul de [&hellip;]\" \/>\n<meta property=\"og:url\" content=\"https:\/\/www.p31noticias.com.br\/?p=3216\" \/>\n<meta property=\"og:site_name\" content=\"P31\" \/>\n<meta property=\"article:published_time\" content=\"2019-09-20T17:49:52+00:00\" \/>\n<meta property=\"og:image\" content=\"https:\/\/www.p31noticias.com.br\/wp-content\/uploads\/2019\/09\/bolsonaro_lvie-1.png\" \/>\n\t<meta property=\"og:image:width\" content=\"680\" \/>\n\t<meta property=\"og:image:height\" content=\"453\" \/>\n\t<meta property=\"og:image:type\" content=\"image\/png\" \/>\n<meta name=\"author\" content=\"Reda\u00e7\u00e3o JBN\" \/>\n<meta name=\"twitter:card\" content=\"summary_large_image\" \/>\n<meta name=\"twitter:label1\" content=\"Escrito por\" \/>\n\t<meta name=\"twitter:data1\" content=\"Reda\u00e7\u00e3o JBN\" \/>\n\t<meta name=\"twitter:label2\" content=\"Est. tempo de leitura\" \/>\n\t<meta name=\"twitter:data2\" content=\"3 minutos\" \/>\n<script type=\"application\/ld+json\" class=\"yoast-schema-graph\">{\"@context\":\"https:\\\/\\\/schema.org\",\"@graph\":[{\"@type\":\"Article\",\"@id\":\"https:\\\/\\\/www.p31noticias.com.br\\\/?p=3216#article\",\"isPartOf\":{\"@id\":\"https:\\\/\\\/www.p31noticias.com.br\\\/?p=3216\"},\"author\":{\"name\":\"Reda\u00e7\u00e3o JBN\",\"@id\":\"https:\\\/\\\/www.p31noticias.com.br\\\/#\\\/schema\\\/person\\\/77d6b186c710ac38937c6ec204fdd387\"},\"headline\":\"Bolsonaro vai receber alta m\u00e9dica nesta segunda-feira\",\"datePublished\":\"2019-09-20T17:49:52+00:00\",\"mainEntityOfPage\":{\"@id\":\"https:\\\/\\\/www.p31noticias.com.br\\\/?p=3216\"},\"wordCount\":683,\"commentCount\":0,\"image\":{\"@id\":\"https:\\\/\\\/www.p31noticias.com.br\\\/?p=3216#primaryimage\"},\"thumbnailUrl\":\"https:\\\/\\\/www.p31noticias.com.br\\\/wp-content\\\/uploads\\\/2019\\\/09\\\/bolsonaro_lvie-1.png\",\"articleSection\":[\"Brasil\"],\"inLanguage\":\"pt-BR\",\"potentialAction\":[{\"@type\":\"CommentAction\",\"name\":\"Comment\",\"target\":[\"https:\\\/\\\/www.p31noticias.com.br\\\/?p=3216#respond\"]}],\"copyrightYear\":\"2019\",\"copyrightHolder\":{\"@id\":\"https:\\\/\\\/www.p31noticias.com.br\\\/#organization\"}},{\"@type\":\"WebPage\",\"@id\":\"https:\\\/\\\/www.p31noticias.com.br\\\/?p=3216\",\"url\":\"https:\\\/\\\/www.p31noticias.com.br\\\/?p=3216\",\"name\":\"Bolsonaro vai receber alta m\u00e9dica nesta segunda-feira - P31\",\"isPartOf\":{\"@id\":\"https:\\\/\\\/www.p31noticias.com.br\\\/#website\"},\"primaryImageOfPage\":{\"@id\":\"https:\\\/\\\/www.p31noticias.com.br\\\/?p=3216#primaryimage\"},\"image\":{\"@id\":\"https:\\\/\\\/www.p31noticias.com.br\\\/?p=3216#primaryimage\"},\"thumbnailUrl\":\"https:\\\/\\\/www.p31noticias.com.br\\\/wp-content\\\/uploads\\\/2019\\\/09\\\/bolsonaro_lvie-1.png\",\"datePublished\":\"2019-09-20T17:49:52+00:00\",\"author\":{\"@id\":\"https:\\\/\\\/www.p31noticias.com.br\\\/#\\\/schema\\\/person\\\/77d6b186c710ac38937c6ec204fdd387\"},\"breadcrumb\":{\"@id\":\"https:\\\/\\\/www.p31noticias.com.br\\\/?p=3216#breadcrumb\"},\"inLanguage\":\"pt-BR\",\"potentialAction\":[{\"@type\":\"ReadAction\",\"target\":[\"https:\\\/\\\/www.p31noticias.com.br\\\/?p=3216\"]}]},{\"@type\":\"ImageObject\",\"inLanguage\":\"pt-BR\",\"@id\":\"https:\\\/\\\/www.p31noticias.com.br\\\/?p=3216#primaryimage\",\"url\":\"https:\\\/\\\/www.p31noticias.com.br\\\/wp-content\\\/uploads\\\/2019\\\/09\\\/bolsonaro_lvie-1.png\",\"contentUrl\":\"https:\\\/\\\/www.p31noticias.com.br\\\/wp-content\\\/uploads\\\/2019\\\/09\\\/bolsonaro_lvie-1.png\",\"width\":680,\"height\":453},{\"@type\":\"BreadcrumbList\",\"@id\":\"https:\\\/\\\/www.p31noticias.com.br\\\/?p=3216#breadcrumb\",\"itemListElement\":[{\"@type\":\"ListItem\",\"position\":1,\"name\":\"In\u00edcio\",\"item\":\"https:\\\/\\\/www.p31noticias.com.br\\\/\"},{\"@type\":\"ListItem\",\"position\":2,\"name\":\"Bolsonaro vai receber alta m\u00e9dica nesta segunda-feira\"}]},{\"@type\":\"WebSite\",\"@id\":\"https:\\\/\\\/www.p31noticias.com.br\\\/#website\",\"url\":\"https:\\\/\\\/www.p31noticias.com.br\\\/\",\"name\":\"P31\",\"description\":\"NOT\u00cdCIAS\",\"potentialAction\":[{\"@type\":\"SearchAction\",\"target\":{\"@type\":\"EntryPoint\",\"urlTemplate\":\"https:\\\/\\\/www.p31noticias.com.br\\\/?s={search_term_string}\"},\"query-input\":{\"@type\":\"PropertyValueSpecification\",\"valueRequired\":true,\"valueName\":\"search_term_string\"}}],\"inLanguage\":\"pt-BR\"},{\"@type\":\"Person\",\"@id\":\"https:\\\/\\\/www.p31noticias.com.br\\\/#\\\/schema\\\/person\\\/77d6b186c710ac38937c6ec204fdd387\",\"name\":\"Reda\u00e7\u00e3o JBN\",\"image\":{\"@type\":\"ImageObject\",\"inLanguage\":\"pt-BR\",\"@id\":\"https:\\\/\\\/secure.gravatar.com\\\/avatar\\\/10fcdb93211f98cce3d64c0795b0915a9a4a21dc0f279238995a3dbfafcad090?s=96&d=mm&r=g\",\"url\":\"https:\\\/\\\/secure.gravatar.com\\\/avatar\\\/10fcdb93211f98cce3d64c0795b0915a9a4a21dc0f279238995a3dbfafcad090?s=96&d=mm&r=g\",\"contentUrl\":\"https:\\\/\\\/secure.gravatar.com\\\/avatar\\\/10fcdb93211f98cce3d64c0795b0915a9a4a21dc0f279238995a3dbfafcad090?s=96&d=mm&r=g\",\"caption\":\"Reda\u00e7\u00e3o JBN\"},\"sameAs\":[\"https:\\\/\\\/p31noticias.com.br\"],\"url\":\"https:\\\/\\\/www.p31noticias.com.br\\\/?author=18\"}]}<\/script>\n<!-- \/ Yoast SEO Premium plugin. -->","yoast_head_json":{"title":"Bolsonaro vai receber alta m\u00e9dica nesta segunda-feira - P31","robots":{"index":"index","follow":"follow","max-snippet":"max-snippet:-1","max-image-preview":"max-image-preview:large","max-video-preview":"max-video-preview:-1"},"canonical":"https:\/\/www.p31noticias.com.br\/?p=3216","og_locale":"pt_BR","og_type":"article","og_title":"Bolsonaro vai receber alta m\u00e9dica nesta segunda-feira","og_description":"O presidente Jair Bolsonaro (PSL) receber\u00e1 alta m\u00e9dica na tarde desta segunda-feira (16) e seguir\u00e1 sua recupera\u00e7\u00e3o em Bras\u00edlia. &#8220;O presidente continuar\u00e1 sua recupera\u00e7\u00e3o em domic\u00edlio, devendo seguir as orienta\u00e7\u00f5es m\u00e9dicas relacionadas a dieta e atividade f\u00edsica&#8221;, diz boletim m\u00e9dico desta segunda. O presidente est\u00e1 internado no Hospital Vila Nova Star, na zona sul de [&hellip;]","og_url":"https:\/\/www.p31noticias.com.br\/?p=3216","og_site_name":"P31","article_published_time":"2019-09-20T17:49:52+00:00","og_image":[{"width":680,"height":453,"url":"https:\/\/www.p31noticias.com.br\/wp-content\/uploads\/2019\/09\/bolsonaro_lvie-1.png","type":"image\/png"}],"author":"Reda\u00e7\u00e3o JBN","twitter_card":"summary_large_image","twitter_misc":{"Escrito por":"Reda\u00e7\u00e3o JBN","Est. tempo de leitura":"3 minutos"},"schema":{"@context":"https:\/\/schema.org","@graph":[{"@type":"Article","@id":"https:\/\/www.p31noticias.com.br\/?p=3216#article","isPartOf":{"@id":"https:\/\/www.p31noticias.com.br\/?p=3216"},"author":{"name":"Reda\u00e7\u00e3o JBN","@id":"https:\/\/www.p31noticias.com.br\/#\/schema\/person\/77d6b186c710ac38937c6ec204fdd387"},"headline":"Bolsonaro vai receber alta m\u00e9dica nesta segunda-feira","datePublished":"2019-09-20T17:49:52+00:00","mainEntityOfPage":{"@id":"https:\/\/www.p31noticias.com.br\/?p=3216"},"wordCount":683,"commentCount":0,"image":{"@id":"https:\/\/www.p31noticias.com.br\/?p=3216#primaryimage"},"thumbnailUrl":"https:\/\/www.p31noticias.com.br\/wp-content\/uploads\/2019\/09\/bolsonaro_lvie-1.png","articleSection":["Brasil"],"inLanguage":"pt-BR","potentialAction":[{"@type":"CommentAction","name":"Comment","target":["https:\/\/www.p31noticias.com.br\/?p=3216#respond"]}],"copyrightYear":"2019","copyrightHolder":{"@id":"https:\/\/www.p31noticias.com.br\/#organization"}},{"@type":"WebPage","@id":"https:\/\/www.p31noticias.com.br\/?p=3216","url":"https:\/\/www.p31noticias.com.br\/?p=3216","name":"Bolsonaro vai receber alta m\u00e9dica nesta segunda-feira - P31","isPartOf":{"@id":"https:\/\/www.p31noticias.com.br\/#website"},"primaryImageOfPage":{"@id":"https:\/\/www.p31noticias.com.br\/?p=3216#primaryimage"},"image":{"@id":"https:\/\/www.p31noticias.com.br\/?p=3216#primaryimage"},"thumbnailUrl":"https:\/\/www.p31noticias.com.br\/wp-content\/uploads\/2019\/09\/bolsonaro_lvie-1.png","datePublished":"2019-09-20T17:49:52+00:00","author":{"@id":"https:\/\/www.p31noticias.com.br\/#\/schema\/person\/77d6b186c710ac38937c6ec204fdd387"},"breadcrumb":{"@id":"https:\/\/www.p31noticias.com.br\/?p=3216#breadcrumb"},"inLanguage":"pt-BR","potentialAction":[{"@type":"ReadAction","target":["https:\/\/www.p31noticias.com.br\/?p=3216"]}]},{"@type":"ImageObject","inLanguage":"pt-BR","@id":"https:\/\/www.p31noticias.com.br\/?p=3216#primaryimage","url":"https:\/\/www.p31noticias.com.br\/wp-content\/uploads\/2019\/09\/bolsonaro_lvie-1.png","contentUrl":"https:\/\/www.p31noticias.com.br\/wp-content\/uploads\/2019\/09\/bolsonaro_lvie-1.png","width":680,"height":453},{"@type":"BreadcrumbList","@id":"https:\/\/www.p31noticias.com.br\/?p=3216#breadcrumb","itemListElement":[{"@type":"ListItem","position":1,"name":"In\u00edcio","item":"https:\/\/www.p31noticias.com.br\/"},{"@type":"ListItem","position":2,"name":"Bolsonaro vai receber alta m\u00e9dica nesta segunda-feira"}]},{"@type":"WebSite","@id":"https:\/\/www.p31noticias.com.br\/#website","url":"https:\/\/www.p31noticias.com.br\/","name":"P31","description":"NOT\u00cdCIAS","potentialAction":[{"@type":"SearchAction","target":{"@type":"EntryPoint","urlTemplate":"https:\/\/www.p31noticias.com.br\/?s={search_term_string}"},"query-input":{"@type":"PropertyValueSpecification","valueRequired":true,"valueName":"search_term_string"}}],"inLanguage":"pt-BR"},{"@type":"Person","@id":"https:\/\/www.p31noticias.com.br\/#\/schema\/person\/77d6b186c710ac38937c6ec204fdd387","name":"Reda\u00e7\u00e3o JBN","image":{"@type":"ImageObject","inLanguage":"pt-BR","@id":"https:\/\/secure.gravatar.com\/avatar\/10fcdb93211f98cce3d64c0795b0915a9a4a21dc0f279238995a3dbfafcad090?s=96&d=mm&r=g","url":"https:\/\/secure.gravatar.com\/avatar\/10fcdb93211f98cce3d64c0795b0915a9a4a21dc0f279238995a3dbfafcad090?s=96&d=mm&r=g","contentUrl":"https:\/\/secure.gravatar.com\/avatar\/10fcdb93211f98cce3d64c0795b0915a9a4a21dc0f279238995a3dbfafcad090?s=96&d=mm&r=g","caption":"Reda\u00e7\u00e3o JBN"},"sameAs":["https:\/\/p31noticias.com.br"],"url":"https:\/\/www.p31noticias.com.br\/?author=18"}]}},"amp_enabled":true,"_links":{"self":[{"href":"https:\/\/www.p31noticias.com.br\/index.php?rest_route=\/wp\/v2\/posts\/3216","targetHints":{"allow":["GET"]}}],"collection":[{"href":"https:\/\/www.p31noticias.com.br\/index.php?rest_route=\/wp\/v2\/posts"}],"about":[{"href":"https:\/\/www.p31noticias.com.br\/index.php?rest_route=\/wp\/v2\/types\/post"}],"author":[{"embeddable":true,"href":"https:\/\/www.p31noticias.com.br\/index.php?rest_route=\/wp\/v2\/users\/18"}],"replies":[{"embeddable":true,"href":"https:\/\/www.p31noticias.com.br\/index.php?rest_route=%2Fwp%2Fv2%2Fcomments&post=3216"}],"version-history":[{"count":0,"href":"https:\/\/www.p31noticias.com.br\/index.php?rest_route=\/wp\/v2\/posts\/3216\/revisions"}],"wp:featuredmedia":[{"embeddable":true,"href":"https:\/\/www.p31noticias.com.br\/index.php?rest_route=\/wp\/v2\/media\/3217"}],"wp:attachment":[{"href":"https:\/\/www.p31noticias.com.br\/index.php?rest_route=%2Fwp%2Fv2%2Fmedia&parent=3216"}],"wp:term":[{"taxonomy":"category","embeddable":true,"href":"https:\/\/www.p31noticias.com.br\/index.php?rest_route=%2Fwp%2Fv2%2Fcategories&post=3216"},{"taxonomy":"post_tag","embeddable":true,"href":"https:\/\/www.p31noticias.com.br\/index.php?rest_route=%2Fwp%2Fv2%2Ftags&post=3216"}],"curies":[{"name":"wp","href":"https:\/\/api.w.org\/{rel}","templated":true}]}}