{"id":3213,"date":"2019-09-15T23:43:44","date_gmt":"2019-09-16T02:43:44","guid":{"rendered":"https:\/\/juniortakamoto.com.br\/?p=3213"},"modified":"2019-09-15T23:43:44","modified_gmt":"2019-09-16T02:43:44","slug":"difteria-polio-e-rubeola-assombram-o-brasil","status":"publish","type":"post","link":"https:\/\/www.p31noticias.com.br\/?p=3213","title":{"rendered":"Difteria, p\u00f3lio e rub\u00e9ola assombram o Brasil"},"content":{"rendered":"<p>Assim como o sarampo, que reapareceu na vida do brasileiro em 2018 e 2019 \u2013 s\u00f3 nos \u00faltimos 90 dias, 3.339 casos foram confirmados em 16 estados \u2013 outras doen\u00e7as que, at\u00e9 aqui, est\u00e3o erradicadas podem voltar a assustar a popula\u00e7\u00e3o brasileira. <a href=\"https:\/\/www.metropoles.com\/brasil\/difteria-e-rubeola-voltam-a-preocupar-o-pais\" target=\"_blank\" rel=\"noopener noreferrer\">Rub\u00e9ola, difteria<\/a>\u00a0e poliomielite, por exemplo, est\u00e3o pass\u00edveis de ressurgir por causa da baixa cobertura vacinal.<\/p>\n<p>\u201c\u00c9 um risco real\u201d, diz a m\u00e9dica M\u00f4nica Levi, diretora da Sociedade Brasileira de Imuniza\u00e7\u00f5es (SBIm). \u201cNo caso da rub\u00e9ola, a vacina \u00e9 a mesma do sarampo. A doen\u00e7a foi erradicada nas Am\u00e9ricas, mas a imuniza\u00e7\u00e3o vem caindo e, com a queda, come\u00e7am a pipocar casos nos Estados Unidos, M\u00e9xico, Argentina e Chile. N\u00e3o \u00e9 surto, mas a Organiza\u00e7\u00e3o Panamericana de Sa\u00fade (Opas) est\u00e1 preocupada com a situa\u00e7\u00e3o\u201d, explica a especialista.<\/p>\n<p>Enquanto uma doen\u00e7a n\u00e3o for erradicada do globo, h\u00e1 risco de ser reintroduzida por viajantes, pessoas contaminadas em outros pa\u00edses. Apenas a var\u00edola \u00e9 considerada erradicada, pois o v\u00edrus foi extinto na natureza e s\u00f3 existe em laborat\u00f3rio.<\/p>\n<div class=\"m-banner-wrap m-banner-rectangle m-publicity-content-middle\"><\/div>\n<p>A baixa na cobertura vacinal vem acontecendo, sistematicamente, desde 2016. Segundo dados do DataSUS, a primeira dose da vacina Tr\u00edplice Viral (sarampo, caxumba e rub\u00e9ola) cobria 95,41% da popula\u00e7\u00e3o alvo naquele ano. Em 2017, a cobertura caiu para 90,85%, subiu para 91,73% no ano seguinte e, at\u00e9 agora, em 2019, apenas 80,16% receberam a imuniza\u00e7\u00e3o. No Distrito Federal,\u00a0a situa\u00e7\u00e3o \u00e9 ainda mais grave: saiu de 131,75% de cobertura em 2016 \u2013 quando a vacina\u00e7\u00e3o tinha atingido at\u00e9 mais gente do que a meta estabelecida, para 77,20% em 2019.<\/p>\n<p>M\u00f4nica explica que o ideal para garantir a prote\u00e7\u00e3o de toda a popula\u00e7\u00e3o \u00e9 que pelo menos 95% do p\u00fablico-alvo esteja vacinado. \u201cChamamos de imunidade de rebanho. Se a maioria est\u00e1 vacinada, o v\u00edrus n\u00e3o consegue avan\u00e7ar. Ou seja, tomar a vacina n\u00e3o \u00e9 s\u00f3 uma quest\u00e3o pessoal, mas uma responsabilidade social\u201d, afirma.<\/p>\n<p>No caso da segunda dose da Tr\u00edplice Viral, a taxa \u00e9 tradicionalmente menor. Em 2016, o Brasil tinha apenas 76,71% de cobertura vacinal da segunda dose, manteve a porcentagem nos anos seguintes e, em 2019, conta com 67,85% at\u00e9 o dia 4 de setembro.<\/p>\n","protected":false},"excerpt":{"rendered":"<p>Assim como o sarampo, que reapareceu na vida do brasileiro em 2018 e 2019 \u2013 s\u00f3 nos \u00faltimos 90 dias, 3.339 casos foram confirmados em 16 estados \u2013 outras doen\u00e7as que, at\u00e9 aqui, est\u00e3o erradicadas podem voltar a assustar a popula\u00e7\u00e3o brasileira. Rub\u00e9ola, difteria\u00a0e poliomielite, por exemplo, est\u00e3o pass\u00edveis de ressurgir por causa da baixa [&hellip;]<\/p>\n","protected":false},"author":18,"featured_media":3214,"comment_status":"open","ping_status":"open","sticky":false,"template":"","format":"standard","meta":{"footnotes":""},"categories":[68],"tags":[],"class_list":{"0":"post-3213","1":"post","2":"type-post","3":"status-publish","4":"format-standard","5":"has-post-thumbnail","7":"category-brasil"},"yoast_head":"<!-- This site is optimized with the Yoast SEO Premium plugin v24.5 (Yoast SEO v27.5) - https:\/\/yoast.com\/product\/yoast-seo-premium-wordpress\/ -->\n<title>Difteria, p\u00f3lio e rub\u00e9ola assombram o Brasil - P31<\/title>\n<meta name=\"robots\" content=\"index, follow, max-snippet:-1, max-image-preview:large, max-video-preview:-1\" \/>\n<link rel=\"canonical\" href=\"https:\/\/www.p31noticias.com.br\/?p=3213\" \/>\n<meta property=\"og:locale\" content=\"pt_BR\" \/>\n<meta property=\"og:type\" content=\"article\" \/>\n<meta property=\"og:title\" content=\"Difteria, p\u00f3lio e rub\u00e9ola assombram o Brasil\" \/>\n<meta property=\"og:description\" content=\"Assim como o sarampo, que reapareceu na vida do brasileiro em 2018 e 2019 \u2013 s\u00f3 nos \u00faltimos 90 dias, 3.339 casos foram confirmados em 16 estados \u2013 outras doen\u00e7as que, at\u00e9 aqui, est\u00e3o erradicadas podem voltar a assustar a popula\u00e7\u00e3o brasileira. Rub\u00e9ola, difteria\u00a0e poliomielite, por exemplo, est\u00e3o pass\u00edveis de ressurgir por causa da baixa [&hellip;]\" \/>\n<meta property=\"og:url\" content=\"https:\/\/www.p31noticias.com.br\/?p=3213\" \/>\n<meta property=\"og:site_name\" content=\"P31\" \/>\n<meta property=\"article:published_time\" content=\"2019-09-16T02:43:44+00:00\" \/>\n<meta property=\"og:image\" content=\"https:\/\/www.p31noticias.com.br\/wp-content\/uploads\/2019\/09\/doenc\u0327as-erradicadas-1.jpg\" \/>\n\t<meta property=\"og:image:width\" content=\"960\" \/>\n\t<meta property=\"og:image:height\" content=\"640\" \/>\n\t<meta property=\"og:image:type\" content=\"image\/jpeg\" \/>\n<meta name=\"author\" content=\"Reda\u00e7\u00e3o JBN\" \/>\n<meta name=\"twitter:card\" content=\"summary_large_image\" \/>\n<meta name=\"twitter:label1\" content=\"Escrito por\" \/>\n\t<meta name=\"twitter:data1\" content=\"Reda\u00e7\u00e3o JBN\" \/>\n\t<meta name=\"twitter:label2\" content=\"Est. tempo de leitura\" \/>\n\t<meta name=\"twitter:data2\" content=\"2 minutos\" \/>\n<script type=\"application\/ld+json\" class=\"yoast-schema-graph\">{\"@context\":\"https:\\\/\\\/schema.org\",\"@graph\":[{\"@type\":\"Article\",\"@id\":\"https:\\\/\\\/www.p31noticias.com.br\\\/?p=3213#article\",\"isPartOf\":{\"@id\":\"https:\\\/\\\/www.p31noticias.com.br\\\/?p=3213\"},\"author\":{\"name\":\"Reda\u00e7\u00e3o JBN\",\"@id\":\"https:\\\/\\\/www.p31noticias.com.br\\\/#\\\/schema\\\/person\\\/77d6b186c710ac38937c6ec204fdd387\"},\"headline\":\"Difteria, p\u00f3lio e rub\u00e9ola assombram o Brasil\",\"datePublished\":\"2019-09-16T02:43:44+00:00\",\"mainEntityOfPage\":{\"@id\":\"https:\\\/\\\/www.p31noticias.com.br\\\/?p=3213\"},\"wordCount\":370,\"commentCount\":0,\"image\":{\"@id\":\"https:\\\/\\\/www.p31noticias.com.br\\\/?p=3213#primaryimage\"},\"thumbnailUrl\":\"https:\\\/\\\/www.p31noticias.com.br\\\/wp-content\\\/uploads\\\/2019\\\/09\\\/doenc\u0327as-erradicadas-1.jpg\",\"articleSection\":[\"Brasil\"],\"inLanguage\":\"pt-BR\",\"potentialAction\":[{\"@type\":\"CommentAction\",\"name\":\"Comment\",\"target\":[\"https:\\\/\\\/www.p31noticias.com.br\\\/?p=3213#respond\"]}],\"copyrightYear\":\"2019\",\"copyrightHolder\":{\"@id\":\"https:\\\/\\\/www.p31noticias.com.br\\\/#organization\"}},{\"@type\":\"WebPage\",\"@id\":\"https:\\\/\\\/www.p31noticias.com.br\\\/?p=3213\",\"url\":\"https:\\\/\\\/www.p31noticias.com.br\\\/?p=3213\",\"name\":\"Difteria, p\u00f3lio e rub\u00e9ola assombram o Brasil - P31\",\"isPartOf\":{\"@id\":\"https:\\\/\\\/www.p31noticias.com.br\\\/#website\"},\"primaryImageOfPage\":{\"@id\":\"https:\\\/\\\/www.p31noticias.com.br\\\/?p=3213#primaryimage\"},\"image\":{\"@id\":\"https:\\\/\\\/www.p31noticias.com.br\\\/?p=3213#primaryimage\"},\"thumbnailUrl\":\"https:\\\/\\\/www.p31noticias.com.br\\\/wp-content\\\/uploads\\\/2019\\\/09\\\/doenc\u0327as-erradicadas-1.jpg\",\"datePublished\":\"2019-09-16T02:43:44+00:00\",\"author\":{\"@id\":\"https:\\\/\\\/www.p31noticias.com.br\\\/#\\\/schema\\\/person\\\/77d6b186c710ac38937c6ec204fdd387\"},\"breadcrumb\":{\"@id\":\"https:\\\/\\\/www.p31noticias.com.br\\\/?p=3213#breadcrumb\"},\"inLanguage\":\"pt-BR\",\"potentialAction\":[{\"@type\":\"ReadAction\",\"target\":[\"https:\\\/\\\/www.p31noticias.com.br\\\/?p=3213\"]}]},{\"@type\":\"ImageObject\",\"inLanguage\":\"pt-BR\",\"@id\":\"https:\\\/\\\/www.p31noticias.com.br\\\/?p=3213#primaryimage\",\"url\":\"https:\\\/\\\/www.p31noticias.com.br\\\/wp-content\\\/uploads\\\/2019\\\/09\\\/doenc\u0327as-erradicadas-1.jpg\",\"contentUrl\":\"https:\\\/\\\/www.p31noticias.com.br\\\/wp-content\\\/uploads\\\/2019\\\/09\\\/doenc\u0327as-erradicadas-1.jpg\",\"width\":960,\"height\":640},{\"@type\":\"BreadcrumbList\",\"@id\":\"https:\\\/\\\/www.p31noticias.com.br\\\/?p=3213#breadcrumb\",\"itemListElement\":[{\"@type\":\"ListItem\",\"position\":1,\"name\":\"In\u00edcio\",\"item\":\"https:\\\/\\\/www.p31noticias.com.br\\\/\"},{\"@type\":\"ListItem\",\"position\":2,\"name\":\"Difteria, p\u00f3lio e rub\u00e9ola assombram o Brasil\"}]},{\"@type\":\"WebSite\",\"@id\":\"https:\\\/\\\/www.p31noticias.com.br\\\/#website\",\"url\":\"https:\\\/\\\/www.p31noticias.com.br\\\/\",\"name\":\"P31\",\"description\":\"NOT\u00cdCIAS\",\"potentialAction\":[{\"@type\":\"SearchAction\",\"target\":{\"@type\":\"EntryPoint\",\"urlTemplate\":\"https:\\\/\\\/www.p31noticias.com.br\\\/?s={search_term_string}\"},\"query-input\":{\"@type\":\"PropertyValueSpecification\",\"valueRequired\":true,\"valueName\":\"search_term_string\"}}],\"inLanguage\":\"pt-BR\"},{\"@type\":\"Person\",\"@id\":\"https:\\\/\\\/www.p31noticias.com.br\\\/#\\\/schema\\\/person\\\/77d6b186c710ac38937c6ec204fdd387\",\"name\":\"Reda\u00e7\u00e3o JBN\",\"image\":{\"@type\":\"ImageObject\",\"inLanguage\":\"pt-BR\",\"@id\":\"https:\\\/\\\/secure.gravatar.com\\\/avatar\\\/10fcdb93211f98cce3d64c0795b0915a9a4a21dc0f279238995a3dbfafcad090?s=96&d=mm&r=g\",\"url\":\"https:\\\/\\\/secure.gravatar.com\\\/avatar\\\/10fcdb93211f98cce3d64c0795b0915a9a4a21dc0f279238995a3dbfafcad090?s=96&d=mm&r=g\",\"contentUrl\":\"https:\\\/\\\/secure.gravatar.com\\\/avatar\\\/10fcdb93211f98cce3d64c0795b0915a9a4a21dc0f279238995a3dbfafcad090?s=96&d=mm&r=g\",\"caption\":\"Reda\u00e7\u00e3o JBN\"},\"sameAs\":[\"https:\\\/\\\/p31noticias.com.br\"],\"url\":\"https:\\\/\\\/www.p31noticias.com.br\\\/?author=18\"}]}<\/script>\n<!-- \/ Yoast SEO Premium plugin. -->","yoast_head_json":{"title":"Difteria, p\u00f3lio e rub\u00e9ola assombram o Brasil - P31","robots":{"index":"index","follow":"follow","max-snippet":"max-snippet:-1","max-image-preview":"max-image-preview:large","max-video-preview":"max-video-preview:-1"},"canonical":"https:\/\/www.p31noticias.com.br\/?p=3213","og_locale":"pt_BR","og_type":"article","og_title":"Difteria, p\u00f3lio e rub\u00e9ola assombram o Brasil","og_description":"Assim como o sarampo, que reapareceu na vida do brasileiro em 2018 e 2019 \u2013 s\u00f3 nos \u00faltimos 90 dias, 3.339 casos foram confirmados em 16 estados \u2013 outras doen\u00e7as que, at\u00e9 aqui, est\u00e3o erradicadas podem voltar a assustar a popula\u00e7\u00e3o brasileira. Rub\u00e9ola, difteria\u00a0e poliomielite, por exemplo, est\u00e3o pass\u00edveis de ressurgir por causa da baixa [&hellip;]","og_url":"https:\/\/www.p31noticias.com.br\/?p=3213","og_site_name":"P31","article_published_time":"2019-09-16T02:43:44+00:00","og_image":[{"width":960,"height":640,"url":"https:\/\/www.p31noticias.com.br\/wp-content\/uploads\/2019\/09\/doenc\u0327as-erradicadas-1.jpg","type":"image\/jpeg"}],"author":"Reda\u00e7\u00e3o JBN","twitter_card":"summary_large_image","twitter_misc":{"Escrito por":"Reda\u00e7\u00e3o JBN","Est. tempo de leitura":"2 minutos"},"schema":{"@context":"https:\/\/schema.org","@graph":[{"@type":"Article","@id":"https:\/\/www.p31noticias.com.br\/?p=3213#article","isPartOf":{"@id":"https:\/\/www.p31noticias.com.br\/?p=3213"},"author":{"name":"Reda\u00e7\u00e3o JBN","@id":"https:\/\/www.p31noticias.com.br\/#\/schema\/person\/77d6b186c710ac38937c6ec204fdd387"},"headline":"Difteria, p\u00f3lio e rub\u00e9ola assombram o Brasil","datePublished":"2019-09-16T02:43:44+00:00","mainEntityOfPage":{"@id":"https:\/\/www.p31noticias.com.br\/?p=3213"},"wordCount":370,"commentCount":0,"image":{"@id":"https:\/\/www.p31noticias.com.br\/?p=3213#primaryimage"},"thumbnailUrl":"https:\/\/www.p31noticias.com.br\/wp-content\/uploads\/2019\/09\/doenc\u0327as-erradicadas-1.jpg","articleSection":["Brasil"],"inLanguage":"pt-BR","potentialAction":[{"@type":"CommentAction","name":"Comment","target":["https:\/\/www.p31noticias.com.br\/?p=3213#respond"]}],"copyrightYear":"2019","copyrightHolder":{"@id":"https:\/\/www.p31noticias.com.br\/#organization"}},{"@type":"WebPage","@id":"https:\/\/www.p31noticias.com.br\/?p=3213","url":"https:\/\/www.p31noticias.com.br\/?p=3213","name":"Difteria, p\u00f3lio e rub\u00e9ola assombram o Brasil - P31","isPartOf":{"@id":"https:\/\/www.p31noticias.com.br\/#website"},"primaryImageOfPage":{"@id":"https:\/\/www.p31noticias.com.br\/?p=3213#primaryimage"},"image":{"@id":"https:\/\/www.p31noticias.com.br\/?p=3213#primaryimage"},"thumbnailUrl":"https:\/\/www.p31noticias.com.br\/wp-content\/uploads\/2019\/09\/doenc\u0327as-erradicadas-1.jpg","datePublished":"2019-09-16T02:43:44+00:00","author":{"@id":"https:\/\/www.p31noticias.com.br\/#\/schema\/person\/77d6b186c710ac38937c6ec204fdd387"},"breadcrumb":{"@id":"https:\/\/www.p31noticias.com.br\/?p=3213#breadcrumb"},"inLanguage":"pt-BR","potentialAction":[{"@type":"ReadAction","target":["https:\/\/www.p31noticias.com.br\/?p=3213"]}]},{"@type":"ImageObject","inLanguage":"pt-BR","@id":"https:\/\/www.p31noticias.com.br\/?p=3213#primaryimage","url":"https:\/\/www.p31noticias.com.br\/wp-content\/uploads\/2019\/09\/doenc\u0327as-erradicadas-1.jpg","contentUrl":"https:\/\/www.p31noticias.com.br\/wp-content\/uploads\/2019\/09\/doenc\u0327as-erradicadas-1.jpg","width":960,"height":640},{"@type":"BreadcrumbList","@id":"https:\/\/www.p31noticias.com.br\/?p=3213#breadcrumb","itemListElement":[{"@type":"ListItem","position":1,"name":"In\u00edcio","item":"https:\/\/www.p31noticias.com.br\/"},{"@type":"ListItem","position":2,"name":"Difteria, p\u00f3lio e rub\u00e9ola assombram o Brasil"}]},{"@type":"WebSite","@id":"https:\/\/www.p31noticias.com.br\/#website","url":"https:\/\/www.p31noticias.com.br\/","name":"P31","description":"NOT\u00cdCIAS","potentialAction":[{"@type":"SearchAction","target":{"@type":"EntryPoint","urlTemplate":"https:\/\/www.p31noticias.com.br\/?s={search_term_string}"},"query-input":{"@type":"PropertyValueSpecification","valueRequired":true,"valueName":"search_term_string"}}],"inLanguage":"pt-BR"},{"@type":"Person","@id":"https:\/\/www.p31noticias.com.br\/#\/schema\/person\/77d6b186c710ac38937c6ec204fdd387","name":"Reda\u00e7\u00e3o JBN","image":{"@type":"ImageObject","inLanguage":"pt-BR","@id":"https:\/\/secure.gravatar.com\/avatar\/10fcdb93211f98cce3d64c0795b0915a9a4a21dc0f279238995a3dbfafcad090?s=96&d=mm&r=g","url":"https:\/\/secure.gravatar.com\/avatar\/10fcdb93211f98cce3d64c0795b0915a9a4a21dc0f279238995a3dbfafcad090?s=96&d=mm&r=g","contentUrl":"https:\/\/secure.gravatar.com\/avatar\/10fcdb93211f98cce3d64c0795b0915a9a4a21dc0f279238995a3dbfafcad090?s=96&d=mm&r=g","caption":"Reda\u00e7\u00e3o JBN"},"sameAs":["https:\/\/p31noticias.com.br"],"url":"https:\/\/www.p31noticias.com.br\/?author=18"}]}},"amp_enabled":true,"_links":{"self":[{"href":"https:\/\/www.p31noticias.com.br\/index.php?rest_route=\/wp\/v2\/posts\/3213","targetHints":{"allow":["GET"]}}],"collection":[{"href":"https:\/\/www.p31noticias.com.br\/index.php?rest_route=\/wp\/v2\/posts"}],"about":[{"href":"https:\/\/www.p31noticias.com.br\/index.php?rest_route=\/wp\/v2\/types\/post"}],"author":[{"embeddable":true,"href":"https:\/\/www.p31noticias.com.br\/index.php?rest_route=\/wp\/v2\/users\/18"}],"replies":[{"embeddable":true,"href":"https:\/\/www.p31noticias.com.br\/index.php?rest_route=%2Fwp%2Fv2%2Fcomments&post=3213"}],"version-history":[{"count":0,"href":"https:\/\/www.p31noticias.com.br\/index.php?rest_route=\/wp\/v2\/posts\/3213\/revisions"}],"wp:featuredmedia":[{"embeddable":true,"href":"https:\/\/www.p31noticias.com.br\/index.php?rest_route=\/wp\/v2\/media\/3214"}],"wp:attachment":[{"href":"https:\/\/www.p31noticias.com.br\/index.php?rest_route=%2Fwp%2Fv2%2Fmedia&parent=3213"}],"wp:term":[{"taxonomy":"category","embeddable":true,"href":"https:\/\/www.p31noticias.com.br\/index.php?rest_route=%2Fwp%2Fv2%2Fcategories&post=3213"},{"taxonomy":"post_tag","embeddable":true,"href":"https:\/\/www.p31noticias.com.br\/index.php?rest_route=%2Fwp%2Fv2%2Ftags&post=3213"}],"curies":[{"name":"wp","href":"https:\/\/api.w.org\/{rel}","templated":true}]}}