{"id":32113,"date":"2023-11-12T18:05:56","date_gmt":"2023-11-12T21:05:56","guid":{"rendered":"https:\/\/p31noticias.com.br\/que-calor-inmet-registra-354c-no-df-neste-domingo-12-11\/"},"modified":"2023-11-12T18:05:56","modified_gmt":"2023-11-12T21:05:56","slug":"que-calor-inmet-registra-354c-no-df-neste-domingo-12-11","status":"publish","type":"post","link":"https:\/\/www.p31noticias.com.br\/?p=32113","title":{"rendered":"Que calor! Inmet registra 35,4\u00b0C no DF neste domingo (12\/11)"},"content":{"rendered":"<p>Com alerta vermelho de grande perigo em raz\u00e3o da onda de calor, o Instituto Nacional de Meteorologia (Inmet) registrou 35,4\u00b0C, na esta\u00e7\u00e3o do Gama, na tarde deste domingo (12\/11). Segundo o instituto, a previs\u00e3o \u00e9 de que o tempo seco e quente continue at\u00e9 quarta-feira (15\/11), apresentando possibilidade de chuva nos dias seguintes. Instituto Nacional [\u2026]<\/p>\n<p>O post <a href=\"https:\/\/www.delioandrade.com.br\/que-calor-inmet-registra-354c-no-df-neste-domingo-12-11\/\">Que calor! Inmet registra 35,4\u00b0C no DF neste domingo (12\/11)<\/a> apareceu primeiro em <a href=\"https:\/\/www.delioandrade.com.br\/\">Blog do D\u00c9LIO ANDRADE<\/a>.<\/p>\n","protected":false},"excerpt":{"rendered":"<p>Com alerta vermelho de grande perigo em raz\u00e3o da onda de calor, o Instituto Nacional de Meteorologia (Inmet) registrou 35,4\u00b0C, na esta\u00e7\u00e3o do Gama, na tarde deste domingo (12\/11). Segundo o instituto, a previs\u00e3o \u00e9 de que o tempo seco e quente continue at\u00e9 quarta-feira (15\/11), apresentando possibilidade de chuva nos dias seguintes. Instituto Nacional [&hellip;]<\/p>\n","protected":false},"author":0,"featured_media":32114,"comment_status":"open","ping_status":"open","sticky":false,"template":"","format":"standard","meta":{"footnotes":""},"categories":[21],"tags":[],"class_list":{"0":"post-32113","1":"post","2":"type-post","3":"status-publish","4":"format-standard","5":"has-post-thumbnail","7":"category-brasilia"},"yoast_head":"<!-- This site is optimized with the Yoast SEO Premium plugin v24.5 (Yoast SEO v27.4) - https:\/\/yoast.com\/product\/yoast-seo-premium-wordpress\/ -->\n<title>Que calor! Inmet registra 35,4\u00b0C no DF neste domingo (12\/11) - P31<\/title>\n<meta name=\"robots\" content=\"index, follow, max-snippet:-1, max-image-preview:large, max-video-preview:-1\" \/>\n<link rel=\"canonical\" href=\"https:\/\/www.p31noticias.com.br\/?p=32113\" \/>\n<meta property=\"og:locale\" content=\"pt_BR\" \/>\n<meta property=\"og:type\" content=\"article\" \/>\n<meta property=\"og:title\" content=\"Que calor! Inmet registra 35,4\u00b0C no DF neste domingo (12\/11)\" \/>\n<meta property=\"og:description\" content=\"Com alerta vermelho de grande perigo em raz\u00e3o da onda de calor, o Instituto Nacional de Meteorologia (Inmet) registrou 35,4\u00b0C, na esta\u00e7\u00e3o do Gama, na tarde deste domingo (12\/11). Segundo o instituto, a previs\u00e3o \u00e9 de que o tempo seco e quente continue at\u00e9 quarta-feira (15\/11), apresentando possibilidade de chuva nos dias seguintes. Instituto Nacional [&hellip;]\" \/>\n<meta property=\"og:url\" content=\"https:\/\/www.p31noticias.com.br\/?p=32113\" \/>\n<meta property=\"og:site_name\" content=\"P31\" \/>\n<meta property=\"article:published_time\" content=\"2023-11-12T21:05:56+00:00\" \/>\n<meta property=\"og:image\" content=\"https:\/\/www.p31noticias.com.br\/wp-content\/uploads\/2023\/11\/Instituto-Nacional-de-Meterorologia-Inmet-emite-alerta-vermelho-por-causa-da-onda-de-calor-que-deve-atingir-o-DF-e-mais-6-estados-4-960x640-kSOCvm-150x150-qGakD1.jpeg\" \/>\n\t<meta property=\"og:image:width\" content=\"150\" \/>\n\t<meta property=\"og:image:height\" content=\"150\" \/>\n\t<meta property=\"og:image:type\" content=\"image\/jpeg\" \/>\n<meta name=\"twitter:card\" content=\"summary_large_image\" \/>\n<script type=\"application\/ld+json\" class=\"yoast-schema-graph\">{\"@context\":\"https:\\\/\\\/schema.org\",\"@graph\":[{\"@type\":\"Article\",\"@id\":\"https:\\\/\\\/www.p31noticias.com.br\\\/?p=32113#article\",\"isPartOf\":{\"@id\":\"https:\\\/\\\/www.p31noticias.com.br\\\/?p=32113\"},\"author\":{\"name\":\"\",\"@id\":\"\"},\"headline\":\"Que calor! Inmet registra 35,4\u00b0C no DF neste domingo (12\\\/11)\",\"datePublished\":\"2023-11-12T21:05:56+00:00\",\"mainEntityOfPage\":{\"@id\":\"https:\\\/\\\/www.p31noticias.com.br\\\/?p=32113\"},\"wordCount\":83,\"commentCount\":0,\"image\":{\"@id\":\"https:\\\/\\\/www.p31noticias.com.br\\\/?p=32113#primaryimage\"},\"thumbnailUrl\":\"https:\\\/\\\/www.p31noticias.com.br\\\/wp-content\\\/uploads\\\/2023\\\/11\\\/Instituto-Nacional-de-Meterorologia-Inmet-emite-alerta-vermelho-por-causa-da-onda-de-calor-que-deve-atingir-o-DF-e-mais-6-estados-4-960x640-kSOCvm-150x150-qGakD1.jpeg\",\"articleSection\":[\"Bras\u00edlia\"],\"inLanguage\":\"pt-BR\",\"potentialAction\":[{\"@type\":\"CommentAction\",\"name\":\"Comment\",\"target\":[\"https:\\\/\\\/www.p31noticias.com.br\\\/?p=32113#respond\"]}],\"copyrightYear\":\"2023\",\"copyrightHolder\":{\"@id\":\"https:\\\/\\\/www.p31noticias.com.br\\\/#organization\"}},{\"@type\":\"WebPage\",\"@id\":\"https:\\\/\\\/www.p31noticias.com.br\\\/?p=32113\",\"url\":\"https:\\\/\\\/www.p31noticias.com.br\\\/?p=32113\",\"name\":\"Que calor! Inmet registra 35,4\u00b0C no DF neste domingo (12\\\/11) - P31\",\"isPartOf\":{\"@id\":\"https:\\\/\\\/www.p31noticias.com.br\\\/#website\"},\"primaryImageOfPage\":{\"@id\":\"https:\\\/\\\/www.p31noticias.com.br\\\/?p=32113#primaryimage\"},\"image\":{\"@id\":\"https:\\\/\\\/www.p31noticias.com.br\\\/?p=32113#primaryimage\"},\"thumbnailUrl\":\"https:\\\/\\\/www.p31noticias.com.br\\\/wp-content\\\/uploads\\\/2023\\\/11\\\/Instituto-Nacional-de-Meterorologia-Inmet-emite-alerta-vermelho-por-causa-da-onda-de-calor-que-deve-atingir-o-DF-e-mais-6-estados-4-960x640-kSOCvm-150x150-qGakD1.jpeg\",\"datePublished\":\"2023-11-12T21:05:56+00:00\",\"author\":{\"@id\":\"\"},\"breadcrumb\":{\"@id\":\"https:\\\/\\\/www.p31noticias.com.br\\\/?p=32113#breadcrumb\"},\"inLanguage\":\"pt-BR\",\"potentialAction\":[{\"@type\":\"ReadAction\",\"target\":[\"https:\\\/\\\/www.p31noticias.com.br\\\/?p=32113\"]}]},{\"@type\":\"ImageObject\",\"inLanguage\":\"pt-BR\",\"@id\":\"https:\\\/\\\/www.p31noticias.com.br\\\/?p=32113#primaryimage\",\"url\":\"https:\\\/\\\/www.p31noticias.com.br\\\/wp-content\\\/uploads\\\/2023\\\/11\\\/Instituto-Nacional-de-Meterorologia-Inmet-emite-alerta-vermelho-por-causa-da-onda-de-calor-que-deve-atingir-o-DF-e-mais-6-estados-4-960x640-kSOCvm-150x150-qGakD1.jpeg\",\"contentUrl\":\"https:\\\/\\\/www.p31noticias.com.br\\\/wp-content\\\/uploads\\\/2023\\\/11\\\/Instituto-Nacional-de-Meterorologia-Inmet-emite-alerta-vermelho-por-causa-da-onda-de-calor-que-deve-atingir-o-DF-e-mais-6-estados-4-960x640-kSOCvm-150x150-qGakD1.jpeg\",\"width\":150,\"height\":150},{\"@type\":\"BreadcrumbList\",\"@id\":\"https:\\\/\\\/www.p31noticias.com.br\\\/?p=32113#breadcrumb\",\"itemListElement\":[{\"@type\":\"ListItem\",\"position\":1,\"name\":\"In\u00edcio\",\"item\":\"https:\\\/\\\/www.p31noticias.com.br\\\/\"},{\"@type\":\"ListItem\",\"position\":2,\"name\":\"Que calor! Inmet registra 35,4\u00b0C no DF neste domingo (12\\\/11)\"}]},{\"@type\":\"WebSite\",\"@id\":\"https:\\\/\\\/www.p31noticias.com.br\\\/#website\",\"url\":\"https:\\\/\\\/www.p31noticias.com.br\\\/\",\"name\":\"P31\",\"description\":\"NOT\u00cdCIAS\",\"potentialAction\":[{\"@type\":\"SearchAction\",\"target\":{\"@type\":\"EntryPoint\",\"urlTemplate\":\"https:\\\/\\\/www.p31noticias.com.br\\\/?s={search_term_string}\"},\"query-input\":{\"@type\":\"PropertyValueSpecification\",\"valueRequired\":true,\"valueName\":\"search_term_string\"}}],\"inLanguage\":\"pt-BR\"}]}<\/script>\n<!-- \/ Yoast SEO Premium plugin. -->","yoast_head_json":{"title":"Que calor! Inmet registra 35,4\u00b0C no DF neste domingo (12\/11) - P31","robots":{"index":"index","follow":"follow","max-snippet":"max-snippet:-1","max-image-preview":"max-image-preview:large","max-video-preview":"max-video-preview:-1"},"canonical":"https:\/\/www.p31noticias.com.br\/?p=32113","og_locale":"pt_BR","og_type":"article","og_title":"Que calor! Inmet registra 35,4\u00b0C no DF neste domingo (12\/11)","og_description":"Com alerta vermelho de grande perigo em raz\u00e3o da onda de calor, o Instituto Nacional de Meteorologia (Inmet) registrou 35,4\u00b0C, na esta\u00e7\u00e3o do Gama, na tarde deste domingo (12\/11). Segundo o instituto, a previs\u00e3o \u00e9 de que o tempo seco e quente continue at\u00e9 quarta-feira (15\/11), apresentando possibilidade de chuva nos dias seguintes. Instituto Nacional [&hellip;]","og_url":"https:\/\/www.p31noticias.com.br\/?p=32113","og_site_name":"P31","article_published_time":"2023-11-12T21:05:56+00:00","og_image":[{"width":150,"height":150,"url":"https:\/\/www.p31noticias.com.br\/wp-content\/uploads\/2023\/11\/Instituto-Nacional-de-Meterorologia-Inmet-emite-alerta-vermelho-por-causa-da-onda-de-calor-que-deve-atingir-o-DF-e-mais-6-estados-4-960x640-kSOCvm-150x150-qGakD1.jpeg","type":"image\/jpeg"}],"twitter_card":"summary_large_image","schema":{"@context":"https:\/\/schema.org","@graph":[{"@type":"Article","@id":"https:\/\/www.p31noticias.com.br\/?p=32113#article","isPartOf":{"@id":"https:\/\/www.p31noticias.com.br\/?p=32113"},"author":{"name":"","@id":""},"headline":"Que calor! Inmet registra 35,4\u00b0C no DF neste domingo (12\/11)","datePublished":"2023-11-12T21:05:56+00:00","mainEntityOfPage":{"@id":"https:\/\/www.p31noticias.com.br\/?p=32113"},"wordCount":83,"commentCount":0,"image":{"@id":"https:\/\/www.p31noticias.com.br\/?p=32113#primaryimage"},"thumbnailUrl":"https:\/\/www.p31noticias.com.br\/wp-content\/uploads\/2023\/11\/Instituto-Nacional-de-Meterorologia-Inmet-emite-alerta-vermelho-por-causa-da-onda-de-calor-que-deve-atingir-o-DF-e-mais-6-estados-4-960x640-kSOCvm-150x150-qGakD1.jpeg","articleSection":["Bras\u00edlia"],"inLanguage":"pt-BR","potentialAction":[{"@type":"CommentAction","name":"Comment","target":["https:\/\/www.p31noticias.com.br\/?p=32113#respond"]}],"copyrightYear":"2023","copyrightHolder":{"@id":"https:\/\/www.p31noticias.com.br\/#organization"}},{"@type":"WebPage","@id":"https:\/\/www.p31noticias.com.br\/?p=32113","url":"https:\/\/www.p31noticias.com.br\/?p=32113","name":"Que calor! Inmet registra 35,4\u00b0C no DF neste domingo (12\/11) - P31","isPartOf":{"@id":"https:\/\/www.p31noticias.com.br\/#website"},"primaryImageOfPage":{"@id":"https:\/\/www.p31noticias.com.br\/?p=32113#primaryimage"},"image":{"@id":"https:\/\/www.p31noticias.com.br\/?p=32113#primaryimage"},"thumbnailUrl":"https:\/\/www.p31noticias.com.br\/wp-content\/uploads\/2023\/11\/Instituto-Nacional-de-Meterorologia-Inmet-emite-alerta-vermelho-por-causa-da-onda-de-calor-que-deve-atingir-o-DF-e-mais-6-estados-4-960x640-kSOCvm-150x150-qGakD1.jpeg","datePublished":"2023-11-12T21:05:56+00:00","author":{"@id":""},"breadcrumb":{"@id":"https:\/\/www.p31noticias.com.br\/?p=32113#breadcrumb"},"inLanguage":"pt-BR","potentialAction":[{"@type":"ReadAction","target":["https:\/\/www.p31noticias.com.br\/?p=32113"]}]},{"@type":"ImageObject","inLanguage":"pt-BR","@id":"https:\/\/www.p31noticias.com.br\/?p=32113#primaryimage","url":"https:\/\/www.p31noticias.com.br\/wp-content\/uploads\/2023\/11\/Instituto-Nacional-de-Meterorologia-Inmet-emite-alerta-vermelho-por-causa-da-onda-de-calor-que-deve-atingir-o-DF-e-mais-6-estados-4-960x640-kSOCvm-150x150-qGakD1.jpeg","contentUrl":"https:\/\/www.p31noticias.com.br\/wp-content\/uploads\/2023\/11\/Instituto-Nacional-de-Meterorologia-Inmet-emite-alerta-vermelho-por-causa-da-onda-de-calor-que-deve-atingir-o-DF-e-mais-6-estados-4-960x640-kSOCvm-150x150-qGakD1.jpeg","width":150,"height":150},{"@type":"BreadcrumbList","@id":"https:\/\/www.p31noticias.com.br\/?p=32113#breadcrumb","itemListElement":[{"@type":"ListItem","position":1,"name":"In\u00edcio","item":"https:\/\/www.p31noticias.com.br\/"},{"@type":"ListItem","position":2,"name":"Que calor! Inmet registra 35,4\u00b0C no DF neste domingo (12\/11)"}]},{"@type":"WebSite","@id":"https:\/\/www.p31noticias.com.br\/#website","url":"https:\/\/www.p31noticias.com.br\/","name":"P31","description":"NOT\u00cdCIAS","potentialAction":[{"@type":"SearchAction","target":{"@type":"EntryPoint","urlTemplate":"https:\/\/www.p31noticias.com.br\/?s={search_term_string}"},"query-input":{"@type":"PropertyValueSpecification","valueRequired":true,"valueName":"search_term_string"}}],"inLanguage":"pt-BR"}]}},"amp_enabled":true,"_links":{"self":[{"href":"https:\/\/www.p31noticias.com.br\/index.php?rest_route=\/wp\/v2\/posts\/32113","targetHints":{"allow":["GET"]}}],"collection":[{"href":"https:\/\/www.p31noticias.com.br\/index.php?rest_route=\/wp\/v2\/posts"}],"about":[{"href":"https:\/\/www.p31noticias.com.br\/index.php?rest_route=\/wp\/v2\/types\/post"}],"replies":[{"embeddable":true,"href":"https:\/\/www.p31noticias.com.br\/index.php?rest_route=%2Fwp%2Fv2%2Fcomments&post=32113"}],"version-history":[{"count":0,"href":"https:\/\/www.p31noticias.com.br\/index.php?rest_route=\/wp\/v2\/posts\/32113\/revisions"}],"wp:featuredmedia":[{"embeddable":true,"href":"https:\/\/www.p31noticias.com.br\/index.php?rest_route=\/wp\/v2\/media\/32114"}],"wp:attachment":[{"href":"https:\/\/www.p31noticias.com.br\/index.php?rest_route=%2Fwp%2Fv2%2Fmedia&parent=32113"}],"wp:term":[{"taxonomy":"category","embeddable":true,"href":"https:\/\/www.p31noticias.com.br\/index.php?rest_route=%2Fwp%2Fv2%2Fcategories&post=32113"},{"taxonomy":"post_tag","embeddable":true,"href":"https:\/\/www.p31noticias.com.br\/index.php?rest_route=%2Fwp%2Fv2%2Ftags&post=32113"}],"curies":[{"name":"wp","href":"https:\/\/api.w.org\/{rel}","templated":true}]}}