{"id":32107,"date":"2023-11-12T15:10:49","date_gmt":"2023-11-12T18:10:49","guid":{"rendered":"https:\/\/p31noticias.com.br\/detran-df-intensifica-campanha-para-periodo-chuvoso\/"},"modified":"2023-11-12T15:10:49","modified_gmt":"2023-11-12T18:10:49","slug":"detran-df-intensifica-campanha-para-periodo-chuvoso","status":"publish","type":"post","link":"https:\/\/www.p31noticias.com.br\/?p=32107","title":{"rendered":"Detran-DF intensifica campanha para per\u00edodo chuvoso\u00a0"},"content":{"rendered":"<p>\u00a0 A\u00e7\u00f5es trazem dicas importantes para conduzir com mais seguran\u00e7a sob chuva\u00a0 Z\u00e9lia Ferreira\u00a0 O Departamento de Tr\u00e2nsito do Distrito Federal vai realizar, na pr\u00f3xima semana, mais duas grandes blitzes educativas para orientar condutores de como dirigir com seguran\u00e7a no per\u00edodo chuvoso. As a\u00e7\u00f5es acontecer\u00e3o na ter\u00e7a-feira (14), das 10h \u00e0s 11h30, em frente ao [\u2026]<\/p>\n<p>O post <a href=\"https:\/\/www.delioandrade.com.br\/detran-df-intensifica-campanha-para-periodo-chuvoso\/\">Detran-DF intensifica campanha para per\u00edodo chuvoso\u00a0<\/a> apareceu primeiro em <a href=\"https:\/\/www.delioandrade.com.br\/\">Blog do D\u00c9LIO ANDRADE<\/a>.<\/p>\n","protected":false},"excerpt":{"rendered":"<p>\u00a0 A\u00e7\u00f5es trazem dicas importantes para conduzir com mais seguran\u00e7a sob chuva\u00a0 Z\u00e9lia Ferreira\u00a0 O Departamento de Tr\u00e2nsito do Distrito Federal vai realizar, na pr\u00f3xima semana, mais duas grandes blitzes educativas para orientar condutores de como dirigir com seguran\u00e7a no per\u00edodo chuvoso. As a\u00e7\u00f5es acontecer\u00e3o na ter\u00e7a-feira (14), das 10h \u00e0s 11h30, em frente ao [&hellip;]<\/p>\n","protected":false},"author":0,"featured_media":32097,"comment_status":"open","ping_status":"open","sticky":false,"template":"","format":"standard","meta":{"footnotes":""},"categories":[21],"tags":[],"class_list":{"0":"post-32107","1":"post","2":"type-post","3":"status-publish","4":"format-standard","5":"has-post-thumbnail","7":"category-brasilia"},"yoast_head":"<!-- This site is optimized with the Yoast SEO Premium plugin v24.5 (Yoast SEO v27.4) - https:\/\/yoast.com\/product\/yoast-seo-premium-wordpress\/ -->\n<title>Detran-DF intensifica campanha para per\u00edodo chuvoso\u00a0 - P31<\/title>\n<meta name=\"robots\" content=\"index, follow, max-snippet:-1, max-image-preview:large, max-video-preview:-1\" \/>\n<link rel=\"canonical\" href=\"https:\/\/www.p31noticias.com.br\/?p=32107\" \/>\n<meta property=\"og:locale\" content=\"pt_BR\" \/>\n<meta property=\"og:type\" content=\"article\" \/>\n<meta property=\"og:title\" content=\"Detran-DF intensifica campanha para per\u00edodo chuvoso\u00a0\" \/>\n<meta property=\"og:description\" content=\"\u00a0 A\u00e7\u00f5es trazem dicas importantes para conduzir com mais seguran\u00e7a sob chuva\u00a0 Z\u00e9lia Ferreira\u00a0 O Departamento de Tr\u00e2nsito do Distrito Federal vai realizar, na pr\u00f3xima semana, mais duas grandes blitzes educativas para orientar condutores de como dirigir com seguran\u00e7a no per\u00edodo chuvoso. As a\u00e7\u00f5es acontecer\u00e3o na ter\u00e7a-feira (14), das 10h \u00e0s 11h30, em frente ao [&hellip;]\" \/>\n<meta property=\"og:url\" content=\"https:\/\/www.p31noticias.com.br\/?p=32107\" \/>\n<meta property=\"og:site_name\" content=\"P31\" \/>\n<meta property=\"article:published_time\" content=\"2023-11-12T18:10:49+00:00\" \/>\n<meta property=\"og:image\" content=\"https:\/\/www.p31noticias.com.br\/wp-content\/uploads\/2023\/11\/campanahchuvasDetran-150x150-JWotze-qInNNR.jpeg\" \/>\n\t<meta property=\"og:image:width\" content=\"150\" \/>\n\t<meta property=\"og:image:height\" content=\"150\" \/>\n\t<meta property=\"og:image:type\" content=\"image\/jpeg\" \/>\n<meta name=\"twitter:card\" content=\"summary_large_image\" \/>\n<script type=\"application\/ld+json\" class=\"yoast-schema-graph\">{\"@context\":\"https:\\\/\\\/schema.org\",\"@graph\":[{\"@type\":\"Article\",\"@id\":\"https:\\\/\\\/www.p31noticias.com.br\\\/?p=32107#article\",\"isPartOf\":{\"@id\":\"https:\\\/\\\/www.p31noticias.com.br\\\/?p=32107\"},\"author\":{\"name\":\"\",\"@id\":\"\"},\"headline\":\"Detran-DF intensifica campanha para per\u00edodo chuvoso\u00a0\",\"datePublished\":\"2023-11-12T18:10:49+00:00\",\"mainEntityOfPage\":{\"@id\":\"https:\\\/\\\/www.p31noticias.com.br\\\/?p=32107\"},\"wordCount\":87,\"commentCount\":0,\"image\":{\"@id\":\"https:\\\/\\\/www.p31noticias.com.br\\\/?p=32107#primaryimage\"},\"thumbnailUrl\":\"https:\\\/\\\/www.p31noticias.com.br\\\/wp-content\\\/uploads\\\/2023\\\/11\\\/campanahchuvasDetran-150x150-JWotze-qInNNR.jpeg\",\"articleSection\":[\"Bras\u00edlia\"],\"inLanguage\":\"pt-BR\",\"potentialAction\":[{\"@type\":\"CommentAction\",\"name\":\"Comment\",\"target\":[\"https:\\\/\\\/www.p31noticias.com.br\\\/?p=32107#respond\"]}],\"copyrightYear\":\"2023\",\"copyrightHolder\":{\"@id\":\"https:\\\/\\\/www.p31noticias.com.br\\\/#organization\"}},{\"@type\":\"WebPage\",\"@id\":\"https:\\\/\\\/www.p31noticias.com.br\\\/?p=32107\",\"url\":\"https:\\\/\\\/www.p31noticias.com.br\\\/?p=32107\",\"name\":\"Detran-DF intensifica campanha para per\u00edodo chuvoso\u00a0 - P31\",\"isPartOf\":{\"@id\":\"https:\\\/\\\/www.p31noticias.com.br\\\/#website\"},\"primaryImageOfPage\":{\"@id\":\"https:\\\/\\\/www.p31noticias.com.br\\\/?p=32107#primaryimage\"},\"image\":{\"@id\":\"https:\\\/\\\/www.p31noticias.com.br\\\/?p=32107#primaryimage\"},\"thumbnailUrl\":\"https:\\\/\\\/www.p31noticias.com.br\\\/wp-content\\\/uploads\\\/2023\\\/11\\\/campanahchuvasDetran-150x150-JWotze-qInNNR.jpeg\",\"datePublished\":\"2023-11-12T18:10:49+00:00\",\"author\":{\"@id\":\"\"},\"breadcrumb\":{\"@id\":\"https:\\\/\\\/www.p31noticias.com.br\\\/?p=32107#breadcrumb\"},\"inLanguage\":\"pt-BR\",\"potentialAction\":[{\"@type\":\"ReadAction\",\"target\":[\"https:\\\/\\\/www.p31noticias.com.br\\\/?p=32107\"]}]},{\"@type\":\"ImageObject\",\"inLanguage\":\"pt-BR\",\"@id\":\"https:\\\/\\\/www.p31noticias.com.br\\\/?p=32107#primaryimage\",\"url\":\"https:\\\/\\\/www.p31noticias.com.br\\\/wp-content\\\/uploads\\\/2023\\\/11\\\/campanahchuvasDetran-150x150-JWotze-qInNNR.jpeg\",\"contentUrl\":\"https:\\\/\\\/www.p31noticias.com.br\\\/wp-content\\\/uploads\\\/2023\\\/11\\\/campanahchuvasDetran-150x150-JWotze-qInNNR.jpeg\",\"width\":150,\"height\":150},{\"@type\":\"BreadcrumbList\",\"@id\":\"https:\\\/\\\/www.p31noticias.com.br\\\/?p=32107#breadcrumb\",\"itemListElement\":[{\"@type\":\"ListItem\",\"position\":1,\"name\":\"In\u00edcio\",\"item\":\"https:\\\/\\\/www.p31noticias.com.br\\\/\"},{\"@type\":\"ListItem\",\"position\":2,\"name\":\"Detran-DF intensifica campanha para per\u00edodo chuvoso\u00a0\"}]},{\"@type\":\"WebSite\",\"@id\":\"https:\\\/\\\/www.p31noticias.com.br\\\/#website\",\"url\":\"https:\\\/\\\/www.p31noticias.com.br\\\/\",\"name\":\"P31\",\"description\":\"NOT\u00cdCIAS\",\"potentialAction\":[{\"@type\":\"SearchAction\",\"target\":{\"@type\":\"EntryPoint\",\"urlTemplate\":\"https:\\\/\\\/www.p31noticias.com.br\\\/?s={search_term_string}\"},\"query-input\":{\"@type\":\"PropertyValueSpecification\",\"valueRequired\":true,\"valueName\":\"search_term_string\"}}],\"inLanguage\":\"pt-BR\"}]}<\/script>\n<!-- \/ Yoast SEO Premium plugin. -->","yoast_head_json":{"title":"Detran-DF intensifica campanha para per\u00edodo chuvoso\u00a0 - P31","robots":{"index":"index","follow":"follow","max-snippet":"max-snippet:-1","max-image-preview":"max-image-preview:large","max-video-preview":"max-video-preview:-1"},"canonical":"https:\/\/www.p31noticias.com.br\/?p=32107","og_locale":"pt_BR","og_type":"article","og_title":"Detran-DF intensifica campanha para per\u00edodo chuvoso\u00a0","og_description":"\u00a0 A\u00e7\u00f5es trazem dicas importantes para conduzir com mais seguran\u00e7a sob chuva\u00a0 Z\u00e9lia Ferreira\u00a0 O Departamento de Tr\u00e2nsito do Distrito Federal vai realizar, na pr\u00f3xima semana, mais duas grandes blitzes educativas para orientar condutores de como dirigir com seguran\u00e7a no per\u00edodo chuvoso. As a\u00e7\u00f5es acontecer\u00e3o na ter\u00e7a-feira (14), das 10h \u00e0s 11h30, em frente ao [&hellip;]","og_url":"https:\/\/www.p31noticias.com.br\/?p=32107","og_site_name":"P31","article_published_time":"2023-11-12T18:10:49+00:00","og_image":[{"width":150,"height":150,"url":"https:\/\/www.p31noticias.com.br\/wp-content\/uploads\/2023\/11\/campanahchuvasDetran-150x150-JWotze-qInNNR.jpeg","type":"image\/jpeg"}],"twitter_card":"summary_large_image","schema":{"@context":"https:\/\/schema.org","@graph":[{"@type":"Article","@id":"https:\/\/www.p31noticias.com.br\/?p=32107#article","isPartOf":{"@id":"https:\/\/www.p31noticias.com.br\/?p=32107"},"author":{"name":"","@id":""},"headline":"Detran-DF intensifica campanha para per\u00edodo chuvoso\u00a0","datePublished":"2023-11-12T18:10:49+00:00","mainEntityOfPage":{"@id":"https:\/\/www.p31noticias.com.br\/?p=32107"},"wordCount":87,"commentCount":0,"image":{"@id":"https:\/\/www.p31noticias.com.br\/?p=32107#primaryimage"},"thumbnailUrl":"https:\/\/www.p31noticias.com.br\/wp-content\/uploads\/2023\/11\/campanahchuvasDetran-150x150-JWotze-qInNNR.jpeg","articleSection":["Bras\u00edlia"],"inLanguage":"pt-BR","potentialAction":[{"@type":"CommentAction","name":"Comment","target":["https:\/\/www.p31noticias.com.br\/?p=32107#respond"]}],"copyrightYear":"2023","copyrightHolder":{"@id":"https:\/\/www.p31noticias.com.br\/#organization"}},{"@type":"WebPage","@id":"https:\/\/www.p31noticias.com.br\/?p=32107","url":"https:\/\/www.p31noticias.com.br\/?p=32107","name":"Detran-DF intensifica campanha para per\u00edodo chuvoso\u00a0 - P31","isPartOf":{"@id":"https:\/\/www.p31noticias.com.br\/#website"},"primaryImageOfPage":{"@id":"https:\/\/www.p31noticias.com.br\/?p=32107#primaryimage"},"image":{"@id":"https:\/\/www.p31noticias.com.br\/?p=32107#primaryimage"},"thumbnailUrl":"https:\/\/www.p31noticias.com.br\/wp-content\/uploads\/2023\/11\/campanahchuvasDetran-150x150-JWotze-qInNNR.jpeg","datePublished":"2023-11-12T18:10:49+00:00","author":{"@id":""},"breadcrumb":{"@id":"https:\/\/www.p31noticias.com.br\/?p=32107#breadcrumb"},"inLanguage":"pt-BR","potentialAction":[{"@type":"ReadAction","target":["https:\/\/www.p31noticias.com.br\/?p=32107"]}]},{"@type":"ImageObject","inLanguage":"pt-BR","@id":"https:\/\/www.p31noticias.com.br\/?p=32107#primaryimage","url":"https:\/\/www.p31noticias.com.br\/wp-content\/uploads\/2023\/11\/campanahchuvasDetran-150x150-JWotze-qInNNR.jpeg","contentUrl":"https:\/\/www.p31noticias.com.br\/wp-content\/uploads\/2023\/11\/campanahchuvasDetran-150x150-JWotze-qInNNR.jpeg","width":150,"height":150},{"@type":"BreadcrumbList","@id":"https:\/\/www.p31noticias.com.br\/?p=32107#breadcrumb","itemListElement":[{"@type":"ListItem","position":1,"name":"In\u00edcio","item":"https:\/\/www.p31noticias.com.br\/"},{"@type":"ListItem","position":2,"name":"Detran-DF intensifica campanha para per\u00edodo chuvoso\u00a0"}]},{"@type":"WebSite","@id":"https:\/\/www.p31noticias.com.br\/#website","url":"https:\/\/www.p31noticias.com.br\/","name":"P31","description":"NOT\u00cdCIAS","potentialAction":[{"@type":"SearchAction","target":{"@type":"EntryPoint","urlTemplate":"https:\/\/www.p31noticias.com.br\/?s={search_term_string}"},"query-input":{"@type":"PropertyValueSpecification","valueRequired":true,"valueName":"search_term_string"}}],"inLanguage":"pt-BR"}]}},"amp_enabled":true,"_links":{"self":[{"href":"https:\/\/www.p31noticias.com.br\/index.php?rest_route=\/wp\/v2\/posts\/32107","targetHints":{"allow":["GET"]}}],"collection":[{"href":"https:\/\/www.p31noticias.com.br\/index.php?rest_route=\/wp\/v2\/posts"}],"about":[{"href":"https:\/\/www.p31noticias.com.br\/index.php?rest_route=\/wp\/v2\/types\/post"}],"replies":[{"embeddable":true,"href":"https:\/\/www.p31noticias.com.br\/index.php?rest_route=%2Fwp%2Fv2%2Fcomments&post=32107"}],"version-history":[{"count":0,"href":"https:\/\/www.p31noticias.com.br\/index.php?rest_route=\/wp\/v2\/posts\/32107\/revisions"}],"wp:featuredmedia":[{"embeddable":true,"href":"https:\/\/www.p31noticias.com.br\/index.php?rest_route=\/wp\/v2\/media\/32097"}],"wp:attachment":[{"href":"https:\/\/www.p31noticias.com.br\/index.php?rest_route=%2Fwp%2Fv2%2Fmedia&parent=32107"}],"wp:term":[{"taxonomy":"category","embeddable":true,"href":"https:\/\/www.p31noticias.com.br\/index.php?rest_route=%2Fwp%2Fv2%2Fcategories&post=32107"},{"taxonomy":"post_tag","embeddable":true,"href":"https:\/\/www.p31noticias.com.br\/index.php?rest_route=%2Fwp%2Fv2%2Ftags&post=32107"}],"curies":[{"name":"wp","href":"https:\/\/api.w.org\/{rel}","templated":true}]}}