{"id":3207,"date":"2019-09-13T09:28:08","date_gmt":"2019-09-13T12:28:08","guid":{"rendered":"https:\/\/juniortakamoto.com.br\/?p=3207"},"modified":"2019-09-13T09:28:08","modified_gmt":"2019-09-13T12:28:08","slug":"o-acordao-politico-sem-vergonhice","status":"publish","type":"post","link":"https:\/\/www.p31noticias.com.br\/?p=3207","title":{"rendered":"O acord\u00e3o pol\u00edtico abriu as comportas para a sem-vergonhice"},"content":{"rendered":"<p>O acord\u00e3o pol\u00edtico abriu as comportas para a sem-vergonhice mais completa em Bras\u00edlia.<\/p>\n<p>Um projeto de lei aprovado na C\u00e2mara e que ser\u00e1 votado sumariamente no Senado na semana que vem, como publicamos ontem, muda regras eleitorais e partid\u00e1rias para aumentar as brechas para o caixa dois e evitar a puni\u00e7\u00e3o de pol\u00edticos nesse crime.<\/p>\n<p>Um dos pontos da sem-vergonhice \u00e9 que cada partido poder\u00e1 apresentar a sua presta\u00e7\u00e3o de contas de campanha e afins da maneira que quiser, o que dificulta a fiscaliza\u00e7\u00e3o.<\/p>\n<p>\u201cTrata-se do maior retrocesso desde a redemocratiza\u00e7\u00e3o em termos de transpar\u00eancia e integridade dos partidos pol\u00edticos\u201d, disse Marcelo Issa, diretor-executivo do movimento Transpar\u00eancia Partid\u00e1ria, \u00e0 Folha de S. Paulo.<\/p>\n<p>E ele exemplificou ao jornal:<\/p>\n<p>\u201cImagine a Receita Federal recebendo a declara\u00e7\u00e3o do Imposto de Renda cada uma de um jeito. Em termos de controle social, de transpar\u00eancia para a sociedade, compromete severamente.\u201d<\/p>\n<p>Mais:\u00a0\u201cerros, omiss\u00f5es e outras falhas nas presta\u00e7\u00f5es de contas poder\u00e3o ser corrigidas at\u00e9 o julgamento\u201d.<\/p>\n<p>Num texto assinado por mais de 20 entidades diz que tal \u201cprevis\u00e3o pode, na pr\u00e1tica, revelar-se verdadeira autoriza\u00e7\u00e3o para lan\u00e7amento de dados falsos sobre contas de campanha\u201d.<\/p>\n<p>O pa\u00eds est\u00e1 andando para tr\u00e1s em ritmo acelerado.<\/p>\n<p>Em carta entregue a Davi Alcolumbre, representantes de diversos movimentos de combate a corrup\u00e7\u00e3o no Brasil defendem que o projeto de lei que o presidente do Senado tentou votar de forma a\u00e7odada ontem \u00e0 noite no plen\u00e1rio \u2014 e j\u00e1 aprovado na C\u00e2mara \u2013 \u201ccompromete severamente a transpar\u00eancia das contas partid\u00e1rias e a efici\u00eancia dos respectivos processos de fiscaliza\u00e7\u00e3o\u201d.<\/p>\n<p>\u201cProvoca apreens\u00e3o a possibilidade de que despesas com a\u00e7\u00f5es judiciais de controle de constitucionalidade possam ser custeadas pelo Fundo Partid\u00e1rio, estimulando a judicializa\u00e7\u00e3o da pol\u00edtica com recursos p\u00fablicos\u201d, diz trecho do texto.<\/p>\n<p>E mais:<\/p>\n<p>\u201cCausa tamb\u00e9m profunda repulsa a autoriza\u00e7\u00e3o para pagamento de honor\u00e1rios advocat\u00edcios para defesa de pol\u00edticos acusados de corrup\u00e7\u00e3o e para patroc\u00ednio de processos de \u201cinteresse indireto\u201d do partido com recursos p\u00fablicos. O custeio de despesas dessa natureza pelo cidad\u00e3o ofende as intensas e insistentes demandas da sociedade brasileira por mais rigor no emprego do dinheiro p\u00fablico e por mais \u00e9tica na pol\u00edtica.\u201d<\/p>\n<p>A aprova\u00e7\u00e3o desse projeto \u00e9 a pavimenta\u00e7\u00e3o do caminho para o aumento do fund\u00e3o de 1,8 bilh\u00e3o de reais para 3,7 bilh\u00f5es de reais.<\/p>\n","protected":false},"excerpt":{"rendered":"<p>O acord\u00e3o pol\u00edtico abriu as comportas para a sem-vergonhice mais completa em Bras\u00edlia. Um projeto de lei aprovado na C\u00e2mara e que ser\u00e1 votado sumariamente no Senado na semana que vem, como publicamos ontem, muda regras eleitorais e partid\u00e1rias para aumentar as brechas para o caixa dois e evitar a puni\u00e7\u00e3o de pol\u00edticos nesse crime. [&hellip;]<\/p>\n","protected":false},"author":18,"featured_media":3208,"comment_status":"open","ping_status":"open","sticky":false,"template":"","format":"standard","meta":{"footnotes":""},"categories":[57],"tags":[218,99,219,220,221,135],"class_list":{"0":"post-3207","1":"post","2":"type-post","3":"status-publish","4":"format-standard","5":"has-post-thumbnail","7":"category-politica","8":"tag-acordao-politico","9":"tag-camara-legislativa","10":"tag-davi-alcolumbre","11":"tag-deputado-federal","12":"tag-senado-federal","13":"tag-stf"},"yoast_head":"<!-- This site is optimized with the Yoast SEO Premium plugin v24.5 (Yoast SEO v27.5) - https:\/\/yoast.com\/product\/yoast-seo-premium-wordpress\/ -->\n<title>O acord\u00e3o pol\u00edtico abriu as comportas para a sem-vergonhice - P31<\/title>\n<meta name=\"description\" content=\"O acord\u00e3o pol\u00edtico abriu as comportas para a sem-vergonhice mais completa em Bras\u00edlia.Um projeto de lei aprovado na C\u00e2mara e que ser\u00e1 votado\" \/>\n<meta name=\"robots\" content=\"index, follow, max-snippet:-1, max-image-preview:large, max-video-preview:-1\" \/>\n<link rel=\"canonical\" href=\"https:\/\/www.p31noticias.com.br\/?p=3207\" \/>\n<meta property=\"og:locale\" content=\"pt_BR\" \/>\n<meta property=\"og:type\" content=\"article\" \/>\n<meta property=\"og:title\" content=\"O acord\u00e3o pol\u00edtico abriu as comportas para a sem-vergonhice\" \/>\n<meta property=\"og:description\" content=\"O acord\u00e3o pol\u00edtico abriu as comportas para a sem-vergonhice mais completa em Bras\u00edlia.Um projeto de lei aprovado na C\u00e2mara e que ser\u00e1 votado\" \/>\n<meta property=\"og:url\" content=\"https:\/\/www.p31noticias.com.br\/?p=3207\" \/>\n<meta property=\"og:site_name\" content=\"P31\" \/>\n<meta property=\"article:published_time\" content=\"2019-09-13T12:28:08+00:00\" \/>\n<meta property=\"og:image\" content=\"https:\/\/www.p31noticias.com.br\/wp-content\/uploads\/2019\/09\/acordao-1-ie-1.png\" \/>\n\t<meta property=\"og:image:width\" content=\"1280\" \/>\n\t<meta property=\"og:image:height\" content=\"720\" \/>\n\t<meta property=\"og:image:type\" content=\"image\/png\" \/>\n<meta name=\"author\" content=\"Reda\u00e7\u00e3o JBN\" \/>\n<meta name=\"twitter:card\" content=\"summary_large_image\" \/>\n<meta name=\"twitter:label1\" content=\"Escrito por\" \/>\n\t<meta name=\"twitter:data1\" content=\"Reda\u00e7\u00e3o JBN\" \/>\n\t<meta name=\"twitter:label2\" content=\"Est. tempo de leitura\" \/>\n\t<meta name=\"twitter:data2\" content=\"2 minutos\" \/>\n<script type=\"application\/ld+json\" class=\"yoast-schema-graph\">{\"@context\":\"https:\\\/\\\/schema.org\",\"@graph\":[{\"@type\":\"Article\",\"@id\":\"https:\\\/\\\/www.p31noticias.com.br\\\/?p=3207#article\",\"isPartOf\":{\"@id\":\"https:\\\/\\\/www.p31noticias.com.br\\\/?p=3207\"},\"author\":{\"name\":\"Reda\u00e7\u00e3o JBN\",\"@id\":\"https:\\\/\\\/www.p31noticias.com.br\\\/#\\\/schema\\\/person\\\/77d6b186c710ac38937c6ec204fdd387\"},\"headline\":\"O acord\u00e3o pol\u00edtico abriu as comportas para a sem-vergonhice\",\"datePublished\":\"2019-09-13T12:28:08+00:00\",\"mainEntityOfPage\":{\"@id\":\"https:\\\/\\\/www.p31noticias.com.br\\\/?p=3207\"},\"wordCount\":434,\"commentCount\":0,\"image\":{\"@id\":\"https:\\\/\\\/www.p31noticias.com.br\\\/?p=3207#primaryimage\"},\"thumbnailUrl\":\"https:\\\/\\\/www.p31noticias.com.br\\\/wp-content\\\/uploads\\\/2019\\\/09\\\/acordao-1-ie-1.png\",\"keywords\":[\"acord\u00e3o pol\u00edtico\",\"camara legislativa\",\"Davi Alcolumbre\",\"deputado federal\",\"senado federal\",\"STF\"],\"articleSection\":[\"Pol\u00edtica\"],\"inLanguage\":\"pt-BR\",\"potentialAction\":[{\"@type\":\"CommentAction\",\"name\":\"Comment\",\"target\":[\"https:\\\/\\\/www.p31noticias.com.br\\\/?p=3207#respond\"]}],\"copyrightYear\":\"2019\",\"copyrightHolder\":{\"@id\":\"https:\\\/\\\/www.p31noticias.com.br\\\/#organization\"}},{\"@type\":\"WebPage\",\"@id\":\"https:\\\/\\\/www.p31noticias.com.br\\\/?p=3207\",\"url\":\"https:\\\/\\\/www.p31noticias.com.br\\\/?p=3207\",\"name\":\"O acord\u00e3o pol\u00edtico abriu as comportas para a sem-vergonhice - P31\",\"isPartOf\":{\"@id\":\"https:\\\/\\\/www.p31noticias.com.br\\\/#website\"},\"primaryImageOfPage\":{\"@id\":\"https:\\\/\\\/www.p31noticias.com.br\\\/?p=3207#primaryimage\"},\"image\":{\"@id\":\"https:\\\/\\\/www.p31noticias.com.br\\\/?p=3207#primaryimage\"},\"thumbnailUrl\":\"https:\\\/\\\/www.p31noticias.com.br\\\/wp-content\\\/uploads\\\/2019\\\/09\\\/acordao-1-ie-1.png\",\"datePublished\":\"2019-09-13T12:28:08+00:00\",\"author\":{\"@id\":\"https:\\\/\\\/www.p31noticias.com.br\\\/#\\\/schema\\\/person\\\/77d6b186c710ac38937c6ec204fdd387\"},\"description\":\"O acord\u00e3o pol\u00edtico abriu as comportas para a sem-vergonhice mais completa em Bras\u00edlia.Um projeto de lei aprovado na C\u00e2mara e que ser\u00e1 votado\",\"breadcrumb\":{\"@id\":\"https:\\\/\\\/www.p31noticias.com.br\\\/?p=3207#breadcrumb\"},\"inLanguage\":\"pt-BR\",\"potentialAction\":[{\"@type\":\"ReadAction\",\"target\":[\"https:\\\/\\\/www.p31noticias.com.br\\\/?p=3207\"]}]},{\"@type\":\"ImageObject\",\"inLanguage\":\"pt-BR\",\"@id\":\"https:\\\/\\\/www.p31noticias.com.br\\\/?p=3207#primaryimage\",\"url\":\"https:\\\/\\\/www.p31noticias.com.br\\\/wp-content\\\/uploads\\\/2019\\\/09\\\/acordao-1-ie-1.png\",\"contentUrl\":\"https:\\\/\\\/www.p31noticias.com.br\\\/wp-content\\\/uploads\\\/2019\\\/09\\\/acordao-1-ie-1.png\",\"width\":1280,\"height\":720,\"caption\":\"acord\u00e3o pol\u00edtico\"},{\"@type\":\"BreadcrumbList\",\"@id\":\"https:\\\/\\\/www.p31noticias.com.br\\\/?p=3207#breadcrumb\",\"itemListElement\":[{\"@type\":\"ListItem\",\"position\":1,\"name\":\"In\u00edcio\",\"item\":\"https:\\\/\\\/www.p31noticias.com.br\\\/\"},{\"@type\":\"ListItem\",\"position\":2,\"name\":\"O acord\u00e3o pol\u00edtico abriu as comportas para a sem-vergonhice\"}]},{\"@type\":\"WebSite\",\"@id\":\"https:\\\/\\\/www.p31noticias.com.br\\\/#website\",\"url\":\"https:\\\/\\\/www.p31noticias.com.br\\\/\",\"name\":\"P31\",\"description\":\"NOT\u00cdCIAS\",\"potentialAction\":[{\"@type\":\"SearchAction\",\"target\":{\"@type\":\"EntryPoint\",\"urlTemplate\":\"https:\\\/\\\/www.p31noticias.com.br\\\/?s={search_term_string}\"},\"query-input\":{\"@type\":\"PropertyValueSpecification\",\"valueRequired\":true,\"valueName\":\"search_term_string\"}}],\"inLanguage\":\"pt-BR\"},{\"@type\":\"Person\",\"@id\":\"https:\\\/\\\/www.p31noticias.com.br\\\/#\\\/schema\\\/person\\\/77d6b186c710ac38937c6ec204fdd387\",\"name\":\"Reda\u00e7\u00e3o JBN\",\"image\":{\"@type\":\"ImageObject\",\"inLanguage\":\"pt-BR\",\"@id\":\"https:\\\/\\\/secure.gravatar.com\\\/avatar\\\/10fcdb93211f98cce3d64c0795b0915a9a4a21dc0f279238995a3dbfafcad090?s=96&d=mm&r=g\",\"url\":\"https:\\\/\\\/secure.gravatar.com\\\/avatar\\\/10fcdb93211f98cce3d64c0795b0915a9a4a21dc0f279238995a3dbfafcad090?s=96&d=mm&r=g\",\"contentUrl\":\"https:\\\/\\\/secure.gravatar.com\\\/avatar\\\/10fcdb93211f98cce3d64c0795b0915a9a4a21dc0f279238995a3dbfafcad090?s=96&d=mm&r=g\",\"caption\":\"Reda\u00e7\u00e3o JBN\"},\"sameAs\":[\"https:\\\/\\\/p31noticias.com.br\"],\"url\":\"https:\\\/\\\/www.p31noticias.com.br\\\/?author=18\"}]}<\/script>\n<!-- \/ Yoast SEO Premium plugin. -->","yoast_head_json":{"title":"O acord\u00e3o pol\u00edtico abriu as comportas para a sem-vergonhice - P31","description":"O acord\u00e3o pol\u00edtico abriu as comportas para a sem-vergonhice mais completa em Bras\u00edlia.Um projeto de lei aprovado na C\u00e2mara e que ser\u00e1 votado","robots":{"index":"index","follow":"follow","max-snippet":"max-snippet:-1","max-image-preview":"max-image-preview:large","max-video-preview":"max-video-preview:-1"},"canonical":"https:\/\/www.p31noticias.com.br\/?p=3207","og_locale":"pt_BR","og_type":"article","og_title":"O acord\u00e3o pol\u00edtico abriu as comportas para a sem-vergonhice","og_description":"O acord\u00e3o pol\u00edtico abriu as comportas para a sem-vergonhice mais completa em Bras\u00edlia.Um projeto de lei aprovado na C\u00e2mara e que ser\u00e1 votado","og_url":"https:\/\/www.p31noticias.com.br\/?p=3207","og_site_name":"P31","article_published_time":"2019-09-13T12:28:08+00:00","og_image":[{"width":1280,"height":720,"url":"https:\/\/www.p31noticias.com.br\/wp-content\/uploads\/2019\/09\/acordao-1-ie-1.png","type":"image\/png"}],"author":"Reda\u00e7\u00e3o JBN","twitter_card":"summary_large_image","twitter_misc":{"Escrito por":"Reda\u00e7\u00e3o JBN","Est. tempo de leitura":"2 minutos"},"schema":{"@context":"https:\/\/schema.org","@graph":[{"@type":"Article","@id":"https:\/\/www.p31noticias.com.br\/?p=3207#article","isPartOf":{"@id":"https:\/\/www.p31noticias.com.br\/?p=3207"},"author":{"name":"Reda\u00e7\u00e3o JBN","@id":"https:\/\/www.p31noticias.com.br\/#\/schema\/person\/77d6b186c710ac38937c6ec204fdd387"},"headline":"O acord\u00e3o pol\u00edtico abriu as comportas para a sem-vergonhice","datePublished":"2019-09-13T12:28:08+00:00","mainEntityOfPage":{"@id":"https:\/\/www.p31noticias.com.br\/?p=3207"},"wordCount":434,"commentCount":0,"image":{"@id":"https:\/\/www.p31noticias.com.br\/?p=3207#primaryimage"},"thumbnailUrl":"https:\/\/www.p31noticias.com.br\/wp-content\/uploads\/2019\/09\/acordao-1-ie-1.png","keywords":["acord\u00e3o pol\u00edtico","camara legislativa","Davi Alcolumbre","deputado federal","senado federal","STF"],"articleSection":["Pol\u00edtica"],"inLanguage":"pt-BR","potentialAction":[{"@type":"CommentAction","name":"Comment","target":["https:\/\/www.p31noticias.com.br\/?p=3207#respond"]}],"copyrightYear":"2019","copyrightHolder":{"@id":"https:\/\/www.p31noticias.com.br\/#organization"}},{"@type":"WebPage","@id":"https:\/\/www.p31noticias.com.br\/?p=3207","url":"https:\/\/www.p31noticias.com.br\/?p=3207","name":"O acord\u00e3o pol\u00edtico abriu as comportas para a sem-vergonhice - P31","isPartOf":{"@id":"https:\/\/www.p31noticias.com.br\/#website"},"primaryImageOfPage":{"@id":"https:\/\/www.p31noticias.com.br\/?p=3207#primaryimage"},"image":{"@id":"https:\/\/www.p31noticias.com.br\/?p=3207#primaryimage"},"thumbnailUrl":"https:\/\/www.p31noticias.com.br\/wp-content\/uploads\/2019\/09\/acordao-1-ie-1.png","datePublished":"2019-09-13T12:28:08+00:00","author":{"@id":"https:\/\/www.p31noticias.com.br\/#\/schema\/person\/77d6b186c710ac38937c6ec204fdd387"},"description":"O acord\u00e3o pol\u00edtico abriu as comportas para a sem-vergonhice mais completa em Bras\u00edlia.Um projeto de lei aprovado na C\u00e2mara e que ser\u00e1 votado","breadcrumb":{"@id":"https:\/\/www.p31noticias.com.br\/?p=3207#breadcrumb"},"inLanguage":"pt-BR","potentialAction":[{"@type":"ReadAction","target":["https:\/\/www.p31noticias.com.br\/?p=3207"]}]},{"@type":"ImageObject","inLanguage":"pt-BR","@id":"https:\/\/www.p31noticias.com.br\/?p=3207#primaryimage","url":"https:\/\/www.p31noticias.com.br\/wp-content\/uploads\/2019\/09\/acordao-1-ie-1.png","contentUrl":"https:\/\/www.p31noticias.com.br\/wp-content\/uploads\/2019\/09\/acordao-1-ie-1.png","width":1280,"height":720,"caption":"acord\u00e3o pol\u00edtico"},{"@type":"BreadcrumbList","@id":"https:\/\/www.p31noticias.com.br\/?p=3207#breadcrumb","itemListElement":[{"@type":"ListItem","position":1,"name":"In\u00edcio","item":"https:\/\/www.p31noticias.com.br\/"},{"@type":"ListItem","position":2,"name":"O acord\u00e3o pol\u00edtico abriu as comportas para a sem-vergonhice"}]},{"@type":"WebSite","@id":"https:\/\/www.p31noticias.com.br\/#website","url":"https:\/\/www.p31noticias.com.br\/","name":"P31","description":"NOT\u00cdCIAS","potentialAction":[{"@type":"SearchAction","target":{"@type":"EntryPoint","urlTemplate":"https:\/\/www.p31noticias.com.br\/?s={search_term_string}"},"query-input":{"@type":"PropertyValueSpecification","valueRequired":true,"valueName":"search_term_string"}}],"inLanguage":"pt-BR"},{"@type":"Person","@id":"https:\/\/www.p31noticias.com.br\/#\/schema\/person\/77d6b186c710ac38937c6ec204fdd387","name":"Reda\u00e7\u00e3o JBN","image":{"@type":"ImageObject","inLanguage":"pt-BR","@id":"https:\/\/secure.gravatar.com\/avatar\/10fcdb93211f98cce3d64c0795b0915a9a4a21dc0f279238995a3dbfafcad090?s=96&d=mm&r=g","url":"https:\/\/secure.gravatar.com\/avatar\/10fcdb93211f98cce3d64c0795b0915a9a4a21dc0f279238995a3dbfafcad090?s=96&d=mm&r=g","contentUrl":"https:\/\/secure.gravatar.com\/avatar\/10fcdb93211f98cce3d64c0795b0915a9a4a21dc0f279238995a3dbfafcad090?s=96&d=mm&r=g","caption":"Reda\u00e7\u00e3o JBN"},"sameAs":["https:\/\/p31noticias.com.br"],"url":"https:\/\/www.p31noticias.com.br\/?author=18"}]}},"amp_enabled":true,"_links":{"self":[{"href":"https:\/\/www.p31noticias.com.br\/index.php?rest_route=\/wp\/v2\/posts\/3207","targetHints":{"allow":["GET"]}}],"collection":[{"href":"https:\/\/www.p31noticias.com.br\/index.php?rest_route=\/wp\/v2\/posts"}],"about":[{"href":"https:\/\/www.p31noticias.com.br\/index.php?rest_route=\/wp\/v2\/types\/post"}],"author":[{"embeddable":true,"href":"https:\/\/www.p31noticias.com.br\/index.php?rest_route=\/wp\/v2\/users\/18"}],"replies":[{"embeddable":true,"href":"https:\/\/www.p31noticias.com.br\/index.php?rest_route=%2Fwp%2Fv2%2Fcomments&post=3207"}],"version-history":[{"count":0,"href":"https:\/\/www.p31noticias.com.br\/index.php?rest_route=\/wp\/v2\/posts\/3207\/revisions"}],"wp:featuredmedia":[{"embeddable":true,"href":"https:\/\/www.p31noticias.com.br\/index.php?rest_route=\/wp\/v2\/media\/3208"}],"wp:attachment":[{"href":"https:\/\/www.p31noticias.com.br\/index.php?rest_route=%2Fwp%2Fv2%2Fmedia&parent=3207"}],"wp:term":[{"taxonomy":"category","embeddable":true,"href":"https:\/\/www.p31noticias.com.br\/index.php?rest_route=%2Fwp%2Fv2%2Fcategories&post=3207"},{"taxonomy":"post_tag","embeddable":true,"href":"https:\/\/www.p31noticias.com.br\/index.php?rest_route=%2Fwp%2Fv2%2Ftags&post=3207"}],"curies":[{"name":"wp","href":"https:\/\/api.w.org\/{rel}","templated":true}]}}