{"id":3204,"date":"2019-09-12T08:25:09","date_gmt":"2019-09-12T11:25:09","guid":{"rendered":"https:\/\/juniortakamoto.com.br\/?p=3204"},"modified":"2019-09-12T08:25:09","modified_gmt":"2019-09-12T11:25:09","slug":"stf-liquidar-lava-jato-em-outubro","status":"publish","type":"post","link":"https:\/\/www.p31noticias.com.br\/?p=3204","title":{"rendered":"STF quer liquidar Lava Jato em outubro"},"content":{"rendered":"<p>Lava Jato, Folha de S. Verdevaldo diz que vai acabar em outubro.<\/p>\n<p>J\u00e1 haveria maioria no STF para anular o processo de Lula e para proibir a pris\u00e3o de criminosos condenados em segundo grau.<\/p>\n<p>A data foi escolhida por Dias Toffoli.<\/p>\n<p>\u201cO presidente do Supremo indicou aos colegas estar disposto a levar ao plen\u00e1rio no pr\u00f3ximo m\u00eas as a\u00e7\u00f5es que questionam a constitucionalidade das pris\u00f5es ap\u00f3s condena\u00e7\u00e3o em segunda inst\u00e2ncia \u2014 uma das principais bandeiras da Lava Jato \u2014\u00a0e a discuss\u00e3o que anulou a senten\u00e7a imposta por Moro a Aldemir Bendine, ex-presidente da Petrobras e do Banco do Brasil.<\/p>\n<p>Segundo esses magistrados, a prov\u00e1vel inclus\u00e3o dos temas na pauta do plen\u00e1rio sinaliza que, hoje, j\u00e1 haveria maioria a favor das teses contr\u00e1rias \u00e0 Lava Jato.\u201d<\/p>\n<p>Isso faz parte do pacto assinado com Jair Bolsonaro?<\/p>\n<p>Augusto Aras vai de gabinete em gabinete detonando a Lava Jato.<\/p>\n<p>No encontro com o PT, segundo o Estad\u00e3o, o futuro PGR reprovou a conduta\u00a0\u201cpunitivista\u201d do MPF.<\/p>\n<p>No encontro com Otto Alencar, ele foi ainda mais longe:<\/p>\n<p>\u201cEle disse que a Lava Jato teve um ponto em que extrapolou o limite da lei e cometeu excessos, sem citar nomes.\u201d<\/p>\n<p>Os ministros lulistas do STF contam com o voto de Celso de Mello para anular o processo do chefe da ORCRIM.<\/p>\n<p>Diz a Folha de S. Paulo:<\/p>\n<p>\u201c\u00c9 nesse ambiente de desgaste de Sergio Moro que Gilmar Mendes pretende retomar, em outubro,\u00a0o julgamento da alegada suspei\u00e7\u00e3o do ex-juiz\u00a0\u2014 at\u00e9 l\u00e1, a avalia\u00e7\u00e3o no Supremo \u00e9 a de que estar\u00e1 consolidada uma derrota de Moro na Segunda Turma da corte (\u2026).<\/p>\n<p>De acordo com relatos de magistrados nos bastidores, o decano Celso de Mello passou a dar sinais de inc\u00f4modo com o conte\u00fado das mensagens reveladas.\u201d<\/p>\n","protected":false},"excerpt":{"rendered":"<p>Lava Jato, Folha de S. Verdevaldo diz que vai acabar em outubro. J\u00e1 haveria maioria no STF para anular o processo de Lula e para proibir a pris\u00e3o de criminosos condenados em segundo grau. A data foi escolhida por Dias Toffoli. \u201cO presidente do Supremo indicou aos colegas estar disposto a levar ao plen\u00e1rio no [&hellip;]<\/p>\n","protected":false},"author":18,"featured_media":3205,"comment_status":"open","ping_status":"open","sticky":false,"template":"","format":"standard","meta":{"footnotes":""},"categories":[57],"tags":[216,138,134,217,135],"class_list":{"0":"post-3204","1":"post","2":"type-post","3":"status-publish","4":"format-standard","5":"has-post-thumbnail","7":"category-politica","8":"tag-celso-de-mello","9":"tag-gilmar-mendes","10":"tag-lava-jato","11":"tag-orcrim","12":"tag-stf"},"yoast_head":"<!-- This site is optimized with the Yoast SEO Premium plugin v24.5 (Yoast SEO v27.5) - https:\/\/yoast.com\/product\/yoast-seo-premium-wordpress\/ -->\n<title>STF quer liquidar Lava Jato em outubro - P31<\/title>\n<meta name=\"description\" content=\"Lava Jato, Folha de S. Verdevaldo diz que vai acabar em outubro.J\u00e1 haveria maioria no STF para anular o processo de Lula e para proibir a pris\u00e3o de\" \/>\n<meta name=\"robots\" content=\"index, follow, max-snippet:-1, max-image-preview:large, max-video-preview:-1\" \/>\n<link rel=\"canonical\" href=\"https:\/\/www.p31noticias.com.br\/?p=3204\" \/>\n<meta property=\"og:locale\" content=\"pt_BR\" \/>\n<meta property=\"og:type\" content=\"article\" \/>\n<meta property=\"og:title\" content=\"STF quer liquidar Lava Jato em outubro\" \/>\n<meta property=\"og:description\" content=\"Lava Jato, Folha de S. Verdevaldo diz que vai acabar em outubro.J\u00e1 haveria maioria no STF para anular o processo de Lula e para proibir a pris\u00e3o de\" \/>\n<meta property=\"og:url\" content=\"https:\/\/www.p31noticias.com.br\/?p=3204\" \/>\n<meta property=\"og:site_name\" content=\"P31\" \/>\n<meta property=\"article:published_time\" content=\"2019-09-12T11:25:09+00:00\" \/>\n<meta property=\"og:image\" content=\"https:\/\/www.p31noticias.com.br\/wp-content\/uploads\/2019\/09\/Decis\u00f5es-Polemicas-STF-1.png\" \/>\n\t<meta property=\"og:image:width\" content=\"800\" \/>\n\t<meta property=\"og:image:height\" content=\"519\" \/>\n\t<meta property=\"og:image:type\" content=\"image\/png\" \/>\n<meta name=\"author\" content=\"Reda\u00e7\u00e3o JBN\" \/>\n<meta name=\"twitter:card\" content=\"summary_large_image\" \/>\n<meta name=\"twitter:label1\" content=\"Escrito por\" \/>\n\t<meta name=\"twitter:data1\" content=\"Reda\u00e7\u00e3o JBN\" \/>\n\t<meta name=\"twitter:label2\" content=\"Est. tempo de leitura\" \/>\n\t<meta name=\"twitter:data2\" content=\"2 minutos\" \/>\n<script type=\"application\/ld+json\" class=\"yoast-schema-graph\">{\"@context\":\"https:\\\/\\\/schema.org\",\"@graph\":[{\"@type\":\"Article\",\"@id\":\"https:\\\/\\\/www.p31noticias.com.br\\\/?p=3204#article\",\"isPartOf\":{\"@id\":\"https:\\\/\\\/www.p31noticias.com.br\\\/?p=3204\"},\"author\":{\"name\":\"Reda\u00e7\u00e3o JBN\",\"@id\":\"https:\\\/\\\/www.p31noticias.com.br\\\/#\\\/schema\\\/person\\\/77d6b186c710ac38937c6ec204fdd387\"},\"headline\":\"STF quer liquidar Lava Jato em outubro\",\"datePublished\":\"2019-09-12T11:25:09+00:00\",\"mainEntityOfPage\":{\"@id\":\"https:\\\/\\\/www.p31noticias.com.br\\\/?p=3204\"},\"wordCount\":312,\"commentCount\":0,\"image\":{\"@id\":\"https:\\\/\\\/www.p31noticias.com.br\\\/?p=3204#primaryimage\"},\"thumbnailUrl\":\"https:\\\/\\\/www.p31noticias.com.br\\\/wp-content\\\/uploads\\\/2019\\\/09\\\/Decis\u00f5es-Polemicas-STF-1.png\",\"keywords\":[\"Celso de Mello\",\"gilmar mendes\",\"Lava Jato\",\"ORCRIM\",\"STF\"],\"articleSection\":[\"Pol\u00edtica\"],\"inLanguage\":\"pt-BR\",\"potentialAction\":[{\"@type\":\"CommentAction\",\"name\":\"Comment\",\"target\":[\"https:\\\/\\\/www.p31noticias.com.br\\\/?p=3204#respond\"]}],\"copyrightYear\":\"2019\",\"copyrightHolder\":{\"@id\":\"https:\\\/\\\/www.p31noticias.com.br\\\/#organization\"}},{\"@type\":\"WebPage\",\"@id\":\"https:\\\/\\\/www.p31noticias.com.br\\\/?p=3204\",\"url\":\"https:\\\/\\\/www.p31noticias.com.br\\\/?p=3204\",\"name\":\"STF quer liquidar Lava Jato em outubro - P31\",\"isPartOf\":{\"@id\":\"https:\\\/\\\/www.p31noticias.com.br\\\/#website\"},\"primaryImageOfPage\":{\"@id\":\"https:\\\/\\\/www.p31noticias.com.br\\\/?p=3204#primaryimage\"},\"image\":{\"@id\":\"https:\\\/\\\/www.p31noticias.com.br\\\/?p=3204#primaryimage\"},\"thumbnailUrl\":\"https:\\\/\\\/www.p31noticias.com.br\\\/wp-content\\\/uploads\\\/2019\\\/09\\\/Decis\u00f5es-Polemicas-STF-1.png\",\"datePublished\":\"2019-09-12T11:25:09+00:00\",\"author\":{\"@id\":\"https:\\\/\\\/www.p31noticias.com.br\\\/#\\\/schema\\\/person\\\/77d6b186c710ac38937c6ec204fdd387\"},\"description\":\"Lava Jato, Folha de S. Verdevaldo diz que vai acabar em outubro.J\u00e1 haveria maioria no STF para anular o processo de Lula e para proibir a pris\u00e3o de\",\"breadcrumb\":{\"@id\":\"https:\\\/\\\/www.p31noticias.com.br\\\/?p=3204#breadcrumb\"},\"inLanguage\":\"pt-BR\",\"potentialAction\":[{\"@type\":\"ReadAction\",\"target\":[\"https:\\\/\\\/www.p31noticias.com.br\\\/?p=3204\"]}]},{\"@type\":\"ImageObject\",\"inLanguage\":\"pt-BR\",\"@id\":\"https:\\\/\\\/www.p31noticias.com.br\\\/?p=3204#primaryimage\",\"url\":\"https:\\\/\\\/www.p31noticias.com.br\\\/wp-content\\\/uploads\\\/2019\\\/09\\\/Decis\u00f5es-Polemicas-STF-1.png\",\"contentUrl\":\"https:\\\/\\\/www.p31noticias.com.br\\\/wp-content\\\/uploads\\\/2019\\\/09\\\/Decis\u00f5es-Polemicas-STF-1.png\",\"width\":800,\"height\":519,\"caption\":\"Lava Jato\"},{\"@type\":\"BreadcrumbList\",\"@id\":\"https:\\\/\\\/www.p31noticias.com.br\\\/?p=3204#breadcrumb\",\"itemListElement\":[{\"@type\":\"ListItem\",\"position\":1,\"name\":\"In\u00edcio\",\"item\":\"https:\\\/\\\/www.p31noticias.com.br\\\/\"},{\"@type\":\"ListItem\",\"position\":2,\"name\":\"STF quer liquidar Lava Jato em outubro\"}]},{\"@type\":\"WebSite\",\"@id\":\"https:\\\/\\\/www.p31noticias.com.br\\\/#website\",\"url\":\"https:\\\/\\\/www.p31noticias.com.br\\\/\",\"name\":\"P31\",\"description\":\"NOT\u00cdCIAS\",\"potentialAction\":[{\"@type\":\"SearchAction\",\"target\":{\"@type\":\"EntryPoint\",\"urlTemplate\":\"https:\\\/\\\/www.p31noticias.com.br\\\/?s={search_term_string}\"},\"query-input\":{\"@type\":\"PropertyValueSpecification\",\"valueRequired\":true,\"valueName\":\"search_term_string\"}}],\"inLanguage\":\"pt-BR\"},{\"@type\":\"Person\",\"@id\":\"https:\\\/\\\/www.p31noticias.com.br\\\/#\\\/schema\\\/person\\\/77d6b186c710ac38937c6ec204fdd387\",\"name\":\"Reda\u00e7\u00e3o JBN\",\"image\":{\"@type\":\"ImageObject\",\"inLanguage\":\"pt-BR\",\"@id\":\"https:\\\/\\\/secure.gravatar.com\\\/avatar\\\/10fcdb93211f98cce3d64c0795b0915a9a4a21dc0f279238995a3dbfafcad090?s=96&d=mm&r=g\",\"url\":\"https:\\\/\\\/secure.gravatar.com\\\/avatar\\\/10fcdb93211f98cce3d64c0795b0915a9a4a21dc0f279238995a3dbfafcad090?s=96&d=mm&r=g\",\"contentUrl\":\"https:\\\/\\\/secure.gravatar.com\\\/avatar\\\/10fcdb93211f98cce3d64c0795b0915a9a4a21dc0f279238995a3dbfafcad090?s=96&d=mm&r=g\",\"caption\":\"Reda\u00e7\u00e3o JBN\"},\"sameAs\":[\"https:\\\/\\\/p31noticias.com.br\"],\"url\":\"https:\\\/\\\/www.p31noticias.com.br\\\/?author=18\"}]}<\/script>\n<!-- \/ Yoast SEO Premium plugin. -->","yoast_head_json":{"title":"STF quer liquidar Lava Jato em outubro - P31","description":"Lava Jato, Folha de S. Verdevaldo diz que vai acabar em outubro.J\u00e1 haveria maioria no STF para anular o processo de Lula e para proibir a pris\u00e3o de","robots":{"index":"index","follow":"follow","max-snippet":"max-snippet:-1","max-image-preview":"max-image-preview:large","max-video-preview":"max-video-preview:-1"},"canonical":"https:\/\/www.p31noticias.com.br\/?p=3204","og_locale":"pt_BR","og_type":"article","og_title":"STF quer liquidar Lava Jato em outubro","og_description":"Lava Jato, Folha de S. Verdevaldo diz que vai acabar em outubro.J\u00e1 haveria maioria no STF para anular o processo de Lula e para proibir a pris\u00e3o de","og_url":"https:\/\/www.p31noticias.com.br\/?p=3204","og_site_name":"P31","article_published_time":"2019-09-12T11:25:09+00:00","og_image":[{"width":800,"height":519,"url":"https:\/\/www.p31noticias.com.br\/wp-content\/uploads\/2019\/09\/Decis\u00f5es-Polemicas-STF-1.png","type":"image\/png"}],"author":"Reda\u00e7\u00e3o JBN","twitter_card":"summary_large_image","twitter_misc":{"Escrito por":"Reda\u00e7\u00e3o JBN","Est. tempo de leitura":"2 minutos"},"schema":{"@context":"https:\/\/schema.org","@graph":[{"@type":"Article","@id":"https:\/\/www.p31noticias.com.br\/?p=3204#article","isPartOf":{"@id":"https:\/\/www.p31noticias.com.br\/?p=3204"},"author":{"name":"Reda\u00e7\u00e3o JBN","@id":"https:\/\/www.p31noticias.com.br\/#\/schema\/person\/77d6b186c710ac38937c6ec204fdd387"},"headline":"STF quer liquidar Lava Jato em outubro","datePublished":"2019-09-12T11:25:09+00:00","mainEntityOfPage":{"@id":"https:\/\/www.p31noticias.com.br\/?p=3204"},"wordCount":312,"commentCount":0,"image":{"@id":"https:\/\/www.p31noticias.com.br\/?p=3204#primaryimage"},"thumbnailUrl":"https:\/\/www.p31noticias.com.br\/wp-content\/uploads\/2019\/09\/Decis\u00f5es-Polemicas-STF-1.png","keywords":["Celso de Mello","gilmar mendes","Lava Jato","ORCRIM","STF"],"articleSection":["Pol\u00edtica"],"inLanguage":"pt-BR","potentialAction":[{"@type":"CommentAction","name":"Comment","target":["https:\/\/www.p31noticias.com.br\/?p=3204#respond"]}],"copyrightYear":"2019","copyrightHolder":{"@id":"https:\/\/www.p31noticias.com.br\/#organization"}},{"@type":"WebPage","@id":"https:\/\/www.p31noticias.com.br\/?p=3204","url":"https:\/\/www.p31noticias.com.br\/?p=3204","name":"STF quer liquidar Lava Jato em outubro - P31","isPartOf":{"@id":"https:\/\/www.p31noticias.com.br\/#website"},"primaryImageOfPage":{"@id":"https:\/\/www.p31noticias.com.br\/?p=3204#primaryimage"},"image":{"@id":"https:\/\/www.p31noticias.com.br\/?p=3204#primaryimage"},"thumbnailUrl":"https:\/\/www.p31noticias.com.br\/wp-content\/uploads\/2019\/09\/Decis\u00f5es-Polemicas-STF-1.png","datePublished":"2019-09-12T11:25:09+00:00","author":{"@id":"https:\/\/www.p31noticias.com.br\/#\/schema\/person\/77d6b186c710ac38937c6ec204fdd387"},"description":"Lava Jato, Folha de S. Verdevaldo diz que vai acabar em outubro.J\u00e1 haveria maioria no STF para anular o processo de Lula e para proibir a pris\u00e3o de","breadcrumb":{"@id":"https:\/\/www.p31noticias.com.br\/?p=3204#breadcrumb"},"inLanguage":"pt-BR","potentialAction":[{"@type":"ReadAction","target":["https:\/\/www.p31noticias.com.br\/?p=3204"]}]},{"@type":"ImageObject","inLanguage":"pt-BR","@id":"https:\/\/www.p31noticias.com.br\/?p=3204#primaryimage","url":"https:\/\/www.p31noticias.com.br\/wp-content\/uploads\/2019\/09\/Decis\u00f5es-Polemicas-STF-1.png","contentUrl":"https:\/\/www.p31noticias.com.br\/wp-content\/uploads\/2019\/09\/Decis\u00f5es-Polemicas-STF-1.png","width":800,"height":519,"caption":"Lava Jato"},{"@type":"BreadcrumbList","@id":"https:\/\/www.p31noticias.com.br\/?p=3204#breadcrumb","itemListElement":[{"@type":"ListItem","position":1,"name":"In\u00edcio","item":"https:\/\/www.p31noticias.com.br\/"},{"@type":"ListItem","position":2,"name":"STF quer liquidar Lava Jato em outubro"}]},{"@type":"WebSite","@id":"https:\/\/www.p31noticias.com.br\/#website","url":"https:\/\/www.p31noticias.com.br\/","name":"P31","description":"NOT\u00cdCIAS","potentialAction":[{"@type":"SearchAction","target":{"@type":"EntryPoint","urlTemplate":"https:\/\/www.p31noticias.com.br\/?s={search_term_string}"},"query-input":{"@type":"PropertyValueSpecification","valueRequired":true,"valueName":"search_term_string"}}],"inLanguage":"pt-BR"},{"@type":"Person","@id":"https:\/\/www.p31noticias.com.br\/#\/schema\/person\/77d6b186c710ac38937c6ec204fdd387","name":"Reda\u00e7\u00e3o JBN","image":{"@type":"ImageObject","inLanguage":"pt-BR","@id":"https:\/\/secure.gravatar.com\/avatar\/10fcdb93211f98cce3d64c0795b0915a9a4a21dc0f279238995a3dbfafcad090?s=96&d=mm&r=g","url":"https:\/\/secure.gravatar.com\/avatar\/10fcdb93211f98cce3d64c0795b0915a9a4a21dc0f279238995a3dbfafcad090?s=96&d=mm&r=g","contentUrl":"https:\/\/secure.gravatar.com\/avatar\/10fcdb93211f98cce3d64c0795b0915a9a4a21dc0f279238995a3dbfafcad090?s=96&d=mm&r=g","caption":"Reda\u00e7\u00e3o JBN"},"sameAs":["https:\/\/p31noticias.com.br"],"url":"https:\/\/www.p31noticias.com.br\/?author=18"}]}},"amp_enabled":true,"_links":{"self":[{"href":"https:\/\/www.p31noticias.com.br\/index.php?rest_route=\/wp\/v2\/posts\/3204","targetHints":{"allow":["GET"]}}],"collection":[{"href":"https:\/\/www.p31noticias.com.br\/index.php?rest_route=\/wp\/v2\/posts"}],"about":[{"href":"https:\/\/www.p31noticias.com.br\/index.php?rest_route=\/wp\/v2\/types\/post"}],"author":[{"embeddable":true,"href":"https:\/\/www.p31noticias.com.br\/index.php?rest_route=\/wp\/v2\/users\/18"}],"replies":[{"embeddable":true,"href":"https:\/\/www.p31noticias.com.br\/index.php?rest_route=%2Fwp%2Fv2%2Fcomments&post=3204"}],"version-history":[{"count":0,"href":"https:\/\/www.p31noticias.com.br\/index.php?rest_route=\/wp\/v2\/posts\/3204\/revisions"}],"wp:featuredmedia":[{"embeddable":true,"href":"https:\/\/www.p31noticias.com.br\/index.php?rest_route=\/wp\/v2\/media\/3205"}],"wp:attachment":[{"href":"https:\/\/www.p31noticias.com.br\/index.php?rest_route=%2Fwp%2Fv2%2Fmedia&parent=3204"}],"wp:term":[{"taxonomy":"category","embeddable":true,"href":"https:\/\/www.p31noticias.com.br\/index.php?rest_route=%2Fwp%2Fv2%2Fcategories&post=3204"},{"taxonomy":"post_tag","embeddable":true,"href":"https:\/\/www.p31noticias.com.br\/index.php?rest_route=%2Fwp%2Fv2%2Ftags&post=3204"}],"curies":[{"name":"wp","href":"https:\/\/api.w.org\/{rel}","templated":true}]}}