{"id":31996,"date":"2023-11-11T13:06:01","date_gmt":"2023-11-11T16:06:01","guid":{"rendered":"https:\/\/p31noticias.com.br\/escola-do-guara-i-recebe-janja-e-ministro-da-educacao-3\/"},"modified":"2023-11-11T13:06:01","modified_gmt":"2023-11-11T16:06:01","slug":"escola-do-guara-i-recebe-janja-e-ministro-da-educacao-3","status":"publish","type":"post","link":"https:\/\/www.p31noticias.com.br\/?p=31996","title":{"rendered":"Escola do Guar\u00e1 I recebe Janja e ministro da Educa\u00e7\u00e3o"},"content":{"rendered":"<p>Uma manh\u00e3 diferenciada para os alunos da Escola Classe 05 (QI 20) do Guar\u00e1. A secret\u00e1ria de Educa\u00e7\u00e3o do DF, H\u00e9lvia Paranagu\u00e1, recebeu, na unidade, os 28 semifinalistas do concurso Sabor de Escola, o ministro da Educa\u00e7\u00e3o, Camilo Santana, a presidente do Fundo Nacional de Desenvolvimento da Educa\u00e7\u00e3o (FNDE), Fernanda Pacobahyba, e a primeira dama [\u2026]<\/p>\n<p>O post <a href=\"https:\/\/www.delioandrade.com.br\/escola-do-guara-i-recebe-janja-e-ministro-da-educacao\/\">Escola do Guar\u00e1 I recebe Janja e ministro da Educa\u00e7\u00e3o<\/a> apareceu primeiro em <a href=\"https:\/\/www.delioandrade.com.br\/\">Blog do D\u00c9LIO ANDRADE<\/a>.<\/p>\n","protected":false},"excerpt":{"rendered":"<p>Uma manh\u00e3 diferenciada para os alunos da Escola Classe 05 (QI 20) do Guar\u00e1. A secret\u00e1ria de Educa\u00e7\u00e3o do DF, H\u00e9lvia Paranagu\u00e1, recebeu, na unidade, os 28 semifinalistas do concurso Sabor de Escola, o ministro da Educa\u00e7\u00e3o, Camilo Santana, a presidente do Fundo Nacional de Desenvolvimento da Educa\u00e7\u00e3o (FNDE), Fernanda Pacobahyba, e a primeira dama [&hellip;]<\/p>\n","protected":false},"author":0,"featured_media":0,"comment_status":"open","ping_status":"open","sticky":false,"template":"","format":"standard","meta":{"footnotes":""},"categories":[21],"tags":[],"class_list":{"0":"post-31996","1":"post","2":"type-post","3":"status-publish","4":"format-standard","6":"category-brasilia"},"yoast_head":"<!-- This site is optimized with the Yoast SEO Premium plugin v24.5 (Yoast SEO v27.4) - https:\/\/yoast.com\/product\/yoast-seo-premium-wordpress\/ -->\n<title>Escola do Guar\u00e1 I recebe Janja e ministro da Educa\u00e7\u00e3o - P31<\/title>\n<meta name=\"robots\" content=\"index, follow, max-snippet:-1, max-image-preview:large, max-video-preview:-1\" \/>\n<link rel=\"canonical\" href=\"https:\/\/www.p31noticias.com.br\/?p=31996\" \/>\n<meta property=\"og:locale\" content=\"pt_BR\" \/>\n<meta property=\"og:type\" content=\"article\" \/>\n<meta property=\"og:title\" content=\"Escola do Guar\u00e1 I recebe Janja e ministro da Educa\u00e7\u00e3o\" \/>\n<meta property=\"og:description\" content=\"Uma manh\u00e3 diferenciada para os alunos da Escola Classe 05 (QI 20) do Guar\u00e1. A secret\u00e1ria de Educa\u00e7\u00e3o do DF, H\u00e9lvia Paranagu\u00e1, recebeu, na unidade, os 28 semifinalistas do concurso Sabor de Escola, o ministro da Educa\u00e7\u00e3o, Camilo Santana, a presidente do Fundo Nacional de Desenvolvimento da Educa\u00e7\u00e3o (FNDE), Fernanda Pacobahyba, e a primeira dama [&hellip;]\" \/>\n<meta property=\"og:url\" content=\"https:\/\/www.p31noticias.com.br\/?p=31996\" \/>\n<meta property=\"og:site_name\" content=\"P31\" \/>\n<meta property=\"article:published_time\" content=\"2023-11-11T16:06:01+00:00\" \/>\n<meta name=\"twitter:card\" content=\"summary_large_image\" \/>\n<script type=\"application\/ld+json\" class=\"yoast-schema-graph\">{\"@context\":\"https:\\\/\\\/schema.org\",\"@graph\":[{\"@type\":\"Article\",\"@id\":\"https:\\\/\\\/www.p31noticias.com.br\\\/?p=31996#article\",\"isPartOf\":{\"@id\":\"https:\\\/\\\/www.p31noticias.com.br\\\/?p=31996\"},\"author\":{\"name\":\"\",\"@id\":\"\"},\"headline\":\"Escola do Guar\u00e1 I recebe Janja e ministro da Educa\u00e7\u00e3o\",\"datePublished\":\"2023-11-11T16:06:01+00:00\",\"mainEntityOfPage\":{\"@id\":\"https:\\\/\\\/www.p31noticias.com.br\\\/?p=31996\"},\"wordCount\":89,\"commentCount\":0,\"articleSection\":[\"Bras\u00edlia\"],\"inLanguage\":\"pt-BR\",\"potentialAction\":[{\"@type\":\"CommentAction\",\"name\":\"Comment\",\"target\":[\"https:\\\/\\\/www.p31noticias.com.br\\\/?p=31996#respond\"]}],\"copyrightYear\":\"2023\",\"copyrightHolder\":{\"@id\":\"https:\\\/\\\/www.p31noticias.com.br\\\/#organization\"}},{\"@type\":\"WebPage\",\"@id\":\"https:\\\/\\\/www.p31noticias.com.br\\\/?p=31996\",\"url\":\"https:\\\/\\\/www.p31noticias.com.br\\\/?p=31996\",\"name\":\"Escola do Guar\u00e1 I recebe Janja e ministro da Educa\u00e7\u00e3o - P31\",\"isPartOf\":{\"@id\":\"https:\\\/\\\/www.p31noticias.com.br\\\/#website\"},\"datePublished\":\"2023-11-11T16:06:01+00:00\",\"author\":{\"@id\":\"\"},\"breadcrumb\":{\"@id\":\"https:\\\/\\\/www.p31noticias.com.br\\\/?p=31996#breadcrumb\"},\"inLanguage\":\"pt-BR\",\"potentialAction\":[{\"@type\":\"ReadAction\",\"target\":[\"https:\\\/\\\/www.p31noticias.com.br\\\/?p=31996\"]}]},{\"@type\":\"BreadcrumbList\",\"@id\":\"https:\\\/\\\/www.p31noticias.com.br\\\/?p=31996#breadcrumb\",\"itemListElement\":[{\"@type\":\"ListItem\",\"position\":1,\"name\":\"In\u00edcio\",\"item\":\"https:\\\/\\\/www.p31noticias.com.br\\\/\"},{\"@type\":\"ListItem\",\"position\":2,\"name\":\"Escola do Guar\u00e1 I recebe Janja e ministro da Educa\u00e7\u00e3o\"}]},{\"@type\":\"WebSite\",\"@id\":\"https:\\\/\\\/www.p31noticias.com.br\\\/#website\",\"url\":\"https:\\\/\\\/www.p31noticias.com.br\\\/\",\"name\":\"P31\",\"description\":\"NOT\u00cdCIAS\",\"potentialAction\":[{\"@type\":\"SearchAction\",\"target\":{\"@type\":\"EntryPoint\",\"urlTemplate\":\"https:\\\/\\\/www.p31noticias.com.br\\\/?s={search_term_string}\"},\"query-input\":{\"@type\":\"PropertyValueSpecification\",\"valueRequired\":true,\"valueName\":\"search_term_string\"}}],\"inLanguage\":\"pt-BR\"}]}<\/script>\n<!-- \/ Yoast SEO Premium plugin. -->","yoast_head_json":{"title":"Escola do Guar\u00e1 I recebe Janja e ministro da Educa\u00e7\u00e3o - P31","robots":{"index":"index","follow":"follow","max-snippet":"max-snippet:-1","max-image-preview":"max-image-preview:large","max-video-preview":"max-video-preview:-1"},"canonical":"https:\/\/www.p31noticias.com.br\/?p=31996","og_locale":"pt_BR","og_type":"article","og_title":"Escola do Guar\u00e1 I recebe Janja e ministro da Educa\u00e7\u00e3o","og_description":"Uma manh\u00e3 diferenciada para os alunos da Escola Classe 05 (QI 20) do Guar\u00e1. A secret\u00e1ria de Educa\u00e7\u00e3o do DF, H\u00e9lvia Paranagu\u00e1, recebeu, na unidade, os 28 semifinalistas do concurso Sabor de Escola, o ministro da Educa\u00e7\u00e3o, Camilo Santana, a presidente do Fundo Nacional de Desenvolvimento da Educa\u00e7\u00e3o (FNDE), Fernanda Pacobahyba, e a primeira dama [&hellip;]","og_url":"https:\/\/www.p31noticias.com.br\/?p=31996","og_site_name":"P31","article_published_time":"2023-11-11T16:06:01+00:00","twitter_card":"summary_large_image","schema":{"@context":"https:\/\/schema.org","@graph":[{"@type":"Article","@id":"https:\/\/www.p31noticias.com.br\/?p=31996#article","isPartOf":{"@id":"https:\/\/www.p31noticias.com.br\/?p=31996"},"author":{"name":"","@id":""},"headline":"Escola do Guar\u00e1 I recebe Janja e ministro da Educa\u00e7\u00e3o","datePublished":"2023-11-11T16:06:01+00:00","mainEntityOfPage":{"@id":"https:\/\/www.p31noticias.com.br\/?p=31996"},"wordCount":89,"commentCount":0,"articleSection":["Bras\u00edlia"],"inLanguage":"pt-BR","potentialAction":[{"@type":"CommentAction","name":"Comment","target":["https:\/\/www.p31noticias.com.br\/?p=31996#respond"]}],"copyrightYear":"2023","copyrightHolder":{"@id":"https:\/\/www.p31noticias.com.br\/#organization"}},{"@type":"WebPage","@id":"https:\/\/www.p31noticias.com.br\/?p=31996","url":"https:\/\/www.p31noticias.com.br\/?p=31996","name":"Escola do Guar\u00e1 I recebe Janja e ministro da Educa\u00e7\u00e3o - P31","isPartOf":{"@id":"https:\/\/www.p31noticias.com.br\/#website"},"datePublished":"2023-11-11T16:06:01+00:00","author":{"@id":""},"breadcrumb":{"@id":"https:\/\/www.p31noticias.com.br\/?p=31996#breadcrumb"},"inLanguage":"pt-BR","potentialAction":[{"@type":"ReadAction","target":["https:\/\/www.p31noticias.com.br\/?p=31996"]}]},{"@type":"BreadcrumbList","@id":"https:\/\/www.p31noticias.com.br\/?p=31996#breadcrumb","itemListElement":[{"@type":"ListItem","position":1,"name":"In\u00edcio","item":"https:\/\/www.p31noticias.com.br\/"},{"@type":"ListItem","position":2,"name":"Escola do Guar\u00e1 I recebe Janja e ministro da Educa\u00e7\u00e3o"}]},{"@type":"WebSite","@id":"https:\/\/www.p31noticias.com.br\/#website","url":"https:\/\/www.p31noticias.com.br\/","name":"P31","description":"NOT\u00cdCIAS","potentialAction":[{"@type":"SearchAction","target":{"@type":"EntryPoint","urlTemplate":"https:\/\/www.p31noticias.com.br\/?s={search_term_string}"},"query-input":{"@type":"PropertyValueSpecification","valueRequired":true,"valueName":"search_term_string"}}],"inLanguage":"pt-BR"}]}},"amp_enabled":true,"_links":{"self":[{"href":"https:\/\/www.p31noticias.com.br\/index.php?rest_route=\/wp\/v2\/posts\/31996","targetHints":{"allow":["GET"]}}],"collection":[{"href":"https:\/\/www.p31noticias.com.br\/index.php?rest_route=\/wp\/v2\/posts"}],"about":[{"href":"https:\/\/www.p31noticias.com.br\/index.php?rest_route=\/wp\/v2\/types\/post"}],"replies":[{"embeddable":true,"href":"https:\/\/www.p31noticias.com.br\/index.php?rest_route=%2Fwp%2Fv2%2Fcomments&post=31996"}],"version-history":[{"count":0,"href":"https:\/\/www.p31noticias.com.br\/index.php?rest_route=\/wp\/v2\/posts\/31996\/revisions"}],"wp:attachment":[{"href":"https:\/\/www.p31noticias.com.br\/index.php?rest_route=%2Fwp%2Fv2%2Fmedia&parent=31996"}],"wp:term":[{"taxonomy":"category","embeddable":true,"href":"https:\/\/www.p31noticias.com.br\/index.php?rest_route=%2Fwp%2Fv2%2Fcategories&post=31996"},{"taxonomy":"post_tag","embeddable":true,"href":"https:\/\/www.p31noticias.com.br\/index.php?rest_route=%2Fwp%2Fv2%2Ftags&post=31996"}],"curies":[{"name":"wp","href":"https:\/\/api.w.org\/{rel}","templated":true}]}}