{"id":3190,"date":"2019-09-04T18:24:03","date_gmt":"2019-09-04T21:24:03","guid":{"rendered":"https:\/\/juniortakamoto.com.br\/?p=3190"},"modified":"2019-09-04T18:24:03","modified_gmt":"2019-09-04T21:24:03","slug":"revogacao-acordo-ortografico","status":"publish","type":"post","link":"https:\/\/www.p31noticias.com.br\/?p=3190","title":{"rendered":"Com apoio de Bolsonaro, C\u00e2mara analisa fim do acordo ortogr\u00e1fico da l\u00edngua portuguesa"},"content":{"rendered":"<header>\n<h2 class=\"lead\">Ap\u00f3s adiamentos, o requerimento que solicita revoga\u00e7\u00e3o do acordo assinado h\u00e1 10 anos, no governo Lula, foi analisado na C\u00e2mara<\/h2>\n<\/header>\n<div class=\"article-content\">\n<p>A C\u00e2mara dos Deputados discutiu ontem o requerimento que pediu a revoga\u00e7\u00e3o do acordo ortogr\u00e1fico entre pa\u00edses lus\u00f3fonos, de 1990, em vigor h\u00e1 dez anos.<\/p>\n<p>A sess\u00e3o ocorreu na Comiss\u00e3o de Educa\u00e7\u00e3o da C\u00e2mara dos Deputados, em Bras\u00edlia. O pedido foi feito pelo deputado Jaziel Pereira de Sousa, do Partido da Rep\u00fablica (PR), e contou com o apoio da deputada Paula Belmonte, do Cidadania.<\/p>\n<p>Em sua p\u00e1gina do <a href=\"https:\/\/www.facebook.com\/Dr.JazielPereira\/photos\/a.698350473634823\/1535221786614350\/?type=3&amp;theater\" target=\"_blank\" rel=\"noopener noreferrer\">Facebook<\/a>, o Jaziel Pereira disse que havia convocado a reuni\u00e3o porque &#8220;o acordo para unifica\u00e7\u00e3o ortogr\u00e1fica da L\u00edngua Portuguesa nos pa\u00edses lus\u00f3fonos n\u00e3o alcan\u00e7ou a efic\u00e1cia esperada&#8221;. Citando um dos maiores estadistas brasileiros, disse ainda &#8220;Como bem disse Rui Barbosa, amar a L\u00edngua \u00e9 uma das mais sublimes formas de amar \u00e0 P\u00e1tria&#8221; (sic).<\/p>\n<p>A reuni\u00e3o no Parlamento contou com nomes como S\u00e9rgio Pach\u00e1, ex-lexic\u00f3grafo chefe da Academia Brasileira de Letras, e o professor e fil\u00f3sofo tomista Sidney Silveira &#8211; ambos est\u00e3o no document\u00e1rio <a href=\"https:\/\/www.youtube.com\/watch?v=AG-fub28UAk\">Brasil, Alma Portuguesa<\/a>, o qual analisa os aspectos da forma\u00e7\u00e3o da identidade brasileira e suas conex\u00f5es com os lusitanos &#8211; inclusive na l\u00edngua portuguesa.<\/p>\n<p>A reuni\u00e3o j\u00e1 havia sido adiada por duas vezes. No requerimento entregue em abril passado, o deputado Jaziel disse que &#8220;o Presidente Bolsonaro expressou a possibilidade de revoga\u00e7\u00e3o desse acordo&#8221;, dando a entender a necessidade patente do debate na Casa.<\/p>\n<p>Confira <a href=\"https:\/\/www.youtube.com\/watch?v=KmjXsiueisE&amp;fbclid=IwAR3KHDY3hLyv6gxGhr74jbhp9joExRHxf1nGmX67hhtS1A2tj03LGJnC_t4\">aqui<\/a> a audi\u00eancia na \u00edntegra.<\/p>\n<\/div>\n","protected":false},"excerpt":{"rendered":"<p>Ap\u00f3s adiamentos, o requerimento que solicita revoga\u00e7\u00e3o do acordo assinado h\u00e1 10 anos, no governo Lula, foi analisado na C\u00e2mara A C\u00e2mara dos Deputados discutiu ontem o requerimento que pediu a revoga\u00e7\u00e3o do acordo ortogr\u00e1fico entre pa\u00edses lus\u00f3fonos, de 1990, em vigor h\u00e1 dez anos. A sess\u00e3o ocorreu na Comiss\u00e3o de Educa\u00e7\u00e3o da C\u00e2mara dos [&hellip;]<\/p>\n","protected":false},"author":18,"featured_media":3185,"comment_status":"open","ping_status":"open","sticky":false,"template":"","format":"standard","meta":{"footnotes":""},"categories":[57],"tags":[],"class_list":{"0":"post-3190","1":"post","2":"type-post","3":"status-publish","4":"format-standard","5":"has-post-thumbnail","7":"category-politica"},"yoast_head":"<!-- This site is optimized with the Yoast SEO Premium plugin v24.5 (Yoast SEO v27.5) - https:\/\/yoast.com\/product\/yoast-seo-premium-wordpress\/ -->\n<title>Com apoio de Bolsonaro, C\u00e2mara analisa fim do acordo ortogr\u00e1fico da l\u00edngua portuguesa - P31<\/title>\n<meta name=\"description\" content=\"Ap\u00f3s adiamentos, o requerimento que solicita revoga\u00e7\u00e3o do acordo assinado h\u00e1 10 anos, no governo Lula, foi analisado na C\u00e2mara\" \/>\n<meta name=\"robots\" content=\"index, follow, max-snippet:-1, max-image-preview:large, max-video-preview:-1\" \/>\n<link rel=\"canonical\" href=\"https:\/\/www.p31noticias.com.br\/?p=3190\" \/>\n<meta property=\"og:locale\" content=\"pt_BR\" \/>\n<meta property=\"og:type\" content=\"article\" \/>\n<meta property=\"og:title\" content=\"Com apoio de Bolsonaro, C\u00e2mara analisa fim do acordo ortogr\u00e1fico da l\u00edngua portuguesa\" \/>\n<meta property=\"og:description\" content=\"Ap\u00f3s adiamentos, o requerimento que solicita revoga\u00e7\u00e3o do acordo assinado h\u00e1 10 anos, no governo Lula, foi analisado na C\u00e2mara\" \/>\n<meta property=\"og:url\" content=\"https:\/\/www.p31noticias.com.br\/?p=3190\" \/>\n<meta property=\"og:site_name\" content=\"P31\" \/>\n<meta property=\"article:published_time\" content=\"2019-09-04T21:24:03+00:00\" \/>\n<meta property=\"og:image\" content=\"https:\/\/www.p31noticias.com.br\/wp-content\/uploads\/2019\/09\/x84330486_FILE-PHOTO-Brazils-President-Jair-Bolsonaro-speaks-during-a-launching-ceremony-of-publ-1.jpg.pagespeed.ic_.ZFAuDv5Cw8-1.jpg\" \/>\n\t<meta property=\"og:image:width\" content=\"1086\" \/>\n\t<meta property=\"og:image:height\" content=\"652\" \/>\n\t<meta property=\"og:image:type\" content=\"image\/jpeg\" \/>\n<meta name=\"author\" content=\"Reda\u00e7\u00e3o JBN\" \/>\n<meta name=\"twitter:card\" content=\"summary_large_image\" \/>\n<meta name=\"twitter:label1\" content=\"Escrito por\" \/>\n\t<meta name=\"twitter:data1\" content=\"Reda\u00e7\u00e3o JBN\" \/>\n\t<meta name=\"twitter:label2\" content=\"Est. tempo de leitura\" \/>\n\t<meta name=\"twitter:data2\" content=\"1 minuto\" \/>\n<script type=\"application\/ld+json\" class=\"yoast-schema-graph\">{\"@context\":\"https:\\\/\\\/schema.org\",\"@graph\":[{\"@type\":\"Article\",\"@id\":\"https:\\\/\\\/www.p31noticias.com.br\\\/?p=3190#article\",\"isPartOf\":{\"@id\":\"https:\\\/\\\/www.p31noticias.com.br\\\/?p=3190\"},\"author\":{\"name\":\"Reda\u00e7\u00e3o JBN\",\"@id\":\"https:\\\/\\\/www.p31noticias.com.br\\\/#\\\/schema\\\/person\\\/77d6b186c710ac38937c6ec204fdd387\"},\"headline\":\"Com apoio de Bolsonaro, C\u00e2mara analisa fim do acordo ortogr\u00e1fico da l\u00edngua portuguesa\",\"datePublished\":\"2019-09-04T21:24:03+00:00\",\"mainEntityOfPage\":{\"@id\":\"https:\\\/\\\/www.p31noticias.com.br\\\/?p=3190\"},\"wordCount\":292,\"commentCount\":2,\"image\":{\"@id\":\"https:\\\/\\\/www.p31noticias.com.br\\\/?p=3190#primaryimage\"},\"thumbnailUrl\":\"https:\\\/\\\/www.p31noticias.com.br\\\/wp-content\\\/uploads\\\/2019\\\/09\\\/x84330486_FILE-PHOTO-Brazils-President-Jair-Bolsonaro-speaks-during-a-launching-ceremony-of-publ-1.jpg.pagespeed.ic_.ZFAuDv5Cw8-1.jpg\",\"articleSection\":[\"Pol\u00edtica\"],\"inLanguage\":\"pt-BR\",\"potentialAction\":[{\"@type\":\"CommentAction\",\"name\":\"Comment\",\"target\":[\"https:\\\/\\\/www.p31noticias.com.br\\\/?p=3190#respond\"]}],\"copyrightYear\":\"2019\",\"copyrightHolder\":{\"@id\":\"https:\\\/\\\/www.p31noticias.com.br\\\/#organization\"}},{\"@type\":\"WebPage\",\"@id\":\"https:\\\/\\\/www.p31noticias.com.br\\\/?p=3190\",\"url\":\"https:\\\/\\\/www.p31noticias.com.br\\\/?p=3190\",\"name\":\"Com apoio de Bolsonaro, C\u00e2mara analisa fim do acordo ortogr\u00e1fico da l\u00edngua portuguesa - P31\",\"isPartOf\":{\"@id\":\"https:\\\/\\\/www.p31noticias.com.br\\\/#website\"},\"primaryImageOfPage\":{\"@id\":\"https:\\\/\\\/www.p31noticias.com.br\\\/?p=3190#primaryimage\"},\"image\":{\"@id\":\"https:\\\/\\\/www.p31noticias.com.br\\\/?p=3190#primaryimage\"},\"thumbnailUrl\":\"https:\\\/\\\/www.p31noticias.com.br\\\/wp-content\\\/uploads\\\/2019\\\/09\\\/x84330486_FILE-PHOTO-Brazils-President-Jair-Bolsonaro-speaks-during-a-launching-ceremony-of-publ-1.jpg.pagespeed.ic_.ZFAuDv5Cw8-1.jpg\",\"datePublished\":\"2019-09-04T21:24:03+00:00\",\"author\":{\"@id\":\"https:\\\/\\\/www.p31noticias.com.br\\\/#\\\/schema\\\/person\\\/77d6b186c710ac38937c6ec204fdd387\"},\"description\":\"Ap\u00f3s adiamentos, o requerimento que solicita revoga\u00e7\u00e3o do acordo assinado h\u00e1 10 anos, no governo Lula, foi analisado na C\u00e2mara\",\"breadcrumb\":{\"@id\":\"https:\\\/\\\/www.p31noticias.com.br\\\/?p=3190#breadcrumb\"},\"inLanguage\":\"pt-BR\",\"potentialAction\":[{\"@type\":\"ReadAction\",\"target\":[\"https:\\\/\\\/www.p31noticias.com.br\\\/?p=3190\"]}]},{\"@type\":\"ImageObject\",\"inLanguage\":\"pt-BR\",\"@id\":\"https:\\\/\\\/www.p31noticias.com.br\\\/?p=3190#primaryimage\",\"url\":\"https:\\\/\\\/www.p31noticias.com.br\\\/wp-content\\\/uploads\\\/2019\\\/09\\\/x84330486_FILE-PHOTO-Brazils-President-Jair-Bolsonaro-speaks-during-a-launching-ceremony-of-publ-1.jpg.pagespeed.ic_.ZFAuDv5Cw8-1.jpg\",\"contentUrl\":\"https:\\\/\\\/www.p31noticias.com.br\\\/wp-content\\\/uploads\\\/2019\\\/09\\\/x84330486_FILE-PHOTO-Brazils-President-Jair-Bolsonaro-speaks-during-a-launching-ceremony-of-publ-1.jpg.pagespeed.ic_.ZFAuDv5Cw8-1.jpg\",\"width\":1086,\"height\":652},{\"@type\":\"BreadcrumbList\",\"@id\":\"https:\\\/\\\/www.p31noticias.com.br\\\/?p=3190#breadcrumb\",\"itemListElement\":[{\"@type\":\"ListItem\",\"position\":1,\"name\":\"In\u00edcio\",\"item\":\"https:\\\/\\\/www.p31noticias.com.br\\\/\"},{\"@type\":\"ListItem\",\"position\":2,\"name\":\"Com apoio de Bolsonaro, C\u00e2mara analisa fim do acordo ortogr\u00e1fico da l\u00edngua portuguesa\"}]},{\"@type\":\"WebSite\",\"@id\":\"https:\\\/\\\/www.p31noticias.com.br\\\/#website\",\"url\":\"https:\\\/\\\/www.p31noticias.com.br\\\/\",\"name\":\"P31\",\"description\":\"NOT\u00cdCIAS\",\"potentialAction\":[{\"@type\":\"SearchAction\",\"target\":{\"@type\":\"EntryPoint\",\"urlTemplate\":\"https:\\\/\\\/www.p31noticias.com.br\\\/?s={search_term_string}\"},\"query-input\":{\"@type\":\"PropertyValueSpecification\",\"valueRequired\":true,\"valueName\":\"search_term_string\"}}],\"inLanguage\":\"pt-BR\"},{\"@type\":\"Person\",\"@id\":\"https:\\\/\\\/www.p31noticias.com.br\\\/#\\\/schema\\\/person\\\/77d6b186c710ac38937c6ec204fdd387\",\"name\":\"Reda\u00e7\u00e3o JBN\",\"image\":{\"@type\":\"ImageObject\",\"inLanguage\":\"pt-BR\",\"@id\":\"https:\\\/\\\/secure.gravatar.com\\\/avatar\\\/10fcdb93211f98cce3d64c0795b0915a9a4a21dc0f279238995a3dbfafcad090?s=96&d=mm&r=g\",\"url\":\"https:\\\/\\\/secure.gravatar.com\\\/avatar\\\/10fcdb93211f98cce3d64c0795b0915a9a4a21dc0f279238995a3dbfafcad090?s=96&d=mm&r=g\",\"contentUrl\":\"https:\\\/\\\/secure.gravatar.com\\\/avatar\\\/10fcdb93211f98cce3d64c0795b0915a9a4a21dc0f279238995a3dbfafcad090?s=96&d=mm&r=g\",\"caption\":\"Reda\u00e7\u00e3o JBN\"},\"sameAs\":[\"https:\\\/\\\/p31noticias.com.br\"],\"url\":\"https:\\\/\\\/www.p31noticias.com.br\\\/?author=18\"}]}<\/script>\n<!-- \/ Yoast SEO Premium plugin. -->","yoast_head_json":{"title":"Com apoio de Bolsonaro, C\u00e2mara analisa fim do acordo ortogr\u00e1fico da l\u00edngua portuguesa - P31","description":"Ap\u00f3s adiamentos, o requerimento que solicita revoga\u00e7\u00e3o do acordo assinado h\u00e1 10 anos, no governo Lula, foi analisado na C\u00e2mara","robots":{"index":"index","follow":"follow","max-snippet":"max-snippet:-1","max-image-preview":"max-image-preview:large","max-video-preview":"max-video-preview:-1"},"canonical":"https:\/\/www.p31noticias.com.br\/?p=3190","og_locale":"pt_BR","og_type":"article","og_title":"Com apoio de Bolsonaro, C\u00e2mara analisa fim do acordo ortogr\u00e1fico da l\u00edngua portuguesa","og_description":"Ap\u00f3s adiamentos, o requerimento que solicita revoga\u00e7\u00e3o do acordo assinado h\u00e1 10 anos, no governo Lula, foi analisado na C\u00e2mara","og_url":"https:\/\/www.p31noticias.com.br\/?p=3190","og_site_name":"P31","article_published_time":"2019-09-04T21:24:03+00:00","og_image":[{"width":1086,"height":652,"url":"https:\/\/www.p31noticias.com.br\/wp-content\/uploads\/2019\/09\/x84330486_FILE-PHOTO-Brazils-President-Jair-Bolsonaro-speaks-during-a-launching-ceremony-of-publ-1.jpg.pagespeed.ic_.ZFAuDv5Cw8-1.jpg","type":"image\/jpeg"}],"author":"Reda\u00e7\u00e3o JBN","twitter_card":"summary_large_image","twitter_misc":{"Escrito por":"Reda\u00e7\u00e3o JBN","Est. tempo de leitura":"1 minuto"},"schema":{"@context":"https:\/\/schema.org","@graph":[{"@type":"Article","@id":"https:\/\/www.p31noticias.com.br\/?p=3190#article","isPartOf":{"@id":"https:\/\/www.p31noticias.com.br\/?p=3190"},"author":{"name":"Reda\u00e7\u00e3o JBN","@id":"https:\/\/www.p31noticias.com.br\/#\/schema\/person\/77d6b186c710ac38937c6ec204fdd387"},"headline":"Com apoio de Bolsonaro, C\u00e2mara analisa fim do acordo ortogr\u00e1fico da l\u00edngua portuguesa","datePublished":"2019-09-04T21:24:03+00:00","mainEntityOfPage":{"@id":"https:\/\/www.p31noticias.com.br\/?p=3190"},"wordCount":292,"commentCount":2,"image":{"@id":"https:\/\/www.p31noticias.com.br\/?p=3190#primaryimage"},"thumbnailUrl":"https:\/\/www.p31noticias.com.br\/wp-content\/uploads\/2019\/09\/x84330486_FILE-PHOTO-Brazils-President-Jair-Bolsonaro-speaks-during-a-launching-ceremony-of-publ-1.jpg.pagespeed.ic_.ZFAuDv5Cw8-1.jpg","articleSection":["Pol\u00edtica"],"inLanguage":"pt-BR","potentialAction":[{"@type":"CommentAction","name":"Comment","target":["https:\/\/www.p31noticias.com.br\/?p=3190#respond"]}],"copyrightYear":"2019","copyrightHolder":{"@id":"https:\/\/www.p31noticias.com.br\/#organization"}},{"@type":"WebPage","@id":"https:\/\/www.p31noticias.com.br\/?p=3190","url":"https:\/\/www.p31noticias.com.br\/?p=3190","name":"Com apoio de Bolsonaro, C\u00e2mara analisa fim do acordo ortogr\u00e1fico da l\u00edngua portuguesa - P31","isPartOf":{"@id":"https:\/\/www.p31noticias.com.br\/#website"},"primaryImageOfPage":{"@id":"https:\/\/www.p31noticias.com.br\/?p=3190#primaryimage"},"image":{"@id":"https:\/\/www.p31noticias.com.br\/?p=3190#primaryimage"},"thumbnailUrl":"https:\/\/www.p31noticias.com.br\/wp-content\/uploads\/2019\/09\/x84330486_FILE-PHOTO-Brazils-President-Jair-Bolsonaro-speaks-during-a-launching-ceremony-of-publ-1.jpg.pagespeed.ic_.ZFAuDv5Cw8-1.jpg","datePublished":"2019-09-04T21:24:03+00:00","author":{"@id":"https:\/\/www.p31noticias.com.br\/#\/schema\/person\/77d6b186c710ac38937c6ec204fdd387"},"description":"Ap\u00f3s adiamentos, o requerimento que solicita revoga\u00e7\u00e3o do acordo assinado h\u00e1 10 anos, no governo Lula, foi analisado na C\u00e2mara","breadcrumb":{"@id":"https:\/\/www.p31noticias.com.br\/?p=3190#breadcrumb"},"inLanguage":"pt-BR","potentialAction":[{"@type":"ReadAction","target":["https:\/\/www.p31noticias.com.br\/?p=3190"]}]},{"@type":"ImageObject","inLanguage":"pt-BR","@id":"https:\/\/www.p31noticias.com.br\/?p=3190#primaryimage","url":"https:\/\/www.p31noticias.com.br\/wp-content\/uploads\/2019\/09\/x84330486_FILE-PHOTO-Brazils-President-Jair-Bolsonaro-speaks-during-a-launching-ceremony-of-publ-1.jpg.pagespeed.ic_.ZFAuDv5Cw8-1.jpg","contentUrl":"https:\/\/www.p31noticias.com.br\/wp-content\/uploads\/2019\/09\/x84330486_FILE-PHOTO-Brazils-President-Jair-Bolsonaro-speaks-during-a-launching-ceremony-of-publ-1.jpg.pagespeed.ic_.ZFAuDv5Cw8-1.jpg","width":1086,"height":652},{"@type":"BreadcrumbList","@id":"https:\/\/www.p31noticias.com.br\/?p=3190#breadcrumb","itemListElement":[{"@type":"ListItem","position":1,"name":"In\u00edcio","item":"https:\/\/www.p31noticias.com.br\/"},{"@type":"ListItem","position":2,"name":"Com apoio de Bolsonaro, C\u00e2mara analisa fim do acordo ortogr\u00e1fico da l\u00edngua portuguesa"}]},{"@type":"WebSite","@id":"https:\/\/www.p31noticias.com.br\/#website","url":"https:\/\/www.p31noticias.com.br\/","name":"P31","description":"NOT\u00cdCIAS","potentialAction":[{"@type":"SearchAction","target":{"@type":"EntryPoint","urlTemplate":"https:\/\/www.p31noticias.com.br\/?s={search_term_string}"},"query-input":{"@type":"PropertyValueSpecification","valueRequired":true,"valueName":"search_term_string"}}],"inLanguage":"pt-BR"},{"@type":"Person","@id":"https:\/\/www.p31noticias.com.br\/#\/schema\/person\/77d6b186c710ac38937c6ec204fdd387","name":"Reda\u00e7\u00e3o JBN","image":{"@type":"ImageObject","inLanguage":"pt-BR","@id":"https:\/\/secure.gravatar.com\/avatar\/10fcdb93211f98cce3d64c0795b0915a9a4a21dc0f279238995a3dbfafcad090?s=96&d=mm&r=g","url":"https:\/\/secure.gravatar.com\/avatar\/10fcdb93211f98cce3d64c0795b0915a9a4a21dc0f279238995a3dbfafcad090?s=96&d=mm&r=g","contentUrl":"https:\/\/secure.gravatar.com\/avatar\/10fcdb93211f98cce3d64c0795b0915a9a4a21dc0f279238995a3dbfafcad090?s=96&d=mm&r=g","caption":"Reda\u00e7\u00e3o JBN"},"sameAs":["https:\/\/p31noticias.com.br"],"url":"https:\/\/www.p31noticias.com.br\/?author=18"}]}},"amp_enabled":true,"_links":{"self":[{"href":"https:\/\/www.p31noticias.com.br\/index.php?rest_route=\/wp\/v2\/posts\/3190","targetHints":{"allow":["GET"]}}],"collection":[{"href":"https:\/\/www.p31noticias.com.br\/index.php?rest_route=\/wp\/v2\/posts"}],"about":[{"href":"https:\/\/www.p31noticias.com.br\/index.php?rest_route=\/wp\/v2\/types\/post"}],"author":[{"embeddable":true,"href":"https:\/\/www.p31noticias.com.br\/index.php?rest_route=\/wp\/v2\/users\/18"}],"replies":[{"embeddable":true,"href":"https:\/\/www.p31noticias.com.br\/index.php?rest_route=%2Fwp%2Fv2%2Fcomments&post=3190"}],"version-history":[{"count":0,"href":"https:\/\/www.p31noticias.com.br\/index.php?rest_route=\/wp\/v2\/posts\/3190\/revisions"}],"wp:featuredmedia":[{"embeddable":true,"href":"https:\/\/www.p31noticias.com.br\/index.php?rest_route=\/wp\/v2\/media\/3185"}],"wp:attachment":[{"href":"https:\/\/www.p31noticias.com.br\/index.php?rest_route=%2Fwp%2Fv2%2Fmedia&parent=3190"}],"wp:term":[{"taxonomy":"category","embeddable":true,"href":"https:\/\/www.p31noticias.com.br\/index.php?rest_route=%2Fwp%2Fv2%2Fcategories&post=3190"},{"taxonomy":"post_tag","embeddable":true,"href":"https:\/\/www.p31noticias.com.br\/index.php?rest_route=%2Fwp%2Fv2%2Ftags&post=3190"}],"curies":[{"name":"wp","href":"https:\/\/api.w.org\/{rel}","templated":true}]}}