{"id":3176,"date":"2019-09-04T16:51:27","date_gmt":"2019-09-04T19:51:27","guid":{"rendered":"https:\/\/juniortakamoto.com.br\/?p=3176"},"modified":"2019-09-04T16:51:27","modified_gmt":"2019-09-04T19:51:27","slug":"a-lenda-dos-ipes","status":"publish","type":"post","link":"https:\/\/www.p31noticias.com.br\/?p=3176","title":{"rendered":"A LENDA DOS IP\u00caS"},"content":{"rendered":"<p>Conta-se que nessa \u00e9poca uma tribo de \u00edndios Caraj\u00e1s habitava ao norte do rio Amazonas.<\/p>\n<p>O seu chefe supremo era o cacique Iacan, ainda jovem, bonito, forte, valente um guerreiro respeitado pelas suas bravas fa\u00e7anhas na defesa de sua tribo e tradi\u00e7\u00f5es; era casado com a bela \u00edndia Iaran, que n\u00e3o tinham sido agraciados ainda comuns filho apesar de estarem casados h\u00e1 v\u00e1rios anos.<\/p>\n<p>A cada ano que passava Iaran ficava mais triste por ver seus sonhos de ser m\u00e3e n\u00e3o se realizarem. Iacan n\u00e3o desanimava e procurava anim\u00e1-la e a tratava com todo o carinho, pois ele a amava muito e n\u00e3o queria outra esposa, e lembrava sempre o juramento que haviam feito embaixo da \u00e1rvore pau-d\u2019arco, que o amor deles seria eterno e ningu\u00e9m os separaria.<\/p>\n<p>Ele ficava triste tamb\u00e9m e procurava disfar\u00e7ar o quanto sofria por ele e a abra\u00e7ando-a dizia que o amor deles bastaria e n\u00e3o se importava que n\u00e3o tivessem o filho t\u00e3o desejado.<\/p>\n<p>A \u00e1rvore que tantas vezes viu o amor deles crescerem, e tantos planos por realizar.<\/p>\n<p>Conta-se que a \u00e1rvore era m\u00e1gica, pois em noites de lua cheia ouvia-se choro e os seus galhos batiam uns contra aos outros como se quisessem que algu\u00e9m ouvisse os seus lamentos.<br \/>\nIaram quando ouvia essas hist\u00f3rias ria e n\u00e3o acreditava, pois lembrava quantas vezes ela e Iacan ficavam sentados embaixo dela e nunca ouvira nada, tudo o que diziam era uma grande tolice.<\/p>\n<p>Passando pela oca onde os membros do conselho se reuniam, iam pressionar Iacan para que procurasse outra esposa. Ele se recusava e dizia que amava a esposa, ele preferia perder o posto de chefe e ser simplesmente um guerreiro comum, a se casar novamente.<br \/>\nIaran a situa\u00e7\u00e3o dif\u00edcil de seu marido e como cora\u00e7\u00e3o apertado, foi correndo at\u00e9 o rio, e sentando-se em baixa da \u00e1rvore preferida em prantos pensando em tudo que ouvira, ela sentia que era um empecilho para o marido por n\u00e3o ser m\u00e3e.<\/p>\n<p>Levantou-se e ia correr com firme prop\u00f3sito de se jogar no rio e deixar o seu amado livre, e para se despedir foi at\u00e9 a \u00e1rvore onde tantas vezes fizeram juras de amor eterno.<\/p>\n<p>Abra\u00e7ando-a e sua l\u00e1grimas escorrendo pelo rosto caindo pelo tronco e indo at\u00e9 as ra\u00edzes. Falava baixinho:Amiga de tantas alegrias e agora de tristezas profundas, venho me despedir, pois n\u00e3o consigo dar a alegria a meu marido de ser pai e estou atrapalhando-o, ent\u00e3o vou dar-lhe a liberdade que ele merece, e o libertarei das promessas que voc\u00ea tantas vezes ouvia.<\/p>\n<p>A \u00e1rvore estremeceu, ela afastou-se assustada, quando viu saindo do tronco um vulto de uma bel\u00edssima mulher com um vestido verde como as folhas e ornamentados por arabescos brancos, amarelos, rosas, lil\u00e1s, roxo em degrade. Iaran queria correr, mas estava petrificada e seus p\u00e9s presos ao ch\u00e3o, n\u00e3o conseguia se locomover.<\/p>\n<p>A bela mulher pedia para que se acalmasse e sorrindo dizia para n\u00e3o se assustar, que n\u00e3o lhe faria mal. Aos poucos foi se recuperando do susto e mais calma perguntou-lhe:-<\/p>\n<p>Como a senhora saiu de dentro da \u00e1rvore?<\/p>\n<p>Sou a fada esp\u00edrito das \u00e1rvores ornamentais, n\u00e3o tenha medo, eu conhe\u00e7o voc\u00ea e Iacan h\u00e1 muito tempo, ouvia suas juras de amor a minha sombra e me sentia feliz por ver esse amor t\u00e3o lindo florescendo. Minha amiga eu fiquei presa por muitos anos aqui nessa \u00e1rvore. O esp\u00edrito do mal na figura de uma mulher muito m\u00e1 l\u00e1 da parte escura da floresta e apontando para os lados daquelas montanhas bem longe onde s\u00f3 apareciam os picos; foi por despeito e inveja, n\u00e3o se conformava com a minha floresta de luz, onde o sol brilhava sempre e as flores v\u00e3o se espalhando por toda a parte deixando suas sementes tornando a floresta bela com seu colorido, onde os p\u00e1ssaros e animais se sentiam felizes.Essa malvada me enganou, transformando nessa \u00e1rvore sem flores e est\u00e9ril, deixando esse lugar triste. E que eu s\u00f3 ficaria livre do encanto quando uma mulher est\u00e9ril como me abra\u00e7asse e suas l\u00e1grimas molhassem minhas ra\u00edzes. Voc\u00ea desfez o encantamento e lhe devo aminha liberdade. \u00c9 por isso que n\u00e3o h\u00e1 flores por aqui e parece que os p\u00e1ssaros cantam tristes. A alegria vai voltar, s\u00f3 vai depender de voc\u00ea e Iacan, ter\u00e1 que procurar \u00e1rvores com flores, colher e traz\u00ea-las a cada lua cheia e coloc\u00e1-las nas ra\u00edzes desse pau-d\u2019arco. Preste muita aten\u00e7\u00e3o nas cores do meu vestido, sendo uma cor a cada lua cheia e n\u00e3o voltem aqui sen\u00e3o na pr\u00f3xima lua cheia.<\/p>\n<p>Mas, n\u00e3o existem flores por aqui, onde vamos ach\u00e1-las?<br \/>\nSe voc\u00ea quer realizar o seu sonho, tem que procurar onde estiver agora v\u00e1.<\/p>\n<p>Iaran saiu correndo e ainda parou e voltou-se, jogando um beijo comas m\u00e3os para a bela mulher, que sorrindo gritou:\uf02d Eu aceito esse afeto e desapareceu.<\/p>\n<p>Chegando toda alvoro\u00e7ada abra\u00e7ou o marido pedindo que viesse at\u00e9 a oca, ele a seguiu preocupado, o que ser\u00e1 que teria ocorrido.Sentou na rede, ela contou com detalhes o que havia acontecido, ele ficou surpreso e abra\u00e7ando-a, perguntou:\uf02d \u00c9 isso mesmo que voc\u00ea quer? Voc\u00ea acredita ser verdade?<\/p>\n<p>Eu acredito, \u00e9 verdade eu juro. Iacan ficou pensativo, mas n\u00e3o acreditando muito, mas para n\u00e3o contrari\u00e1-la, esta bem, a lua cheia \u00e9 amanh\u00e3.<\/p>\n<p>E qual a\u00e7or que vamos procurar em primeiro lugar?<br \/>\n<img loading=\"lazy\" decoding=\"async\" class=\"alignnone size-medium wp-image-3178\" src=\"https:\/\/www.delioandrade.com.br\/wp-content\/uploads\/2019\/09\/ipe-1-1-300x188.jpeg\" alt=\"\" width=\"300\" height=\"188\" srcset=\"https:\/\/www.p31noticias.com.br\/wp-content\/uploads\/2019\/09\/ipe-1-1-300x188.jpeg 300w, https:\/\/www.p31noticias.com.br\/wp-content\/uploads\/2019\/09\/ipe-1-1-768x480.jpeg 768w, https:\/\/www.p31noticias.com.br\/wp-content\/uploads\/2019\/09\/ipe-1-1-696x435.jpeg 696w, https:\/\/www.p31noticias.com.br\/wp-content\/uploads\/2019\/09\/ipe-1-1-672x420.jpeg 672w, https:\/\/www.p31noticias.com.br\/wp-content\/uploads\/2019\/09\/ipe-1-1.jpeg 800w\" sizes=\"auto, (max-width: 300px) 100vw, 300px\" \/>\u00a0Ela batia palmas, as amarelas.<\/p>\n<p>Na manh\u00e3 seguinte sa\u00edram logo cedo alegres, eles caminharam mata adentro hora e horas, olhando para todos por lados e quando as encontravam Iacan subia nas \u00e1rvores ou as colhiam nas ramagens escolhia as mais belas e as colhiam com todo o cuidado e carinho fazendo buqu\u00eas e as amarrava com cip\u00f3. Como duas crian\u00e7as felizes e sorridentes chegaram e depositaram todos os buqu\u00eas aos p\u00e9s da \u00e1rvore e iam e vinham do rio trazendo \u00e1gua para reg\u00e1-las. E num momento de muita alegria, abra\u00e7aram a \u00e1rvore e ao mesmo tempo:- N\u00f3s te amamos, realize o nosso desejo, a cor \u00e9 amarela e foram embora sem olhar para tr\u00e1s. A bela mulher que a tudo assistia olhou-os com muito amor e olhando para a copa da \u00e1rvore que ficou toda amarela com flores formada por pequenos buqu\u00eas deflores como eles haviam trazidos.<\/p>\n<p>Nas pr\u00f3ximas luas cheias l\u00e1 estavam eles com a mesma alegria levando os buqu\u00eas de flores, desta vez a cor brancas, e quando ao abra\u00e7\u00e1-la fazendo o mesmo pedido e dizendo a cor, quando olharam para cima, mas uma surpresa os esperavam, a \u00e1rvore estava toda florida com buqu\u00eas de flores amarelas t\u00e3o lindas, ficaram de boca aberta. O entusiasmo tomou conta dos dois, depositando as flores regando as e saindo sem olham para tr\u00e1s. O mesmo aconteceu com as outras cores: rosas, lil\u00e1s, roxa, iam vendo como se fossem milagre todas as cores de pau-d\u2019arco sendo colorido a cada lua cheia, formando um bosque maravilhoso com seu colorido dando ao lugar um encanto nunca visto em lugar algum.<\/p>\n<p>E com o passar do tempo a aldeia ficou toda cercada deflores indo at\u00e9 a beira do rio. Ent\u00e3o a bela mulher chamou-os embaixo da \u00e1rvore que eles haviam feito o pedido e disse:- Agora quem lhes agradece sou eu, por ter dado nova vida e beleza a toda minha floresta e quebrou o meu encanto.<\/p>\n<p>Voc\u00eas ter\u00e3o o desejo realizado, juntem suas m\u00e3os as minhas e aperto-as com carinho. S\u00f3 lhe pe\u00e7o que a partir de hoje essas flores sejam batizadas de ip\u00eas, elas ser\u00e3o sempre um encanto para os olhos, a beleza que simboliza o amor e a vida que Deus criou para nos doar esse imenso amor que nos dedica, e esse presente t\u00e3o belo para que possamos nos alegrar e lembrar que tudo \u00e9 cria\u00e7\u00e3o de nosso Pai Eterno e que devemos preserv\u00e1-la.Depois de alguns meses nasceram os filhos do cacique para completar a sua felicidade. O pai todo orgulhoso apertou-os em seus bra\u00e7os, os mais belos do mundo e anunciando que os filhos seriam chamados de Iaacan e a bela e risonha menina de Floripes que quer dizer \u201cflor de ip\u00ea\u201d.<\/p>\n<p>A felicidade foi morar novamente naquela aldeia rodeada de ip\u00eas coloridos por todas as partes.<\/p>\n<p>\u00c9 por isso que os ip\u00eas quando florescem caem as folhas e s\u00f3 ficam os buqu\u00eas que cobrem todas as copas dos ip\u00eas de pau-d\u2019arco.<\/p>\n<p>Os ip\u00eas s\u00e3o flores ornamentais de grande beleza que passaram a enfeitar e embelezar as matas, ruas, jardins para dar alegria e beleza a nossa vida.<\/p>\n<p>&nbsp;<\/p>\n<div id=\"div-gpt-ad-1559742464769-0\" data-google-query-id=\"CNDKuur1t-QCFURZwQodn70FTg\">\n<div id=\"google_ads_iframe_\/1020738\/right300x250_0__container__\"><\/div>\n<\/div>\n","protected":false},"excerpt":{"rendered":"<p>Conta-se que nessa \u00e9poca uma tribo de \u00edndios Caraj\u00e1s habitava ao norte do rio Amazonas. O seu chefe supremo era o cacique Iacan, ainda jovem, bonito, forte, valente um guerreiro respeitado pelas suas bravas fa\u00e7anhas na defesa de sua tribo e tradi\u00e7\u00f5es; era casado com a bela \u00edndia Iaran, que n\u00e3o tinham sido agraciados ainda [&hellip;]<\/p>\n","protected":false},"author":18,"featured_media":3177,"comment_status":"open","ping_status":"open","sticky":false,"template":"","format":"standard","meta":{"footnotes":""},"categories":[21],"tags":[207],"class_list":{"0":"post-3176","1":"post","2":"type-post","3":"status-publish","4":"format-standard","5":"has-post-thumbnail","7":"category-brasilia","8":"tag-ipesnaturezaipeamarelo"},"yoast_head":"<!-- This site is optimized with the Yoast SEO Premium plugin v24.5 (Yoast SEO v27.5) - https:\/\/yoast.com\/product\/yoast-seo-premium-wordpress\/ -->\n<title>A LENDA DOS IP\u00caS - P31<\/title>\n<meta name=\"robots\" content=\"index, follow, max-snippet:-1, max-image-preview:large, max-video-preview:-1\" \/>\n<link rel=\"canonical\" href=\"https:\/\/www.p31noticias.com.br\/?p=3176\" \/>\n<meta property=\"og:locale\" content=\"pt_BR\" \/>\n<meta property=\"og:type\" content=\"article\" \/>\n<meta property=\"og:title\" content=\"A LENDA DOS IP\u00caS\" \/>\n<meta property=\"og:description\" content=\"Conta-se que nessa \u00e9poca uma tribo de \u00edndios Caraj\u00e1s habitava ao norte do rio Amazonas. O seu chefe supremo era o cacique Iacan, ainda jovem, bonito, forte, valente um guerreiro respeitado pelas suas bravas fa\u00e7anhas na defesa de sua tribo e tradi\u00e7\u00f5es; era casado com a bela \u00edndia Iaran, que n\u00e3o tinham sido agraciados ainda [&hellip;]\" \/>\n<meta property=\"og:url\" content=\"https:\/\/www.p31noticias.com.br\/?p=3176\" \/>\n<meta property=\"og:site_name\" content=\"P31\" \/>\n<meta property=\"article:published_time\" content=\"2019-09-04T19:51:27+00:00\" \/>\n<meta property=\"og:image\" content=\"https:\/\/www.p31noticias.com.br\/wp-content\/uploads\/2019\/09\/ipe-1.jpg\" \/>\n\t<meta property=\"og:image:width\" content=\"636\" \/>\n\t<meta property=\"og:image:height\" content=\"850\" \/>\n\t<meta property=\"og:image:type\" content=\"image\/jpeg\" \/>\n<meta name=\"author\" content=\"Reda\u00e7\u00e3o JBN\" \/>\n<meta name=\"twitter:card\" content=\"summary_large_image\" \/>\n<meta name=\"twitter:label1\" content=\"Escrito por\" \/>\n\t<meta name=\"twitter:data1\" content=\"Reda\u00e7\u00e3o JBN\" \/>\n\t<meta name=\"twitter:label2\" content=\"Est. tempo de leitura\" \/>\n\t<meta name=\"twitter:data2\" content=\"8 minutos\" \/>\n<script type=\"application\/ld+json\" class=\"yoast-schema-graph\">{\"@context\":\"https:\\\/\\\/schema.org\",\"@graph\":[{\"@type\":\"Article\",\"@id\":\"https:\\\/\\\/www.p31noticias.com.br\\\/?p=3176#article\",\"isPartOf\":{\"@id\":\"https:\\\/\\\/www.p31noticias.com.br\\\/?p=3176\"},\"author\":{\"name\":\"Reda\u00e7\u00e3o JBN\",\"@id\":\"https:\\\/\\\/www.p31noticias.com.br\\\/#\\\/schema\\\/person\\\/77d6b186c710ac38937c6ec204fdd387\"},\"headline\":\"A LENDA DOS IP\u00caS\",\"datePublished\":\"2019-09-04T19:51:27+00:00\",\"mainEntityOfPage\":{\"@id\":\"https:\\\/\\\/www.p31noticias.com.br\\\/?p=3176\"},\"wordCount\":1514,\"commentCount\":0,\"image\":{\"@id\":\"https:\\\/\\\/www.p31noticias.com.br\\\/?p=3176#primaryimage\"},\"thumbnailUrl\":\"https:\\\/\\\/www.p31noticias.com.br\\\/wp-content\\\/uploads\\\/2019\\\/09\\\/ipe-1.jpg\",\"keywords\":[\"#ipes#natureza#ipeamarelo\"],\"articleSection\":[\"Bras\u00edlia\"],\"inLanguage\":\"pt-BR\",\"potentialAction\":[{\"@type\":\"CommentAction\",\"name\":\"Comment\",\"target\":[\"https:\\\/\\\/www.p31noticias.com.br\\\/?p=3176#respond\"]}],\"copyrightYear\":\"2019\",\"copyrightHolder\":{\"@id\":\"https:\\\/\\\/www.p31noticias.com.br\\\/#organization\"}},{\"@type\":\"WebPage\",\"@id\":\"https:\\\/\\\/www.p31noticias.com.br\\\/?p=3176\",\"url\":\"https:\\\/\\\/www.p31noticias.com.br\\\/?p=3176\",\"name\":\"A LENDA DOS IP\u00caS - P31\",\"isPartOf\":{\"@id\":\"https:\\\/\\\/www.p31noticias.com.br\\\/#website\"},\"primaryImageOfPage\":{\"@id\":\"https:\\\/\\\/www.p31noticias.com.br\\\/?p=3176#primaryimage\"},\"image\":{\"@id\":\"https:\\\/\\\/www.p31noticias.com.br\\\/?p=3176#primaryimage\"},\"thumbnailUrl\":\"https:\\\/\\\/www.p31noticias.com.br\\\/wp-content\\\/uploads\\\/2019\\\/09\\\/ipe-1.jpg\",\"datePublished\":\"2019-09-04T19:51:27+00:00\",\"author\":{\"@id\":\"https:\\\/\\\/www.p31noticias.com.br\\\/#\\\/schema\\\/person\\\/77d6b186c710ac38937c6ec204fdd387\"},\"breadcrumb\":{\"@id\":\"https:\\\/\\\/www.p31noticias.com.br\\\/?p=3176#breadcrumb\"},\"inLanguage\":\"pt-BR\",\"potentialAction\":[{\"@type\":\"ReadAction\",\"target\":[\"https:\\\/\\\/www.p31noticias.com.br\\\/?p=3176\"]}]},{\"@type\":\"ImageObject\",\"inLanguage\":\"pt-BR\",\"@id\":\"https:\\\/\\\/www.p31noticias.com.br\\\/?p=3176#primaryimage\",\"url\":\"https:\\\/\\\/www.p31noticias.com.br\\\/wp-content\\\/uploads\\\/2019\\\/09\\\/ipe-1.jpg\",\"contentUrl\":\"https:\\\/\\\/www.p31noticias.com.br\\\/wp-content\\\/uploads\\\/2019\\\/09\\\/ipe-1.jpg\",\"width\":636,\"height\":850},{\"@type\":\"BreadcrumbList\",\"@id\":\"https:\\\/\\\/www.p31noticias.com.br\\\/?p=3176#breadcrumb\",\"itemListElement\":[{\"@type\":\"ListItem\",\"position\":1,\"name\":\"In\u00edcio\",\"item\":\"https:\\\/\\\/www.p31noticias.com.br\\\/\"},{\"@type\":\"ListItem\",\"position\":2,\"name\":\"A LENDA DOS IP\u00caS\"}]},{\"@type\":\"WebSite\",\"@id\":\"https:\\\/\\\/www.p31noticias.com.br\\\/#website\",\"url\":\"https:\\\/\\\/www.p31noticias.com.br\\\/\",\"name\":\"P31\",\"description\":\"NOT\u00cdCIAS\",\"potentialAction\":[{\"@type\":\"SearchAction\",\"target\":{\"@type\":\"EntryPoint\",\"urlTemplate\":\"https:\\\/\\\/www.p31noticias.com.br\\\/?s={search_term_string}\"},\"query-input\":{\"@type\":\"PropertyValueSpecification\",\"valueRequired\":true,\"valueName\":\"search_term_string\"}}],\"inLanguage\":\"pt-BR\"},{\"@type\":\"Person\",\"@id\":\"https:\\\/\\\/www.p31noticias.com.br\\\/#\\\/schema\\\/person\\\/77d6b186c710ac38937c6ec204fdd387\",\"name\":\"Reda\u00e7\u00e3o JBN\",\"image\":{\"@type\":\"ImageObject\",\"inLanguage\":\"pt-BR\",\"@id\":\"https:\\\/\\\/secure.gravatar.com\\\/avatar\\\/10fcdb93211f98cce3d64c0795b0915a9a4a21dc0f279238995a3dbfafcad090?s=96&d=mm&r=g\",\"url\":\"https:\\\/\\\/secure.gravatar.com\\\/avatar\\\/10fcdb93211f98cce3d64c0795b0915a9a4a21dc0f279238995a3dbfafcad090?s=96&d=mm&r=g\",\"contentUrl\":\"https:\\\/\\\/secure.gravatar.com\\\/avatar\\\/10fcdb93211f98cce3d64c0795b0915a9a4a21dc0f279238995a3dbfafcad090?s=96&d=mm&r=g\",\"caption\":\"Reda\u00e7\u00e3o JBN\"},\"sameAs\":[\"https:\\\/\\\/p31noticias.com.br\"],\"url\":\"https:\\\/\\\/www.p31noticias.com.br\\\/?author=18\"}]}<\/script>\n<!-- \/ Yoast SEO Premium plugin. -->","yoast_head_json":{"title":"A LENDA DOS IP\u00caS - P31","robots":{"index":"index","follow":"follow","max-snippet":"max-snippet:-1","max-image-preview":"max-image-preview:large","max-video-preview":"max-video-preview:-1"},"canonical":"https:\/\/www.p31noticias.com.br\/?p=3176","og_locale":"pt_BR","og_type":"article","og_title":"A LENDA DOS IP\u00caS","og_description":"Conta-se que nessa \u00e9poca uma tribo de \u00edndios Caraj\u00e1s habitava ao norte do rio Amazonas. O seu chefe supremo era o cacique Iacan, ainda jovem, bonito, forte, valente um guerreiro respeitado pelas suas bravas fa\u00e7anhas na defesa de sua tribo e tradi\u00e7\u00f5es; era casado com a bela \u00edndia Iaran, que n\u00e3o tinham sido agraciados ainda [&hellip;]","og_url":"https:\/\/www.p31noticias.com.br\/?p=3176","og_site_name":"P31","article_published_time":"2019-09-04T19:51:27+00:00","og_image":[{"width":636,"height":850,"url":"https:\/\/www.p31noticias.com.br\/wp-content\/uploads\/2019\/09\/ipe-1.jpg","type":"image\/jpeg"}],"author":"Reda\u00e7\u00e3o JBN","twitter_card":"summary_large_image","twitter_misc":{"Escrito por":"Reda\u00e7\u00e3o JBN","Est. tempo de leitura":"8 minutos"},"schema":{"@context":"https:\/\/schema.org","@graph":[{"@type":"Article","@id":"https:\/\/www.p31noticias.com.br\/?p=3176#article","isPartOf":{"@id":"https:\/\/www.p31noticias.com.br\/?p=3176"},"author":{"name":"Reda\u00e7\u00e3o JBN","@id":"https:\/\/www.p31noticias.com.br\/#\/schema\/person\/77d6b186c710ac38937c6ec204fdd387"},"headline":"A LENDA DOS IP\u00caS","datePublished":"2019-09-04T19:51:27+00:00","mainEntityOfPage":{"@id":"https:\/\/www.p31noticias.com.br\/?p=3176"},"wordCount":1514,"commentCount":0,"image":{"@id":"https:\/\/www.p31noticias.com.br\/?p=3176#primaryimage"},"thumbnailUrl":"https:\/\/www.p31noticias.com.br\/wp-content\/uploads\/2019\/09\/ipe-1.jpg","keywords":["#ipes#natureza#ipeamarelo"],"articleSection":["Bras\u00edlia"],"inLanguage":"pt-BR","potentialAction":[{"@type":"CommentAction","name":"Comment","target":["https:\/\/www.p31noticias.com.br\/?p=3176#respond"]}],"copyrightYear":"2019","copyrightHolder":{"@id":"https:\/\/www.p31noticias.com.br\/#organization"}},{"@type":"WebPage","@id":"https:\/\/www.p31noticias.com.br\/?p=3176","url":"https:\/\/www.p31noticias.com.br\/?p=3176","name":"A LENDA DOS IP\u00caS - P31","isPartOf":{"@id":"https:\/\/www.p31noticias.com.br\/#website"},"primaryImageOfPage":{"@id":"https:\/\/www.p31noticias.com.br\/?p=3176#primaryimage"},"image":{"@id":"https:\/\/www.p31noticias.com.br\/?p=3176#primaryimage"},"thumbnailUrl":"https:\/\/www.p31noticias.com.br\/wp-content\/uploads\/2019\/09\/ipe-1.jpg","datePublished":"2019-09-04T19:51:27+00:00","author":{"@id":"https:\/\/www.p31noticias.com.br\/#\/schema\/person\/77d6b186c710ac38937c6ec204fdd387"},"breadcrumb":{"@id":"https:\/\/www.p31noticias.com.br\/?p=3176#breadcrumb"},"inLanguage":"pt-BR","potentialAction":[{"@type":"ReadAction","target":["https:\/\/www.p31noticias.com.br\/?p=3176"]}]},{"@type":"ImageObject","inLanguage":"pt-BR","@id":"https:\/\/www.p31noticias.com.br\/?p=3176#primaryimage","url":"https:\/\/www.p31noticias.com.br\/wp-content\/uploads\/2019\/09\/ipe-1.jpg","contentUrl":"https:\/\/www.p31noticias.com.br\/wp-content\/uploads\/2019\/09\/ipe-1.jpg","width":636,"height":850},{"@type":"BreadcrumbList","@id":"https:\/\/www.p31noticias.com.br\/?p=3176#breadcrumb","itemListElement":[{"@type":"ListItem","position":1,"name":"In\u00edcio","item":"https:\/\/www.p31noticias.com.br\/"},{"@type":"ListItem","position":2,"name":"A LENDA DOS IP\u00caS"}]},{"@type":"WebSite","@id":"https:\/\/www.p31noticias.com.br\/#website","url":"https:\/\/www.p31noticias.com.br\/","name":"P31","description":"NOT\u00cdCIAS","potentialAction":[{"@type":"SearchAction","target":{"@type":"EntryPoint","urlTemplate":"https:\/\/www.p31noticias.com.br\/?s={search_term_string}"},"query-input":{"@type":"PropertyValueSpecification","valueRequired":true,"valueName":"search_term_string"}}],"inLanguage":"pt-BR"},{"@type":"Person","@id":"https:\/\/www.p31noticias.com.br\/#\/schema\/person\/77d6b186c710ac38937c6ec204fdd387","name":"Reda\u00e7\u00e3o JBN","image":{"@type":"ImageObject","inLanguage":"pt-BR","@id":"https:\/\/secure.gravatar.com\/avatar\/10fcdb93211f98cce3d64c0795b0915a9a4a21dc0f279238995a3dbfafcad090?s=96&d=mm&r=g","url":"https:\/\/secure.gravatar.com\/avatar\/10fcdb93211f98cce3d64c0795b0915a9a4a21dc0f279238995a3dbfafcad090?s=96&d=mm&r=g","contentUrl":"https:\/\/secure.gravatar.com\/avatar\/10fcdb93211f98cce3d64c0795b0915a9a4a21dc0f279238995a3dbfafcad090?s=96&d=mm&r=g","caption":"Reda\u00e7\u00e3o JBN"},"sameAs":["https:\/\/p31noticias.com.br"],"url":"https:\/\/www.p31noticias.com.br\/?author=18"}]}},"amp_enabled":true,"_links":{"self":[{"href":"https:\/\/www.p31noticias.com.br\/index.php?rest_route=\/wp\/v2\/posts\/3176","targetHints":{"allow":["GET"]}}],"collection":[{"href":"https:\/\/www.p31noticias.com.br\/index.php?rest_route=\/wp\/v2\/posts"}],"about":[{"href":"https:\/\/www.p31noticias.com.br\/index.php?rest_route=\/wp\/v2\/types\/post"}],"author":[{"embeddable":true,"href":"https:\/\/www.p31noticias.com.br\/index.php?rest_route=\/wp\/v2\/users\/18"}],"replies":[{"embeddable":true,"href":"https:\/\/www.p31noticias.com.br\/index.php?rest_route=%2Fwp%2Fv2%2Fcomments&post=3176"}],"version-history":[{"count":0,"href":"https:\/\/www.p31noticias.com.br\/index.php?rest_route=\/wp\/v2\/posts\/3176\/revisions"}],"wp:featuredmedia":[{"embeddable":true,"href":"https:\/\/www.p31noticias.com.br\/index.php?rest_route=\/wp\/v2\/media\/3177"}],"wp:attachment":[{"href":"https:\/\/www.p31noticias.com.br\/index.php?rest_route=%2Fwp%2Fv2%2Fmedia&parent=3176"}],"wp:term":[{"taxonomy":"category","embeddable":true,"href":"https:\/\/www.p31noticias.com.br\/index.php?rest_route=%2Fwp%2Fv2%2Fcategories&post=3176"},{"taxonomy":"post_tag","embeddable":true,"href":"https:\/\/www.p31noticias.com.br\/index.php?rest_route=%2Fwp%2Fv2%2Ftags&post=3176"}],"curies":[{"name":"wp","href":"https:\/\/api.w.org\/{rel}","templated":true}]}}