{"id":31728,"date":"2023-11-07T20:05:59","date_gmt":"2023-11-07T23:05:59","guid":{"rendered":"https:\/\/p31noticias.com.br\/lider-de-quadrilha-que-clonava-zap-de-ministros-e-preso-em-pe\/"},"modified":"2023-11-07T20:05:59","modified_gmt":"2023-11-07T23:05:59","slug":"lider-de-quadrilha-que-clonava-zap-de-ministros-e-preso-em-pe","status":"publish","type":"post","link":"https:\/\/www.p31noticias.com.br\/?p=31728","title":{"rendered":"L\u00edder de quadrilha que clonava \u201czap\u201d de ministros \u00e9 preso em PE"},"content":{"rendered":"<p>A Pol\u00edcia Civil do Distrito Federal (PCDF) prendeu um dos l\u00edderes da quadrilha que se passava por ministros do presidente Luiz In\u00e1cio Lula da Silva (PT) para aplicar golpes. O investigado foi detido durante cumprimento de busca e apreens\u00e3o no \u00e2mbito da Opera\u00e7\u00e3o Alto Escal\u00e3o, deflagrada na manh\u00e3 desta ter\u00e7a-feira (7\/11). Assista: Identificado como Jos\u00e9 [\u2026]<\/p>\n<p>O post <a href=\"https:\/\/www.delioandrade.com.br\/lider-de-quadrilha-que-clonava-zap-de-ministros-e-preso-em-pe\/\">L\u00edder de quadrilha que clonava \u201czap\u201d de ministros \u00e9 preso em PE<\/a> apareceu primeiro em <a href=\"https:\/\/www.delioandrade.com.br\/\">Blog do D\u00c9LIO ANDRADE<\/a>.<\/p>\n","protected":false},"excerpt":{"rendered":"<p>A Pol\u00edcia Civil do Distrito Federal (PCDF) prendeu um dos l\u00edderes da quadrilha que se passava por ministros do presidente Luiz In\u00e1cio Lula da Silva (PT) para aplicar golpes. O investigado foi detido durante cumprimento de busca e apreens\u00e3o no \u00e2mbito da Opera\u00e7\u00e3o Alto Escal\u00e3o, deflagrada na manh\u00e3 desta ter\u00e7a-feira (7\/11). Assista: Identificado como Jos\u00e9 [&hellip;]<\/p>\n","protected":false},"author":0,"featured_media":31725,"comment_status":"open","ping_status":"open","sticky":false,"template":"","format":"standard","meta":{"footnotes":""},"categories":[21],"tags":[],"class_list":{"0":"post-31728","1":"post","2":"type-post","3":"status-publish","4":"format-standard","5":"has-post-thumbnail","7":"category-brasilia"},"yoast_head":"<!-- This site is optimized with the Yoast SEO Premium plugin v24.5 (Yoast SEO v27.4) - https:\/\/yoast.com\/product\/yoast-seo-premium-wordpress\/ -->\n<title>L\u00edder de quadrilha que clonava \u201czap\u201d de ministros \u00e9 preso em PE - P31<\/title>\n<meta name=\"robots\" content=\"index, follow, max-snippet:-1, max-image-preview:large, max-video-preview:-1\" \/>\n<link rel=\"canonical\" href=\"https:\/\/www.p31noticias.com.br\/?p=31728\" \/>\n<meta property=\"og:locale\" content=\"pt_BR\" \/>\n<meta property=\"og:type\" content=\"article\" \/>\n<meta property=\"og:title\" content=\"L\u00edder de quadrilha que clonava \u201czap\u201d de ministros \u00e9 preso em PE\" \/>\n<meta property=\"og:description\" content=\"A Pol\u00edcia Civil do Distrito Federal (PCDF) prendeu um dos l\u00edderes da quadrilha que se passava por ministros do presidente Luiz In\u00e1cio Lula da Silva (PT) para aplicar golpes. O investigado foi detido durante cumprimento de busca e apreens\u00e3o no \u00e2mbito da Opera\u00e7\u00e3o Alto Escal\u00e3o, deflagrada na manh\u00e3 desta ter\u00e7a-feira (7\/11). Assista: Identificado como Jos\u00e9 [&hellip;]\" \/>\n<meta property=\"og:url\" content=\"https:\/\/www.p31noticias.com.br\/?p=31728\" \/>\n<meta property=\"og:site_name\" content=\"P31\" \/>\n<meta property=\"article:published_time\" content=\"2023-11-07T23:05:59+00:00\" \/>\n<meta property=\"og:image\" content=\"https:\/\/www.p31noticias.com.br\/wp-content\/uploads\/2023\/11\/juscelino-filho-ministro-das-comunicacoes-1024x683-363BEQ-150x150-OA8a1H.jpeg\" \/>\n\t<meta property=\"og:image:width\" content=\"150\" \/>\n\t<meta property=\"og:image:height\" content=\"150\" \/>\n\t<meta property=\"og:image:type\" content=\"image\/jpeg\" \/>\n<meta name=\"twitter:card\" content=\"summary_large_image\" \/>\n<script type=\"application\/ld+json\" class=\"yoast-schema-graph\">{\"@context\":\"https:\\\/\\\/schema.org\",\"@graph\":[{\"@type\":\"Article\",\"@id\":\"https:\\\/\\\/www.p31noticias.com.br\\\/?p=31728#article\",\"isPartOf\":{\"@id\":\"https:\\\/\\\/www.p31noticias.com.br\\\/?p=31728\"},\"author\":{\"name\":\"\",\"@id\":\"\"},\"headline\":\"L\u00edder de quadrilha que clonava \u201czap\u201d de ministros \u00e9 preso em PE\",\"datePublished\":\"2023-11-07T23:05:59+00:00\",\"mainEntityOfPage\":{\"@id\":\"https:\\\/\\\/www.p31noticias.com.br\\\/?p=31728\"},\"wordCount\":95,\"commentCount\":0,\"image\":{\"@id\":\"https:\\\/\\\/www.p31noticias.com.br\\\/?p=31728#primaryimage\"},\"thumbnailUrl\":\"https:\\\/\\\/www.p31noticias.com.br\\\/wp-content\\\/uploads\\\/2023\\\/11\\\/juscelino-filho-ministro-das-comunicacoes-1024x683-363BEQ-150x150-OA8a1H.jpeg\",\"articleSection\":[\"Bras\u00edlia\"],\"inLanguage\":\"pt-BR\",\"potentialAction\":[{\"@type\":\"CommentAction\",\"name\":\"Comment\",\"target\":[\"https:\\\/\\\/www.p31noticias.com.br\\\/?p=31728#respond\"]}],\"copyrightYear\":\"2023\",\"copyrightHolder\":{\"@id\":\"https:\\\/\\\/www.p31noticias.com.br\\\/#organization\"}},{\"@type\":\"WebPage\",\"@id\":\"https:\\\/\\\/www.p31noticias.com.br\\\/?p=31728\",\"url\":\"https:\\\/\\\/www.p31noticias.com.br\\\/?p=31728\",\"name\":\"L\u00edder de quadrilha que clonava \u201czap\u201d de ministros \u00e9 preso em PE - P31\",\"isPartOf\":{\"@id\":\"https:\\\/\\\/www.p31noticias.com.br\\\/#website\"},\"primaryImageOfPage\":{\"@id\":\"https:\\\/\\\/www.p31noticias.com.br\\\/?p=31728#primaryimage\"},\"image\":{\"@id\":\"https:\\\/\\\/www.p31noticias.com.br\\\/?p=31728#primaryimage\"},\"thumbnailUrl\":\"https:\\\/\\\/www.p31noticias.com.br\\\/wp-content\\\/uploads\\\/2023\\\/11\\\/juscelino-filho-ministro-das-comunicacoes-1024x683-363BEQ-150x150-OA8a1H.jpeg\",\"datePublished\":\"2023-11-07T23:05:59+00:00\",\"author\":{\"@id\":\"\"},\"breadcrumb\":{\"@id\":\"https:\\\/\\\/www.p31noticias.com.br\\\/?p=31728#breadcrumb\"},\"inLanguage\":\"pt-BR\",\"potentialAction\":[{\"@type\":\"ReadAction\",\"target\":[\"https:\\\/\\\/www.p31noticias.com.br\\\/?p=31728\"]}]},{\"@type\":\"ImageObject\",\"inLanguage\":\"pt-BR\",\"@id\":\"https:\\\/\\\/www.p31noticias.com.br\\\/?p=31728#primaryimage\",\"url\":\"https:\\\/\\\/www.p31noticias.com.br\\\/wp-content\\\/uploads\\\/2023\\\/11\\\/juscelino-filho-ministro-das-comunicacoes-1024x683-363BEQ-150x150-OA8a1H.jpeg\",\"contentUrl\":\"https:\\\/\\\/www.p31noticias.com.br\\\/wp-content\\\/uploads\\\/2023\\\/11\\\/juscelino-filho-ministro-das-comunicacoes-1024x683-363BEQ-150x150-OA8a1H.jpeg\",\"width\":150,\"height\":150},{\"@type\":\"BreadcrumbList\",\"@id\":\"https:\\\/\\\/www.p31noticias.com.br\\\/?p=31728#breadcrumb\",\"itemListElement\":[{\"@type\":\"ListItem\",\"position\":1,\"name\":\"In\u00edcio\",\"item\":\"https:\\\/\\\/www.p31noticias.com.br\\\/\"},{\"@type\":\"ListItem\",\"position\":2,\"name\":\"L\u00edder de quadrilha que clonava \u201czap\u201d de ministros \u00e9 preso em PE\"}]},{\"@type\":\"WebSite\",\"@id\":\"https:\\\/\\\/www.p31noticias.com.br\\\/#website\",\"url\":\"https:\\\/\\\/www.p31noticias.com.br\\\/\",\"name\":\"P31\",\"description\":\"NOT\u00cdCIAS\",\"potentialAction\":[{\"@type\":\"SearchAction\",\"target\":{\"@type\":\"EntryPoint\",\"urlTemplate\":\"https:\\\/\\\/www.p31noticias.com.br\\\/?s={search_term_string}\"},\"query-input\":{\"@type\":\"PropertyValueSpecification\",\"valueRequired\":true,\"valueName\":\"search_term_string\"}}],\"inLanguage\":\"pt-BR\"}]}<\/script>\n<!-- \/ Yoast SEO Premium plugin. -->","yoast_head_json":{"title":"L\u00edder de quadrilha que clonava \u201czap\u201d de ministros \u00e9 preso em PE - P31","robots":{"index":"index","follow":"follow","max-snippet":"max-snippet:-1","max-image-preview":"max-image-preview:large","max-video-preview":"max-video-preview:-1"},"canonical":"https:\/\/www.p31noticias.com.br\/?p=31728","og_locale":"pt_BR","og_type":"article","og_title":"L\u00edder de quadrilha que clonava \u201czap\u201d de ministros \u00e9 preso em PE","og_description":"A Pol\u00edcia Civil do Distrito Federal (PCDF) prendeu um dos l\u00edderes da quadrilha que se passava por ministros do presidente Luiz In\u00e1cio Lula da Silva (PT) para aplicar golpes. O investigado foi detido durante cumprimento de busca e apreens\u00e3o no \u00e2mbito da Opera\u00e7\u00e3o Alto Escal\u00e3o, deflagrada na manh\u00e3 desta ter\u00e7a-feira (7\/11). Assista: Identificado como Jos\u00e9 [&hellip;]","og_url":"https:\/\/www.p31noticias.com.br\/?p=31728","og_site_name":"P31","article_published_time":"2023-11-07T23:05:59+00:00","og_image":[{"width":150,"height":150,"url":"https:\/\/www.p31noticias.com.br\/wp-content\/uploads\/2023\/11\/juscelino-filho-ministro-das-comunicacoes-1024x683-363BEQ-150x150-OA8a1H.jpeg","type":"image\/jpeg"}],"twitter_card":"summary_large_image","schema":{"@context":"https:\/\/schema.org","@graph":[{"@type":"Article","@id":"https:\/\/www.p31noticias.com.br\/?p=31728#article","isPartOf":{"@id":"https:\/\/www.p31noticias.com.br\/?p=31728"},"author":{"name":"","@id":""},"headline":"L\u00edder de quadrilha que clonava \u201czap\u201d de ministros \u00e9 preso em PE","datePublished":"2023-11-07T23:05:59+00:00","mainEntityOfPage":{"@id":"https:\/\/www.p31noticias.com.br\/?p=31728"},"wordCount":95,"commentCount":0,"image":{"@id":"https:\/\/www.p31noticias.com.br\/?p=31728#primaryimage"},"thumbnailUrl":"https:\/\/www.p31noticias.com.br\/wp-content\/uploads\/2023\/11\/juscelino-filho-ministro-das-comunicacoes-1024x683-363BEQ-150x150-OA8a1H.jpeg","articleSection":["Bras\u00edlia"],"inLanguage":"pt-BR","potentialAction":[{"@type":"CommentAction","name":"Comment","target":["https:\/\/www.p31noticias.com.br\/?p=31728#respond"]}],"copyrightYear":"2023","copyrightHolder":{"@id":"https:\/\/www.p31noticias.com.br\/#organization"}},{"@type":"WebPage","@id":"https:\/\/www.p31noticias.com.br\/?p=31728","url":"https:\/\/www.p31noticias.com.br\/?p=31728","name":"L\u00edder de quadrilha que clonava \u201czap\u201d de ministros \u00e9 preso em PE - P31","isPartOf":{"@id":"https:\/\/www.p31noticias.com.br\/#website"},"primaryImageOfPage":{"@id":"https:\/\/www.p31noticias.com.br\/?p=31728#primaryimage"},"image":{"@id":"https:\/\/www.p31noticias.com.br\/?p=31728#primaryimage"},"thumbnailUrl":"https:\/\/www.p31noticias.com.br\/wp-content\/uploads\/2023\/11\/juscelino-filho-ministro-das-comunicacoes-1024x683-363BEQ-150x150-OA8a1H.jpeg","datePublished":"2023-11-07T23:05:59+00:00","author":{"@id":""},"breadcrumb":{"@id":"https:\/\/www.p31noticias.com.br\/?p=31728#breadcrumb"},"inLanguage":"pt-BR","potentialAction":[{"@type":"ReadAction","target":["https:\/\/www.p31noticias.com.br\/?p=31728"]}]},{"@type":"ImageObject","inLanguage":"pt-BR","@id":"https:\/\/www.p31noticias.com.br\/?p=31728#primaryimage","url":"https:\/\/www.p31noticias.com.br\/wp-content\/uploads\/2023\/11\/juscelino-filho-ministro-das-comunicacoes-1024x683-363BEQ-150x150-OA8a1H.jpeg","contentUrl":"https:\/\/www.p31noticias.com.br\/wp-content\/uploads\/2023\/11\/juscelino-filho-ministro-das-comunicacoes-1024x683-363BEQ-150x150-OA8a1H.jpeg","width":150,"height":150},{"@type":"BreadcrumbList","@id":"https:\/\/www.p31noticias.com.br\/?p=31728#breadcrumb","itemListElement":[{"@type":"ListItem","position":1,"name":"In\u00edcio","item":"https:\/\/www.p31noticias.com.br\/"},{"@type":"ListItem","position":2,"name":"L\u00edder de quadrilha que clonava \u201czap\u201d de ministros \u00e9 preso em PE"}]},{"@type":"WebSite","@id":"https:\/\/www.p31noticias.com.br\/#website","url":"https:\/\/www.p31noticias.com.br\/","name":"P31","description":"NOT\u00cdCIAS","potentialAction":[{"@type":"SearchAction","target":{"@type":"EntryPoint","urlTemplate":"https:\/\/www.p31noticias.com.br\/?s={search_term_string}"},"query-input":{"@type":"PropertyValueSpecification","valueRequired":true,"valueName":"search_term_string"}}],"inLanguage":"pt-BR"}]}},"amp_enabled":true,"_links":{"self":[{"href":"https:\/\/www.p31noticias.com.br\/index.php?rest_route=\/wp\/v2\/posts\/31728","targetHints":{"allow":["GET"]}}],"collection":[{"href":"https:\/\/www.p31noticias.com.br\/index.php?rest_route=\/wp\/v2\/posts"}],"about":[{"href":"https:\/\/www.p31noticias.com.br\/index.php?rest_route=\/wp\/v2\/types\/post"}],"replies":[{"embeddable":true,"href":"https:\/\/www.p31noticias.com.br\/index.php?rest_route=%2Fwp%2Fv2%2Fcomments&post=31728"}],"version-history":[{"count":0,"href":"https:\/\/www.p31noticias.com.br\/index.php?rest_route=\/wp\/v2\/posts\/31728\/revisions"}],"wp:featuredmedia":[{"embeddable":true,"href":"https:\/\/www.p31noticias.com.br\/index.php?rest_route=\/wp\/v2\/media\/31725"}],"wp:attachment":[{"href":"https:\/\/www.p31noticias.com.br\/index.php?rest_route=%2Fwp%2Fv2%2Fmedia&parent=31728"}],"wp:term":[{"taxonomy":"category","embeddable":true,"href":"https:\/\/www.p31noticias.com.br\/index.php?rest_route=%2Fwp%2Fv2%2Fcategories&post=31728"},{"taxonomy":"post_tag","embeddable":true,"href":"https:\/\/www.p31noticias.com.br\/index.php?rest_route=%2Fwp%2Fv2%2Ftags&post=31728"}],"curies":[{"name":"wp","href":"https:\/\/api.w.org\/{rel}","templated":true}]}}