{"id":31718,"date":"2023-11-07T17:06:18","date_gmt":"2023-11-07T20:06:18","guid":{"rendered":"https:\/\/p31noticias.com.br\/praticas-integrativas-em-saude-sao-estrategia-contra-crises-de-enxaqueca\/"},"modified":"2023-11-07T17:06:18","modified_gmt":"2023-11-07T20:06:18","slug":"praticas-integrativas-em-saude-sao-estrategia-contra-crises-de-enxaqueca","status":"publish","type":"post","link":"https:\/\/www.p31noticias.com.br\/?p=31718","title":{"rendered":"Pr\u00e1ticas integrativas em sa\u00fade s\u00e3o estrat\u00e9gia contra crises de enxaqueca"},"content":{"rendered":"<p>Uma dor de cabe\u00e7a que impede at\u00e9 mesmo apreciar a luz do sol. A enxaqueca, condi\u00e7\u00e3o que afeta milh\u00f5es de pessoas em todo o mundo, vai al\u00e9m da simples cefaleia. Segundo a Organiza\u00e7\u00e3o Mundial da Sa\u00fade (OMS), a enfermidade \u00e9 a segunda maior causa de incapacidade global, ficando atr\u00e1s apenas da lombalgia. Geralmente, ela surge [\u2026]<\/p>\n<p>O post <a href=\"https:\/\/www.delioandrade.com.br\/praticas-integrativas-em-saude-sao-estrategia-contra-crises-de-enxaqueca\/\">Pr\u00e1ticas integrativas em sa\u00fade s\u00e3o estrat\u00e9gia contra crises de enxaqueca<\/a> apareceu primeiro em <a href=\"https:\/\/www.delioandrade.com.br\/\">Blog do D\u00c9LIO ANDRADE<\/a>.<\/p>\n","protected":false},"excerpt":{"rendered":"<p>Uma dor de cabe\u00e7a que impede at\u00e9 mesmo apreciar a luz do sol. A enxaqueca, condi\u00e7\u00e3o que afeta milh\u00f5es de pessoas em todo o mundo, vai al\u00e9m da simples cefaleia. Segundo a Organiza\u00e7\u00e3o Mundial da Sa\u00fade (OMS), a enfermidade \u00e9 a segunda maior causa de incapacidade global, ficando atr\u00e1s apenas da lombalgia. Geralmente, ela surge [&hellip;]<\/p>\n","protected":false},"author":0,"featured_media":31719,"comment_status":"open","ping_status":"open","sticky":false,"template":"","format":"standard","meta":{"footnotes":""},"categories":[21],"tags":[],"class_list":{"0":"post-31718","1":"post","2":"type-post","3":"status-publish","4":"format-standard","5":"has-post-thumbnail","7":"category-brasilia"},"yoast_head":"<!-- This site is optimized with the Yoast SEO Premium plugin v24.5 (Yoast SEO v27.4) - https:\/\/yoast.com\/product\/yoast-seo-premium-wordpress\/ -->\n<title>Pr\u00e1ticas integrativas em sa\u00fade s\u00e3o estrat\u00e9gia contra crises de enxaqueca - P31<\/title>\n<meta name=\"robots\" content=\"index, follow, max-snippet:-1, max-image-preview:large, max-video-preview:-1\" \/>\n<link rel=\"canonical\" href=\"https:\/\/www.p31noticias.com.br\/?p=31718\" \/>\n<meta property=\"og:locale\" content=\"pt_BR\" \/>\n<meta property=\"og:type\" content=\"article\" \/>\n<meta property=\"og:title\" content=\"Pr\u00e1ticas integrativas em sa\u00fade s\u00e3o estrat\u00e9gia contra crises de enxaqueca\" \/>\n<meta property=\"og:description\" content=\"Uma dor de cabe\u00e7a que impede at\u00e9 mesmo apreciar a luz do sol. A enxaqueca, condi\u00e7\u00e3o que afeta milh\u00f5es de pessoas em todo o mundo, vai al\u00e9m da simples cefaleia. Segundo a Organiza\u00e7\u00e3o Mundial da Sa\u00fade (OMS), a enfermidade \u00e9 a segunda maior causa de incapacidade global, ficando atr\u00e1s apenas da lombalgia. Geralmente, ela surge [&hellip;]\" \/>\n<meta property=\"og:url\" content=\"https:\/\/www.p31noticias.com.br\/?p=31718\" \/>\n<meta property=\"og:site_name\" content=\"P31\" \/>\n<meta property=\"article:published_time\" content=\"2023-11-07T20:06:18+00:00\" \/>\n<meta property=\"og:image\" content=\"https:\/\/www.p31noticias.com.br\/wp-content\/uploads\/2023\/11\/Enxaqueca_Foto-Sandro-Araujo-bjGJGG-150x150-2eeMdr.jpeg\" \/>\n\t<meta property=\"og:image:width\" content=\"150\" \/>\n\t<meta property=\"og:image:height\" content=\"150\" \/>\n\t<meta property=\"og:image:type\" content=\"image\/jpeg\" \/>\n<meta name=\"twitter:card\" content=\"summary_large_image\" \/>\n<script type=\"application\/ld+json\" class=\"yoast-schema-graph\">{\"@context\":\"https:\\\/\\\/schema.org\",\"@graph\":[{\"@type\":\"Article\",\"@id\":\"https:\\\/\\\/www.p31noticias.com.br\\\/?p=31718#article\",\"isPartOf\":{\"@id\":\"https:\\\/\\\/www.p31noticias.com.br\\\/?p=31718\"},\"author\":{\"name\":\"\",\"@id\":\"\"},\"headline\":\"Pr\u00e1ticas integrativas em sa\u00fade s\u00e3o estrat\u00e9gia contra crises de enxaqueca\",\"datePublished\":\"2023-11-07T20:06:18+00:00\",\"mainEntityOfPage\":{\"@id\":\"https:\\\/\\\/www.p31noticias.com.br\\\/?p=31718\"},\"wordCount\":99,\"commentCount\":0,\"image\":{\"@id\":\"https:\\\/\\\/www.p31noticias.com.br\\\/?p=31718#primaryimage\"},\"thumbnailUrl\":\"https:\\\/\\\/www.p31noticias.com.br\\\/wp-content\\\/uploads\\\/2023\\\/11\\\/Enxaqueca_Foto-Sandro-Araujo-bjGJGG-150x150-2eeMdr.jpeg\",\"articleSection\":[\"Bras\u00edlia\"],\"inLanguage\":\"pt-BR\",\"potentialAction\":[{\"@type\":\"CommentAction\",\"name\":\"Comment\",\"target\":[\"https:\\\/\\\/www.p31noticias.com.br\\\/?p=31718#respond\"]}],\"copyrightYear\":\"2023\",\"copyrightHolder\":{\"@id\":\"https:\\\/\\\/www.p31noticias.com.br\\\/#organization\"}},{\"@type\":\"WebPage\",\"@id\":\"https:\\\/\\\/www.p31noticias.com.br\\\/?p=31718\",\"url\":\"https:\\\/\\\/www.p31noticias.com.br\\\/?p=31718\",\"name\":\"Pr\u00e1ticas integrativas em sa\u00fade s\u00e3o estrat\u00e9gia contra crises de enxaqueca - P31\",\"isPartOf\":{\"@id\":\"https:\\\/\\\/www.p31noticias.com.br\\\/#website\"},\"primaryImageOfPage\":{\"@id\":\"https:\\\/\\\/www.p31noticias.com.br\\\/?p=31718#primaryimage\"},\"image\":{\"@id\":\"https:\\\/\\\/www.p31noticias.com.br\\\/?p=31718#primaryimage\"},\"thumbnailUrl\":\"https:\\\/\\\/www.p31noticias.com.br\\\/wp-content\\\/uploads\\\/2023\\\/11\\\/Enxaqueca_Foto-Sandro-Araujo-bjGJGG-150x150-2eeMdr.jpeg\",\"datePublished\":\"2023-11-07T20:06:18+00:00\",\"author\":{\"@id\":\"\"},\"breadcrumb\":{\"@id\":\"https:\\\/\\\/www.p31noticias.com.br\\\/?p=31718#breadcrumb\"},\"inLanguage\":\"pt-BR\",\"potentialAction\":[{\"@type\":\"ReadAction\",\"target\":[\"https:\\\/\\\/www.p31noticias.com.br\\\/?p=31718\"]}]},{\"@type\":\"ImageObject\",\"inLanguage\":\"pt-BR\",\"@id\":\"https:\\\/\\\/www.p31noticias.com.br\\\/?p=31718#primaryimage\",\"url\":\"https:\\\/\\\/www.p31noticias.com.br\\\/wp-content\\\/uploads\\\/2023\\\/11\\\/Enxaqueca_Foto-Sandro-Araujo-bjGJGG-150x150-2eeMdr.jpeg\",\"contentUrl\":\"https:\\\/\\\/www.p31noticias.com.br\\\/wp-content\\\/uploads\\\/2023\\\/11\\\/Enxaqueca_Foto-Sandro-Araujo-bjGJGG-150x150-2eeMdr.jpeg\",\"width\":150,\"height\":150},{\"@type\":\"BreadcrumbList\",\"@id\":\"https:\\\/\\\/www.p31noticias.com.br\\\/?p=31718#breadcrumb\",\"itemListElement\":[{\"@type\":\"ListItem\",\"position\":1,\"name\":\"In\u00edcio\",\"item\":\"https:\\\/\\\/www.p31noticias.com.br\\\/\"},{\"@type\":\"ListItem\",\"position\":2,\"name\":\"Pr\u00e1ticas integrativas em sa\u00fade s\u00e3o estrat\u00e9gia contra crises de enxaqueca\"}]},{\"@type\":\"WebSite\",\"@id\":\"https:\\\/\\\/www.p31noticias.com.br\\\/#website\",\"url\":\"https:\\\/\\\/www.p31noticias.com.br\\\/\",\"name\":\"P31\",\"description\":\"NOT\u00cdCIAS\",\"potentialAction\":[{\"@type\":\"SearchAction\",\"target\":{\"@type\":\"EntryPoint\",\"urlTemplate\":\"https:\\\/\\\/www.p31noticias.com.br\\\/?s={search_term_string}\"},\"query-input\":{\"@type\":\"PropertyValueSpecification\",\"valueRequired\":true,\"valueName\":\"search_term_string\"}}],\"inLanguage\":\"pt-BR\"}]}<\/script>\n<!-- \/ Yoast SEO Premium plugin. -->","yoast_head_json":{"title":"Pr\u00e1ticas integrativas em sa\u00fade s\u00e3o estrat\u00e9gia contra crises de enxaqueca - P31","robots":{"index":"index","follow":"follow","max-snippet":"max-snippet:-1","max-image-preview":"max-image-preview:large","max-video-preview":"max-video-preview:-1"},"canonical":"https:\/\/www.p31noticias.com.br\/?p=31718","og_locale":"pt_BR","og_type":"article","og_title":"Pr\u00e1ticas integrativas em sa\u00fade s\u00e3o estrat\u00e9gia contra crises de enxaqueca","og_description":"Uma dor de cabe\u00e7a que impede at\u00e9 mesmo apreciar a luz do sol. A enxaqueca, condi\u00e7\u00e3o que afeta milh\u00f5es de pessoas em todo o mundo, vai al\u00e9m da simples cefaleia. Segundo a Organiza\u00e7\u00e3o Mundial da Sa\u00fade (OMS), a enfermidade \u00e9 a segunda maior causa de incapacidade global, ficando atr\u00e1s apenas da lombalgia. Geralmente, ela surge [&hellip;]","og_url":"https:\/\/www.p31noticias.com.br\/?p=31718","og_site_name":"P31","article_published_time":"2023-11-07T20:06:18+00:00","og_image":[{"width":150,"height":150,"url":"https:\/\/www.p31noticias.com.br\/wp-content\/uploads\/2023\/11\/Enxaqueca_Foto-Sandro-Araujo-bjGJGG-150x150-2eeMdr.jpeg","type":"image\/jpeg"}],"twitter_card":"summary_large_image","schema":{"@context":"https:\/\/schema.org","@graph":[{"@type":"Article","@id":"https:\/\/www.p31noticias.com.br\/?p=31718#article","isPartOf":{"@id":"https:\/\/www.p31noticias.com.br\/?p=31718"},"author":{"name":"","@id":""},"headline":"Pr\u00e1ticas integrativas em sa\u00fade s\u00e3o estrat\u00e9gia contra crises de enxaqueca","datePublished":"2023-11-07T20:06:18+00:00","mainEntityOfPage":{"@id":"https:\/\/www.p31noticias.com.br\/?p=31718"},"wordCount":99,"commentCount":0,"image":{"@id":"https:\/\/www.p31noticias.com.br\/?p=31718#primaryimage"},"thumbnailUrl":"https:\/\/www.p31noticias.com.br\/wp-content\/uploads\/2023\/11\/Enxaqueca_Foto-Sandro-Araujo-bjGJGG-150x150-2eeMdr.jpeg","articleSection":["Bras\u00edlia"],"inLanguage":"pt-BR","potentialAction":[{"@type":"CommentAction","name":"Comment","target":["https:\/\/www.p31noticias.com.br\/?p=31718#respond"]}],"copyrightYear":"2023","copyrightHolder":{"@id":"https:\/\/www.p31noticias.com.br\/#organization"}},{"@type":"WebPage","@id":"https:\/\/www.p31noticias.com.br\/?p=31718","url":"https:\/\/www.p31noticias.com.br\/?p=31718","name":"Pr\u00e1ticas integrativas em sa\u00fade s\u00e3o estrat\u00e9gia contra crises de enxaqueca - P31","isPartOf":{"@id":"https:\/\/www.p31noticias.com.br\/#website"},"primaryImageOfPage":{"@id":"https:\/\/www.p31noticias.com.br\/?p=31718#primaryimage"},"image":{"@id":"https:\/\/www.p31noticias.com.br\/?p=31718#primaryimage"},"thumbnailUrl":"https:\/\/www.p31noticias.com.br\/wp-content\/uploads\/2023\/11\/Enxaqueca_Foto-Sandro-Araujo-bjGJGG-150x150-2eeMdr.jpeg","datePublished":"2023-11-07T20:06:18+00:00","author":{"@id":""},"breadcrumb":{"@id":"https:\/\/www.p31noticias.com.br\/?p=31718#breadcrumb"},"inLanguage":"pt-BR","potentialAction":[{"@type":"ReadAction","target":["https:\/\/www.p31noticias.com.br\/?p=31718"]}]},{"@type":"ImageObject","inLanguage":"pt-BR","@id":"https:\/\/www.p31noticias.com.br\/?p=31718#primaryimage","url":"https:\/\/www.p31noticias.com.br\/wp-content\/uploads\/2023\/11\/Enxaqueca_Foto-Sandro-Araujo-bjGJGG-150x150-2eeMdr.jpeg","contentUrl":"https:\/\/www.p31noticias.com.br\/wp-content\/uploads\/2023\/11\/Enxaqueca_Foto-Sandro-Araujo-bjGJGG-150x150-2eeMdr.jpeg","width":150,"height":150},{"@type":"BreadcrumbList","@id":"https:\/\/www.p31noticias.com.br\/?p=31718#breadcrumb","itemListElement":[{"@type":"ListItem","position":1,"name":"In\u00edcio","item":"https:\/\/www.p31noticias.com.br\/"},{"@type":"ListItem","position":2,"name":"Pr\u00e1ticas integrativas em sa\u00fade s\u00e3o estrat\u00e9gia contra crises de enxaqueca"}]},{"@type":"WebSite","@id":"https:\/\/www.p31noticias.com.br\/#website","url":"https:\/\/www.p31noticias.com.br\/","name":"P31","description":"NOT\u00cdCIAS","potentialAction":[{"@type":"SearchAction","target":{"@type":"EntryPoint","urlTemplate":"https:\/\/www.p31noticias.com.br\/?s={search_term_string}"},"query-input":{"@type":"PropertyValueSpecification","valueRequired":true,"valueName":"search_term_string"}}],"inLanguage":"pt-BR"}]}},"amp_enabled":true,"_links":{"self":[{"href":"https:\/\/www.p31noticias.com.br\/index.php?rest_route=\/wp\/v2\/posts\/31718","targetHints":{"allow":["GET"]}}],"collection":[{"href":"https:\/\/www.p31noticias.com.br\/index.php?rest_route=\/wp\/v2\/posts"}],"about":[{"href":"https:\/\/www.p31noticias.com.br\/index.php?rest_route=\/wp\/v2\/types\/post"}],"replies":[{"embeddable":true,"href":"https:\/\/www.p31noticias.com.br\/index.php?rest_route=%2Fwp%2Fv2%2Fcomments&post=31718"}],"version-history":[{"count":0,"href":"https:\/\/www.p31noticias.com.br\/index.php?rest_route=\/wp\/v2\/posts\/31718\/revisions"}],"wp:featuredmedia":[{"embeddable":true,"href":"https:\/\/www.p31noticias.com.br\/index.php?rest_route=\/wp\/v2\/media\/31719"}],"wp:attachment":[{"href":"https:\/\/www.p31noticias.com.br\/index.php?rest_route=%2Fwp%2Fv2%2Fmedia&parent=31718"}],"wp:term":[{"taxonomy":"category","embeddable":true,"href":"https:\/\/www.p31noticias.com.br\/index.php?rest_route=%2Fwp%2Fv2%2Fcategories&post=31718"},{"taxonomy":"post_tag","embeddable":true,"href":"https:\/\/www.p31noticias.com.br\/index.php?rest_route=%2Fwp%2Fv2%2Ftags&post=31718"}],"curies":[{"name":"wp","href":"https:\/\/api.w.org\/{rel}","templated":true}]}}