{"id":3171,"date":"2019-09-04T10:48:40","date_gmt":"2019-09-04T13:48:40","guid":{"rendered":"https:\/\/juniortakamoto.com.br\/?p=3171"},"modified":"2019-09-04T10:48:40","modified_gmt":"2019-09-04T13:48:40","slug":"esquerda-se-une-e-realiza-forum-para-derrubar-bolsonaro","status":"publish","type":"post","link":"https:\/\/www.p31noticias.com.br\/?p=3171","title":{"rendered":"Esquerda se une e realiza f\u00f3rum para derrubar Bolsonaro"},"content":{"rendered":"<p>Esquerda se une e F\u00f3rum pela democracia &#8220;Direitos J\u00e1&#8221; foi lan\u00e7ado na noite desta segunda-feira (2), na PUC-SP (Pontif\u00edcia Universidade Cat\u00f3lica de S\u00e3o Paulo).<\/p>\n<p>Trata-se de um grupo para fazer oposi\u00e7\u00e3o ao Presidente Jair Bolsonaro. Um Foro de S\u00e3o Paulo light, bem esquerda-caviar.<\/p>\n<p>Segundo o soci\u00f3logo Fernando Guimar\u00e3es, l\u00edder do grupo do PSDB &#8220;Esquerda Pra Valer&#8221;, o objetivo do &#8220;Direitos J\u00e1&#8221;, f\u00f3rum criado em maio por ele e pelo advogado Marco Aur\u00e9lio Carvalho, \u00e9 reunir pol\u00edticos e membros da sociedade civil, da esquerda e da direita, &#8220;pela defesa do estado democr\u00e1tico de direito&#8221;.<\/p>\n<p>Todo mundo mostrando a cara e saindo do arm\u00e1rio: PSDB, PT, PSB, Podemos, Solidariedade e PC do B. Ao todo, 16 partidos.<\/p>\n<p>Estiveram presentes, entre outros, Ciro Gomes (PDT), Fl\u00e1vio Dino (PC do 13), M\u00e1rcio Fran\u00e7a (1)813), Lu\u00eds Felipe D&#8217;Avila (PSDB-SP), Eduardo Suplicy (PT), Paulinho da For\u00e7a (Solidariedade), Eduardo Jorge (PV) e Marta Suplicy (Sem partido). Esquerda se une.<\/p>\n<p>\u00c9 claro que FHC deu apoio irrestrito.<\/p>\n<p>Segundo mat\u00e9ria do site Congresso em Foco, FHC, Antonio Anastasia (PSDB) e Aldo Rebelo (Solidariedade) &#8220;n\u00e3o participaram do evento, mas enviaram v\u00eddeos para serem transmitidos no local&#8221;.<\/p>\n<p>&#8220;Geraldo Alckmin (PSDB) tamb\u00e9m n\u00e3o pode participar, mas uma mensagem sua foi lida na qual ele deu &#8216;total apoio ao movimento&#8217;:&#8217;<\/p>\n<p>&#8220;Um texto de luto pela morte do ex-governador de S\u00e3o Paulo Alberto Goldmann (PSDB) foi lido no lan\u00e7amento do Direitos J\u00e1. O tucano fazia parte do grupo.&#8221;<\/p>\n<p>&#8220;O escritor e fil\u00f3sofo dos Estados Unidos Noam Chomsky tamb\u00e9m participou e fez discurso na reuni\u00e3o dos opositores a Bolsonaro.&#8221;<\/p>\n<p>Fico surpreso de observar a falta de percep\u00e7\u00e3o desses pol\u00edticos. N\u00e3o conseguem ver o recado que o povo deu nas urnas e est\u00e3o facilitando o trabalho para que todos saibam em que partidos e em que pol\u00edticos n\u00e3o podemos votar de jeito nenhum, nunca mais.<\/p>\n<p>Claro, se quisermos jogar na lata de lixo a velha pol\u00edtica e a corrup\u00e7\u00e3o sist\u00eamica.<\/p>\n<p>P.S. O deputado federal Jos\u00e9 Medeiros postou no Twitter que o site Congresso em Foco \u00e9 ligado ao PSOL e, por esse motivo, pediu para que n\u00e3o votassem nele para o Pr\u00eamio Congresso em Foco&#8221;.<\/p>\n","protected":false},"excerpt":{"rendered":"<p>Esquerda se une e F\u00f3rum pela democracia &#8220;Direitos J\u00e1&#8221; foi lan\u00e7ado na noite desta segunda-feira (2), na PUC-SP (Pontif\u00edcia Universidade Cat\u00f3lica de S\u00e3o Paulo). Trata-se de um grupo para fazer oposi\u00e7\u00e3o ao Presidente Jair Bolsonaro. Um Foro de S\u00e3o Paulo light, bem esquerda-caviar. Segundo o soci\u00f3logo Fernando Guimar\u00e3es, l\u00edder do grupo do PSDB &#8220;Esquerda Pra [&hellip;]<\/p>\n","protected":false},"author":18,"featured_media":3172,"comment_status":"open","ping_status":"open","sticky":false,"template":"","format":"standard","meta":{"footnotes":""},"categories":[57],"tags":[194,195,196,197,198,199,200,201,202,203,204,205],"class_list":{"0":"post-3171","1":"post","2":"type-post","3":"status-publish","4":"format-standard","5":"has-post-thumbnail","7":"category-politica","8":"tag-alberto-goldmann","9":"tag-aldo-rebelo","10":"tag-antonio-anastasia","11":"tag-ciro-gomes","12":"tag-direitos-ja","13":"tag-eduardo-suplicy","14":"tag-esquerda-se-une","15":"tag-fhc","16":"tag-flavio-dino","17":"tag-forum-pela-democracia-direitos-ja","18":"tag-geraldo-alckmin","19":"tag-paulinho-da-forca"},"yoast_head":"<!-- This site is optimized with the Yoast SEO Premium plugin v24.5 (Yoast SEO v27.5) - https:\/\/yoast.com\/product\/yoast-seo-premium-wordpress\/ -->\n<title>Esquerda se une e realiza f\u00f3rum para derrubar Bolsonaro - P31<\/title>\n<meta name=\"description\" content=\"Esquerda se une e F\u00f3rum pela democracia &quot;Direitos J\u00e1&quot; foi lan\u00e7ado na noite desta segunda-feira (2), na PUC-SP (Pontif\u00edcia Universidade Cat\u00f3lica de S\u00e3o Paulo\" \/>\n<meta name=\"robots\" content=\"index, follow, max-snippet:-1, max-image-preview:large, max-video-preview:-1\" \/>\n<link rel=\"canonical\" href=\"https:\/\/www.p31noticias.com.br\/?p=3171\" \/>\n<meta property=\"og:locale\" content=\"pt_BR\" \/>\n<meta property=\"og:type\" content=\"article\" \/>\n<meta property=\"og:title\" content=\"Esquerda se une e realiza f\u00f3rum para derrubar Bolsonaro\" \/>\n<meta property=\"og:description\" content=\"Esquerda se une e F\u00f3rum pela democracia &quot;Direitos J\u00e1&quot; foi lan\u00e7ado na noite desta segunda-feira (2), na PUC-SP (Pontif\u00edcia Universidade Cat\u00f3lica de S\u00e3o Paulo\" \/>\n<meta property=\"og:url\" content=\"https:\/\/www.p31noticias.com.br\/?p=3171\" \/>\n<meta property=\"og:site_name\" content=\"P31\" \/>\n<meta property=\"article:published_time\" content=\"2019-09-04T13:48:40+00:00\" \/>\n<meta property=\"og:image\" content=\"https:\/\/www.p31noticias.com.br\/wp-content\/uploads\/2019\/09\/1567535725_5d6eb26dd137b-1.jpeg\" \/>\n\t<meta property=\"og:image:width\" content=\"940\" \/>\n\t<meta property=\"og:image:height\" content=\"500\" \/>\n\t<meta property=\"og:image:type\" content=\"image\/jpeg\" \/>\n<meta name=\"author\" content=\"Reda\u00e7\u00e3o JBN\" \/>\n<meta name=\"twitter:card\" content=\"summary_large_image\" \/>\n<meta name=\"twitter:label1\" content=\"Escrito por\" \/>\n\t<meta name=\"twitter:data1\" content=\"Reda\u00e7\u00e3o JBN\" \/>\n\t<meta name=\"twitter:label2\" content=\"Est. tempo de leitura\" \/>\n\t<meta name=\"twitter:data2\" content=\"2 minutos\" \/>\n<script type=\"application\/ld+json\" class=\"yoast-schema-graph\">{\"@context\":\"https:\\\/\\\/schema.org\",\"@graph\":[{\"@type\":\"Article\",\"@id\":\"https:\\\/\\\/www.p31noticias.com.br\\\/?p=3171#article\",\"isPartOf\":{\"@id\":\"https:\\\/\\\/www.p31noticias.com.br\\\/?p=3171\"},\"author\":{\"name\":\"Reda\u00e7\u00e3o JBN\",\"@id\":\"https:\\\/\\\/www.p31noticias.com.br\\\/#\\\/schema\\\/person\\\/77d6b186c710ac38937c6ec204fdd387\"},\"headline\":\"Esquerda se une e realiza f\u00f3rum para derrubar Bolsonaro\",\"datePublished\":\"2019-09-04T13:48:40+00:00\",\"mainEntityOfPage\":{\"@id\":\"https:\\\/\\\/www.p31noticias.com.br\\\/?p=3171\"},\"wordCount\":395,\"commentCount\":0,\"image\":{\"@id\":\"https:\\\/\\\/www.p31noticias.com.br\\\/?p=3171#primaryimage\"},\"thumbnailUrl\":\"https:\\\/\\\/www.p31noticias.com.br\\\/wp-content\\\/uploads\\\/2019\\\/09\\\/1567535725_5d6eb26dd137b-1.jpeg\",\"keywords\":[\"Alberto Goldmann\",\"Aldo Rebelo\",\"Antonio Anastasia\",\"Ciro Gomes\",\"Direitos J\u00e1\",\"Eduardo Suplicy\",\"Esquerda se une\",\"FHC\",\"Fl\u00e1vio Dino\",\"F\u00f3rum pela democracia \\\"Direitos J\u00e1\\\"\",\"Geraldo Alckmin\",\"Paulinho da For\u00e7a\"],\"articleSection\":[\"Pol\u00edtica\"],\"inLanguage\":\"pt-BR\",\"potentialAction\":[{\"@type\":\"CommentAction\",\"name\":\"Comment\",\"target\":[\"https:\\\/\\\/www.p31noticias.com.br\\\/?p=3171#respond\"]}],\"copyrightYear\":\"2019\",\"copyrightHolder\":{\"@id\":\"https:\\\/\\\/www.p31noticias.com.br\\\/#organization\"}},{\"@type\":\"WebPage\",\"@id\":\"https:\\\/\\\/www.p31noticias.com.br\\\/?p=3171\",\"url\":\"https:\\\/\\\/www.p31noticias.com.br\\\/?p=3171\",\"name\":\"Esquerda se une e realiza f\u00f3rum para derrubar Bolsonaro - P31\",\"isPartOf\":{\"@id\":\"https:\\\/\\\/www.p31noticias.com.br\\\/#website\"},\"primaryImageOfPage\":{\"@id\":\"https:\\\/\\\/www.p31noticias.com.br\\\/?p=3171#primaryimage\"},\"image\":{\"@id\":\"https:\\\/\\\/www.p31noticias.com.br\\\/?p=3171#primaryimage\"},\"thumbnailUrl\":\"https:\\\/\\\/www.p31noticias.com.br\\\/wp-content\\\/uploads\\\/2019\\\/09\\\/1567535725_5d6eb26dd137b-1.jpeg\",\"datePublished\":\"2019-09-04T13:48:40+00:00\",\"author\":{\"@id\":\"https:\\\/\\\/www.p31noticias.com.br\\\/#\\\/schema\\\/person\\\/77d6b186c710ac38937c6ec204fdd387\"},\"description\":\"Esquerda se une e F\u00f3rum pela democracia \\\"Direitos J\u00e1\\\" foi lan\u00e7ado na noite desta segunda-feira (2), na PUC-SP (Pontif\u00edcia Universidade Cat\u00f3lica de S\u00e3o Paulo\",\"breadcrumb\":{\"@id\":\"https:\\\/\\\/www.p31noticias.com.br\\\/?p=3171#breadcrumb\"},\"inLanguage\":\"pt-BR\",\"potentialAction\":[{\"@type\":\"ReadAction\",\"target\":[\"https:\\\/\\\/www.p31noticias.com.br\\\/?p=3171\"]}]},{\"@type\":\"ImageObject\",\"inLanguage\":\"pt-BR\",\"@id\":\"https:\\\/\\\/www.p31noticias.com.br\\\/?p=3171#primaryimage\",\"url\":\"https:\\\/\\\/www.p31noticias.com.br\\\/wp-content\\\/uploads\\\/2019\\\/09\\\/1567535725_5d6eb26dd137b-1.jpeg\",\"contentUrl\":\"https:\\\/\\\/www.p31noticias.com.br\\\/wp-content\\\/uploads\\\/2019\\\/09\\\/1567535725_5d6eb26dd137b-1.jpeg\",\"width\":940,\"height\":500,\"caption\":\"Esquerda se une\"},{\"@type\":\"BreadcrumbList\",\"@id\":\"https:\\\/\\\/www.p31noticias.com.br\\\/?p=3171#breadcrumb\",\"itemListElement\":[{\"@type\":\"ListItem\",\"position\":1,\"name\":\"In\u00edcio\",\"item\":\"https:\\\/\\\/www.p31noticias.com.br\\\/\"},{\"@type\":\"ListItem\",\"position\":2,\"name\":\"Esquerda se une e realiza f\u00f3rum para derrubar Bolsonaro\"}]},{\"@type\":\"WebSite\",\"@id\":\"https:\\\/\\\/www.p31noticias.com.br\\\/#website\",\"url\":\"https:\\\/\\\/www.p31noticias.com.br\\\/\",\"name\":\"P31\",\"description\":\"NOT\u00cdCIAS\",\"potentialAction\":[{\"@type\":\"SearchAction\",\"target\":{\"@type\":\"EntryPoint\",\"urlTemplate\":\"https:\\\/\\\/www.p31noticias.com.br\\\/?s={search_term_string}\"},\"query-input\":{\"@type\":\"PropertyValueSpecification\",\"valueRequired\":true,\"valueName\":\"search_term_string\"}}],\"inLanguage\":\"pt-BR\"},{\"@type\":\"Person\",\"@id\":\"https:\\\/\\\/www.p31noticias.com.br\\\/#\\\/schema\\\/person\\\/77d6b186c710ac38937c6ec204fdd387\",\"name\":\"Reda\u00e7\u00e3o JBN\",\"image\":{\"@type\":\"ImageObject\",\"inLanguage\":\"pt-BR\",\"@id\":\"https:\\\/\\\/secure.gravatar.com\\\/avatar\\\/10fcdb93211f98cce3d64c0795b0915a9a4a21dc0f279238995a3dbfafcad090?s=96&d=mm&r=g\",\"url\":\"https:\\\/\\\/secure.gravatar.com\\\/avatar\\\/10fcdb93211f98cce3d64c0795b0915a9a4a21dc0f279238995a3dbfafcad090?s=96&d=mm&r=g\",\"contentUrl\":\"https:\\\/\\\/secure.gravatar.com\\\/avatar\\\/10fcdb93211f98cce3d64c0795b0915a9a4a21dc0f279238995a3dbfafcad090?s=96&d=mm&r=g\",\"caption\":\"Reda\u00e7\u00e3o JBN\"},\"sameAs\":[\"https:\\\/\\\/p31noticias.com.br\"],\"url\":\"https:\\\/\\\/www.p31noticias.com.br\\\/?author=18\"}]}<\/script>\n<!-- \/ Yoast SEO Premium plugin. -->","yoast_head_json":{"title":"Esquerda se une e realiza f\u00f3rum para derrubar Bolsonaro - P31","description":"Esquerda se une e F\u00f3rum pela democracia \"Direitos J\u00e1\" foi lan\u00e7ado na noite desta segunda-feira (2), na PUC-SP (Pontif\u00edcia Universidade Cat\u00f3lica de S\u00e3o Paulo","robots":{"index":"index","follow":"follow","max-snippet":"max-snippet:-1","max-image-preview":"max-image-preview:large","max-video-preview":"max-video-preview:-1"},"canonical":"https:\/\/www.p31noticias.com.br\/?p=3171","og_locale":"pt_BR","og_type":"article","og_title":"Esquerda se une e realiza f\u00f3rum para derrubar Bolsonaro","og_description":"Esquerda se une e F\u00f3rum pela democracia \"Direitos J\u00e1\" foi lan\u00e7ado na noite desta segunda-feira (2), na PUC-SP (Pontif\u00edcia Universidade Cat\u00f3lica de S\u00e3o Paulo","og_url":"https:\/\/www.p31noticias.com.br\/?p=3171","og_site_name":"P31","article_published_time":"2019-09-04T13:48:40+00:00","og_image":[{"width":940,"height":500,"url":"https:\/\/www.p31noticias.com.br\/wp-content\/uploads\/2019\/09\/1567535725_5d6eb26dd137b-1.jpeg","type":"image\/jpeg"}],"author":"Reda\u00e7\u00e3o JBN","twitter_card":"summary_large_image","twitter_misc":{"Escrito por":"Reda\u00e7\u00e3o JBN","Est. tempo de leitura":"2 minutos"},"schema":{"@context":"https:\/\/schema.org","@graph":[{"@type":"Article","@id":"https:\/\/www.p31noticias.com.br\/?p=3171#article","isPartOf":{"@id":"https:\/\/www.p31noticias.com.br\/?p=3171"},"author":{"name":"Reda\u00e7\u00e3o JBN","@id":"https:\/\/www.p31noticias.com.br\/#\/schema\/person\/77d6b186c710ac38937c6ec204fdd387"},"headline":"Esquerda se une e realiza f\u00f3rum para derrubar Bolsonaro","datePublished":"2019-09-04T13:48:40+00:00","mainEntityOfPage":{"@id":"https:\/\/www.p31noticias.com.br\/?p=3171"},"wordCount":395,"commentCount":0,"image":{"@id":"https:\/\/www.p31noticias.com.br\/?p=3171#primaryimage"},"thumbnailUrl":"https:\/\/www.p31noticias.com.br\/wp-content\/uploads\/2019\/09\/1567535725_5d6eb26dd137b-1.jpeg","keywords":["Alberto Goldmann","Aldo Rebelo","Antonio Anastasia","Ciro Gomes","Direitos J\u00e1","Eduardo Suplicy","Esquerda se une","FHC","Fl\u00e1vio Dino","F\u00f3rum pela democracia \"Direitos J\u00e1\"","Geraldo Alckmin","Paulinho da For\u00e7a"],"articleSection":["Pol\u00edtica"],"inLanguage":"pt-BR","potentialAction":[{"@type":"CommentAction","name":"Comment","target":["https:\/\/www.p31noticias.com.br\/?p=3171#respond"]}],"copyrightYear":"2019","copyrightHolder":{"@id":"https:\/\/www.p31noticias.com.br\/#organization"}},{"@type":"WebPage","@id":"https:\/\/www.p31noticias.com.br\/?p=3171","url":"https:\/\/www.p31noticias.com.br\/?p=3171","name":"Esquerda se une e realiza f\u00f3rum para derrubar Bolsonaro - P31","isPartOf":{"@id":"https:\/\/www.p31noticias.com.br\/#website"},"primaryImageOfPage":{"@id":"https:\/\/www.p31noticias.com.br\/?p=3171#primaryimage"},"image":{"@id":"https:\/\/www.p31noticias.com.br\/?p=3171#primaryimage"},"thumbnailUrl":"https:\/\/www.p31noticias.com.br\/wp-content\/uploads\/2019\/09\/1567535725_5d6eb26dd137b-1.jpeg","datePublished":"2019-09-04T13:48:40+00:00","author":{"@id":"https:\/\/www.p31noticias.com.br\/#\/schema\/person\/77d6b186c710ac38937c6ec204fdd387"},"description":"Esquerda se une e F\u00f3rum pela democracia \"Direitos J\u00e1\" foi lan\u00e7ado na noite desta segunda-feira (2), na PUC-SP (Pontif\u00edcia Universidade Cat\u00f3lica de S\u00e3o Paulo","breadcrumb":{"@id":"https:\/\/www.p31noticias.com.br\/?p=3171#breadcrumb"},"inLanguage":"pt-BR","potentialAction":[{"@type":"ReadAction","target":["https:\/\/www.p31noticias.com.br\/?p=3171"]}]},{"@type":"ImageObject","inLanguage":"pt-BR","@id":"https:\/\/www.p31noticias.com.br\/?p=3171#primaryimage","url":"https:\/\/www.p31noticias.com.br\/wp-content\/uploads\/2019\/09\/1567535725_5d6eb26dd137b-1.jpeg","contentUrl":"https:\/\/www.p31noticias.com.br\/wp-content\/uploads\/2019\/09\/1567535725_5d6eb26dd137b-1.jpeg","width":940,"height":500,"caption":"Esquerda se une"},{"@type":"BreadcrumbList","@id":"https:\/\/www.p31noticias.com.br\/?p=3171#breadcrumb","itemListElement":[{"@type":"ListItem","position":1,"name":"In\u00edcio","item":"https:\/\/www.p31noticias.com.br\/"},{"@type":"ListItem","position":2,"name":"Esquerda se une e realiza f\u00f3rum para derrubar Bolsonaro"}]},{"@type":"WebSite","@id":"https:\/\/www.p31noticias.com.br\/#website","url":"https:\/\/www.p31noticias.com.br\/","name":"P31","description":"NOT\u00cdCIAS","potentialAction":[{"@type":"SearchAction","target":{"@type":"EntryPoint","urlTemplate":"https:\/\/www.p31noticias.com.br\/?s={search_term_string}"},"query-input":{"@type":"PropertyValueSpecification","valueRequired":true,"valueName":"search_term_string"}}],"inLanguage":"pt-BR"},{"@type":"Person","@id":"https:\/\/www.p31noticias.com.br\/#\/schema\/person\/77d6b186c710ac38937c6ec204fdd387","name":"Reda\u00e7\u00e3o JBN","image":{"@type":"ImageObject","inLanguage":"pt-BR","@id":"https:\/\/secure.gravatar.com\/avatar\/10fcdb93211f98cce3d64c0795b0915a9a4a21dc0f279238995a3dbfafcad090?s=96&d=mm&r=g","url":"https:\/\/secure.gravatar.com\/avatar\/10fcdb93211f98cce3d64c0795b0915a9a4a21dc0f279238995a3dbfafcad090?s=96&d=mm&r=g","contentUrl":"https:\/\/secure.gravatar.com\/avatar\/10fcdb93211f98cce3d64c0795b0915a9a4a21dc0f279238995a3dbfafcad090?s=96&d=mm&r=g","caption":"Reda\u00e7\u00e3o JBN"},"sameAs":["https:\/\/p31noticias.com.br"],"url":"https:\/\/www.p31noticias.com.br\/?author=18"}]}},"amp_enabled":true,"_links":{"self":[{"href":"https:\/\/www.p31noticias.com.br\/index.php?rest_route=\/wp\/v2\/posts\/3171","targetHints":{"allow":["GET"]}}],"collection":[{"href":"https:\/\/www.p31noticias.com.br\/index.php?rest_route=\/wp\/v2\/posts"}],"about":[{"href":"https:\/\/www.p31noticias.com.br\/index.php?rest_route=\/wp\/v2\/types\/post"}],"author":[{"embeddable":true,"href":"https:\/\/www.p31noticias.com.br\/index.php?rest_route=\/wp\/v2\/users\/18"}],"replies":[{"embeddable":true,"href":"https:\/\/www.p31noticias.com.br\/index.php?rest_route=%2Fwp%2Fv2%2Fcomments&post=3171"}],"version-history":[{"count":0,"href":"https:\/\/www.p31noticias.com.br\/index.php?rest_route=\/wp\/v2\/posts\/3171\/revisions"}],"wp:featuredmedia":[{"embeddable":true,"href":"https:\/\/www.p31noticias.com.br\/index.php?rest_route=\/wp\/v2\/media\/3172"}],"wp:attachment":[{"href":"https:\/\/www.p31noticias.com.br\/index.php?rest_route=%2Fwp%2Fv2%2Fmedia&parent=3171"}],"wp:term":[{"taxonomy":"category","embeddable":true,"href":"https:\/\/www.p31noticias.com.br\/index.php?rest_route=%2Fwp%2Fv2%2Fcategories&post=3171"},{"taxonomy":"post_tag","embeddable":true,"href":"https:\/\/www.p31noticias.com.br\/index.php?rest_route=%2Fwp%2Fv2%2Ftags&post=3171"}],"curies":[{"name":"wp","href":"https:\/\/api.w.org\/{rel}","templated":true}]}}