{"id":30837,"date":"2023-10-28T00:05:56","date_gmt":"2023-10-28T03:05:56","guid":{"rendered":"https:\/\/p31noticias.com.br\/motorista-de-mercedes-da-dois-tiros-em-homem-apos-briga-de-transito\/"},"modified":"2023-10-28T00:05:56","modified_gmt":"2023-10-28T03:05:56","slug":"motorista-de-mercedes-da-dois-tiros-em-homem-apos-briga-de-transito","status":"publish","type":"post","link":"https:\/\/www.p31noticias.com.br\/?p=30837","title":{"rendered":"Motorista de Mercedes d\u00e1 dois tiros em homem ap\u00f3s briga de tr\u00e2nsito"},"content":{"rendered":"<p>Uma briga de tr\u00e2nsito terminou com uma pessoa baleada na tarde desta sexta-feira (27\/10), no Guar\u00e1, regi\u00e3o administrativa do Distrito Federal. Ewerton da Silva, 27 anos, foi atingido por dois disparos efetuados por outro motorista ap\u00f3s os dois se envolverem em uma batida leve minutos antes. Segundo familiares de Ewerton, o caso ocorreu por volta [\u2026]<\/p>\n<p>O post <a href=\"https:\/\/www.delioandrade.com.br\/motorista-de-mercedes-da-dois-tiros-em-homem-apos-briga-de-transito\/\">Motorista de Mercedes d\u00e1 dois tiros em homem ap\u00f3s briga de tr\u00e2nsito<\/a> apareceu primeiro em <a href=\"https:\/\/www.delioandrade.com.br\/\">Blog do D\u00c9LIO ANDRADE<\/a>.<\/p>\n","protected":false},"excerpt":{"rendered":"<p>Uma briga de tr\u00e2nsito terminou com uma pessoa baleada na tarde desta sexta-feira (27\/10), no Guar\u00e1, regi\u00e3o administrativa do Distrito Federal. Ewerton da Silva, 27 anos, foi atingido por dois disparos efetuados por outro motorista ap\u00f3s os dois se envolverem em uma batida leve minutos antes. Segundo familiares de Ewerton, o caso ocorreu por volta [&hellip;]<\/p>\n","protected":false},"author":0,"featured_media":30838,"comment_status":"open","ping_status":"open","sticky":false,"template":"","format":"standard","meta":{"footnotes":""},"categories":[21],"tags":[],"class_list":{"0":"post-30837","1":"post","2":"type-post","3":"status-publish","4":"format-standard","5":"has-post-thumbnail","7":"category-brasilia"},"yoast_head":"<!-- This site is optimized with the Yoast SEO Premium plugin v24.5 (Yoast SEO v27.5) - https:\/\/yoast.com\/product\/yoast-seo-premium-wordpress\/ -->\n<title>Motorista de Mercedes d\u00e1 dois tiros em homem ap\u00f3s briga de tr\u00e2nsito - P31<\/title>\n<meta name=\"robots\" content=\"index, follow, max-snippet:-1, max-image-preview:large, max-video-preview:-1\" \/>\n<link rel=\"canonical\" href=\"https:\/\/www.p31noticias.com.br\/?p=30837\" \/>\n<meta property=\"og:locale\" content=\"pt_BR\" \/>\n<meta property=\"og:type\" content=\"article\" \/>\n<meta property=\"og:title\" content=\"Motorista de Mercedes d\u00e1 dois tiros em homem ap\u00f3s briga de tr\u00e2nsito\" \/>\n<meta property=\"og:description\" content=\"Uma briga de tr\u00e2nsito terminou com uma pessoa baleada na tarde desta sexta-feira (27\/10), no Guar\u00e1, regi\u00e3o administrativa do Distrito Federal. Ewerton da Silva, 27 anos, foi atingido por dois disparos efetuados por outro motorista ap\u00f3s os dois se envolverem em uma batida leve minutos antes. Segundo familiares de Ewerton, o caso ocorreu por volta [&hellip;]\" \/>\n<meta property=\"og:url\" content=\"https:\/\/www.p31noticias.com.br\/?p=30837\" \/>\n<meta property=\"og:site_name\" content=\"P31\" \/>\n<meta property=\"article:published_time\" content=\"2023-10-28T03:05:56+00:00\" \/>\n<meta property=\"og:image\" content=\"https:\/\/www.p31noticias.com.br\/wp-content\/uploads\/2023\/10\/briga-transito-guara-2-853x640-HtYifG-150x150-kaUwhR.jpeg\" \/>\n\t<meta property=\"og:image:width\" content=\"150\" \/>\n\t<meta property=\"og:image:height\" content=\"150\" \/>\n\t<meta property=\"og:image:type\" content=\"image\/jpeg\" \/>\n<meta name=\"twitter:card\" content=\"summary_large_image\" \/>\n<script type=\"application\/ld+json\" class=\"yoast-schema-graph\">{\"@context\":\"https:\\\/\\\/schema.org\",\"@graph\":[{\"@type\":\"Article\",\"@id\":\"https:\\\/\\\/www.p31noticias.com.br\\\/?p=30837#article\",\"isPartOf\":{\"@id\":\"https:\\\/\\\/www.p31noticias.com.br\\\/?p=30837\"},\"author\":{\"name\":\"\",\"@id\":\"\"},\"headline\":\"Motorista de Mercedes d\u00e1 dois tiros em homem ap\u00f3s briga de tr\u00e2nsito\",\"datePublished\":\"2023-10-28T03:05:56+00:00\",\"mainEntityOfPage\":{\"@id\":\"https:\\\/\\\/www.p31noticias.com.br\\\/?p=30837\"},\"wordCount\":94,\"commentCount\":0,\"image\":{\"@id\":\"https:\\\/\\\/www.p31noticias.com.br\\\/?p=30837#primaryimage\"},\"thumbnailUrl\":\"https:\\\/\\\/www.p31noticias.com.br\\\/wp-content\\\/uploads\\\/2023\\\/10\\\/briga-transito-guara-2-853x640-HtYifG-150x150-kaUwhR.jpeg\",\"articleSection\":[\"Bras\u00edlia\"],\"inLanguage\":\"pt-BR\",\"potentialAction\":[{\"@type\":\"CommentAction\",\"name\":\"Comment\",\"target\":[\"https:\\\/\\\/www.p31noticias.com.br\\\/?p=30837#respond\"]}],\"copyrightYear\":\"2023\",\"copyrightHolder\":{\"@id\":\"https:\\\/\\\/www.p31noticias.com.br\\\/#organization\"}},{\"@type\":\"WebPage\",\"@id\":\"https:\\\/\\\/www.p31noticias.com.br\\\/?p=30837\",\"url\":\"https:\\\/\\\/www.p31noticias.com.br\\\/?p=30837\",\"name\":\"Motorista de Mercedes d\u00e1 dois tiros em homem ap\u00f3s briga de tr\u00e2nsito - P31\",\"isPartOf\":{\"@id\":\"https:\\\/\\\/www.p31noticias.com.br\\\/#website\"},\"primaryImageOfPage\":{\"@id\":\"https:\\\/\\\/www.p31noticias.com.br\\\/?p=30837#primaryimage\"},\"image\":{\"@id\":\"https:\\\/\\\/www.p31noticias.com.br\\\/?p=30837#primaryimage\"},\"thumbnailUrl\":\"https:\\\/\\\/www.p31noticias.com.br\\\/wp-content\\\/uploads\\\/2023\\\/10\\\/briga-transito-guara-2-853x640-HtYifG-150x150-kaUwhR.jpeg\",\"datePublished\":\"2023-10-28T03:05:56+00:00\",\"author\":{\"@id\":\"\"},\"breadcrumb\":{\"@id\":\"https:\\\/\\\/www.p31noticias.com.br\\\/?p=30837#breadcrumb\"},\"inLanguage\":\"pt-BR\",\"potentialAction\":[{\"@type\":\"ReadAction\",\"target\":[\"https:\\\/\\\/www.p31noticias.com.br\\\/?p=30837\"]}]},{\"@type\":\"ImageObject\",\"inLanguage\":\"pt-BR\",\"@id\":\"https:\\\/\\\/www.p31noticias.com.br\\\/?p=30837#primaryimage\",\"url\":\"https:\\\/\\\/www.p31noticias.com.br\\\/wp-content\\\/uploads\\\/2023\\\/10\\\/briga-transito-guara-2-853x640-HtYifG-150x150-kaUwhR.jpeg\",\"contentUrl\":\"https:\\\/\\\/www.p31noticias.com.br\\\/wp-content\\\/uploads\\\/2023\\\/10\\\/briga-transito-guara-2-853x640-HtYifG-150x150-kaUwhR.jpeg\",\"width\":150,\"height\":150},{\"@type\":\"BreadcrumbList\",\"@id\":\"https:\\\/\\\/www.p31noticias.com.br\\\/?p=30837#breadcrumb\",\"itemListElement\":[{\"@type\":\"ListItem\",\"position\":1,\"name\":\"In\u00edcio\",\"item\":\"https:\\\/\\\/www.p31noticias.com.br\\\/\"},{\"@type\":\"ListItem\",\"position\":2,\"name\":\"Motorista de Mercedes d\u00e1 dois tiros em homem ap\u00f3s briga de tr\u00e2nsito\"}]},{\"@type\":\"WebSite\",\"@id\":\"https:\\\/\\\/www.p31noticias.com.br\\\/#website\",\"url\":\"https:\\\/\\\/www.p31noticias.com.br\\\/\",\"name\":\"P31\",\"description\":\"NOT\u00cdCIAS\",\"potentialAction\":[{\"@type\":\"SearchAction\",\"target\":{\"@type\":\"EntryPoint\",\"urlTemplate\":\"https:\\\/\\\/www.p31noticias.com.br\\\/?s={search_term_string}\"},\"query-input\":{\"@type\":\"PropertyValueSpecification\",\"valueRequired\":true,\"valueName\":\"search_term_string\"}}],\"inLanguage\":\"pt-BR\"}]}<\/script>\n<!-- \/ Yoast SEO Premium plugin. -->","yoast_head_json":{"title":"Motorista de Mercedes d\u00e1 dois tiros em homem ap\u00f3s briga de tr\u00e2nsito - P31","robots":{"index":"index","follow":"follow","max-snippet":"max-snippet:-1","max-image-preview":"max-image-preview:large","max-video-preview":"max-video-preview:-1"},"canonical":"https:\/\/www.p31noticias.com.br\/?p=30837","og_locale":"pt_BR","og_type":"article","og_title":"Motorista de Mercedes d\u00e1 dois tiros em homem ap\u00f3s briga de tr\u00e2nsito","og_description":"Uma briga de tr\u00e2nsito terminou com uma pessoa baleada na tarde desta sexta-feira (27\/10), no Guar\u00e1, regi\u00e3o administrativa do Distrito Federal. Ewerton da Silva, 27 anos, foi atingido por dois disparos efetuados por outro motorista ap\u00f3s os dois se envolverem em uma batida leve minutos antes. Segundo familiares de Ewerton, o caso ocorreu por volta [&hellip;]","og_url":"https:\/\/www.p31noticias.com.br\/?p=30837","og_site_name":"P31","article_published_time":"2023-10-28T03:05:56+00:00","og_image":[{"width":150,"height":150,"url":"https:\/\/www.p31noticias.com.br\/wp-content\/uploads\/2023\/10\/briga-transito-guara-2-853x640-HtYifG-150x150-kaUwhR.jpeg","type":"image\/jpeg"}],"twitter_card":"summary_large_image","schema":{"@context":"https:\/\/schema.org","@graph":[{"@type":"Article","@id":"https:\/\/www.p31noticias.com.br\/?p=30837#article","isPartOf":{"@id":"https:\/\/www.p31noticias.com.br\/?p=30837"},"author":{"name":"","@id":""},"headline":"Motorista de Mercedes d\u00e1 dois tiros em homem ap\u00f3s briga de tr\u00e2nsito","datePublished":"2023-10-28T03:05:56+00:00","mainEntityOfPage":{"@id":"https:\/\/www.p31noticias.com.br\/?p=30837"},"wordCount":94,"commentCount":0,"image":{"@id":"https:\/\/www.p31noticias.com.br\/?p=30837#primaryimage"},"thumbnailUrl":"https:\/\/www.p31noticias.com.br\/wp-content\/uploads\/2023\/10\/briga-transito-guara-2-853x640-HtYifG-150x150-kaUwhR.jpeg","articleSection":["Bras\u00edlia"],"inLanguage":"pt-BR","potentialAction":[{"@type":"CommentAction","name":"Comment","target":["https:\/\/www.p31noticias.com.br\/?p=30837#respond"]}],"copyrightYear":"2023","copyrightHolder":{"@id":"https:\/\/www.p31noticias.com.br\/#organization"}},{"@type":"WebPage","@id":"https:\/\/www.p31noticias.com.br\/?p=30837","url":"https:\/\/www.p31noticias.com.br\/?p=30837","name":"Motorista de Mercedes d\u00e1 dois tiros em homem ap\u00f3s briga de tr\u00e2nsito - P31","isPartOf":{"@id":"https:\/\/www.p31noticias.com.br\/#website"},"primaryImageOfPage":{"@id":"https:\/\/www.p31noticias.com.br\/?p=30837#primaryimage"},"image":{"@id":"https:\/\/www.p31noticias.com.br\/?p=30837#primaryimage"},"thumbnailUrl":"https:\/\/www.p31noticias.com.br\/wp-content\/uploads\/2023\/10\/briga-transito-guara-2-853x640-HtYifG-150x150-kaUwhR.jpeg","datePublished":"2023-10-28T03:05:56+00:00","author":{"@id":""},"breadcrumb":{"@id":"https:\/\/www.p31noticias.com.br\/?p=30837#breadcrumb"},"inLanguage":"pt-BR","potentialAction":[{"@type":"ReadAction","target":["https:\/\/www.p31noticias.com.br\/?p=30837"]}]},{"@type":"ImageObject","inLanguage":"pt-BR","@id":"https:\/\/www.p31noticias.com.br\/?p=30837#primaryimage","url":"https:\/\/www.p31noticias.com.br\/wp-content\/uploads\/2023\/10\/briga-transito-guara-2-853x640-HtYifG-150x150-kaUwhR.jpeg","contentUrl":"https:\/\/www.p31noticias.com.br\/wp-content\/uploads\/2023\/10\/briga-transito-guara-2-853x640-HtYifG-150x150-kaUwhR.jpeg","width":150,"height":150},{"@type":"BreadcrumbList","@id":"https:\/\/www.p31noticias.com.br\/?p=30837#breadcrumb","itemListElement":[{"@type":"ListItem","position":1,"name":"In\u00edcio","item":"https:\/\/www.p31noticias.com.br\/"},{"@type":"ListItem","position":2,"name":"Motorista de Mercedes d\u00e1 dois tiros em homem ap\u00f3s briga de tr\u00e2nsito"}]},{"@type":"WebSite","@id":"https:\/\/www.p31noticias.com.br\/#website","url":"https:\/\/www.p31noticias.com.br\/","name":"P31","description":"NOT\u00cdCIAS","potentialAction":[{"@type":"SearchAction","target":{"@type":"EntryPoint","urlTemplate":"https:\/\/www.p31noticias.com.br\/?s={search_term_string}"},"query-input":{"@type":"PropertyValueSpecification","valueRequired":true,"valueName":"search_term_string"}}],"inLanguage":"pt-BR"}]}},"amp_enabled":true,"_links":{"self":[{"href":"https:\/\/www.p31noticias.com.br\/index.php?rest_route=\/wp\/v2\/posts\/30837","targetHints":{"allow":["GET"]}}],"collection":[{"href":"https:\/\/www.p31noticias.com.br\/index.php?rest_route=\/wp\/v2\/posts"}],"about":[{"href":"https:\/\/www.p31noticias.com.br\/index.php?rest_route=\/wp\/v2\/types\/post"}],"replies":[{"embeddable":true,"href":"https:\/\/www.p31noticias.com.br\/index.php?rest_route=%2Fwp%2Fv2%2Fcomments&post=30837"}],"version-history":[{"count":0,"href":"https:\/\/www.p31noticias.com.br\/index.php?rest_route=\/wp\/v2\/posts\/30837\/revisions"}],"wp:featuredmedia":[{"embeddable":true,"href":"https:\/\/www.p31noticias.com.br\/index.php?rest_route=\/wp\/v2\/media\/30838"}],"wp:attachment":[{"href":"https:\/\/www.p31noticias.com.br\/index.php?rest_route=%2Fwp%2Fv2%2Fmedia&parent=30837"}],"wp:term":[{"taxonomy":"category","embeddable":true,"href":"https:\/\/www.p31noticias.com.br\/index.php?rest_route=%2Fwp%2Fv2%2Fcategories&post=30837"},{"taxonomy":"post_tag","embeddable":true,"href":"https:\/\/www.p31noticias.com.br\/index.php?rest_route=%2Fwp%2Fv2%2Ftags&post=30837"}],"curies":[{"name":"wp","href":"https:\/\/api.w.org\/{rel}","templated":true}]}}