{"id":30804,"date":"2023-10-27T09:05:50","date_gmt":"2023-10-27T12:05:50","guid":{"rendered":"https:\/\/p31noticias.com.br\/df-tem-685-vagas-de-emprego-com-salarios-de-ate-r-26-mil-nesta-6a\/"},"modified":"2023-10-27T09:05:50","modified_gmt":"2023-10-27T12:05:50","slug":"df-tem-685-vagas-de-emprego-com-salarios-de-ate-r-26-mil-nesta-6a","status":"publish","type":"post","link":"https:\/\/www.p31noticias.com.br\/?p=30804","title":{"rendered":"DF tem 685 vagas de emprego com sal\u00e1rios de at\u00e9 R$ 2,6 mil nesta 6\u00aa"},"content":{"rendered":"<p>As ag\u00eancias do trabalhador do Distrito Federal ofertam, nesta sexta-feira (26\/10),\u00a0685 vagas de emprego. H\u00e1 oportunidades para os mais diferentes n\u00edveis de escolaridade, com e sem exig\u00eancia de experi\u00eancia pr\u00e9via comprovada e para pessoas com defici\u00eancia (PcD). Confira todas as vagas aqui Do total de vagas, 121 s\u00e3o destinadas ao posto de repositor de mercadorias [\u2026]<\/p>\n<p>O post <a href=\"https:\/\/www.delioandrade.com.br\/df-tem-685-vagas-de-emprego-com-salarios-de-ate-r-26-mil-nesta-6a\/\">DF tem 685 vagas de emprego com sal\u00e1rios de at\u00e9 R$ 2,6 mil nesta 6\u00aa<\/a> apareceu primeiro em <a href=\"https:\/\/www.delioandrade.com.br\/\">Blog do D\u00c9LIO ANDRADE<\/a>.<\/p>\n","protected":false},"excerpt":{"rendered":"<p>As ag\u00eancias do trabalhador do Distrito Federal ofertam, nesta sexta-feira (26\/10),\u00a0685 vagas de emprego. H\u00e1 oportunidades para os mais diferentes n\u00edveis de escolaridade, com e sem exig\u00eancia de experi\u00eancia pr\u00e9via comprovada e para pessoas com defici\u00eancia (PcD). Confira todas as vagas aqui Do total de vagas, 121 s\u00e3o destinadas ao posto de repositor de mercadorias [&hellip;]<\/p>\n","protected":false},"author":0,"featured_media":0,"comment_status":"open","ping_status":"open","sticky":false,"template":"","format":"standard","meta":{"footnotes":""},"categories":[21],"tags":[],"class_list":{"0":"post-30804","1":"post","2":"type-post","3":"status-publish","4":"format-standard","6":"category-brasilia"},"yoast_head":"<!-- This site is optimized with the Yoast SEO Premium plugin v24.5 (Yoast SEO v27.5) - https:\/\/yoast.com\/product\/yoast-seo-premium-wordpress\/ -->\n<title>DF tem 685 vagas de emprego com sal\u00e1rios de at\u00e9 R$ 2,6 mil nesta 6\u00aa - P31<\/title>\n<meta name=\"robots\" content=\"index, follow, max-snippet:-1, max-image-preview:large, max-video-preview:-1\" \/>\n<link rel=\"canonical\" href=\"https:\/\/www.p31noticias.com.br\/?p=30804\" \/>\n<meta property=\"og:locale\" content=\"pt_BR\" \/>\n<meta property=\"og:type\" content=\"article\" \/>\n<meta property=\"og:title\" content=\"DF tem 685 vagas de emprego com sal\u00e1rios de at\u00e9 R$ 2,6 mil nesta 6\u00aa\" \/>\n<meta property=\"og:description\" content=\"As ag\u00eancias do trabalhador do Distrito Federal ofertam, nesta sexta-feira (26\/10),\u00a0685 vagas de emprego. H\u00e1 oportunidades para os mais diferentes n\u00edveis de escolaridade, com e sem exig\u00eancia de experi\u00eancia pr\u00e9via comprovada e para pessoas com defici\u00eancia (PcD). Confira todas as vagas aqui Do total de vagas, 121 s\u00e3o destinadas ao posto de repositor de mercadorias [&hellip;]\" \/>\n<meta property=\"og:url\" content=\"https:\/\/www.p31noticias.com.br\/?p=30804\" \/>\n<meta property=\"og:site_name\" content=\"P31\" \/>\n<meta property=\"article:published_time\" content=\"2023-10-27T12:05:50+00:00\" \/>\n<meta name=\"twitter:card\" content=\"summary_large_image\" \/>\n<script type=\"application\/ld+json\" class=\"yoast-schema-graph\">{\"@context\":\"https:\\\/\\\/schema.org\",\"@graph\":[{\"@type\":\"Article\",\"@id\":\"https:\\\/\\\/www.p31noticias.com.br\\\/?p=30804#article\",\"isPartOf\":{\"@id\":\"https:\\\/\\\/www.p31noticias.com.br\\\/?p=30804\"},\"author\":{\"name\":\"\",\"@id\":\"\"},\"headline\":\"DF tem 685 vagas de emprego com sal\u00e1rios de at\u00e9 R$ 2,6 mil nesta 6\u00aa\",\"datePublished\":\"2023-10-27T12:05:50+00:00\",\"mainEntityOfPage\":{\"@id\":\"https:\\\/\\\/www.p31noticias.com.br\\\/?p=30804\"},\"wordCount\":96,\"commentCount\":0,\"articleSection\":[\"Bras\u00edlia\"],\"inLanguage\":\"pt-BR\",\"potentialAction\":[{\"@type\":\"CommentAction\",\"name\":\"Comment\",\"target\":[\"https:\\\/\\\/www.p31noticias.com.br\\\/?p=30804#respond\"]}],\"copyrightYear\":\"2023\",\"copyrightHolder\":{\"@id\":\"https:\\\/\\\/www.p31noticias.com.br\\\/#organization\"}},{\"@type\":\"WebPage\",\"@id\":\"https:\\\/\\\/www.p31noticias.com.br\\\/?p=30804\",\"url\":\"https:\\\/\\\/www.p31noticias.com.br\\\/?p=30804\",\"name\":\"DF tem 685 vagas de emprego com sal\u00e1rios de at\u00e9 R$ 2,6 mil nesta 6\u00aa - P31\",\"isPartOf\":{\"@id\":\"https:\\\/\\\/www.p31noticias.com.br\\\/#website\"},\"datePublished\":\"2023-10-27T12:05:50+00:00\",\"author\":{\"@id\":\"\"},\"breadcrumb\":{\"@id\":\"https:\\\/\\\/www.p31noticias.com.br\\\/?p=30804#breadcrumb\"},\"inLanguage\":\"pt-BR\",\"potentialAction\":[{\"@type\":\"ReadAction\",\"target\":[\"https:\\\/\\\/www.p31noticias.com.br\\\/?p=30804\"]}]},{\"@type\":\"BreadcrumbList\",\"@id\":\"https:\\\/\\\/www.p31noticias.com.br\\\/?p=30804#breadcrumb\",\"itemListElement\":[{\"@type\":\"ListItem\",\"position\":1,\"name\":\"In\u00edcio\",\"item\":\"https:\\\/\\\/www.p31noticias.com.br\\\/\"},{\"@type\":\"ListItem\",\"position\":2,\"name\":\"DF tem 685 vagas de emprego com sal\u00e1rios de at\u00e9 R$ 2,6 mil nesta 6\u00aa\"}]},{\"@type\":\"WebSite\",\"@id\":\"https:\\\/\\\/www.p31noticias.com.br\\\/#website\",\"url\":\"https:\\\/\\\/www.p31noticias.com.br\\\/\",\"name\":\"P31\",\"description\":\"NOT\u00cdCIAS\",\"potentialAction\":[{\"@type\":\"SearchAction\",\"target\":{\"@type\":\"EntryPoint\",\"urlTemplate\":\"https:\\\/\\\/www.p31noticias.com.br\\\/?s={search_term_string}\"},\"query-input\":{\"@type\":\"PropertyValueSpecification\",\"valueRequired\":true,\"valueName\":\"search_term_string\"}}],\"inLanguage\":\"pt-BR\"}]}<\/script>\n<!-- \/ Yoast SEO Premium plugin. -->","yoast_head_json":{"title":"DF tem 685 vagas de emprego com sal\u00e1rios de at\u00e9 R$ 2,6 mil nesta 6\u00aa - P31","robots":{"index":"index","follow":"follow","max-snippet":"max-snippet:-1","max-image-preview":"max-image-preview:large","max-video-preview":"max-video-preview:-1"},"canonical":"https:\/\/www.p31noticias.com.br\/?p=30804","og_locale":"pt_BR","og_type":"article","og_title":"DF tem 685 vagas de emprego com sal\u00e1rios de at\u00e9 R$ 2,6 mil nesta 6\u00aa","og_description":"As ag\u00eancias do trabalhador do Distrito Federal ofertam, nesta sexta-feira (26\/10),\u00a0685 vagas de emprego. H\u00e1 oportunidades para os mais diferentes n\u00edveis de escolaridade, com e sem exig\u00eancia de experi\u00eancia pr\u00e9via comprovada e para pessoas com defici\u00eancia (PcD). Confira todas as vagas aqui Do total de vagas, 121 s\u00e3o destinadas ao posto de repositor de mercadorias [&hellip;]","og_url":"https:\/\/www.p31noticias.com.br\/?p=30804","og_site_name":"P31","article_published_time":"2023-10-27T12:05:50+00:00","twitter_card":"summary_large_image","schema":{"@context":"https:\/\/schema.org","@graph":[{"@type":"Article","@id":"https:\/\/www.p31noticias.com.br\/?p=30804#article","isPartOf":{"@id":"https:\/\/www.p31noticias.com.br\/?p=30804"},"author":{"name":"","@id":""},"headline":"DF tem 685 vagas de emprego com sal\u00e1rios de at\u00e9 R$ 2,6 mil nesta 6\u00aa","datePublished":"2023-10-27T12:05:50+00:00","mainEntityOfPage":{"@id":"https:\/\/www.p31noticias.com.br\/?p=30804"},"wordCount":96,"commentCount":0,"articleSection":["Bras\u00edlia"],"inLanguage":"pt-BR","potentialAction":[{"@type":"CommentAction","name":"Comment","target":["https:\/\/www.p31noticias.com.br\/?p=30804#respond"]}],"copyrightYear":"2023","copyrightHolder":{"@id":"https:\/\/www.p31noticias.com.br\/#organization"}},{"@type":"WebPage","@id":"https:\/\/www.p31noticias.com.br\/?p=30804","url":"https:\/\/www.p31noticias.com.br\/?p=30804","name":"DF tem 685 vagas de emprego com sal\u00e1rios de at\u00e9 R$ 2,6 mil nesta 6\u00aa - P31","isPartOf":{"@id":"https:\/\/www.p31noticias.com.br\/#website"},"datePublished":"2023-10-27T12:05:50+00:00","author":{"@id":""},"breadcrumb":{"@id":"https:\/\/www.p31noticias.com.br\/?p=30804#breadcrumb"},"inLanguage":"pt-BR","potentialAction":[{"@type":"ReadAction","target":["https:\/\/www.p31noticias.com.br\/?p=30804"]}]},{"@type":"BreadcrumbList","@id":"https:\/\/www.p31noticias.com.br\/?p=30804#breadcrumb","itemListElement":[{"@type":"ListItem","position":1,"name":"In\u00edcio","item":"https:\/\/www.p31noticias.com.br\/"},{"@type":"ListItem","position":2,"name":"DF tem 685 vagas de emprego com sal\u00e1rios de at\u00e9 R$ 2,6 mil nesta 6\u00aa"}]},{"@type":"WebSite","@id":"https:\/\/www.p31noticias.com.br\/#website","url":"https:\/\/www.p31noticias.com.br\/","name":"P31","description":"NOT\u00cdCIAS","potentialAction":[{"@type":"SearchAction","target":{"@type":"EntryPoint","urlTemplate":"https:\/\/www.p31noticias.com.br\/?s={search_term_string}"},"query-input":{"@type":"PropertyValueSpecification","valueRequired":true,"valueName":"search_term_string"}}],"inLanguage":"pt-BR"}]}},"amp_enabled":true,"_links":{"self":[{"href":"https:\/\/www.p31noticias.com.br\/index.php?rest_route=\/wp\/v2\/posts\/30804","targetHints":{"allow":["GET"]}}],"collection":[{"href":"https:\/\/www.p31noticias.com.br\/index.php?rest_route=\/wp\/v2\/posts"}],"about":[{"href":"https:\/\/www.p31noticias.com.br\/index.php?rest_route=\/wp\/v2\/types\/post"}],"replies":[{"embeddable":true,"href":"https:\/\/www.p31noticias.com.br\/index.php?rest_route=%2Fwp%2Fv2%2Fcomments&post=30804"}],"version-history":[{"count":0,"href":"https:\/\/www.p31noticias.com.br\/index.php?rest_route=\/wp\/v2\/posts\/30804\/revisions"}],"wp:attachment":[{"href":"https:\/\/www.p31noticias.com.br\/index.php?rest_route=%2Fwp%2Fv2%2Fmedia&parent=30804"}],"wp:term":[{"taxonomy":"category","embeddable":true,"href":"https:\/\/www.p31noticias.com.br\/index.php?rest_route=%2Fwp%2Fv2%2Fcategories&post=30804"},{"taxonomy":"post_tag","embeddable":true,"href":"https:\/\/www.p31noticias.com.br\/index.php?rest_route=%2Fwp%2Fv2%2Ftags&post=30804"}],"curies":[{"name":"wp","href":"https:\/\/api.w.org\/{rel}","templated":true}]}}