{"id":30716,"date":"2023-10-26T00:08:33","date_gmt":"2023-10-26T03:08:33","guid":{"rendered":"https:\/\/p31noticias.com.br\/reforma-tributaria-setor-de-alimentos-e-bebidas-comenta-parecer-do-senado\/"},"modified":"2023-10-26T00:08:33","modified_gmt":"2023-10-26T03:08:33","slug":"reforma-tributaria-setor-de-alimentos-e-bebidas-comenta-parecer-do-senado","status":"publish","type":"post","link":"https:\/\/www.p31noticias.com.br\/?p=30716","title":{"rendered":"Reforma Tribut\u00e1ria: setor de alimentos e bebidas comenta parecer do Senado"},"content":{"rendered":"<p>Associa\u00e7\u00f5es da ind\u00fastria avaliam como positiva a proposta feita pelo senador Eduardo Braga e convocam sociedade para participar das discuss\u00f5es por meio do movimento #CarrinhoLivre Representantes da ind\u00fastria de alimentos e bebidas entendem como positivo o parecer apresentado hoje pelo senador Eduardo Braga, relator da proposta da Reforma Tribut\u00e1ria no Senado. \u201cAs mudan\u00e7as apresentadas hoje [\u2026]<\/p>\n<p>O post <a href=\"https:\/\/www.delioandrade.com.br\/reforma-tributaria-setor-de-alimentos-e-bebidas-comenta-parecer-do-senado\/\">Reforma Tribut\u00e1ria: setor de alimentos e bebidas comenta parecer do Senado<\/a> apareceu primeiro em <a href=\"https:\/\/www.delioandrade.com.br\/\">Blog do D\u00c9LIO ANDRADE<\/a>.<\/p>\n","protected":false},"excerpt":{"rendered":"<p>Associa\u00e7\u00f5es da ind\u00fastria avaliam como positiva a proposta feita pelo senador Eduardo Braga e convocam sociedade para participar das discuss\u00f5es por meio do movimento #CarrinhoLivre Representantes da ind\u00fastria de alimentos e bebidas entendem como positivo o parecer apresentado hoje pelo senador Eduardo Braga, relator da proposta da Reforma Tribut\u00e1ria no Senado. \u201cAs mudan\u00e7as apresentadas hoje [&hellip;]<\/p>\n","protected":false},"author":0,"featured_media":30707,"comment_status":"open","ping_status":"open","sticky":false,"template":"","format":"standard","meta":{"footnotes":""},"categories":[21],"tags":[],"class_list":{"0":"post-30716","1":"post","2":"type-post","3":"status-publish","4":"format-standard","5":"has-post-thumbnail","7":"category-brasilia"},"yoast_head":"<!-- This site is optimized with the Yoast SEO Premium plugin v24.5 (Yoast SEO v27.5) - https:\/\/yoast.com\/product\/yoast-seo-premium-wordpress\/ -->\n<title>Reforma Tribut\u00e1ria: setor de alimentos e bebidas comenta parecer do Senado - P31<\/title>\n<meta name=\"robots\" content=\"index, follow, max-snippet:-1, max-image-preview:large, max-video-preview:-1\" \/>\n<link rel=\"canonical\" href=\"https:\/\/www.p31noticias.com.br\/?p=30716\" \/>\n<meta property=\"og:locale\" content=\"pt_BR\" \/>\n<meta property=\"og:type\" content=\"article\" \/>\n<meta property=\"og:title\" content=\"Reforma Tribut\u00e1ria: setor de alimentos e bebidas comenta parecer do Senado\" \/>\n<meta property=\"og:description\" content=\"Associa\u00e7\u00f5es da ind\u00fastria avaliam como positiva a proposta feita pelo senador Eduardo Braga e convocam sociedade para participar das discuss\u00f5es por meio do movimento #CarrinhoLivre Representantes da ind\u00fastria de alimentos e bebidas entendem como positivo o parecer apresentado hoje pelo senador Eduardo Braga, relator da proposta da Reforma Tribut\u00e1ria no Senado. \u201cAs mudan\u00e7as apresentadas hoje [&hellip;]\" \/>\n<meta property=\"og:url\" content=\"https:\/\/www.p31noticias.com.br\/?p=30716\" \/>\n<meta property=\"og:site_name\" content=\"P31\" \/>\n<meta property=\"article:published_time\" content=\"2023-10-26T03:08:33+00:00\" \/>\n<meta property=\"og:image\" content=\"https:\/\/www.p31noticias.com.br\/wp-content\/uploads\/2023\/10\/senado-1-150x150-MjIYTw-65jjQr.jpeg\" \/>\n\t<meta property=\"og:image:width\" content=\"150\" \/>\n\t<meta property=\"og:image:height\" content=\"150\" \/>\n\t<meta property=\"og:image:type\" content=\"image\/jpeg\" \/>\n<meta name=\"twitter:card\" content=\"summary_large_image\" \/>\n<script type=\"application\/ld+json\" class=\"yoast-schema-graph\">{\"@context\":\"https:\\\/\\\/schema.org\",\"@graph\":[{\"@type\":\"Article\",\"@id\":\"https:\\\/\\\/www.p31noticias.com.br\\\/?p=30716#article\",\"isPartOf\":{\"@id\":\"https:\\\/\\\/www.p31noticias.com.br\\\/?p=30716\"},\"author\":{\"name\":\"\",\"@id\":\"\"},\"headline\":\"Reforma Tribut\u00e1ria: setor de alimentos e bebidas comenta parecer do Senado\",\"datePublished\":\"2023-10-26T03:08:33+00:00\",\"mainEntityOfPage\":{\"@id\":\"https:\\\/\\\/www.p31noticias.com.br\\\/?p=30716\"},\"wordCount\":95,\"commentCount\":0,\"image\":{\"@id\":\"https:\\\/\\\/www.p31noticias.com.br\\\/?p=30716#primaryimage\"},\"thumbnailUrl\":\"https:\\\/\\\/www.p31noticias.com.br\\\/wp-content\\\/uploads\\\/2023\\\/10\\\/senado-1-150x150-MjIYTw-65jjQr.jpeg\",\"articleSection\":[\"Bras\u00edlia\"],\"inLanguage\":\"pt-BR\",\"potentialAction\":[{\"@type\":\"CommentAction\",\"name\":\"Comment\",\"target\":[\"https:\\\/\\\/www.p31noticias.com.br\\\/?p=30716#respond\"]}],\"copyrightYear\":\"2023\",\"copyrightHolder\":{\"@id\":\"https:\\\/\\\/www.p31noticias.com.br\\\/#organization\"}},{\"@type\":\"WebPage\",\"@id\":\"https:\\\/\\\/www.p31noticias.com.br\\\/?p=30716\",\"url\":\"https:\\\/\\\/www.p31noticias.com.br\\\/?p=30716\",\"name\":\"Reforma Tribut\u00e1ria: setor de alimentos e bebidas comenta parecer do Senado - P31\",\"isPartOf\":{\"@id\":\"https:\\\/\\\/www.p31noticias.com.br\\\/#website\"},\"primaryImageOfPage\":{\"@id\":\"https:\\\/\\\/www.p31noticias.com.br\\\/?p=30716#primaryimage\"},\"image\":{\"@id\":\"https:\\\/\\\/www.p31noticias.com.br\\\/?p=30716#primaryimage\"},\"thumbnailUrl\":\"https:\\\/\\\/www.p31noticias.com.br\\\/wp-content\\\/uploads\\\/2023\\\/10\\\/senado-1-150x150-MjIYTw-65jjQr.jpeg\",\"datePublished\":\"2023-10-26T03:08:33+00:00\",\"author\":{\"@id\":\"\"},\"breadcrumb\":{\"@id\":\"https:\\\/\\\/www.p31noticias.com.br\\\/?p=30716#breadcrumb\"},\"inLanguage\":\"pt-BR\",\"potentialAction\":[{\"@type\":\"ReadAction\",\"target\":[\"https:\\\/\\\/www.p31noticias.com.br\\\/?p=30716\"]}]},{\"@type\":\"ImageObject\",\"inLanguage\":\"pt-BR\",\"@id\":\"https:\\\/\\\/www.p31noticias.com.br\\\/?p=30716#primaryimage\",\"url\":\"https:\\\/\\\/www.p31noticias.com.br\\\/wp-content\\\/uploads\\\/2023\\\/10\\\/senado-1-150x150-MjIYTw-65jjQr.jpeg\",\"contentUrl\":\"https:\\\/\\\/www.p31noticias.com.br\\\/wp-content\\\/uploads\\\/2023\\\/10\\\/senado-1-150x150-MjIYTw-65jjQr.jpeg\",\"width\":150,\"height\":150},{\"@type\":\"BreadcrumbList\",\"@id\":\"https:\\\/\\\/www.p31noticias.com.br\\\/?p=30716#breadcrumb\",\"itemListElement\":[{\"@type\":\"ListItem\",\"position\":1,\"name\":\"In\u00edcio\",\"item\":\"https:\\\/\\\/www.p31noticias.com.br\\\/\"},{\"@type\":\"ListItem\",\"position\":2,\"name\":\"Reforma Tribut\u00e1ria: setor de alimentos e bebidas comenta parecer do Senado\"}]},{\"@type\":\"WebSite\",\"@id\":\"https:\\\/\\\/www.p31noticias.com.br\\\/#website\",\"url\":\"https:\\\/\\\/www.p31noticias.com.br\\\/\",\"name\":\"P31\",\"description\":\"NOT\u00cdCIAS\",\"potentialAction\":[{\"@type\":\"SearchAction\",\"target\":{\"@type\":\"EntryPoint\",\"urlTemplate\":\"https:\\\/\\\/www.p31noticias.com.br\\\/?s={search_term_string}\"},\"query-input\":{\"@type\":\"PropertyValueSpecification\",\"valueRequired\":true,\"valueName\":\"search_term_string\"}}],\"inLanguage\":\"pt-BR\"}]}<\/script>\n<!-- \/ Yoast SEO Premium plugin. -->","yoast_head_json":{"title":"Reforma Tribut\u00e1ria: setor de alimentos e bebidas comenta parecer do Senado - P31","robots":{"index":"index","follow":"follow","max-snippet":"max-snippet:-1","max-image-preview":"max-image-preview:large","max-video-preview":"max-video-preview:-1"},"canonical":"https:\/\/www.p31noticias.com.br\/?p=30716","og_locale":"pt_BR","og_type":"article","og_title":"Reforma Tribut\u00e1ria: setor de alimentos e bebidas comenta parecer do Senado","og_description":"Associa\u00e7\u00f5es da ind\u00fastria avaliam como positiva a proposta feita pelo senador Eduardo Braga e convocam sociedade para participar das discuss\u00f5es por meio do movimento #CarrinhoLivre Representantes da ind\u00fastria de alimentos e bebidas entendem como positivo o parecer apresentado hoje pelo senador Eduardo Braga, relator da proposta da Reforma Tribut\u00e1ria no Senado. \u201cAs mudan\u00e7as apresentadas hoje [&hellip;]","og_url":"https:\/\/www.p31noticias.com.br\/?p=30716","og_site_name":"P31","article_published_time":"2023-10-26T03:08:33+00:00","og_image":[{"width":150,"height":150,"url":"https:\/\/www.p31noticias.com.br\/wp-content\/uploads\/2023\/10\/senado-1-150x150-MjIYTw-65jjQr.jpeg","type":"image\/jpeg"}],"twitter_card":"summary_large_image","schema":{"@context":"https:\/\/schema.org","@graph":[{"@type":"Article","@id":"https:\/\/www.p31noticias.com.br\/?p=30716#article","isPartOf":{"@id":"https:\/\/www.p31noticias.com.br\/?p=30716"},"author":{"name":"","@id":""},"headline":"Reforma Tribut\u00e1ria: setor de alimentos e bebidas comenta parecer do Senado","datePublished":"2023-10-26T03:08:33+00:00","mainEntityOfPage":{"@id":"https:\/\/www.p31noticias.com.br\/?p=30716"},"wordCount":95,"commentCount":0,"image":{"@id":"https:\/\/www.p31noticias.com.br\/?p=30716#primaryimage"},"thumbnailUrl":"https:\/\/www.p31noticias.com.br\/wp-content\/uploads\/2023\/10\/senado-1-150x150-MjIYTw-65jjQr.jpeg","articleSection":["Bras\u00edlia"],"inLanguage":"pt-BR","potentialAction":[{"@type":"CommentAction","name":"Comment","target":["https:\/\/www.p31noticias.com.br\/?p=30716#respond"]}],"copyrightYear":"2023","copyrightHolder":{"@id":"https:\/\/www.p31noticias.com.br\/#organization"}},{"@type":"WebPage","@id":"https:\/\/www.p31noticias.com.br\/?p=30716","url":"https:\/\/www.p31noticias.com.br\/?p=30716","name":"Reforma Tribut\u00e1ria: setor de alimentos e bebidas comenta parecer do Senado - P31","isPartOf":{"@id":"https:\/\/www.p31noticias.com.br\/#website"},"primaryImageOfPage":{"@id":"https:\/\/www.p31noticias.com.br\/?p=30716#primaryimage"},"image":{"@id":"https:\/\/www.p31noticias.com.br\/?p=30716#primaryimage"},"thumbnailUrl":"https:\/\/www.p31noticias.com.br\/wp-content\/uploads\/2023\/10\/senado-1-150x150-MjIYTw-65jjQr.jpeg","datePublished":"2023-10-26T03:08:33+00:00","author":{"@id":""},"breadcrumb":{"@id":"https:\/\/www.p31noticias.com.br\/?p=30716#breadcrumb"},"inLanguage":"pt-BR","potentialAction":[{"@type":"ReadAction","target":["https:\/\/www.p31noticias.com.br\/?p=30716"]}]},{"@type":"ImageObject","inLanguage":"pt-BR","@id":"https:\/\/www.p31noticias.com.br\/?p=30716#primaryimage","url":"https:\/\/www.p31noticias.com.br\/wp-content\/uploads\/2023\/10\/senado-1-150x150-MjIYTw-65jjQr.jpeg","contentUrl":"https:\/\/www.p31noticias.com.br\/wp-content\/uploads\/2023\/10\/senado-1-150x150-MjIYTw-65jjQr.jpeg","width":150,"height":150},{"@type":"BreadcrumbList","@id":"https:\/\/www.p31noticias.com.br\/?p=30716#breadcrumb","itemListElement":[{"@type":"ListItem","position":1,"name":"In\u00edcio","item":"https:\/\/www.p31noticias.com.br\/"},{"@type":"ListItem","position":2,"name":"Reforma Tribut\u00e1ria: setor de alimentos e bebidas comenta parecer do Senado"}]},{"@type":"WebSite","@id":"https:\/\/www.p31noticias.com.br\/#website","url":"https:\/\/www.p31noticias.com.br\/","name":"P31","description":"NOT\u00cdCIAS","potentialAction":[{"@type":"SearchAction","target":{"@type":"EntryPoint","urlTemplate":"https:\/\/www.p31noticias.com.br\/?s={search_term_string}"},"query-input":{"@type":"PropertyValueSpecification","valueRequired":true,"valueName":"search_term_string"}}],"inLanguage":"pt-BR"}]}},"amp_enabled":true,"_links":{"self":[{"href":"https:\/\/www.p31noticias.com.br\/index.php?rest_route=\/wp\/v2\/posts\/30716","targetHints":{"allow":["GET"]}}],"collection":[{"href":"https:\/\/www.p31noticias.com.br\/index.php?rest_route=\/wp\/v2\/posts"}],"about":[{"href":"https:\/\/www.p31noticias.com.br\/index.php?rest_route=\/wp\/v2\/types\/post"}],"replies":[{"embeddable":true,"href":"https:\/\/www.p31noticias.com.br\/index.php?rest_route=%2Fwp%2Fv2%2Fcomments&post=30716"}],"version-history":[{"count":0,"href":"https:\/\/www.p31noticias.com.br\/index.php?rest_route=\/wp\/v2\/posts\/30716\/revisions"}],"wp:featuredmedia":[{"embeddable":true,"href":"https:\/\/www.p31noticias.com.br\/index.php?rest_route=\/wp\/v2\/media\/30707"}],"wp:attachment":[{"href":"https:\/\/www.p31noticias.com.br\/index.php?rest_route=%2Fwp%2Fv2%2Fmedia&parent=30716"}],"wp:term":[{"taxonomy":"category","embeddable":true,"href":"https:\/\/www.p31noticias.com.br\/index.php?rest_route=%2Fwp%2Fv2%2Fcategories&post=30716"},{"taxonomy":"post_tag","embeddable":true,"href":"https:\/\/www.p31noticias.com.br\/index.php?rest_route=%2Fwp%2Fv2%2Ftags&post=30716"}],"curies":[{"name":"wp","href":"https:\/\/api.w.org\/{rel}","templated":true}]}}