{"id":30715,"date":"2023-10-26T00:08:33","date_gmt":"2023-10-26T03:08:33","guid":{"rendered":"https:\/\/p31noticias.com.br\/plenario-do-senado-aprova-indicacao-de-daniela-teixeira-para-o-stj\/"},"modified":"2023-10-26T00:08:33","modified_gmt":"2023-10-26T03:08:33","slug":"plenario-do-senado-aprova-indicacao-de-daniela-teixeira-para-o-stj","status":"publish","type":"post","link":"https:\/\/www.p31noticias.com.br\/?p=30715","title":{"rendered":"Plen\u00e1rio do Senado aprova indica\u00e7\u00e3o de Daniela Teixeira para o STJ"},"content":{"rendered":"<p>A advogada foi a \u00fanica mulher a compor a lista s\u00eaxtupla da OAB para a vaga aberta O plen\u00e1rio do Senado Federal aprovou, nesta quarta-feira (25), a indica\u00e7\u00e3o de Daniela Teixeira para o Superior Tribunal de Justi\u00e7a (STJ). A advogada foi a \u00fanica mulher a compor a lista s\u00eaxtupla da OAB para a vaga aberta, [\u2026]<\/p>\n<p>O post <a href=\"https:\/\/www.delioandrade.com.br\/plenario-do-senado-aprova-indicacao-de-daniela-teixeira-para-o-stj\/\">Plen\u00e1rio do Senado aprova indica\u00e7\u00e3o de Daniela Teixeira para o STJ<\/a> apareceu primeiro em <a href=\"https:\/\/www.delioandrade.com.br\/\">Blog do D\u00c9LIO ANDRADE<\/a>.<\/p>\n","protected":false},"excerpt":{"rendered":"<p>A advogada foi a \u00fanica mulher a compor a lista s\u00eaxtupla da OAB para a vaga aberta O plen\u00e1rio do Senado Federal aprovou, nesta quarta-feira (25), a indica\u00e7\u00e3o de Daniela Teixeira para o Superior Tribunal de Justi\u00e7a (STJ). A advogada foi a \u00fanica mulher a compor a lista s\u00eaxtupla da OAB para a vaga aberta, [&hellip;]<\/p>\n","protected":false},"author":0,"featured_media":30705,"comment_status":"open","ping_status":"open","sticky":false,"template":"","format":"standard","meta":{"footnotes":""},"categories":[21],"tags":[],"class_list":{"0":"post-30715","1":"post","2":"type-post","3":"status-publish","4":"format-standard","5":"has-post-thumbnail","7":"category-brasilia"},"yoast_head":"<!-- This site is optimized with the Yoast SEO Premium plugin v24.5 (Yoast SEO v27.5) - https:\/\/yoast.com\/product\/yoast-seo-premium-wordpress\/ -->\n<title>Plen\u00e1rio do Senado aprova indica\u00e7\u00e3o de Daniela Teixeira para o STJ - P31<\/title>\n<meta name=\"robots\" content=\"index, follow, max-snippet:-1, max-image-preview:large, max-video-preview:-1\" \/>\n<link rel=\"canonical\" href=\"https:\/\/www.p31noticias.com.br\/?p=30715\" \/>\n<meta property=\"og:locale\" content=\"pt_BR\" \/>\n<meta property=\"og:type\" content=\"article\" \/>\n<meta property=\"og:title\" content=\"Plen\u00e1rio do Senado aprova indica\u00e7\u00e3o de Daniela Teixeira para o STJ\" \/>\n<meta property=\"og:description\" content=\"A advogada foi a \u00fanica mulher a compor a lista s\u00eaxtupla da OAB para a vaga aberta O plen\u00e1rio do Senado Federal aprovou, nesta quarta-feira (25), a indica\u00e7\u00e3o de Daniela Teixeira para o Superior Tribunal de Justi\u00e7a (STJ). A advogada foi a \u00fanica mulher a compor a lista s\u00eaxtupla da OAB para a vaga aberta, [&hellip;]\" \/>\n<meta property=\"og:url\" content=\"https:\/\/www.p31noticias.com.br\/?p=30715\" \/>\n<meta property=\"og:site_name\" content=\"P31\" \/>\n<meta property=\"article:published_time\" content=\"2023-10-26T03:08:33+00:00\" \/>\n<meta property=\"og:image\" content=\"https:\/\/www.p31noticias.com.br\/wp-content\/uploads\/2023\/10\/DanielaTeixeiraindicadaSTJ-150x150-RcZBMJ-gwWrjr.webp\" \/>\n\t<meta property=\"og:image:width\" content=\"150\" \/>\n\t<meta property=\"og:image:height\" content=\"150\" \/>\n\t<meta property=\"og:image:type\" content=\"image\/webp\" \/>\n<meta name=\"twitter:card\" content=\"summary_large_image\" \/>\n<script type=\"application\/ld+json\" class=\"yoast-schema-graph\">{\"@context\":\"https:\\\/\\\/schema.org\",\"@graph\":[{\"@type\":\"Article\",\"@id\":\"https:\\\/\\\/www.p31noticias.com.br\\\/?p=30715#article\",\"isPartOf\":{\"@id\":\"https:\\\/\\\/www.p31noticias.com.br\\\/?p=30715\"},\"author\":{\"name\":\"\",\"@id\":\"\"},\"headline\":\"Plen\u00e1rio do Senado aprova indica\u00e7\u00e3o de Daniela Teixeira para o STJ\",\"datePublished\":\"2023-10-26T03:08:33+00:00\",\"mainEntityOfPage\":{\"@id\":\"https:\\\/\\\/www.p31noticias.com.br\\\/?p=30715\"},\"wordCount\":95,\"commentCount\":0,\"image\":{\"@id\":\"https:\\\/\\\/www.p31noticias.com.br\\\/?p=30715#primaryimage\"},\"thumbnailUrl\":\"https:\\\/\\\/www.p31noticias.com.br\\\/wp-content\\\/uploads\\\/2023\\\/10\\\/DanielaTeixeiraindicadaSTJ-150x150-RcZBMJ-gwWrjr.webp\",\"articleSection\":[\"Bras\u00edlia\"],\"inLanguage\":\"pt-BR\",\"potentialAction\":[{\"@type\":\"CommentAction\",\"name\":\"Comment\",\"target\":[\"https:\\\/\\\/www.p31noticias.com.br\\\/?p=30715#respond\"]}],\"copyrightYear\":\"2023\",\"copyrightHolder\":{\"@id\":\"https:\\\/\\\/www.p31noticias.com.br\\\/#organization\"}},{\"@type\":\"WebPage\",\"@id\":\"https:\\\/\\\/www.p31noticias.com.br\\\/?p=30715\",\"url\":\"https:\\\/\\\/www.p31noticias.com.br\\\/?p=30715\",\"name\":\"Plen\u00e1rio do Senado aprova indica\u00e7\u00e3o de Daniela Teixeira para o STJ - P31\",\"isPartOf\":{\"@id\":\"https:\\\/\\\/www.p31noticias.com.br\\\/#website\"},\"primaryImageOfPage\":{\"@id\":\"https:\\\/\\\/www.p31noticias.com.br\\\/?p=30715#primaryimage\"},\"image\":{\"@id\":\"https:\\\/\\\/www.p31noticias.com.br\\\/?p=30715#primaryimage\"},\"thumbnailUrl\":\"https:\\\/\\\/www.p31noticias.com.br\\\/wp-content\\\/uploads\\\/2023\\\/10\\\/DanielaTeixeiraindicadaSTJ-150x150-RcZBMJ-gwWrjr.webp\",\"datePublished\":\"2023-10-26T03:08:33+00:00\",\"author\":{\"@id\":\"\"},\"breadcrumb\":{\"@id\":\"https:\\\/\\\/www.p31noticias.com.br\\\/?p=30715#breadcrumb\"},\"inLanguage\":\"pt-BR\",\"potentialAction\":[{\"@type\":\"ReadAction\",\"target\":[\"https:\\\/\\\/www.p31noticias.com.br\\\/?p=30715\"]}]},{\"@type\":\"ImageObject\",\"inLanguage\":\"pt-BR\",\"@id\":\"https:\\\/\\\/www.p31noticias.com.br\\\/?p=30715#primaryimage\",\"url\":\"https:\\\/\\\/www.p31noticias.com.br\\\/wp-content\\\/uploads\\\/2023\\\/10\\\/DanielaTeixeiraindicadaSTJ-150x150-RcZBMJ-gwWrjr.webp\",\"contentUrl\":\"https:\\\/\\\/www.p31noticias.com.br\\\/wp-content\\\/uploads\\\/2023\\\/10\\\/DanielaTeixeiraindicadaSTJ-150x150-RcZBMJ-gwWrjr.webp\",\"width\":150,\"height\":150},{\"@type\":\"BreadcrumbList\",\"@id\":\"https:\\\/\\\/www.p31noticias.com.br\\\/?p=30715#breadcrumb\",\"itemListElement\":[{\"@type\":\"ListItem\",\"position\":1,\"name\":\"In\u00edcio\",\"item\":\"https:\\\/\\\/www.p31noticias.com.br\\\/\"},{\"@type\":\"ListItem\",\"position\":2,\"name\":\"Plen\u00e1rio do Senado aprova indica\u00e7\u00e3o de Daniela Teixeira para o STJ\"}]},{\"@type\":\"WebSite\",\"@id\":\"https:\\\/\\\/www.p31noticias.com.br\\\/#website\",\"url\":\"https:\\\/\\\/www.p31noticias.com.br\\\/\",\"name\":\"P31\",\"description\":\"NOT\u00cdCIAS\",\"potentialAction\":[{\"@type\":\"SearchAction\",\"target\":{\"@type\":\"EntryPoint\",\"urlTemplate\":\"https:\\\/\\\/www.p31noticias.com.br\\\/?s={search_term_string}\"},\"query-input\":{\"@type\":\"PropertyValueSpecification\",\"valueRequired\":true,\"valueName\":\"search_term_string\"}}],\"inLanguage\":\"pt-BR\"}]}<\/script>\n<!-- \/ Yoast SEO Premium plugin. -->","yoast_head_json":{"title":"Plen\u00e1rio do Senado aprova indica\u00e7\u00e3o de Daniela Teixeira para o STJ - P31","robots":{"index":"index","follow":"follow","max-snippet":"max-snippet:-1","max-image-preview":"max-image-preview:large","max-video-preview":"max-video-preview:-1"},"canonical":"https:\/\/www.p31noticias.com.br\/?p=30715","og_locale":"pt_BR","og_type":"article","og_title":"Plen\u00e1rio do Senado aprova indica\u00e7\u00e3o de Daniela Teixeira para o STJ","og_description":"A advogada foi a \u00fanica mulher a compor a lista s\u00eaxtupla da OAB para a vaga aberta O plen\u00e1rio do Senado Federal aprovou, nesta quarta-feira (25), a indica\u00e7\u00e3o de Daniela Teixeira para o Superior Tribunal de Justi\u00e7a (STJ). A advogada foi a \u00fanica mulher a compor a lista s\u00eaxtupla da OAB para a vaga aberta, [&hellip;]","og_url":"https:\/\/www.p31noticias.com.br\/?p=30715","og_site_name":"P31","article_published_time":"2023-10-26T03:08:33+00:00","og_image":[{"width":150,"height":150,"url":"https:\/\/www.p31noticias.com.br\/wp-content\/uploads\/2023\/10\/DanielaTeixeiraindicadaSTJ-150x150-RcZBMJ-gwWrjr.webp","type":"image\/webp"}],"twitter_card":"summary_large_image","schema":{"@context":"https:\/\/schema.org","@graph":[{"@type":"Article","@id":"https:\/\/www.p31noticias.com.br\/?p=30715#article","isPartOf":{"@id":"https:\/\/www.p31noticias.com.br\/?p=30715"},"author":{"name":"","@id":""},"headline":"Plen\u00e1rio do Senado aprova indica\u00e7\u00e3o de Daniela Teixeira para o STJ","datePublished":"2023-10-26T03:08:33+00:00","mainEntityOfPage":{"@id":"https:\/\/www.p31noticias.com.br\/?p=30715"},"wordCount":95,"commentCount":0,"image":{"@id":"https:\/\/www.p31noticias.com.br\/?p=30715#primaryimage"},"thumbnailUrl":"https:\/\/www.p31noticias.com.br\/wp-content\/uploads\/2023\/10\/DanielaTeixeiraindicadaSTJ-150x150-RcZBMJ-gwWrjr.webp","articleSection":["Bras\u00edlia"],"inLanguage":"pt-BR","potentialAction":[{"@type":"CommentAction","name":"Comment","target":["https:\/\/www.p31noticias.com.br\/?p=30715#respond"]}],"copyrightYear":"2023","copyrightHolder":{"@id":"https:\/\/www.p31noticias.com.br\/#organization"}},{"@type":"WebPage","@id":"https:\/\/www.p31noticias.com.br\/?p=30715","url":"https:\/\/www.p31noticias.com.br\/?p=30715","name":"Plen\u00e1rio do Senado aprova indica\u00e7\u00e3o de Daniela Teixeira para o STJ - P31","isPartOf":{"@id":"https:\/\/www.p31noticias.com.br\/#website"},"primaryImageOfPage":{"@id":"https:\/\/www.p31noticias.com.br\/?p=30715#primaryimage"},"image":{"@id":"https:\/\/www.p31noticias.com.br\/?p=30715#primaryimage"},"thumbnailUrl":"https:\/\/www.p31noticias.com.br\/wp-content\/uploads\/2023\/10\/DanielaTeixeiraindicadaSTJ-150x150-RcZBMJ-gwWrjr.webp","datePublished":"2023-10-26T03:08:33+00:00","author":{"@id":""},"breadcrumb":{"@id":"https:\/\/www.p31noticias.com.br\/?p=30715#breadcrumb"},"inLanguage":"pt-BR","potentialAction":[{"@type":"ReadAction","target":["https:\/\/www.p31noticias.com.br\/?p=30715"]}]},{"@type":"ImageObject","inLanguage":"pt-BR","@id":"https:\/\/www.p31noticias.com.br\/?p=30715#primaryimage","url":"https:\/\/www.p31noticias.com.br\/wp-content\/uploads\/2023\/10\/DanielaTeixeiraindicadaSTJ-150x150-RcZBMJ-gwWrjr.webp","contentUrl":"https:\/\/www.p31noticias.com.br\/wp-content\/uploads\/2023\/10\/DanielaTeixeiraindicadaSTJ-150x150-RcZBMJ-gwWrjr.webp","width":150,"height":150},{"@type":"BreadcrumbList","@id":"https:\/\/www.p31noticias.com.br\/?p=30715#breadcrumb","itemListElement":[{"@type":"ListItem","position":1,"name":"In\u00edcio","item":"https:\/\/www.p31noticias.com.br\/"},{"@type":"ListItem","position":2,"name":"Plen\u00e1rio do Senado aprova indica\u00e7\u00e3o de Daniela Teixeira para o STJ"}]},{"@type":"WebSite","@id":"https:\/\/www.p31noticias.com.br\/#website","url":"https:\/\/www.p31noticias.com.br\/","name":"P31","description":"NOT\u00cdCIAS","potentialAction":[{"@type":"SearchAction","target":{"@type":"EntryPoint","urlTemplate":"https:\/\/www.p31noticias.com.br\/?s={search_term_string}"},"query-input":{"@type":"PropertyValueSpecification","valueRequired":true,"valueName":"search_term_string"}}],"inLanguage":"pt-BR"}]}},"amp_enabled":true,"_links":{"self":[{"href":"https:\/\/www.p31noticias.com.br\/index.php?rest_route=\/wp\/v2\/posts\/30715","targetHints":{"allow":["GET"]}}],"collection":[{"href":"https:\/\/www.p31noticias.com.br\/index.php?rest_route=\/wp\/v2\/posts"}],"about":[{"href":"https:\/\/www.p31noticias.com.br\/index.php?rest_route=\/wp\/v2\/types\/post"}],"replies":[{"embeddable":true,"href":"https:\/\/www.p31noticias.com.br\/index.php?rest_route=%2Fwp%2Fv2%2Fcomments&post=30715"}],"version-history":[{"count":0,"href":"https:\/\/www.p31noticias.com.br\/index.php?rest_route=\/wp\/v2\/posts\/30715\/revisions"}],"wp:featuredmedia":[{"embeddable":true,"href":"https:\/\/www.p31noticias.com.br\/index.php?rest_route=\/wp\/v2\/media\/30705"}],"wp:attachment":[{"href":"https:\/\/www.p31noticias.com.br\/index.php?rest_route=%2Fwp%2Fv2%2Fmedia&parent=30715"}],"wp:term":[{"taxonomy":"category","embeddable":true,"href":"https:\/\/www.p31noticias.com.br\/index.php?rest_route=%2Fwp%2Fv2%2Fcategories&post=30715"},{"taxonomy":"post_tag","embeddable":true,"href":"https:\/\/www.p31noticias.com.br\/index.php?rest_route=%2Fwp%2Fv2%2Ftags&post=30715"}],"curies":[{"name":"wp","href":"https:\/\/api.w.org\/{rel}","templated":true}]}}