{"id":30668,"date":"2023-10-25T06:06:56","date_gmt":"2023-10-25T09:06:56","guid":{"rendered":"https:\/\/p31noticias.com.br\/gdf-investiga-suspeita-de-acumulo-de-cargos-na-secretaria-de-educacao-3\/"},"modified":"2023-10-25T06:06:56","modified_gmt":"2023-10-25T09:06:56","slug":"gdf-investiga-suspeita-de-acumulo-de-cargos-na-secretaria-de-educacao-3","status":"publish","type":"post","link":"https:\/\/www.p31noticias.com.br\/?p=30668","title":{"rendered":"GDF investiga suspeita de ac\u00famulo de cargos na Secretaria de Educa\u00e7\u00e3o"},"content":{"rendered":"<p>Um relat\u00f3rio divulgado pela Corregedoria-Geral do Distrito Federal (CGDF), em 11 de outubro, apontou graves falhas no sistema de fiscaliza\u00e7\u00e3o da Secretaria de Educa\u00e7\u00e3o do Distrito Federal (SEEDF) para impedir ac\u00famulo de cargos indevidos por parte dos servidores da pasta. Leia tamb\u00e9m Distrito Federal CLDF cobra Secretaria de Educa\u00e7\u00e3o por falta de merenda nas escolas [\u2026]<\/p>\n<p>O post <a href=\"https:\/\/www.delioandrade.com.br\/gdf-investiga-suspeita-de-acumulo-de-cargos-na-secretaria-de-educacao\/\">GDF investiga suspeita de ac\u00famulo de cargos na Secretaria de Educa\u00e7\u00e3o<\/a> apareceu primeiro em <a href=\"https:\/\/www.delioandrade.com.br\/\">Blog do D\u00c9LIO ANDRADE<\/a>.<\/p>\n","protected":false},"excerpt":{"rendered":"<p>Um relat\u00f3rio divulgado pela Corregedoria-Geral do Distrito Federal (CGDF), em 11 de outubro, apontou graves falhas no sistema de fiscaliza\u00e7\u00e3o da Secretaria de Educa\u00e7\u00e3o do Distrito Federal (SEEDF) para impedir ac\u00famulo de cargos indevidos por parte dos servidores da pasta. Leia tamb\u00e9m Distrito Federal CLDF cobra Secretaria de Educa\u00e7\u00e3o por falta de merenda nas escolas [&hellip;]<\/p>\n","protected":false},"author":0,"featured_media":0,"comment_status":"open","ping_status":"open","sticky":false,"template":"","format":"standard","meta":{"footnotes":""},"categories":[21],"tags":[],"class_list":{"0":"post-30668","1":"post","2":"type-post","3":"status-publish","4":"format-standard","6":"category-brasilia"},"yoast_head":"<!-- This site is optimized with the Yoast SEO Premium plugin v24.5 (Yoast SEO v27.5) - https:\/\/yoast.com\/product\/yoast-seo-premium-wordpress\/ -->\n<title>GDF investiga suspeita de ac\u00famulo de cargos na Secretaria de Educa\u00e7\u00e3o - P31<\/title>\n<meta name=\"robots\" content=\"index, follow, max-snippet:-1, max-image-preview:large, max-video-preview:-1\" \/>\n<link rel=\"canonical\" href=\"https:\/\/www.p31noticias.com.br\/?p=30668\" \/>\n<meta property=\"og:locale\" content=\"pt_BR\" \/>\n<meta property=\"og:type\" content=\"article\" \/>\n<meta property=\"og:title\" content=\"GDF investiga suspeita de ac\u00famulo de cargos na Secretaria de Educa\u00e7\u00e3o\" \/>\n<meta property=\"og:description\" content=\"Um relat\u00f3rio divulgado pela Corregedoria-Geral do Distrito Federal (CGDF), em 11 de outubro, apontou graves falhas no sistema de fiscaliza\u00e7\u00e3o da Secretaria de Educa\u00e7\u00e3o do Distrito Federal (SEEDF) para impedir ac\u00famulo de cargos indevidos por parte dos servidores da pasta. Leia tamb\u00e9m Distrito Federal CLDF cobra Secretaria de Educa\u00e7\u00e3o por falta de merenda nas escolas [&hellip;]\" \/>\n<meta property=\"og:url\" content=\"https:\/\/www.p31noticias.com.br\/?p=30668\" \/>\n<meta property=\"og:site_name\" content=\"P31\" \/>\n<meta property=\"article:published_time\" content=\"2023-10-25T09:06:56+00:00\" \/>\n<meta name=\"twitter:card\" content=\"summary_large_image\" \/>\n<script type=\"application\/ld+json\" class=\"yoast-schema-graph\">{\"@context\":\"https:\\\/\\\/schema.org\",\"@graph\":[{\"@type\":\"Article\",\"@id\":\"https:\\\/\\\/www.p31noticias.com.br\\\/?p=30668#article\",\"isPartOf\":{\"@id\":\"https:\\\/\\\/www.p31noticias.com.br\\\/?p=30668\"},\"author\":{\"name\":\"\",\"@id\":\"\"},\"headline\":\"GDF investiga suspeita de ac\u00famulo de cargos na Secretaria de Educa\u00e7\u00e3o\",\"datePublished\":\"2023-10-25T09:06:56+00:00\",\"mainEntityOfPage\":{\"@id\":\"https:\\\/\\\/www.p31noticias.com.br\\\/?p=30668\"},\"wordCount\":96,\"commentCount\":0,\"articleSection\":[\"Bras\u00edlia\"],\"inLanguage\":\"pt-BR\",\"potentialAction\":[{\"@type\":\"CommentAction\",\"name\":\"Comment\",\"target\":[\"https:\\\/\\\/www.p31noticias.com.br\\\/?p=30668#respond\"]}],\"copyrightYear\":\"2023\",\"copyrightHolder\":{\"@id\":\"https:\\\/\\\/www.p31noticias.com.br\\\/#organization\"}},{\"@type\":\"WebPage\",\"@id\":\"https:\\\/\\\/www.p31noticias.com.br\\\/?p=30668\",\"url\":\"https:\\\/\\\/www.p31noticias.com.br\\\/?p=30668\",\"name\":\"GDF investiga suspeita de ac\u00famulo de cargos na Secretaria de Educa\u00e7\u00e3o - P31\",\"isPartOf\":{\"@id\":\"https:\\\/\\\/www.p31noticias.com.br\\\/#website\"},\"datePublished\":\"2023-10-25T09:06:56+00:00\",\"author\":{\"@id\":\"\"},\"breadcrumb\":{\"@id\":\"https:\\\/\\\/www.p31noticias.com.br\\\/?p=30668#breadcrumb\"},\"inLanguage\":\"pt-BR\",\"potentialAction\":[{\"@type\":\"ReadAction\",\"target\":[\"https:\\\/\\\/www.p31noticias.com.br\\\/?p=30668\"]}]},{\"@type\":\"BreadcrumbList\",\"@id\":\"https:\\\/\\\/www.p31noticias.com.br\\\/?p=30668#breadcrumb\",\"itemListElement\":[{\"@type\":\"ListItem\",\"position\":1,\"name\":\"In\u00edcio\",\"item\":\"https:\\\/\\\/www.p31noticias.com.br\\\/\"},{\"@type\":\"ListItem\",\"position\":2,\"name\":\"GDF investiga suspeita de ac\u00famulo de cargos na Secretaria de Educa\u00e7\u00e3o\"}]},{\"@type\":\"WebSite\",\"@id\":\"https:\\\/\\\/www.p31noticias.com.br\\\/#website\",\"url\":\"https:\\\/\\\/www.p31noticias.com.br\\\/\",\"name\":\"P31\",\"description\":\"NOT\u00cdCIAS\",\"potentialAction\":[{\"@type\":\"SearchAction\",\"target\":{\"@type\":\"EntryPoint\",\"urlTemplate\":\"https:\\\/\\\/www.p31noticias.com.br\\\/?s={search_term_string}\"},\"query-input\":{\"@type\":\"PropertyValueSpecification\",\"valueRequired\":true,\"valueName\":\"search_term_string\"}}],\"inLanguage\":\"pt-BR\"}]}<\/script>\n<!-- \/ Yoast SEO Premium plugin. -->","yoast_head_json":{"title":"GDF investiga suspeita de ac\u00famulo de cargos na Secretaria de Educa\u00e7\u00e3o - P31","robots":{"index":"index","follow":"follow","max-snippet":"max-snippet:-1","max-image-preview":"max-image-preview:large","max-video-preview":"max-video-preview:-1"},"canonical":"https:\/\/www.p31noticias.com.br\/?p=30668","og_locale":"pt_BR","og_type":"article","og_title":"GDF investiga suspeita de ac\u00famulo de cargos na Secretaria de Educa\u00e7\u00e3o","og_description":"Um relat\u00f3rio divulgado pela Corregedoria-Geral do Distrito Federal (CGDF), em 11 de outubro, apontou graves falhas no sistema de fiscaliza\u00e7\u00e3o da Secretaria de Educa\u00e7\u00e3o do Distrito Federal (SEEDF) para impedir ac\u00famulo de cargos indevidos por parte dos servidores da pasta. Leia tamb\u00e9m Distrito Federal CLDF cobra Secretaria de Educa\u00e7\u00e3o por falta de merenda nas escolas [&hellip;]","og_url":"https:\/\/www.p31noticias.com.br\/?p=30668","og_site_name":"P31","article_published_time":"2023-10-25T09:06:56+00:00","twitter_card":"summary_large_image","schema":{"@context":"https:\/\/schema.org","@graph":[{"@type":"Article","@id":"https:\/\/www.p31noticias.com.br\/?p=30668#article","isPartOf":{"@id":"https:\/\/www.p31noticias.com.br\/?p=30668"},"author":{"name":"","@id":""},"headline":"GDF investiga suspeita de ac\u00famulo de cargos na Secretaria de Educa\u00e7\u00e3o","datePublished":"2023-10-25T09:06:56+00:00","mainEntityOfPage":{"@id":"https:\/\/www.p31noticias.com.br\/?p=30668"},"wordCount":96,"commentCount":0,"articleSection":["Bras\u00edlia"],"inLanguage":"pt-BR","potentialAction":[{"@type":"CommentAction","name":"Comment","target":["https:\/\/www.p31noticias.com.br\/?p=30668#respond"]}],"copyrightYear":"2023","copyrightHolder":{"@id":"https:\/\/www.p31noticias.com.br\/#organization"}},{"@type":"WebPage","@id":"https:\/\/www.p31noticias.com.br\/?p=30668","url":"https:\/\/www.p31noticias.com.br\/?p=30668","name":"GDF investiga suspeita de ac\u00famulo de cargos na Secretaria de Educa\u00e7\u00e3o - P31","isPartOf":{"@id":"https:\/\/www.p31noticias.com.br\/#website"},"datePublished":"2023-10-25T09:06:56+00:00","author":{"@id":""},"breadcrumb":{"@id":"https:\/\/www.p31noticias.com.br\/?p=30668#breadcrumb"},"inLanguage":"pt-BR","potentialAction":[{"@type":"ReadAction","target":["https:\/\/www.p31noticias.com.br\/?p=30668"]}]},{"@type":"BreadcrumbList","@id":"https:\/\/www.p31noticias.com.br\/?p=30668#breadcrumb","itemListElement":[{"@type":"ListItem","position":1,"name":"In\u00edcio","item":"https:\/\/www.p31noticias.com.br\/"},{"@type":"ListItem","position":2,"name":"GDF investiga suspeita de ac\u00famulo de cargos na Secretaria de Educa\u00e7\u00e3o"}]},{"@type":"WebSite","@id":"https:\/\/www.p31noticias.com.br\/#website","url":"https:\/\/www.p31noticias.com.br\/","name":"P31","description":"NOT\u00cdCIAS","potentialAction":[{"@type":"SearchAction","target":{"@type":"EntryPoint","urlTemplate":"https:\/\/www.p31noticias.com.br\/?s={search_term_string}"},"query-input":{"@type":"PropertyValueSpecification","valueRequired":true,"valueName":"search_term_string"}}],"inLanguage":"pt-BR"}]}},"amp_enabled":true,"_links":{"self":[{"href":"https:\/\/www.p31noticias.com.br\/index.php?rest_route=\/wp\/v2\/posts\/30668","targetHints":{"allow":["GET"]}}],"collection":[{"href":"https:\/\/www.p31noticias.com.br\/index.php?rest_route=\/wp\/v2\/posts"}],"about":[{"href":"https:\/\/www.p31noticias.com.br\/index.php?rest_route=\/wp\/v2\/types\/post"}],"replies":[{"embeddable":true,"href":"https:\/\/www.p31noticias.com.br\/index.php?rest_route=%2Fwp%2Fv2%2Fcomments&post=30668"}],"version-history":[{"count":0,"href":"https:\/\/www.p31noticias.com.br\/index.php?rest_route=\/wp\/v2\/posts\/30668\/revisions"}],"wp:attachment":[{"href":"https:\/\/www.p31noticias.com.br\/index.php?rest_route=%2Fwp%2Fv2%2Fmedia&parent=30668"}],"wp:term":[{"taxonomy":"category","embeddable":true,"href":"https:\/\/www.p31noticias.com.br\/index.php?rest_route=%2Fwp%2Fv2%2Fcategories&post=30668"},{"taxonomy":"post_tag","embeddable":true,"href":"https:\/\/www.p31noticias.com.br\/index.php?rest_route=%2Fwp%2Fv2%2Ftags&post=30668"}],"curies":[{"name":"wp","href":"https:\/\/api.w.org\/{rel}","templated":true}]}}