{"id":30626,"date":"2023-10-24T19:06:15","date_gmt":"2023-10-24T22:06:15","guid":{"rendered":"https:\/\/p31noticias.com.br\/feira-de-empregos-do-senai-tem-selecao-on-line-para-9-mil-vagas\/"},"modified":"2023-10-24T19:06:15","modified_gmt":"2023-10-24T22:06:15","slug":"feira-de-empregos-do-senai-tem-selecao-on-line-para-9-mil-vagas","status":"publish","type":"post","link":"https:\/\/www.p31noticias.com.br\/?p=30626","title":{"rendered":"Feira de empregos do Senai tem sele\u00e7\u00e3o on-line para 9\u00a0mil vagas"},"content":{"rendered":"<p>A Feira de empregos Contrate-me far\u00e1 uma sele\u00e7\u00e3o on-line de candidatos para 9 mil vagas de trabalho entre quarta (25\/10) e sexta-feira (27\/10). Organizado pelo Servi\u00e7o Nacional de Aprendizagem Industrial (Senai), o evento faz parte da 15\u00aa edi\u00e7\u00e3o do Mundo Senai, que tamb\u00e9m vai oferecer oficinas e palestras gratuitas em todo o pa\u00eds. A Feira [\u2026]<\/p>\n<p>O post <a href=\"https:\/\/www.delioandrade.com.br\/feira-de-empregos-do-senai-tem-selecao-on-line-para-9-mil-vagas\/\">Feira de empregos do Senai tem sele\u00e7\u00e3o on-line para 9\u00a0mil vagas<\/a> apareceu primeiro em <a href=\"https:\/\/www.delioandrade.com.br\/\">Blog do D\u00c9LIO ANDRADE<\/a>.<\/p>\n","protected":false},"excerpt":{"rendered":"<p>A Feira de empregos Contrate-me far\u00e1 uma sele\u00e7\u00e3o on-line de candidatos para 9 mil vagas de trabalho entre quarta (25\/10) e sexta-feira (27\/10). Organizado pelo Servi\u00e7o Nacional de Aprendizagem Industrial (Senai), o evento faz parte da 15\u00aa edi\u00e7\u00e3o do Mundo Senai, que tamb\u00e9m vai oferecer oficinas e palestras gratuitas em todo o pa\u00eds. A Feira [&hellip;]<\/p>\n","protected":false},"author":0,"featured_media":0,"comment_status":"open","ping_status":"open","sticky":false,"template":"","format":"standard","meta":{"footnotes":""},"categories":[21],"tags":[],"class_list":{"0":"post-30626","1":"post","2":"type-post","3":"status-publish","4":"format-standard","6":"category-brasilia"},"yoast_head":"<!-- This site is optimized with the Yoast SEO Premium plugin v24.5 (Yoast SEO v27.4) - https:\/\/yoast.com\/product\/yoast-seo-premium-wordpress\/ -->\n<title>Feira de empregos do Senai tem sele\u00e7\u00e3o on-line para 9\u00a0mil vagas - P31<\/title>\n<meta name=\"robots\" content=\"index, follow, max-snippet:-1, max-image-preview:large, max-video-preview:-1\" \/>\n<link rel=\"canonical\" href=\"https:\/\/www.p31noticias.com.br\/?p=30626\" \/>\n<meta property=\"og:locale\" content=\"pt_BR\" \/>\n<meta property=\"og:type\" content=\"article\" \/>\n<meta property=\"og:title\" content=\"Feira de empregos do Senai tem sele\u00e7\u00e3o on-line para 9\u00a0mil vagas\" \/>\n<meta property=\"og:description\" content=\"A Feira de empregos Contrate-me far\u00e1 uma sele\u00e7\u00e3o on-line de candidatos para 9 mil vagas de trabalho entre quarta (25\/10) e sexta-feira (27\/10). Organizado pelo Servi\u00e7o Nacional de Aprendizagem Industrial (Senai), o evento faz parte da 15\u00aa edi\u00e7\u00e3o do Mundo Senai, que tamb\u00e9m vai oferecer oficinas e palestras gratuitas em todo o pa\u00eds. A Feira [&hellip;]\" \/>\n<meta property=\"og:url\" content=\"https:\/\/www.p31noticias.com.br\/?p=30626\" \/>\n<meta property=\"og:site_name\" content=\"P31\" \/>\n<meta property=\"article:published_time\" content=\"2023-10-24T22:06:15+00:00\" \/>\n<meta name=\"twitter:card\" content=\"summary_large_image\" \/>\n<script type=\"application\/ld+json\" class=\"yoast-schema-graph\">{\"@context\":\"https:\\\/\\\/schema.org\",\"@graph\":[{\"@type\":\"Article\",\"@id\":\"https:\\\/\\\/www.p31noticias.com.br\\\/?p=30626#article\",\"isPartOf\":{\"@id\":\"https:\\\/\\\/www.p31noticias.com.br\\\/?p=30626\"},\"author\":{\"name\":\"\",\"@id\":\"\"},\"headline\":\"Feira de empregos do Senai tem sele\u00e7\u00e3o on-line para 9\u00a0mil vagas\",\"datePublished\":\"2023-10-24T22:06:15+00:00\",\"mainEntityOfPage\":{\"@id\":\"https:\\\/\\\/www.p31noticias.com.br\\\/?p=30626\"},\"wordCount\":90,\"commentCount\":0,\"articleSection\":[\"Bras\u00edlia\"],\"inLanguage\":\"pt-BR\",\"potentialAction\":[{\"@type\":\"CommentAction\",\"name\":\"Comment\",\"target\":[\"https:\\\/\\\/www.p31noticias.com.br\\\/?p=30626#respond\"]}],\"copyrightYear\":\"2023\",\"copyrightHolder\":{\"@id\":\"https:\\\/\\\/www.p31noticias.com.br\\\/#organization\"}},{\"@type\":\"WebPage\",\"@id\":\"https:\\\/\\\/www.p31noticias.com.br\\\/?p=30626\",\"url\":\"https:\\\/\\\/www.p31noticias.com.br\\\/?p=30626\",\"name\":\"Feira de empregos do Senai tem sele\u00e7\u00e3o on-line para 9\u00a0mil vagas - P31\",\"isPartOf\":{\"@id\":\"https:\\\/\\\/www.p31noticias.com.br\\\/#website\"},\"datePublished\":\"2023-10-24T22:06:15+00:00\",\"author\":{\"@id\":\"\"},\"breadcrumb\":{\"@id\":\"https:\\\/\\\/www.p31noticias.com.br\\\/?p=30626#breadcrumb\"},\"inLanguage\":\"pt-BR\",\"potentialAction\":[{\"@type\":\"ReadAction\",\"target\":[\"https:\\\/\\\/www.p31noticias.com.br\\\/?p=30626\"]}]},{\"@type\":\"BreadcrumbList\",\"@id\":\"https:\\\/\\\/www.p31noticias.com.br\\\/?p=30626#breadcrumb\",\"itemListElement\":[{\"@type\":\"ListItem\",\"position\":1,\"name\":\"In\u00edcio\",\"item\":\"https:\\\/\\\/www.p31noticias.com.br\\\/\"},{\"@type\":\"ListItem\",\"position\":2,\"name\":\"Feira de empregos do Senai tem sele\u00e7\u00e3o on-line para 9\u00a0mil vagas\"}]},{\"@type\":\"WebSite\",\"@id\":\"https:\\\/\\\/www.p31noticias.com.br\\\/#website\",\"url\":\"https:\\\/\\\/www.p31noticias.com.br\\\/\",\"name\":\"P31\",\"description\":\"NOT\u00cdCIAS\",\"potentialAction\":[{\"@type\":\"SearchAction\",\"target\":{\"@type\":\"EntryPoint\",\"urlTemplate\":\"https:\\\/\\\/www.p31noticias.com.br\\\/?s={search_term_string}\"},\"query-input\":{\"@type\":\"PropertyValueSpecification\",\"valueRequired\":true,\"valueName\":\"search_term_string\"}}],\"inLanguage\":\"pt-BR\"}]}<\/script>\n<!-- \/ Yoast SEO Premium plugin. -->","yoast_head_json":{"title":"Feira de empregos do Senai tem sele\u00e7\u00e3o on-line para 9\u00a0mil vagas - P31","robots":{"index":"index","follow":"follow","max-snippet":"max-snippet:-1","max-image-preview":"max-image-preview:large","max-video-preview":"max-video-preview:-1"},"canonical":"https:\/\/www.p31noticias.com.br\/?p=30626","og_locale":"pt_BR","og_type":"article","og_title":"Feira de empregos do Senai tem sele\u00e7\u00e3o on-line para 9\u00a0mil vagas","og_description":"A Feira de empregos Contrate-me far\u00e1 uma sele\u00e7\u00e3o on-line de candidatos para 9 mil vagas de trabalho entre quarta (25\/10) e sexta-feira (27\/10). Organizado pelo Servi\u00e7o Nacional de Aprendizagem Industrial (Senai), o evento faz parte da 15\u00aa edi\u00e7\u00e3o do Mundo Senai, que tamb\u00e9m vai oferecer oficinas e palestras gratuitas em todo o pa\u00eds. A Feira [&hellip;]","og_url":"https:\/\/www.p31noticias.com.br\/?p=30626","og_site_name":"P31","article_published_time":"2023-10-24T22:06:15+00:00","twitter_card":"summary_large_image","schema":{"@context":"https:\/\/schema.org","@graph":[{"@type":"Article","@id":"https:\/\/www.p31noticias.com.br\/?p=30626#article","isPartOf":{"@id":"https:\/\/www.p31noticias.com.br\/?p=30626"},"author":{"name":"","@id":""},"headline":"Feira de empregos do Senai tem sele\u00e7\u00e3o on-line para 9\u00a0mil vagas","datePublished":"2023-10-24T22:06:15+00:00","mainEntityOfPage":{"@id":"https:\/\/www.p31noticias.com.br\/?p=30626"},"wordCount":90,"commentCount":0,"articleSection":["Bras\u00edlia"],"inLanguage":"pt-BR","potentialAction":[{"@type":"CommentAction","name":"Comment","target":["https:\/\/www.p31noticias.com.br\/?p=30626#respond"]}],"copyrightYear":"2023","copyrightHolder":{"@id":"https:\/\/www.p31noticias.com.br\/#organization"}},{"@type":"WebPage","@id":"https:\/\/www.p31noticias.com.br\/?p=30626","url":"https:\/\/www.p31noticias.com.br\/?p=30626","name":"Feira de empregos do Senai tem sele\u00e7\u00e3o on-line para 9\u00a0mil vagas - P31","isPartOf":{"@id":"https:\/\/www.p31noticias.com.br\/#website"},"datePublished":"2023-10-24T22:06:15+00:00","author":{"@id":""},"breadcrumb":{"@id":"https:\/\/www.p31noticias.com.br\/?p=30626#breadcrumb"},"inLanguage":"pt-BR","potentialAction":[{"@type":"ReadAction","target":["https:\/\/www.p31noticias.com.br\/?p=30626"]}]},{"@type":"BreadcrumbList","@id":"https:\/\/www.p31noticias.com.br\/?p=30626#breadcrumb","itemListElement":[{"@type":"ListItem","position":1,"name":"In\u00edcio","item":"https:\/\/www.p31noticias.com.br\/"},{"@type":"ListItem","position":2,"name":"Feira de empregos do Senai tem sele\u00e7\u00e3o on-line para 9\u00a0mil vagas"}]},{"@type":"WebSite","@id":"https:\/\/www.p31noticias.com.br\/#website","url":"https:\/\/www.p31noticias.com.br\/","name":"P31","description":"NOT\u00cdCIAS","potentialAction":[{"@type":"SearchAction","target":{"@type":"EntryPoint","urlTemplate":"https:\/\/www.p31noticias.com.br\/?s={search_term_string}"},"query-input":{"@type":"PropertyValueSpecification","valueRequired":true,"valueName":"search_term_string"}}],"inLanguage":"pt-BR"}]}},"amp_enabled":true,"_links":{"self":[{"href":"https:\/\/www.p31noticias.com.br\/index.php?rest_route=\/wp\/v2\/posts\/30626","targetHints":{"allow":["GET"]}}],"collection":[{"href":"https:\/\/www.p31noticias.com.br\/index.php?rest_route=\/wp\/v2\/posts"}],"about":[{"href":"https:\/\/www.p31noticias.com.br\/index.php?rest_route=\/wp\/v2\/types\/post"}],"replies":[{"embeddable":true,"href":"https:\/\/www.p31noticias.com.br\/index.php?rest_route=%2Fwp%2Fv2%2Fcomments&post=30626"}],"version-history":[{"count":0,"href":"https:\/\/www.p31noticias.com.br\/index.php?rest_route=\/wp\/v2\/posts\/30626\/revisions"}],"wp:attachment":[{"href":"https:\/\/www.p31noticias.com.br\/index.php?rest_route=%2Fwp%2Fv2%2Fmedia&parent=30626"}],"wp:term":[{"taxonomy":"category","embeddable":true,"href":"https:\/\/www.p31noticias.com.br\/index.php?rest_route=%2Fwp%2Fv2%2Fcategories&post=30626"},{"taxonomy":"post_tag","embeddable":true,"href":"https:\/\/www.p31noticias.com.br\/index.php?rest_route=%2Fwp%2Fv2%2Ftags&post=30626"}],"curies":[{"name":"wp","href":"https:\/\/api.w.org\/{rel}","templated":true}]}}