{"id":30622,"date":"2023-10-24T17:07:08","date_gmt":"2023-10-24T20:07:08","guid":{"rendered":"https:\/\/p31noticias.com.br\/comercio-do-df-preve-abrir-4-mil-vagas-temporarias-no-fim-do-ano\/"},"modified":"2023-10-24T17:07:08","modified_gmt":"2023-10-24T20:07:08","slug":"comercio-do-df-preve-abrir-4-mil-vagas-temporarias-no-fim-do-ano","status":"publish","type":"post","link":"https:\/\/www.p31noticias.com.br\/?p=30622","title":{"rendered":"Com\u00e9rcio do DF prev\u00ea abrir 4 mil vagas tempor\u00e1rias no fim do ano"},"content":{"rendered":"<p>Para suprir as demandas de eventos de fim de ano, como Black Friday, Natal e R\u00e9veillon, o com\u00e9rcio do Distrito Federal prev\u00ea abrir mais de 4 mil vagas tempor\u00e1rias. Segundo o Instituto Fecom\u00e9rcio, o \u00edndice de lojistas que t\u00eam interesse em contratar novas pessoas \u00e9 o maior dos \u00faltimos 7 anos: cerca de 50,5%. Os [\u2026]<\/p>\n<p>O post <a href=\"https:\/\/www.delioandrade.com.br\/comercio-do-df-preve-abrir-4-mil-vagas-temporarias-no-fim-do-ano\/\">Com\u00e9rcio do DF prev\u00ea abrir 4 mil vagas tempor\u00e1rias no fim do ano<\/a> apareceu primeiro em <a href=\"https:\/\/www.delioandrade.com.br\/\">Blog do D\u00c9LIO ANDRADE<\/a>.<\/p>\n","protected":false},"excerpt":{"rendered":"<p>Para suprir as demandas de eventos de fim de ano, como Black Friday, Natal e R\u00e9veillon, o com\u00e9rcio do Distrito Federal prev\u00ea abrir mais de 4 mil vagas tempor\u00e1rias. Segundo o Instituto Fecom\u00e9rcio, o \u00edndice de lojistas que t\u00eam interesse em contratar novas pessoas \u00e9 o maior dos \u00faltimos 7 anos: cerca de 50,5%. Os [&hellip;]<\/p>\n","protected":false},"author":0,"featured_media":0,"comment_status":"open","ping_status":"open","sticky":false,"template":"","format":"standard","meta":{"footnotes":""},"categories":[21],"tags":[],"class_list":{"0":"post-30622","1":"post","2":"type-post","3":"status-publish","4":"format-standard","6":"category-brasilia"},"yoast_head":"<!-- This site is optimized with the Yoast SEO Premium plugin v24.5 (Yoast SEO v27.4) - https:\/\/yoast.com\/product\/yoast-seo-premium-wordpress\/ -->\n<title>Com\u00e9rcio do DF prev\u00ea abrir 4 mil vagas tempor\u00e1rias no fim do ano - P31<\/title>\n<meta name=\"robots\" content=\"index, follow, max-snippet:-1, max-image-preview:large, max-video-preview:-1\" \/>\n<link rel=\"canonical\" href=\"https:\/\/www.p31noticias.com.br\/?p=30622\" \/>\n<meta property=\"og:locale\" content=\"pt_BR\" \/>\n<meta property=\"og:type\" content=\"article\" \/>\n<meta property=\"og:title\" content=\"Com\u00e9rcio do DF prev\u00ea abrir 4 mil vagas tempor\u00e1rias no fim do ano\" \/>\n<meta property=\"og:description\" content=\"Para suprir as demandas de eventos de fim de ano, como Black Friday, Natal e R\u00e9veillon, o com\u00e9rcio do Distrito Federal prev\u00ea abrir mais de 4 mil vagas tempor\u00e1rias. Segundo o Instituto Fecom\u00e9rcio, o \u00edndice de lojistas que t\u00eam interesse em contratar novas pessoas \u00e9 o maior dos \u00faltimos 7 anos: cerca de 50,5%. Os [&hellip;]\" \/>\n<meta property=\"og:url\" content=\"https:\/\/www.p31noticias.com.br\/?p=30622\" \/>\n<meta property=\"og:site_name\" content=\"P31\" \/>\n<meta property=\"article:published_time\" content=\"2023-10-24T20:07:08+00:00\" \/>\n<meta name=\"twitter:card\" content=\"summary_large_image\" \/>\n<script type=\"application\/ld+json\" class=\"yoast-schema-graph\">{\"@context\":\"https:\\\/\\\/schema.org\",\"@graph\":[{\"@type\":\"Article\",\"@id\":\"https:\\\/\\\/www.p31noticias.com.br\\\/?p=30622#article\",\"isPartOf\":{\"@id\":\"https:\\\/\\\/www.p31noticias.com.br\\\/?p=30622\"},\"author\":{\"name\":\"\",\"@id\":\"\"},\"headline\":\"Com\u00e9rcio do DF prev\u00ea abrir 4 mil vagas tempor\u00e1rias no fim do ano\",\"datePublished\":\"2023-10-24T20:07:08+00:00\",\"mainEntityOfPage\":{\"@id\":\"https:\\\/\\\/www.p31noticias.com.br\\\/?p=30622\"},\"wordCount\":94,\"commentCount\":0,\"articleSection\":[\"Bras\u00edlia\"],\"inLanguage\":\"pt-BR\",\"potentialAction\":[{\"@type\":\"CommentAction\",\"name\":\"Comment\",\"target\":[\"https:\\\/\\\/www.p31noticias.com.br\\\/?p=30622#respond\"]}],\"copyrightYear\":\"2023\",\"copyrightHolder\":{\"@id\":\"https:\\\/\\\/www.p31noticias.com.br\\\/#organization\"}},{\"@type\":\"WebPage\",\"@id\":\"https:\\\/\\\/www.p31noticias.com.br\\\/?p=30622\",\"url\":\"https:\\\/\\\/www.p31noticias.com.br\\\/?p=30622\",\"name\":\"Com\u00e9rcio do DF prev\u00ea abrir 4 mil vagas tempor\u00e1rias no fim do ano - P31\",\"isPartOf\":{\"@id\":\"https:\\\/\\\/www.p31noticias.com.br\\\/#website\"},\"datePublished\":\"2023-10-24T20:07:08+00:00\",\"author\":{\"@id\":\"\"},\"breadcrumb\":{\"@id\":\"https:\\\/\\\/www.p31noticias.com.br\\\/?p=30622#breadcrumb\"},\"inLanguage\":\"pt-BR\",\"potentialAction\":[{\"@type\":\"ReadAction\",\"target\":[\"https:\\\/\\\/www.p31noticias.com.br\\\/?p=30622\"]}]},{\"@type\":\"BreadcrumbList\",\"@id\":\"https:\\\/\\\/www.p31noticias.com.br\\\/?p=30622#breadcrumb\",\"itemListElement\":[{\"@type\":\"ListItem\",\"position\":1,\"name\":\"In\u00edcio\",\"item\":\"https:\\\/\\\/www.p31noticias.com.br\\\/\"},{\"@type\":\"ListItem\",\"position\":2,\"name\":\"Com\u00e9rcio do DF prev\u00ea abrir 4 mil vagas tempor\u00e1rias no fim do ano\"}]},{\"@type\":\"WebSite\",\"@id\":\"https:\\\/\\\/www.p31noticias.com.br\\\/#website\",\"url\":\"https:\\\/\\\/www.p31noticias.com.br\\\/\",\"name\":\"P31\",\"description\":\"NOT\u00cdCIAS\",\"potentialAction\":[{\"@type\":\"SearchAction\",\"target\":{\"@type\":\"EntryPoint\",\"urlTemplate\":\"https:\\\/\\\/www.p31noticias.com.br\\\/?s={search_term_string}\"},\"query-input\":{\"@type\":\"PropertyValueSpecification\",\"valueRequired\":true,\"valueName\":\"search_term_string\"}}],\"inLanguage\":\"pt-BR\"}]}<\/script>\n<!-- \/ Yoast SEO Premium plugin. -->","yoast_head_json":{"title":"Com\u00e9rcio do DF prev\u00ea abrir 4 mil vagas tempor\u00e1rias no fim do ano - P31","robots":{"index":"index","follow":"follow","max-snippet":"max-snippet:-1","max-image-preview":"max-image-preview:large","max-video-preview":"max-video-preview:-1"},"canonical":"https:\/\/www.p31noticias.com.br\/?p=30622","og_locale":"pt_BR","og_type":"article","og_title":"Com\u00e9rcio do DF prev\u00ea abrir 4 mil vagas tempor\u00e1rias no fim do ano","og_description":"Para suprir as demandas de eventos de fim de ano, como Black Friday, Natal e R\u00e9veillon, o com\u00e9rcio do Distrito Federal prev\u00ea abrir mais de 4 mil vagas tempor\u00e1rias. Segundo o Instituto Fecom\u00e9rcio, o \u00edndice de lojistas que t\u00eam interesse em contratar novas pessoas \u00e9 o maior dos \u00faltimos 7 anos: cerca de 50,5%. Os [&hellip;]","og_url":"https:\/\/www.p31noticias.com.br\/?p=30622","og_site_name":"P31","article_published_time":"2023-10-24T20:07:08+00:00","twitter_card":"summary_large_image","schema":{"@context":"https:\/\/schema.org","@graph":[{"@type":"Article","@id":"https:\/\/www.p31noticias.com.br\/?p=30622#article","isPartOf":{"@id":"https:\/\/www.p31noticias.com.br\/?p=30622"},"author":{"name":"","@id":""},"headline":"Com\u00e9rcio do DF prev\u00ea abrir 4 mil vagas tempor\u00e1rias no fim do ano","datePublished":"2023-10-24T20:07:08+00:00","mainEntityOfPage":{"@id":"https:\/\/www.p31noticias.com.br\/?p=30622"},"wordCount":94,"commentCount":0,"articleSection":["Bras\u00edlia"],"inLanguage":"pt-BR","potentialAction":[{"@type":"CommentAction","name":"Comment","target":["https:\/\/www.p31noticias.com.br\/?p=30622#respond"]}],"copyrightYear":"2023","copyrightHolder":{"@id":"https:\/\/www.p31noticias.com.br\/#organization"}},{"@type":"WebPage","@id":"https:\/\/www.p31noticias.com.br\/?p=30622","url":"https:\/\/www.p31noticias.com.br\/?p=30622","name":"Com\u00e9rcio do DF prev\u00ea abrir 4 mil vagas tempor\u00e1rias no fim do ano - P31","isPartOf":{"@id":"https:\/\/www.p31noticias.com.br\/#website"},"datePublished":"2023-10-24T20:07:08+00:00","author":{"@id":""},"breadcrumb":{"@id":"https:\/\/www.p31noticias.com.br\/?p=30622#breadcrumb"},"inLanguage":"pt-BR","potentialAction":[{"@type":"ReadAction","target":["https:\/\/www.p31noticias.com.br\/?p=30622"]}]},{"@type":"BreadcrumbList","@id":"https:\/\/www.p31noticias.com.br\/?p=30622#breadcrumb","itemListElement":[{"@type":"ListItem","position":1,"name":"In\u00edcio","item":"https:\/\/www.p31noticias.com.br\/"},{"@type":"ListItem","position":2,"name":"Com\u00e9rcio do DF prev\u00ea abrir 4 mil vagas tempor\u00e1rias no fim do ano"}]},{"@type":"WebSite","@id":"https:\/\/www.p31noticias.com.br\/#website","url":"https:\/\/www.p31noticias.com.br\/","name":"P31","description":"NOT\u00cdCIAS","potentialAction":[{"@type":"SearchAction","target":{"@type":"EntryPoint","urlTemplate":"https:\/\/www.p31noticias.com.br\/?s={search_term_string}"},"query-input":{"@type":"PropertyValueSpecification","valueRequired":true,"valueName":"search_term_string"}}],"inLanguage":"pt-BR"}]}},"amp_enabled":true,"_links":{"self":[{"href":"https:\/\/www.p31noticias.com.br\/index.php?rest_route=\/wp\/v2\/posts\/30622","targetHints":{"allow":["GET"]}}],"collection":[{"href":"https:\/\/www.p31noticias.com.br\/index.php?rest_route=\/wp\/v2\/posts"}],"about":[{"href":"https:\/\/www.p31noticias.com.br\/index.php?rest_route=\/wp\/v2\/types\/post"}],"replies":[{"embeddable":true,"href":"https:\/\/www.p31noticias.com.br\/index.php?rest_route=%2Fwp%2Fv2%2Fcomments&post=30622"}],"version-history":[{"count":0,"href":"https:\/\/www.p31noticias.com.br\/index.php?rest_route=\/wp\/v2\/posts\/30622\/revisions"}],"wp:attachment":[{"href":"https:\/\/www.p31noticias.com.br\/index.php?rest_route=%2Fwp%2Fv2%2Fmedia&parent=30622"}],"wp:term":[{"taxonomy":"category","embeddable":true,"href":"https:\/\/www.p31noticias.com.br\/index.php?rest_route=%2Fwp%2Fv2%2Fcategories&post=30622"},{"taxonomy":"post_tag","embeddable":true,"href":"https:\/\/www.p31noticias.com.br\/index.php?rest_route=%2Fwp%2Fv2%2Ftags&post=30622"}],"curies":[{"name":"wp","href":"https:\/\/api.w.org\/{rel}","templated":true}]}}