{"id":30620,"date":"2023-10-24T16:35:10","date_gmt":"2023-10-24T19:35:10","guid":{"rendered":"https:\/\/p31noticias.com.br\/?p=30620"},"modified":"2023-10-24T16:35:10","modified_gmt":"2023-10-24T19:35:10","slug":"quadra-do-centro-olimpico-e-paralimpico-de-santa-maria-sera-reformada","status":"publish","type":"post","link":"https:\/\/www.p31noticias.com.br\/?p=30620","title":{"rendered":"Quadra do Centro Ol\u00edmpico e Paral\u00edmpico de Santa Maria ser\u00e1 reformada"},"content":{"rendered":"<p style=\"text-align: justify;\"><em><strong>Secretaria de Esporte e Lazer abriu licita\u00e7\u00e3o para a obra. Prioridade ser\u00e1 seguran\u00e7a dos alunos e funcionalidade<\/strong><\/em><\/p>\n<p style=\"text-align: justify;\">A Secretaria de Esporte e Lazer (SEL-DF) abriu\u00a0<a href=\"https:\/\/agenciabrasilia.df.gov.br\/wp-conteudo\/uploads\/2023\/10\/Santa-Maria.pdf\" target=\"_blank\" rel=\"noopener\">licita\u00e7\u00e3o<\/a>\u00a0para contrata\u00e7\u00e3o de empresa de engenharia para a execu\u00e7\u00e3o de reforma e melhorias na quadra poliesportiva do gin\u00e1sio do Centro Ol\u00edmpico e Paral\u00edmpico de Santa Maria, visando corrigir problemas estruturais e melhorar as condi\u00e7\u00f5es gerais do espa\u00e7o. A iniciativa abrange diversas etapas, incluindo a recupera\u00e7\u00e3o do piso, veda\u00e7\u00e3o, instala\u00e7\u00e3o el\u00e9trica e a substitui\u00e7\u00e3o de equipamentos essenciais. O valor da contrata\u00e7\u00e3o \u00e9 de R$ 531.424,70.<\/p>\n<p style=\"text-align: justify;\">O resultado do certame sair\u00e1 em 30 dias. A quadra, atualmente afetada pelo desgaste da tinta e problemas estruturais, como rachaduras e buracos, passar\u00e1 por uma abrangente recomposi\u00e7\u00e3o da superf\u00edcie, com foco no reparo do concreto. Al\u00e9m disso, ser\u00e1 realizada a pintura do piso de concreto, com demarca\u00e7\u00f5es espec\u00edficas para as atividades esportivas.<\/p>\n<figure id=\"attachment_558154\" class=\"wp-caption aligncenter\" style=\"text-align: justify;\" aria-describedby=\"caption-attachment-558154\"><img loading=\"lazy\" decoding=\"async\" class=\"size-full wp-image-558154\" src=\"https:\/\/agenciabrasilia.df.gov.br\/wp-conteudo\/uploads\/2023\/10\/ERS_4457_i-scaled.jpg\" sizes=\"auto, (max-width: 2560px) 100vw, 2560px\" srcset=\"https:\/\/agenciabrasilia.df.gov.br\/wp-conteudo\/uploads\/2023\/10\/ERS_4457_i-scaled.jpg 2560w, https:\/\/agenciabrasilia.df.gov.br\/wp-conteudo\/uploads\/2023\/10\/ERS_4457_i-300x200.jpg 300w, https:\/\/agenciabrasilia.df.gov.br\/wp-conteudo\/uploads\/2023\/10\/ERS_4457_i-1024x683.jpg 1024w, https:\/\/agenciabrasilia.df.gov.br\/wp-conteudo\/uploads\/2023\/10\/ERS_4457_i-768x512.jpg 768w, https:\/\/agenciabrasilia.df.gov.br\/wp-conteudo\/uploads\/2023\/10\/ERS_4457_i-1536x1024.jpg 1536w, https:\/\/agenciabrasilia.df.gov.br\/wp-conteudo\/uploads\/2023\/10\/ERS_4457_i-2048x1365.jpg 2048w\" alt=\"\" width=\"2560\" height=\"1707\" \/><figcaption id=\"caption-attachment-558154\" class=\"wp-caption-text\">Al\u00e9m da pintura, a quadra poliesportiva ganhar\u00e1 novas traves, tabelas de basquete e conjunto de v\u00f4lei e futev\u00f4lei | Foto: Edmundo Souza\/SEL-DF<\/figcaption><\/figure>\n<p style=\"text-align: justify;\">O secret\u00e1rio de Esporte e Lazer, Julio Cesar Ribeiro, enfatizou a import\u00e2ncia dessas interven\u00e7\u00f5es para a valoriza\u00e7\u00e3o do espa\u00e7o e atendimento aos alunos. \u201cA reforma da quadra \u00e9 fundamental para proporcionar um ambiente adequado e seguro para a pr\u00e1tica esportiva. Estamos comprometidos em oferecer \u00e0 comunidade um espa\u00e7o que atenda \u00e0s expectativas e promova a sa\u00fade e bem-estar pelo esporte\u201d, destaca.<\/p>\n<blockquote class=\"olho esquerda\"><p><span class=\"olho__texto h2 clearfix\">\u201cEstamos comprometidos em oferecer \u00e0 comunidade um espa\u00e7o que atenda \u00e0s expectativas e promova a sa\u00fade e bem-estar pelo esporte\u201d<\/span><span class=\"olho__assinatura block\">Julio Cesar Ribeiro, secret\u00e1rio de Esporte e Lazer<\/span><\/p><\/blockquote>\n<p style=\"text-align: justify;\">O projeto prev\u00ea a obra em uma parede de alvenaria, composta por blocos de concreto, que servir\u00e1 como fechamento lateral, complementando a parede existente. Adicionalmente, a instala\u00e7\u00e3o de janelas venezianas met\u00e1licas ser\u00e1 implementada, priorizando a ventila\u00e7\u00e3o natural do ambiente.<\/p>\n<p style=\"text-align: justify;\">Ser\u00e1 realizada tamb\u00e9m uma nova instala\u00e7\u00e3o el\u00e9trica na quadra, garantindo a seguran\u00e7a e efici\u00eancia do sistema. A ilumina\u00e7\u00e3o ser\u00e1 provida por 40 lumin\u00e1rias do tipo refletor LED de 400W, distribu\u00eddas em toda a \u00e1rea coberta e fixadas na estrutura met\u00e1lica. O projeto contempla ainda a instala\u00e7\u00e3o de oito tomadas de piso, atendendo \u00e0s necessidades pr\u00e1ticas e funcionais do espa\u00e7o.<\/p>\n<p style=\"text-align: justify;\">A quadra ainda ganhar\u00e1 novas traves, tabelas de basquete e conjunto de v\u00f4lei e futev\u00f4lei. Este processo garantir\u00e1 n\u00e3o apenas a renova\u00e7\u00e3o, mas tamb\u00e9m a moderniza\u00e7\u00e3o dos equipamentos, contribuindo para a qualidade e seguran\u00e7a das pr\u00e1ticas esportivas realizadas na quadra.<\/p>\n<p style=\"text-align: justify;\"><em>*Com informa\u00e7\u00f5es da SEL-DF<\/em><\/p>\n","protected":false},"excerpt":{"rendered":"<p>Secretaria de Esporte e Lazer abriu licita\u00e7\u00e3o para a obra. Prioridade ser\u00e1 seguran\u00e7a dos alunos e funcionalidade A Secretaria de Esporte e Lazer (SEL-DF) abriu\u00a0licita\u00e7\u00e3o\u00a0para contrata\u00e7\u00e3o de empresa de engenharia para a execu\u00e7\u00e3o de reforma e melhorias na quadra poliesportiva do gin\u00e1sio do Centro Ol\u00edmpico e Paral\u00edmpico de Santa Maria, visando corrigir problemas estruturais e [&hellip;]<\/p>\n","protected":false},"author":2,"featured_media":0,"comment_status":"open","ping_status":"open","sticky":false,"template":"","format":"standard","meta":{"footnotes":""},"categories":[21],"tags":[],"class_list":{"0":"post-30620","1":"post","2":"type-post","3":"status-publish","4":"format-standard","6":"category-brasilia"},"yoast_head":"<!-- This site is optimized with the Yoast SEO Premium plugin v24.5 (Yoast SEO v27.4) - https:\/\/yoast.com\/product\/yoast-seo-premium-wordpress\/ -->\n<title>Quadra do Centro Ol\u00edmpico e Paral\u00edmpico de Santa Maria ser\u00e1 reformada - P31<\/title>\n<meta name=\"robots\" content=\"index, follow, max-snippet:-1, max-image-preview:large, max-video-preview:-1\" \/>\n<link rel=\"canonical\" href=\"https:\/\/www.p31noticias.com.br\/?p=30620\" \/>\n<meta property=\"og:locale\" content=\"pt_BR\" \/>\n<meta property=\"og:type\" content=\"article\" \/>\n<meta property=\"og:title\" content=\"Quadra do Centro Ol\u00edmpico e Paral\u00edmpico de Santa Maria ser\u00e1 reformada\" \/>\n<meta property=\"og:description\" content=\"Secretaria de Esporte e Lazer abriu licita\u00e7\u00e3o para a obra. Prioridade ser\u00e1 seguran\u00e7a dos alunos e funcionalidade A Secretaria de Esporte e Lazer (SEL-DF) abriu\u00a0licita\u00e7\u00e3o\u00a0para contrata\u00e7\u00e3o de empresa de engenharia para a execu\u00e7\u00e3o de reforma e melhorias na quadra poliesportiva do gin\u00e1sio do Centro Ol\u00edmpico e Paral\u00edmpico de Santa Maria, visando corrigir problemas estruturais e [&hellip;]\" \/>\n<meta property=\"og:url\" content=\"https:\/\/www.p31noticias.com.br\/?p=30620\" \/>\n<meta property=\"og:site_name\" content=\"P31\" \/>\n<meta property=\"article:published_time\" content=\"2023-10-24T19:35:10+00:00\" \/>\n<meta property=\"og:image\" content=\"https:\/\/agenciabrasilia.df.gov.br\/wp-conteudo\/uploads\/2023\/10\/ERS_4457_i-scaled.jpg\" \/>\n<meta name=\"author\" content=\"Gon\u00e7alves Junior\" \/>\n<meta name=\"twitter:card\" content=\"summary_large_image\" \/>\n<meta name=\"twitter:label1\" content=\"Escrito por\" \/>\n\t<meta name=\"twitter:data1\" content=\"Gon\u00e7alves Junior\" \/>\n\t<meta name=\"twitter:label2\" content=\"Est. tempo de leitura\" \/>\n\t<meta name=\"twitter:data2\" content=\"2 minutos\" \/>\n<script type=\"application\/ld+json\" class=\"yoast-schema-graph\">{\"@context\":\"https:\\\/\\\/schema.org\",\"@graph\":[{\"@type\":\"Article\",\"@id\":\"https:\\\/\\\/www.p31noticias.com.br\\\/?p=30620#article\",\"isPartOf\":{\"@id\":\"https:\\\/\\\/www.p31noticias.com.br\\\/?p=30620\"},\"author\":{\"name\":\"Gon\u00e7alves Junior\",\"@id\":\"https:\\\/\\\/www.p31noticias.com.br\\\/#\\\/schema\\\/person\\\/95f2ece30e3b4132065b915150cd0f94\"},\"headline\":\"Quadra do Centro Ol\u00edmpico e Paral\u00edmpico de Santa Maria ser\u00e1 reformada\",\"datePublished\":\"2023-10-24T19:35:10+00:00\",\"mainEntityOfPage\":{\"@id\":\"https:\\\/\\\/www.p31noticias.com.br\\\/?p=30620\"},\"wordCount\":461,\"commentCount\":0,\"image\":{\"@id\":\"https:\\\/\\\/www.p31noticias.com.br\\\/?p=30620#primaryimage\"},\"thumbnailUrl\":\"https:\\\/\\\/agenciabrasilia.df.gov.br\\\/wp-conteudo\\\/uploads\\\/2023\\\/10\\\/ERS_4457_i-scaled.jpg\",\"articleSection\":[\"Bras\u00edlia\"],\"inLanguage\":\"pt-BR\",\"potentialAction\":[{\"@type\":\"CommentAction\",\"name\":\"Comment\",\"target\":[\"https:\\\/\\\/www.p31noticias.com.br\\\/?p=30620#respond\"]}],\"copyrightYear\":\"2023\",\"copyrightHolder\":{\"@id\":\"https:\\\/\\\/www.p31noticias.com.br\\\/#organization\"}},{\"@type\":\"WebPage\",\"@id\":\"https:\\\/\\\/www.p31noticias.com.br\\\/?p=30620\",\"url\":\"https:\\\/\\\/www.p31noticias.com.br\\\/?p=30620\",\"name\":\"Quadra do Centro Ol\u00edmpico e Paral\u00edmpico de Santa Maria ser\u00e1 reformada - P31\",\"isPartOf\":{\"@id\":\"https:\\\/\\\/www.p31noticias.com.br\\\/#website\"},\"primaryImageOfPage\":{\"@id\":\"https:\\\/\\\/www.p31noticias.com.br\\\/?p=30620#primaryimage\"},\"image\":{\"@id\":\"https:\\\/\\\/www.p31noticias.com.br\\\/?p=30620#primaryimage\"},\"thumbnailUrl\":\"https:\\\/\\\/agenciabrasilia.df.gov.br\\\/wp-conteudo\\\/uploads\\\/2023\\\/10\\\/ERS_4457_i-scaled.jpg\",\"datePublished\":\"2023-10-24T19:35:10+00:00\",\"author\":{\"@id\":\"https:\\\/\\\/www.p31noticias.com.br\\\/#\\\/schema\\\/person\\\/95f2ece30e3b4132065b915150cd0f94\"},\"breadcrumb\":{\"@id\":\"https:\\\/\\\/www.p31noticias.com.br\\\/?p=30620#breadcrumb\"},\"inLanguage\":\"pt-BR\",\"potentialAction\":[{\"@type\":\"ReadAction\",\"target\":[\"https:\\\/\\\/www.p31noticias.com.br\\\/?p=30620\"]}]},{\"@type\":\"ImageObject\",\"inLanguage\":\"pt-BR\",\"@id\":\"https:\\\/\\\/www.p31noticias.com.br\\\/?p=30620#primaryimage\",\"url\":\"https:\\\/\\\/agenciabrasilia.df.gov.br\\\/wp-conteudo\\\/uploads\\\/2023\\\/10\\\/ERS_4457_i-scaled.jpg\",\"contentUrl\":\"https:\\\/\\\/agenciabrasilia.df.gov.br\\\/wp-conteudo\\\/uploads\\\/2023\\\/10\\\/ERS_4457_i-scaled.jpg\"},{\"@type\":\"BreadcrumbList\",\"@id\":\"https:\\\/\\\/www.p31noticias.com.br\\\/?p=30620#breadcrumb\",\"itemListElement\":[{\"@type\":\"ListItem\",\"position\":1,\"name\":\"In\u00edcio\",\"item\":\"https:\\\/\\\/www.p31noticias.com.br\\\/\"},{\"@type\":\"ListItem\",\"position\":2,\"name\":\"Quadra do Centro Ol\u00edmpico e Paral\u00edmpico de Santa Maria ser\u00e1 reformada\"}]},{\"@type\":\"WebSite\",\"@id\":\"https:\\\/\\\/www.p31noticias.com.br\\\/#website\",\"url\":\"https:\\\/\\\/www.p31noticias.com.br\\\/\",\"name\":\"P31\",\"description\":\"NOT\u00cdCIAS\",\"potentialAction\":[{\"@type\":\"SearchAction\",\"target\":{\"@type\":\"EntryPoint\",\"urlTemplate\":\"https:\\\/\\\/www.p31noticias.com.br\\\/?s={search_term_string}\"},\"query-input\":{\"@type\":\"PropertyValueSpecification\",\"valueRequired\":true,\"valueName\":\"search_term_string\"}}],\"inLanguage\":\"pt-BR\"},{\"@type\":\"Person\",\"@id\":\"https:\\\/\\\/www.p31noticias.com.br\\\/#\\\/schema\\\/person\\\/95f2ece30e3b4132065b915150cd0f94\",\"name\":\"Gon\u00e7alves Junior\",\"image\":{\"@type\":\"ImageObject\",\"inLanguage\":\"pt-BR\",\"@id\":\"https:\\\/\\\/secure.gravatar.com\\\/avatar\\\/6711f350116a89762687a48d66f723c799e5438a5b7578508d4294cd7a5d0800?s=96&d=mm&r=g\",\"url\":\"https:\\\/\\\/secure.gravatar.com\\\/avatar\\\/6711f350116a89762687a48d66f723c799e5438a5b7578508d4294cd7a5d0800?s=96&d=mm&r=g\",\"contentUrl\":\"https:\\\/\\\/secure.gravatar.com\\\/avatar\\\/6711f350116a89762687a48d66f723c799e5438a5b7578508d4294cd7a5d0800?s=96&d=mm&r=g\",\"caption\":\"Gon\u00e7alves Junior\"},\"url\":\"https:\\\/\\\/www.p31noticias.com.br\\\/?author=2\"}]}<\/script>\n<!-- \/ Yoast SEO Premium plugin. -->","yoast_head_json":{"title":"Quadra do Centro Ol\u00edmpico e Paral\u00edmpico de Santa Maria ser\u00e1 reformada - P31","robots":{"index":"index","follow":"follow","max-snippet":"max-snippet:-1","max-image-preview":"max-image-preview:large","max-video-preview":"max-video-preview:-1"},"canonical":"https:\/\/www.p31noticias.com.br\/?p=30620","og_locale":"pt_BR","og_type":"article","og_title":"Quadra do Centro Ol\u00edmpico e Paral\u00edmpico de Santa Maria ser\u00e1 reformada","og_description":"Secretaria de Esporte e Lazer abriu licita\u00e7\u00e3o para a obra. Prioridade ser\u00e1 seguran\u00e7a dos alunos e funcionalidade A Secretaria de Esporte e Lazer (SEL-DF) abriu\u00a0licita\u00e7\u00e3o\u00a0para contrata\u00e7\u00e3o de empresa de engenharia para a execu\u00e7\u00e3o de reforma e melhorias na quadra poliesportiva do gin\u00e1sio do Centro Ol\u00edmpico e Paral\u00edmpico de Santa Maria, visando corrigir problemas estruturais e [&hellip;]","og_url":"https:\/\/www.p31noticias.com.br\/?p=30620","og_site_name":"P31","article_published_time":"2023-10-24T19:35:10+00:00","og_image":[{"url":"https:\/\/agenciabrasilia.df.gov.br\/wp-conteudo\/uploads\/2023\/10\/ERS_4457_i-scaled.jpg","type":"","width":"","height":""}],"author":"Gon\u00e7alves Junior","twitter_card":"summary_large_image","twitter_misc":{"Escrito por":"Gon\u00e7alves Junior","Est. tempo de leitura":"2 minutos"},"schema":{"@context":"https:\/\/schema.org","@graph":[{"@type":"Article","@id":"https:\/\/www.p31noticias.com.br\/?p=30620#article","isPartOf":{"@id":"https:\/\/www.p31noticias.com.br\/?p=30620"},"author":{"name":"Gon\u00e7alves Junior","@id":"https:\/\/www.p31noticias.com.br\/#\/schema\/person\/95f2ece30e3b4132065b915150cd0f94"},"headline":"Quadra do Centro Ol\u00edmpico e Paral\u00edmpico de Santa Maria ser\u00e1 reformada","datePublished":"2023-10-24T19:35:10+00:00","mainEntityOfPage":{"@id":"https:\/\/www.p31noticias.com.br\/?p=30620"},"wordCount":461,"commentCount":0,"image":{"@id":"https:\/\/www.p31noticias.com.br\/?p=30620#primaryimage"},"thumbnailUrl":"https:\/\/agenciabrasilia.df.gov.br\/wp-conteudo\/uploads\/2023\/10\/ERS_4457_i-scaled.jpg","articleSection":["Bras\u00edlia"],"inLanguage":"pt-BR","potentialAction":[{"@type":"CommentAction","name":"Comment","target":["https:\/\/www.p31noticias.com.br\/?p=30620#respond"]}],"copyrightYear":"2023","copyrightHolder":{"@id":"https:\/\/www.p31noticias.com.br\/#organization"}},{"@type":"WebPage","@id":"https:\/\/www.p31noticias.com.br\/?p=30620","url":"https:\/\/www.p31noticias.com.br\/?p=30620","name":"Quadra do Centro Ol\u00edmpico e Paral\u00edmpico de Santa Maria ser\u00e1 reformada - P31","isPartOf":{"@id":"https:\/\/www.p31noticias.com.br\/#website"},"primaryImageOfPage":{"@id":"https:\/\/www.p31noticias.com.br\/?p=30620#primaryimage"},"image":{"@id":"https:\/\/www.p31noticias.com.br\/?p=30620#primaryimage"},"thumbnailUrl":"https:\/\/agenciabrasilia.df.gov.br\/wp-conteudo\/uploads\/2023\/10\/ERS_4457_i-scaled.jpg","datePublished":"2023-10-24T19:35:10+00:00","author":{"@id":"https:\/\/www.p31noticias.com.br\/#\/schema\/person\/95f2ece30e3b4132065b915150cd0f94"},"breadcrumb":{"@id":"https:\/\/www.p31noticias.com.br\/?p=30620#breadcrumb"},"inLanguage":"pt-BR","potentialAction":[{"@type":"ReadAction","target":["https:\/\/www.p31noticias.com.br\/?p=30620"]}]},{"@type":"ImageObject","inLanguage":"pt-BR","@id":"https:\/\/www.p31noticias.com.br\/?p=30620#primaryimage","url":"https:\/\/agenciabrasilia.df.gov.br\/wp-conteudo\/uploads\/2023\/10\/ERS_4457_i-scaled.jpg","contentUrl":"https:\/\/agenciabrasilia.df.gov.br\/wp-conteudo\/uploads\/2023\/10\/ERS_4457_i-scaled.jpg"},{"@type":"BreadcrumbList","@id":"https:\/\/www.p31noticias.com.br\/?p=30620#breadcrumb","itemListElement":[{"@type":"ListItem","position":1,"name":"In\u00edcio","item":"https:\/\/www.p31noticias.com.br\/"},{"@type":"ListItem","position":2,"name":"Quadra do Centro Ol\u00edmpico e Paral\u00edmpico de Santa Maria ser\u00e1 reformada"}]},{"@type":"WebSite","@id":"https:\/\/www.p31noticias.com.br\/#website","url":"https:\/\/www.p31noticias.com.br\/","name":"P31","description":"NOT\u00cdCIAS","potentialAction":[{"@type":"SearchAction","target":{"@type":"EntryPoint","urlTemplate":"https:\/\/www.p31noticias.com.br\/?s={search_term_string}"},"query-input":{"@type":"PropertyValueSpecification","valueRequired":true,"valueName":"search_term_string"}}],"inLanguage":"pt-BR"},{"@type":"Person","@id":"https:\/\/www.p31noticias.com.br\/#\/schema\/person\/95f2ece30e3b4132065b915150cd0f94","name":"Gon\u00e7alves Junior","image":{"@type":"ImageObject","inLanguage":"pt-BR","@id":"https:\/\/secure.gravatar.com\/avatar\/6711f350116a89762687a48d66f723c799e5438a5b7578508d4294cd7a5d0800?s=96&d=mm&r=g","url":"https:\/\/secure.gravatar.com\/avatar\/6711f350116a89762687a48d66f723c799e5438a5b7578508d4294cd7a5d0800?s=96&d=mm&r=g","contentUrl":"https:\/\/secure.gravatar.com\/avatar\/6711f350116a89762687a48d66f723c799e5438a5b7578508d4294cd7a5d0800?s=96&d=mm&r=g","caption":"Gon\u00e7alves Junior"},"url":"https:\/\/www.p31noticias.com.br\/?author=2"}]}},"amp_enabled":true,"_links":{"self":[{"href":"https:\/\/www.p31noticias.com.br\/index.php?rest_route=\/wp\/v2\/posts\/30620","targetHints":{"allow":["GET"]}}],"collection":[{"href":"https:\/\/www.p31noticias.com.br\/index.php?rest_route=\/wp\/v2\/posts"}],"about":[{"href":"https:\/\/www.p31noticias.com.br\/index.php?rest_route=\/wp\/v2\/types\/post"}],"author":[{"embeddable":true,"href":"https:\/\/www.p31noticias.com.br\/index.php?rest_route=\/wp\/v2\/users\/2"}],"replies":[{"embeddable":true,"href":"https:\/\/www.p31noticias.com.br\/index.php?rest_route=%2Fwp%2Fv2%2Fcomments&post=30620"}],"version-history":[{"count":1,"href":"https:\/\/www.p31noticias.com.br\/index.php?rest_route=\/wp\/v2\/posts\/30620\/revisions"}],"predecessor-version":[{"id":30621,"href":"https:\/\/www.p31noticias.com.br\/index.php?rest_route=\/wp\/v2\/posts\/30620\/revisions\/30621"}],"wp:attachment":[{"href":"https:\/\/www.p31noticias.com.br\/index.php?rest_route=%2Fwp%2Fv2%2Fmedia&parent=30620"}],"wp:term":[{"taxonomy":"category","embeddable":true,"href":"https:\/\/www.p31noticias.com.br\/index.php?rest_route=%2Fwp%2Fv2%2Fcategories&post=30620"},{"taxonomy":"post_tag","embeddable":true,"href":"https:\/\/www.p31noticias.com.br\/index.php?rest_route=%2Fwp%2Fv2%2Ftags&post=30620"}],"curies":[{"name":"wp","href":"https:\/\/api.w.org\/{rel}","templated":true}]}}