{"id":30617,"date":"2023-10-24T16:30:01","date_gmt":"2023-10-24T19:30:01","guid":{"rendered":"https:\/\/p31noticias.com.br\/?p=30617"},"modified":"2023-10-24T16:30:01","modified_gmt":"2023-10-24T19:30:01","slug":"qualificadf-inicia-3o-ciclo-com-aula-magna-no-ulysses-guimaraes","status":"publish","type":"post","link":"https:\/\/www.p31noticias.com.br\/?p=30617","title":{"rendered":"QualificaDF inicia 3\u00ba Ciclo com aula magna no Ulysses Guimar\u00e3es"},"content":{"rendered":"<p style=\"text-align: justify;\"><em><strong>Contemplados participaram de palestras motivacionais sobre empregabilidade e aprenderam como elaborar um bom curr\u00edculo<\/strong><\/em><\/p>\n<p style=\"text-align: justify;\">Para dar in\u00edcio oficialmente ao 3\u00ba Ciclo do Programa QualificaDF, cerca de tr\u00eas mil alunos participaram da aula magna na manh\u00e3 desta ter\u00e7a-feira (24), no Centro de Conven\u00e7\u00f5es Ulysses Guimar\u00e3es. A abertura contou com a participa\u00e7\u00e3o da vice-governadora Celina Le\u00e3o, que ressaltou a import\u00e2ncia do programa para aumentar a empregabilidade no Distrito Federal.<\/p>\n<figure id=\"attachment_558093\" class=\"wp-caption alignnone\" style=\"text-align: justify;\" aria-describedby=\"caption-attachment-558093\"><img loading=\"lazy\" decoding=\"async\" class=\"wp-image-558093 size-full\" src=\"https:\/\/agenciabrasilia.df.gov.br\/wp-conteudo\/uploads\/2023\/10\/JRO_7287_1.jpg\" sizes=\"auto, (max-width: 1620px) 100vw, 1620px\" srcset=\"https:\/\/agenciabrasilia.df.gov.br\/wp-conteudo\/uploads\/2023\/10\/JRO_7287_1.jpg 1620w, https:\/\/agenciabrasilia.df.gov.br\/wp-conteudo\/uploads\/2023\/10\/JRO_7287_1-300x200.jpg 300w, https:\/\/agenciabrasilia.df.gov.br\/wp-conteudo\/uploads\/2023\/10\/JRO_7287_1-1024x683.jpg 1024w, https:\/\/agenciabrasilia.df.gov.br\/wp-conteudo\/uploads\/2023\/10\/JRO_7287_1-768x512.jpg 768w, https:\/\/agenciabrasilia.df.gov.br\/wp-conteudo\/uploads\/2023\/10\/JRO_7287_1-1536x1024.jpg 1536w\" alt=\"\" width=\"1620\" height=\"1080\" \/><figcaption id=\"caption-attachment-558093\" class=\"wp-caption-text\">A vice-governadora Celina Le\u00e3o ressaltou que \u201co primeiro passo para mudar a vida de voc\u00eas j\u00e1 \u00e9 esse que est\u00e3o dando, que \u00e9 a forma\u00e7\u00e3o profissional. O GDF acredita que as pessoas precisam de oportunidade. Ent\u00e3o, aproveitem, sejam os melhores naquilo que voc\u00eas fazem e n\u00e3o desistam\u201d | Foto: Joel Rodrigues\/Ag\u00eancia Bras\u00edlia<\/figcaption><\/figure>\n<p style=\"text-align: justify;\">\u201cO primeiro passo para mudar a vida de voc\u00eas j\u00e1 \u00e9 esse que est\u00e3o dando, que \u00e9 a forma\u00e7\u00e3o profissional. O GDF acredita que as pessoas precisam de oportunidade. Ent\u00e3o, aproveitem, sejam os melhores naquilo que voc\u00eas fazem e n\u00e3o desistam\u201d, afirmou Celina Le\u00e3o.<\/p>\n<figure id=\"attachment_558094\" class=\"wp-caption alignright\" style=\"text-align: justify;\" aria-describedby=\"caption-attachment-558094\"><img loading=\"lazy\" decoding=\"async\" class=\"wp-image-558094 size-large\" src=\"https:\/\/agenciabrasilia.df.gov.br\/wp-conteudo\/uploads\/2023\/10\/Thales-Mendes-sec-do-trabalho-JRO_7538-5_1-1024x683.jpg\" sizes=\"auto, (max-width: 525px) 100vw, 525px\" srcset=\"https:\/\/agenciabrasilia.df.gov.br\/wp-conteudo\/uploads\/2023\/10\/Thales-Mendes-sec-do-trabalho-JRO_7538-5_1-1024x683.jpg 1024w, https:\/\/agenciabrasilia.df.gov.br\/wp-conteudo\/uploads\/2023\/10\/Thales-Mendes-sec-do-trabalho-JRO_7538-5_1-300x200.jpg 300w, https:\/\/agenciabrasilia.df.gov.br\/wp-conteudo\/uploads\/2023\/10\/Thales-Mendes-sec-do-trabalho-JRO_7538-5_1-768x512.jpg 768w, https:\/\/agenciabrasilia.df.gov.br\/wp-conteudo\/uploads\/2023\/10\/Thales-Mendes-sec-do-trabalho-JRO_7538-5_1-1536x1024.jpg 1536w, https:\/\/agenciabrasilia.df.gov.br\/wp-conteudo\/uploads\/2023\/10\/Thales-Mendes-sec-do-trabalho-JRO_7538-5_1.jpg 1620w\" alt=\"\" width=\"525\" height=\"350\" \/><figcaption id=\"caption-attachment-558094\" class=\"wp-caption-text\">O secret\u00e1rio Thales Mendes refor\u00e7ou que \u201ca grande chave da transforma\u00e7\u00e3o \u00e9 oportunidade e qualifica\u00e7\u00e3o para as pessoas conseguirem tocar sua vida. Esse \u00e9 o nosso maior desafio\u201d<\/figcaption><\/figure>\n<p style=\"text-align: justify;\">A previs\u00e3o \u00e9 que, aproximadamente, nove mil alunos participem das palestras ao longo do dia. Durante a aula magna, os alunos t\u00eam a oportunidade de participarem de palestras com professores e profissionais da Secretaria de Desenvolvimento Econ\u00f4mico, Trabalho e Renda (Sedet-DF) sobre empregabilidade, prepara\u00e7\u00e3o de curr\u00edculos, al\u00e9m de conversas motivacionais. Os dois primeiros ciclos do QualificaDF deste ano promoveram aproximadamente 16 mil capacita\u00e7\u00f5es e a expectativa \u00e9 de formar mais oito mil estudantes que v\u00e3o concluir, at\u00e9 o fim do ano, o terceiro ciclo.<\/p>\n<p style=\"text-align: justify;\"><iframe loading=\"lazy\" title=\"YouTube video player\" src=\"https:\/\/www.youtube.com\/embed\/06ZbMZY6IHg?si=bcsUkRl6s7UUlVwN\" width=\"560\" height=\"315\" frameborder=\"0\" allowfullscreen=\"allowfullscreen\" data-mce-fragment=\"1\"><\/iframe><\/p>\n<p style=\"text-align: justify;\">\u201cA grande chave da transforma\u00e7\u00e3o n\u00e3o \u00e9 programa nem benef\u00edcio social, \u00e9 oportunidade e qualifica\u00e7\u00e3o para as pessoas conseguirem tocar sua vida. Esse \u00e9 o nosso maior desafio. Todas as grandes empresas, quando precisam contratar, entram em contato conosco para abrirmos um processo seletivo. S\u00e3o os alunos dos nossos programas e projetos que recebem essas oportunidades de emprego e, ent\u00e3o, concluir esse ciclo de aprendizagem\u201d, defendeu o secret\u00e1rio Thales Mendes.<\/p>\n<figure id=\"attachment_558091\" class=\"wp-caption alignleft\" style=\"text-align: justify;\" aria-describedby=\"caption-attachment-558091\"><img loading=\"lazy\" decoding=\"async\" class=\"wp-image-558091 size-large\" src=\"https:\/\/agenciabrasilia.df.gov.br\/wp-conteudo\/uploads\/2023\/10\/DENTRO-JRO_7050_1-1024x683.jpg\" sizes=\"auto, (max-width: 525px) 100vw, 525px\" srcset=\"https:\/\/agenciabrasilia.df.gov.br\/wp-conteudo\/uploads\/2023\/10\/DENTRO-JRO_7050_1-1024x683.jpg 1024w, https:\/\/agenciabrasilia.df.gov.br\/wp-conteudo\/uploads\/2023\/10\/DENTRO-JRO_7050_1-300x200.jpg 300w, https:\/\/agenciabrasilia.df.gov.br\/wp-conteudo\/uploads\/2023\/10\/DENTRO-JRO_7050_1-768x512.jpg 768w, https:\/\/agenciabrasilia.df.gov.br\/wp-conteudo\/uploads\/2023\/10\/DENTRO-JRO_7050_1-1536x1024.jpg 1536w, https:\/\/agenciabrasilia.df.gov.br\/wp-conteudo\/uploads\/2023\/10\/DENTRO-JRO_7050_1.jpg 1620w\" alt=\"\" width=\"525\" height=\"350\" \/><figcaption id=\"caption-attachment-558091\" class=\"wp-caption-text\">Cerca de tr\u00eas mil alunos participaram da aula magna na manh\u00e3 desta ter\u00e7a-feira (24), no Centro de Conven\u00e7\u00f5es Ulysses Guimar\u00e3es, para dar in\u00edcio oficialmente ao 3\u00ba Ciclo do Programa QualificaDF<\/figcaption><\/figure>\n<p style=\"text-align: justify;\"><strong>Vida nova<\/strong><\/p>\n<p style=\"text-align: justify;\">H\u00e1 pouco mais de cinco anos morando em Bras\u00edlia, Sandra Regina Nascimento, 60 anos, \u00e9 auxiliar de enfermagem e veio para a capital do pa\u00eds em busca de melhores condi\u00e7\u00f5es. Ao descobrir o Programa QualificaDF, por meio da internet, ela encontrou uma solu\u00e7\u00e3o para se capacitar e conseguir um emprego.<\/p>\n<p style=\"text-align: justify;\">\u201cEu estava em casa sem trabalhar. Vi o QualificaDF, fiz a inscri\u00e7\u00e3o e fui sorteada na segunda chamada. Hoje, eu fa\u00e7o o curso de carreiras p\u00fablicas administrativas, que \u00e9 preparat\u00f3rio para concursos p\u00fablicos. Estou aqui para tentar e est\u00e1 dando certo. Estou me encontrando e me redescobrindo de novo, e est\u00e1 sendo muito bom. Eu estou me achando o m\u00e1ximo\u201d, disse, animada.<\/p>\n<p style=\"text-align: justify;\">J\u00e1 para a estudante Sayonara Pereira do Carmo, 46, o objetivo \u00e9 concluir o segundo curso de qualifica\u00e7\u00e3o que participa e conseguir um emprego para dar melhores condi\u00e7\u00f5es para ela e a filha. \u201cFiz o curso de porteiro e logo emendei um de maquiagem, em Planaltina. Estou gostando bastante\u201d, avaliou.<\/p>\n<div class=\"relacionadas text-uppercase  direita\" style=\"text-align: justify;\">\n<p><b>Leia tamb\u00e9m<\/b><\/p>\n<div class=\"relacionadas__post-leia-tambem bold clearfix\">\n<div class=\"relacionadas__thumb\"><img loading=\"lazy\" decoding=\"async\" class=\"attachment-thumbnail size-thumbnail wp-post-image\" src=\"https:\/\/agenciabrasilia.df.gov.br\/wp-conteudo\/uploads\/2023\/08\/53135923047_a1e32872bb_o-150x150.jpg\" alt=\"\" width=\"150\" height=\"150\" \/><\/div>\n<div class=\"clearfix relacionadas__texto\">\n<p><b>Alunos do QualificaDF aprendem sobre cultivo de plantas em viveiro<\/b><\/p>\n<\/div>\n<\/div>\n<div class=\"relacionadas__post-leia-tambem bold clearfix\">\n<div class=\"relacionadas__thumb\"><img loading=\"lazy\" decoding=\"async\" class=\"attachment-thumbnail size-thumbnail wp-post-image\" src=\"https:\/\/agenciabrasilia.df.gov.br\/wp-conteudo\/uploads\/2023\/09\/WhatsApp-Image-2023-09-12-at-17.37.05-150x150.jpeg\" alt=\"\" width=\"150\" height=\"150\" \/><\/div>\n<div class=\"clearfix relacionadas__texto\">\n<p><b>Cursos do QualificaDF t\u00eam 8 mil vagas com inscri\u00e7\u00f5es at\u00e9 o dia 28<\/b><\/p>\n<\/div>\n<\/div>\n<div class=\"relacionadas__post-leia-tambem bold clearfix\">\n<div class=\"relacionadas__thumb\"><img loading=\"lazy\" decoding=\"async\" class=\"attachment-thumbnail size-thumbnail wp-post-image\" src=\"https:\/\/agenciabrasilia.df.gov.br\/wp-conteudo\/uploads\/2023\/09\/capa-57-150x150.jpg\" alt=\"\" width=\"150\" height=\"150\" \/><\/div>\n<div class=\"clearfix relacionadas__texto\">\n<p><b>Formatura de 433 alunos do QualificaDF M\u00f3vel encerra primeiro ciclo do ano<\/b><\/p>\n<\/div>\n<\/div>\n<\/div>\n<p style=\"text-align: justify;\">\u201cEssa aula magna mostra para a gente que existem pessoas que passam por essa experi\u00eancia, e isso \u00e9 importante. Mostra que tem solu\u00e7\u00e3o o que estamos passando, esse momento dif\u00edcil, que realmente h\u00e1 chances de vencer. Se aquele palestrante conseguiu, eu tamb\u00e9m posso chegar l\u00e1\u201d, concluiu.<\/p>\n<p style=\"text-align: justify;\"><strong>Sobre o programa<\/strong><\/p>\n<p style=\"text-align: justify;\">O QualificaDF oferece diversos cursos que abrangem forma\u00e7\u00f5es em eletricista predial, gar\u00e7om, barman, barista, manuten\u00e7\u00e3o de equipamento de inform\u00e1tica, est\u00e9tica facial e corporal com massagem terap\u00eautica e assistente administrativo.<\/p>\n<p style=\"text-align: justify;\">O programa \u00e9 uma iniciativa importante para quem almeja uma atualiza\u00e7\u00e3o profissional e deseja adquirir novas compet\u00eancias para se destacar no mercado de trabalho. Est\u00e1 em andamento o terceiro ciclo do QualificaDF deste ano, alcan\u00e7ando a marca de 24 mil qualifica\u00e7\u00f5es profissionais por meio somente deste programa.<\/p>\n<p style=\"text-align: justify;\">Ag\u00eancia Brasilia<\/p>\n","protected":false},"excerpt":{"rendered":"<p>Contemplados participaram de palestras motivacionais sobre empregabilidade e aprenderam como elaborar um bom curr\u00edculo Para dar in\u00edcio oficialmente ao 3\u00ba Ciclo do Programa QualificaDF, cerca de tr\u00eas mil alunos participaram da aula magna na manh\u00e3 desta ter\u00e7a-feira (24), no Centro de Conven\u00e7\u00f5es Ulysses Guimar\u00e3es. A abertura contou com a participa\u00e7\u00e3o da vice-governadora Celina Le\u00e3o, que [&hellip;]<\/p>\n","protected":false},"author":2,"featured_media":30618,"comment_status":"open","ping_status":"open","sticky":false,"template":"","format":"standard","meta":{"footnotes":""},"categories":[21],"tags":[],"class_list":{"0":"post-30617","1":"post","2":"type-post","3":"status-publish","4":"format-standard","5":"has-post-thumbnail","7":"category-brasilia"},"yoast_head":"<!-- This site is optimized with the Yoast SEO Premium plugin v24.5 (Yoast SEO v27.4) - https:\/\/yoast.com\/product\/yoast-seo-premium-wordpress\/ -->\n<title>QualificaDF inicia 3\u00ba Ciclo com aula magna no Ulysses Guimar\u00e3es - P31<\/title>\n<meta name=\"robots\" content=\"index, follow, max-snippet:-1, max-image-preview:large, max-video-preview:-1\" \/>\n<link rel=\"canonical\" href=\"https:\/\/www.p31noticias.com.br\/?p=30617\" \/>\n<meta property=\"og:locale\" content=\"pt_BR\" \/>\n<meta property=\"og:type\" content=\"article\" \/>\n<meta property=\"og:title\" content=\"QualificaDF inicia 3\u00ba Ciclo com aula magna no Ulysses Guimar\u00e3es\" \/>\n<meta property=\"og:description\" content=\"Contemplados participaram de palestras motivacionais sobre empregabilidade e aprenderam como elaborar um bom curr\u00edculo Para dar in\u00edcio oficialmente ao 3\u00ba Ciclo do Programa QualificaDF, cerca de tr\u00eas mil alunos participaram da aula magna na manh\u00e3 desta ter\u00e7a-feira (24), no Centro de Conven\u00e7\u00f5es Ulysses Guimar\u00e3es. A abertura contou com a participa\u00e7\u00e3o da vice-governadora Celina Le\u00e3o, que [&hellip;]\" \/>\n<meta property=\"og:url\" content=\"https:\/\/www.p31noticias.com.br\/?p=30617\" \/>\n<meta property=\"og:site_name\" content=\"P31\" \/>\n<meta property=\"article:published_time\" content=\"2023-10-24T19:30:01+00:00\" \/>\n<meta property=\"og:image\" content=\"https:\/\/www.p31noticias.com.br\/wp-content\/uploads\/2023\/10\/CAPA-JRO_7397_1-768x512-1.webp\" \/>\n\t<meta property=\"og:image:width\" content=\"768\" \/>\n\t<meta property=\"og:image:height\" content=\"512\" \/>\n\t<meta property=\"og:image:type\" content=\"image\/webp\" \/>\n<meta name=\"author\" content=\"Gon\u00e7alves Junior\" \/>\n<meta name=\"twitter:card\" content=\"summary_large_image\" \/>\n<meta name=\"twitter:label1\" content=\"Escrito por\" \/>\n\t<meta name=\"twitter:data1\" content=\"Gon\u00e7alves Junior\" \/>\n\t<meta name=\"twitter:label2\" content=\"Est. tempo de leitura\" \/>\n\t<meta name=\"twitter:data2\" content=\"4 minutos\" \/>\n<script type=\"application\/ld+json\" class=\"yoast-schema-graph\">{\"@context\":\"https:\\\/\\\/schema.org\",\"@graph\":[{\"@type\":\"Article\",\"@id\":\"https:\\\/\\\/www.p31noticias.com.br\\\/?p=30617#article\",\"isPartOf\":{\"@id\":\"https:\\\/\\\/www.p31noticias.com.br\\\/?p=30617\"},\"author\":{\"name\":\"Gon\u00e7alves Junior\",\"@id\":\"https:\\\/\\\/www.p31noticias.com.br\\\/#\\\/schema\\\/person\\\/95f2ece30e3b4132065b915150cd0f94\"},\"headline\":\"QualificaDF inicia 3\u00ba Ciclo com aula magna no Ulysses Guimar\u00e3es\",\"datePublished\":\"2023-10-24T19:30:01+00:00\",\"mainEntityOfPage\":{\"@id\":\"https:\\\/\\\/www.p31noticias.com.br\\\/?p=30617\"},\"wordCount\":766,\"commentCount\":0,\"image\":{\"@id\":\"https:\\\/\\\/www.p31noticias.com.br\\\/?p=30617#primaryimage\"},\"thumbnailUrl\":\"https:\\\/\\\/www.p31noticias.com.br\\\/wp-content\\\/uploads\\\/2023\\\/10\\\/CAPA-JRO_7397_1-768x512-1.webp\",\"articleSection\":[\"Bras\u00edlia\"],\"inLanguage\":\"pt-BR\",\"potentialAction\":[{\"@type\":\"CommentAction\",\"name\":\"Comment\",\"target\":[\"https:\\\/\\\/www.p31noticias.com.br\\\/?p=30617#respond\"]}],\"copyrightYear\":\"2023\",\"copyrightHolder\":{\"@id\":\"https:\\\/\\\/www.p31noticias.com.br\\\/#organization\"}},{\"@type\":\"WebPage\",\"@id\":\"https:\\\/\\\/www.p31noticias.com.br\\\/?p=30617\",\"url\":\"https:\\\/\\\/www.p31noticias.com.br\\\/?p=30617\",\"name\":\"QualificaDF inicia 3\u00ba Ciclo com aula magna no Ulysses Guimar\u00e3es - P31\",\"isPartOf\":{\"@id\":\"https:\\\/\\\/www.p31noticias.com.br\\\/#website\"},\"primaryImageOfPage\":{\"@id\":\"https:\\\/\\\/www.p31noticias.com.br\\\/?p=30617#primaryimage\"},\"image\":{\"@id\":\"https:\\\/\\\/www.p31noticias.com.br\\\/?p=30617#primaryimage\"},\"thumbnailUrl\":\"https:\\\/\\\/www.p31noticias.com.br\\\/wp-content\\\/uploads\\\/2023\\\/10\\\/CAPA-JRO_7397_1-768x512-1.webp\",\"datePublished\":\"2023-10-24T19:30:01+00:00\",\"author\":{\"@id\":\"https:\\\/\\\/www.p31noticias.com.br\\\/#\\\/schema\\\/person\\\/95f2ece30e3b4132065b915150cd0f94\"},\"breadcrumb\":{\"@id\":\"https:\\\/\\\/www.p31noticias.com.br\\\/?p=30617#breadcrumb\"},\"inLanguage\":\"pt-BR\",\"potentialAction\":[{\"@type\":\"ReadAction\",\"target\":[\"https:\\\/\\\/www.p31noticias.com.br\\\/?p=30617\"]}]},{\"@type\":\"ImageObject\",\"inLanguage\":\"pt-BR\",\"@id\":\"https:\\\/\\\/www.p31noticias.com.br\\\/?p=30617#primaryimage\",\"url\":\"https:\\\/\\\/www.p31noticias.com.br\\\/wp-content\\\/uploads\\\/2023\\\/10\\\/CAPA-JRO_7397_1-768x512-1.webp\",\"contentUrl\":\"https:\\\/\\\/www.p31noticias.com.br\\\/wp-content\\\/uploads\\\/2023\\\/10\\\/CAPA-JRO_7397_1-768x512-1.webp\",\"width\":768,\"height\":512},{\"@type\":\"BreadcrumbList\",\"@id\":\"https:\\\/\\\/www.p31noticias.com.br\\\/?p=30617#breadcrumb\",\"itemListElement\":[{\"@type\":\"ListItem\",\"position\":1,\"name\":\"In\u00edcio\",\"item\":\"https:\\\/\\\/www.p31noticias.com.br\\\/\"},{\"@type\":\"ListItem\",\"position\":2,\"name\":\"QualificaDF inicia 3\u00ba Ciclo com aula magna no Ulysses Guimar\u00e3es\"}]},{\"@type\":\"WebSite\",\"@id\":\"https:\\\/\\\/www.p31noticias.com.br\\\/#website\",\"url\":\"https:\\\/\\\/www.p31noticias.com.br\\\/\",\"name\":\"P31\",\"description\":\"NOT\u00cdCIAS\",\"potentialAction\":[{\"@type\":\"SearchAction\",\"target\":{\"@type\":\"EntryPoint\",\"urlTemplate\":\"https:\\\/\\\/www.p31noticias.com.br\\\/?s={search_term_string}\"},\"query-input\":{\"@type\":\"PropertyValueSpecification\",\"valueRequired\":true,\"valueName\":\"search_term_string\"}}],\"inLanguage\":\"pt-BR\"},{\"@type\":\"Person\",\"@id\":\"https:\\\/\\\/www.p31noticias.com.br\\\/#\\\/schema\\\/person\\\/95f2ece30e3b4132065b915150cd0f94\",\"name\":\"Gon\u00e7alves Junior\",\"image\":{\"@type\":\"ImageObject\",\"inLanguage\":\"pt-BR\",\"@id\":\"https:\\\/\\\/secure.gravatar.com\\\/avatar\\\/6711f350116a89762687a48d66f723c799e5438a5b7578508d4294cd7a5d0800?s=96&d=mm&r=g\",\"url\":\"https:\\\/\\\/secure.gravatar.com\\\/avatar\\\/6711f350116a89762687a48d66f723c799e5438a5b7578508d4294cd7a5d0800?s=96&d=mm&r=g\",\"contentUrl\":\"https:\\\/\\\/secure.gravatar.com\\\/avatar\\\/6711f350116a89762687a48d66f723c799e5438a5b7578508d4294cd7a5d0800?s=96&d=mm&r=g\",\"caption\":\"Gon\u00e7alves Junior\"},\"url\":\"https:\\\/\\\/www.p31noticias.com.br\\\/?author=2\"}]}<\/script>\n<!-- \/ Yoast SEO Premium plugin. -->","yoast_head_json":{"title":"QualificaDF inicia 3\u00ba Ciclo com aula magna no Ulysses Guimar\u00e3es - P31","robots":{"index":"index","follow":"follow","max-snippet":"max-snippet:-1","max-image-preview":"max-image-preview:large","max-video-preview":"max-video-preview:-1"},"canonical":"https:\/\/www.p31noticias.com.br\/?p=30617","og_locale":"pt_BR","og_type":"article","og_title":"QualificaDF inicia 3\u00ba Ciclo com aula magna no Ulysses Guimar\u00e3es","og_description":"Contemplados participaram de palestras motivacionais sobre empregabilidade e aprenderam como elaborar um bom curr\u00edculo Para dar in\u00edcio oficialmente ao 3\u00ba Ciclo do Programa QualificaDF, cerca de tr\u00eas mil alunos participaram da aula magna na manh\u00e3 desta ter\u00e7a-feira (24), no Centro de Conven\u00e7\u00f5es Ulysses Guimar\u00e3es. A abertura contou com a participa\u00e7\u00e3o da vice-governadora Celina Le\u00e3o, que [&hellip;]","og_url":"https:\/\/www.p31noticias.com.br\/?p=30617","og_site_name":"P31","article_published_time":"2023-10-24T19:30:01+00:00","og_image":[{"width":768,"height":512,"url":"https:\/\/www.p31noticias.com.br\/wp-content\/uploads\/2023\/10\/CAPA-JRO_7397_1-768x512-1.webp","type":"image\/webp"}],"author":"Gon\u00e7alves Junior","twitter_card":"summary_large_image","twitter_misc":{"Escrito por":"Gon\u00e7alves Junior","Est. tempo de leitura":"4 minutos"},"schema":{"@context":"https:\/\/schema.org","@graph":[{"@type":"Article","@id":"https:\/\/www.p31noticias.com.br\/?p=30617#article","isPartOf":{"@id":"https:\/\/www.p31noticias.com.br\/?p=30617"},"author":{"name":"Gon\u00e7alves Junior","@id":"https:\/\/www.p31noticias.com.br\/#\/schema\/person\/95f2ece30e3b4132065b915150cd0f94"},"headline":"QualificaDF inicia 3\u00ba Ciclo com aula magna no Ulysses Guimar\u00e3es","datePublished":"2023-10-24T19:30:01+00:00","mainEntityOfPage":{"@id":"https:\/\/www.p31noticias.com.br\/?p=30617"},"wordCount":766,"commentCount":0,"image":{"@id":"https:\/\/www.p31noticias.com.br\/?p=30617#primaryimage"},"thumbnailUrl":"https:\/\/www.p31noticias.com.br\/wp-content\/uploads\/2023\/10\/CAPA-JRO_7397_1-768x512-1.webp","articleSection":["Bras\u00edlia"],"inLanguage":"pt-BR","potentialAction":[{"@type":"CommentAction","name":"Comment","target":["https:\/\/www.p31noticias.com.br\/?p=30617#respond"]}],"copyrightYear":"2023","copyrightHolder":{"@id":"https:\/\/www.p31noticias.com.br\/#organization"}},{"@type":"WebPage","@id":"https:\/\/www.p31noticias.com.br\/?p=30617","url":"https:\/\/www.p31noticias.com.br\/?p=30617","name":"QualificaDF inicia 3\u00ba Ciclo com aula magna no Ulysses Guimar\u00e3es - P31","isPartOf":{"@id":"https:\/\/www.p31noticias.com.br\/#website"},"primaryImageOfPage":{"@id":"https:\/\/www.p31noticias.com.br\/?p=30617#primaryimage"},"image":{"@id":"https:\/\/www.p31noticias.com.br\/?p=30617#primaryimage"},"thumbnailUrl":"https:\/\/www.p31noticias.com.br\/wp-content\/uploads\/2023\/10\/CAPA-JRO_7397_1-768x512-1.webp","datePublished":"2023-10-24T19:30:01+00:00","author":{"@id":"https:\/\/www.p31noticias.com.br\/#\/schema\/person\/95f2ece30e3b4132065b915150cd0f94"},"breadcrumb":{"@id":"https:\/\/www.p31noticias.com.br\/?p=30617#breadcrumb"},"inLanguage":"pt-BR","potentialAction":[{"@type":"ReadAction","target":["https:\/\/www.p31noticias.com.br\/?p=30617"]}]},{"@type":"ImageObject","inLanguage":"pt-BR","@id":"https:\/\/www.p31noticias.com.br\/?p=30617#primaryimage","url":"https:\/\/www.p31noticias.com.br\/wp-content\/uploads\/2023\/10\/CAPA-JRO_7397_1-768x512-1.webp","contentUrl":"https:\/\/www.p31noticias.com.br\/wp-content\/uploads\/2023\/10\/CAPA-JRO_7397_1-768x512-1.webp","width":768,"height":512},{"@type":"BreadcrumbList","@id":"https:\/\/www.p31noticias.com.br\/?p=30617#breadcrumb","itemListElement":[{"@type":"ListItem","position":1,"name":"In\u00edcio","item":"https:\/\/www.p31noticias.com.br\/"},{"@type":"ListItem","position":2,"name":"QualificaDF inicia 3\u00ba Ciclo com aula magna no Ulysses Guimar\u00e3es"}]},{"@type":"WebSite","@id":"https:\/\/www.p31noticias.com.br\/#website","url":"https:\/\/www.p31noticias.com.br\/","name":"P31","description":"NOT\u00cdCIAS","potentialAction":[{"@type":"SearchAction","target":{"@type":"EntryPoint","urlTemplate":"https:\/\/www.p31noticias.com.br\/?s={search_term_string}"},"query-input":{"@type":"PropertyValueSpecification","valueRequired":true,"valueName":"search_term_string"}}],"inLanguage":"pt-BR"},{"@type":"Person","@id":"https:\/\/www.p31noticias.com.br\/#\/schema\/person\/95f2ece30e3b4132065b915150cd0f94","name":"Gon\u00e7alves Junior","image":{"@type":"ImageObject","inLanguage":"pt-BR","@id":"https:\/\/secure.gravatar.com\/avatar\/6711f350116a89762687a48d66f723c799e5438a5b7578508d4294cd7a5d0800?s=96&d=mm&r=g","url":"https:\/\/secure.gravatar.com\/avatar\/6711f350116a89762687a48d66f723c799e5438a5b7578508d4294cd7a5d0800?s=96&d=mm&r=g","contentUrl":"https:\/\/secure.gravatar.com\/avatar\/6711f350116a89762687a48d66f723c799e5438a5b7578508d4294cd7a5d0800?s=96&d=mm&r=g","caption":"Gon\u00e7alves Junior"},"url":"https:\/\/www.p31noticias.com.br\/?author=2"}]}},"amp_enabled":true,"_links":{"self":[{"href":"https:\/\/www.p31noticias.com.br\/index.php?rest_route=\/wp\/v2\/posts\/30617","targetHints":{"allow":["GET"]}}],"collection":[{"href":"https:\/\/www.p31noticias.com.br\/index.php?rest_route=\/wp\/v2\/posts"}],"about":[{"href":"https:\/\/www.p31noticias.com.br\/index.php?rest_route=\/wp\/v2\/types\/post"}],"author":[{"embeddable":true,"href":"https:\/\/www.p31noticias.com.br\/index.php?rest_route=\/wp\/v2\/users\/2"}],"replies":[{"embeddable":true,"href":"https:\/\/www.p31noticias.com.br\/index.php?rest_route=%2Fwp%2Fv2%2Fcomments&post=30617"}],"version-history":[{"count":1,"href":"https:\/\/www.p31noticias.com.br\/index.php?rest_route=\/wp\/v2\/posts\/30617\/revisions"}],"predecessor-version":[{"id":30619,"href":"https:\/\/www.p31noticias.com.br\/index.php?rest_route=\/wp\/v2\/posts\/30617\/revisions\/30619"}],"wp:featuredmedia":[{"embeddable":true,"href":"https:\/\/www.p31noticias.com.br\/index.php?rest_route=\/wp\/v2\/media\/30618"}],"wp:attachment":[{"href":"https:\/\/www.p31noticias.com.br\/index.php?rest_route=%2Fwp%2Fv2%2Fmedia&parent=30617"}],"wp:term":[{"taxonomy":"category","embeddable":true,"href":"https:\/\/www.p31noticias.com.br\/index.php?rest_route=%2Fwp%2Fv2%2Fcategories&post=30617"},{"taxonomy":"post_tag","embeddable":true,"href":"https:\/\/www.p31noticias.com.br\/index.php?rest_route=%2Fwp%2Fv2%2Ftags&post=30617"}],"curies":[{"name":"wp","href":"https:\/\/api.w.org\/{rel}","templated":true}]}}