{"id":30614,"date":"2023-10-24T16:16:06","date_gmt":"2023-10-24T19:16:06","guid":{"rendered":"https:\/\/p31noticias.com.br\/?p=30614"},"modified":"2023-10-24T16:16:30","modified_gmt":"2023-10-24T19:16:30","slug":"arrecadacao-cai-pela-4a-vez-e-chega-a-r-17431-bi-em-setembro","status":"publish","type":"post","link":"https:\/\/www.p31noticias.com.br\/?p=30614","title":{"rendered":"Arrecada\u00e7\u00e3o cai pela 4\u00aa vez e chega a R$ 174,31 bi em setembro"},"content":{"rendered":"<p style=\"text-align: justify;\">A arrecada\u00e7\u00e3o total das Receitas Federais fechou o m\u00eas de setembro em R$ 174,31 bilh\u00f5es, informou a Secretaria da Receita Federal. O valor representa queda de 0,34% em rela\u00e7\u00e3o a setembro de 2022, descontada a infla\u00e7\u00e3o medida pelo \u00cdndice de Pre\u00e7os ao Consumidor Amplo (IPCA).<img decoding=\"async\" src=\"https:\/\/agenciabrasil.ebc.com.br\/ebc.png?id=1562464&amp;o=node\" \/>No per\u00edodo acumulado de janeiro a setembro, a arrecada\u00e7\u00e3o alcan\u00e7ou o valor de pouco mais de R$ 1,6 trilh\u00e3o. Segundo o Minist\u00e9rio da Fazenda,\u00a0o valor apresentou\u00a0acr\u00e9scimo de 0,64%, descontada a infla\u00e7\u00e3o do per\u00edodo.<\/p>\n<p style=\"text-align: justify;\">Em rela\u00e7\u00e3o \u00e0s Receitas Administradas pela Receita Federal, o valor arrecadado\u00a0em setembro\u00a0foi de R$ 168 bilh\u00f5es, representando um acr\u00e9scimo real de 0,19%. No per\u00edodo acumulado de janeiro a dezembro, a arrecada\u00e7\u00e3o alcan\u00e7ou R$ 2,09 trilh\u00f5es, registrando acr\u00e9scimo real (IPCA) de 6,64%.<\/p>\n<h2 style=\"text-align: justify;\">Causas da queda<\/h2>\n<p style=\"text-align: justify;\">De acordo com o Minist\u00e9rio da Fazenda, o resultado da arrecada\u00e7\u00e3o pode ser explicado, principalmente, por altera\u00e7\u00f5es na legisla\u00e7\u00e3o tribut\u00e1ria e por pagamentos ati\u0301picos, especialmente do Imposto de Renda de Pessoa Jur\u00eddica (IRPJ), da Contribui\u00e7\u00e3o Social Sobre o Lucro L\u00edquido (CSLL). A pasta disse ainda que, descontados os fatores, o crescimento real seria de 3,49% na arrecadac\u0327a\u0303o do peri\u0301odo acumulado e um acre\u0301scimo real de 0,31% na arrecadac\u0327a\u0303o me\u0302s de setembro.<\/p>\n<p style=\"text-align: justify;\">A Fazenda\u00a0informou que, em rela\u00e7\u00e3o ao PIS\/Pasep e Cofins, a arrecada\u00e7\u00e3o conjunta foi de R$ 36,78 bilho\u0303es, representando crescimento real de 7,71%.<\/p>\n<p style=\"text-align: justify;\">O desempenho e\u0301 explicado pela combinac\u0327a\u0303o do\u00a0aumento\u00a0real de 3,60% no volume de vendas e de 0,90% no volume de servic\u0327os, entre agosto de 2023 e agosto de 2022, segundo a Pesquisa Mensal de Com\u00e9rcio do Instituto Brasileiro de Geografia a Estat\u00edstica (IBGE)\u00a0e da modificac\u0327a\u0303o da tributac\u0327a\u0303o incidente sobre o diesel, gasolina e a\u0301lcool.<\/p>\n<p style=\"text-align: justify;\">J\u00e1 o Imposto sobre a Renda Retido na Fonte (IRRF) de residentes no exterior apresentou uma arrecadac\u0327a\u0303o de R$ 4,93 bilho\u0303es, resultando em um crescimento real de 32,96%.<\/p>\n<p style=\"text-align: justify;\">\u201cO resultado deveu-se aos acre\u0301scimos nominais de 81,11% na arrecadac\u0327a\u0303o do item Juros e Comisso\u0303es em Geral, de 231,25% na arrecadac\u0327a\u0303o do item Juros sobre Capital Pro\u0301prio, e de 22,48% na arrecadac\u0327a\u0303o do item Royalties e Assiste\u0302ncia Te\u0301cnica, informou a Fazenda.<\/p>\n<h2 style=\"text-align: justify;\">Receita Previdenci\u00e1ria<\/h2>\n<p style=\"text-align: justify;\">A Receita Previdencia\u0301ria apresentou\u00a0arrecadac\u0327a\u0303o de R$ 49 bilho\u0303es, com crescimento real de 1,97%. O desempenho pode ser explicado pelo crescimento real de 8,30% da massa salarial. Ale\u0301m disso, houve crescimento de 32% nas compensac\u0327o\u0303es tributa\u0301rias com de\u0301bitos de receita previdencia\u0301ria em raza\u0303o da Lei 13.670\/18.<\/p>\n<p style=\"text-align: justify;\">As outras receitas administradas pela Receita Federal apresentaram arrecadac\u0327a\u0303o de R$ 3,15 bilho\u0303es, com acre\u0301scimo real de 14,25%. O resultado decorreu, principalmente, do aumento nominal de 53,64% na arrecadac\u0327a\u0303o da Code-Remessas ao Exterior\u00a0e pela arrecadac\u0327a\u0303o do programa de reduc\u0327a\u0303o de litigiosidade (+321 milho\u0303es).<\/p>\n<p style=\"text-align: justify;\">Ainda segundo o minist\u00e9rio, o IRRF sobre rendimentos do trabalho apresentou arrecadac\u0327a\u0303o de 142,5 bilho\u0303es, representando crescimento real de 5,37%. O resultado est\u00e1 relacionado aos acre\u0301scimos reais na arrecadac\u0327a\u0303o dos itens Rendimentos do Trabalho Assalariado\u00a0(+6,56%) e Participac\u0327a\u0303o nos Lucros ou Resultados \u2013 PLR\u00a0(+21,12%), combinados com o decre\u0301scimo no item Aposentadoria do Regime Geral ou do Servidor Pu\u0301blico\u00a0(-6,27%).<\/p>\n<p style=\"text-align: justify;\">A Fazenda tamb\u00e9m informou que a Receita Previdencia\u0301ria totalizou uma arrecadac\u0327a\u0303o de R$ 437,23 bilho\u0303es, com crescimento real de 5,67%.<\/p>\n<p style=\"text-align: justify;\">\u201cEsse desempenho e\u0301 explicado pelo crescimento real de 8,76% da massa salarial. Ale\u0301m disso, houve crescimento de 36% nas compensac\u0327o\u0303es tributa\u0301rias com de\u0301bitos de receita previdencia\u0301ria em raza\u0303o da Lei 13.670\/18\u201d, disse o minist\u00e9rio.<\/p>\n<p>Ag\u00eancia Brasil.<\/p>\n","protected":false},"excerpt":{"rendered":"<p>A arrecada\u00e7\u00e3o total das Receitas Federais fechou o m\u00eas de setembro em R$ 174,31 bilh\u00f5es, informou a Secretaria da Receita Federal. O valor representa queda de 0,34% em rela\u00e7\u00e3o a setembro de 2022, descontada a infla\u00e7\u00e3o medida pelo \u00cdndice de Pre\u00e7os ao Consumidor Amplo (IPCA).No per\u00edodo acumulado de janeiro a setembro, a arrecada\u00e7\u00e3o alcan\u00e7ou o [&hellip;]<\/p>\n","protected":false},"author":2,"featured_media":30615,"comment_status":"open","ping_status":"open","sticky":false,"template":"","format":"standard","meta":{"footnotes":""},"categories":[68,637],"tags":[],"class_list":{"0":"post-30614","1":"post","2":"type-post","3":"status-publish","4":"format-standard","5":"has-post-thumbnail","7":"category-brasil","8":"category-economia"},"yoast_head":"<!-- This site is optimized with the Yoast SEO Premium plugin v24.5 (Yoast SEO v27.4) - https:\/\/yoast.com\/product\/yoast-seo-premium-wordpress\/ -->\n<title>Arrecada\u00e7\u00e3o cai pela 4\u00aa vez e chega a R$ 174,31 bi em setembro - P31<\/title>\n<meta name=\"robots\" content=\"index, follow, max-snippet:-1, max-image-preview:large, max-video-preview:-1\" \/>\n<link rel=\"canonical\" href=\"https:\/\/www.p31noticias.com.br\/?p=30614\" \/>\n<meta property=\"og:locale\" content=\"pt_BR\" \/>\n<meta property=\"og:type\" content=\"article\" \/>\n<meta property=\"og:title\" content=\"Arrecada\u00e7\u00e3o cai pela 4\u00aa vez e chega a R$ 174,31 bi em setembro\" \/>\n<meta property=\"og:description\" content=\"A arrecada\u00e7\u00e3o total das Receitas Federais fechou o m\u00eas de setembro em R$ 174,31 bilh\u00f5es, informou a Secretaria da Receita Federal. O valor representa queda de 0,34% em rela\u00e7\u00e3o a setembro de 2022, descontada a infla\u00e7\u00e3o medida pelo \u00cdndice de Pre\u00e7os ao Consumidor Amplo (IPCA).No per\u00edodo acumulado de janeiro a setembro, a arrecada\u00e7\u00e3o alcan\u00e7ou o [&hellip;]\" \/>\n<meta property=\"og:url\" content=\"https:\/\/www.p31noticias.com.br\/?p=30614\" \/>\n<meta property=\"og:site_name\" content=\"P31\" \/>\n<meta property=\"article:published_time\" content=\"2023-10-24T19:16:06+00:00\" \/>\n<meta property=\"article:modified_time\" content=\"2023-10-24T19:16:30+00:00\" \/>\n<meta property=\"og:image\" content=\"https:\/\/www.p31noticias.com.br\/wp-content\/uploads\/2023\/10\/economia_1609210423_0.jpg\" \/>\n\t<meta property=\"og:image:width\" content=\"1170\" \/>\n\t<meta property=\"og:image:height\" content=\"700\" \/>\n\t<meta property=\"og:image:type\" content=\"image\/jpeg\" \/>\n<meta name=\"author\" content=\"Gon\u00e7alves Junior\" \/>\n<meta name=\"twitter:card\" content=\"summary_large_image\" \/>\n<meta name=\"twitter:label1\" content=\"Escrito por\" \/>\n\t<meta name=\"twitter:data1\" content=\"Gon\u00e7alves Junior\" \/>\n\t<meta name=\"twitter:label2\" content=\"Est. tempo de leitura\" \/>\n\t<meta name=\"twitter:data2\" content=\"3 minutos\" \/>\n<script type=\"application\/ld+json\" class=\"yoast-schema-graph\">{\"@context\":\"https:\\\/\\\/schema.org\",\"@graph\":[{\"@type\":\"Article\",\"@id\":\"https:\\\/\\\/www.p31noticias.com.br\\\/?p=30614#article\",\"isPartOf\":{\"@id\":\"https:\\\/\\\/www.p31noticias.com.br\\\/?p=30614\"},\"author\":{\"name\":\"Gon\u00e7alves Junior\",\"@id\":\"https:\\\/\\\/www.p31noticias.com.br\\\/#\\\/schema\\\/person\\\/95f2ece30e3b4132065b915150cd0f94\"},\"headline\":\"Arrecada\u00e7\u00e3o cai pela 4\u00aa vez e chega a R$ 174,31 bi em setembro\",\"datePublished\":\"2023-10-24T19:16:06+00:00\",\"dateModified\":\"2023-10-24T19:16:30+00:00\",\"mainEntityOfPage\":{\"@id\":\"https:\\\/\\\/www.p31noticias.com.br\\\/?p=30614\"},\"wordCount\":638,\"commentCount\":0,\"image\":{\"@id\":\"https:\\\/\\\/www.p31noticias.com.br\\\/?p=30614#primaryimage\"},\"thumbnailUrl\":\"https:\\\/\\\/www.p31noticias.com.br\\\/wp-content\\\/uploads\\\/2023\\\/10\\\/economia_1609210423_0.jpg\",\"articleSection\":[\"Brasil\",\"Economia\"],\"inLanguage\":\"pt-BR\",\"potentialAction\":[{\"@type\":\"CommentAction\",\"name\":\"Comment\",\"target\":[\"https:\\\/\\\/www.p31noticias.com.br\\\/?p=30614#respond\"]}],\"copyrightYear\":\"2023\",\"copyrightHolder\":{\"@id\":\"https:\\\/\\\/www.p31noticias.com.br\\\/#organization\"}},{\"@type\":\"WebPage\",\"@id\":\"https:\\\/\\\/www.p31noticias.com.br\\\/?p=30614\",\"url\":\"https:\\\/\\\/www.p31noticias.com.br\\\/?p=30614\",\"name\":\"Arrecada\u00e7\u00e3o cai pela 4\u00aa vez e chega a R$ 174,31 bi em setembro - P31\",\"isPartOf\":{\"@id\":\"https:\\\/\\\/www.p31noticias.com.br\\\/#website\"},\"primaryImageOfPage\":{\"@id\":\"https:\\\/\\\/www.p31noticias.com.br\\\/?p=30614#primaryimage\"},\"image\":{\"@id\":\"https:\\\/\\\/www.p31noticias.com.br\\\/?p=30614#primaryimage\"},\"thumbnailUrl\":\"https:\\\/\\\/www.p31noticias.com.br\\\/wp-content\\\/uploads\\\/2023\\\/10\\\/economia_1609210423_0.jpg\",\"datePublished\":\"2023-10-24T19:16:06+00:00\",\"dateModified\":\"2023-10-24T19:16:30+00:00\",\"author\":{\"@id\":\"https:\\\/\\\/www.p31noticias.com.br\\\/#\\\/schema\\\/person\\\/95f2ece30e3b4132065b915150cd0f94\"},\"breadcrumb\":{\"@id\":\"https:\\\/\\\/www.p31noticias.com.br\\\/?p=30614#breadcrumb\"},\"inLanguage\":\"pt-BR\",\"potentialAction\":[{\"@type\":\"ReadAction\",\"target\":[\"https:\\\/\\\/www.p31noticias.com.br\\\/?p=30614\"]}]},{\"@type\":\"ImageObject\",\"inLanguage\":\"pt-BR\",\"@id\":\"https:\\\/\\\/www.p31noticias.com.br\\\/?p=30614#primaryimage\",\"url\":\"https:\\\/\\\/www.p31noticias.com.br\\\/wp-content\\\/uploads\\\/2023\\\/10\\\/economia_1609210423_0.jpg\",\"contentUrl\":\"https:\\\/\\\/www.p31noticias.com.br\\\/wp-content\\\/uploads\\\/2023\\\/10\\\/economia_1609210423_0.jpg\",\"width\":1170,\"height\":700,\"caption\":\"Economia, Moeda Real,Dinheiro, Calculadora\"},{\"@type\":\"BreadcrumbList\",\"@id\":\"https:\\\/\\\/www.p31noticias.com.br\\\/?p=30614#breadcrumb\",\"itemListElement\":[{\"@type\":\"ListItem\",\"position\":1,\"name\":\"In\u00edcio\",\"item\":\"https:\\\/\\\/www.p31noticias.com.br\\\/\"},{\"@type\":\"ListItem\",\"position\":2,\"name\":\"Arrecada\u00e7\u00e3o cai pela 4\u00aa vez e chega a R$ 174,31 bi em setembro\"}]},{\"@type\":\"WebSite\",\"@id\":\"https:\\\/\\\/www.p31noticias.com.br\\\/#website\",\"url\":\"https:\\\/\\\/www.p31noticias.com.br\\\/\",\"name\":\"P31\",\"description\":\"NOT\u00cdCIAS\",\"potentialAction\":[{\"@type\":\"SearchAction\",\"target\":{\"@type\":\"EntryPoint\",\"urlTemplate\":\"https:\\\/\\\/www.p31noticias.com.br\\\/?s={search_term_string}\"},\"query-input\":{\"@type\":\"PropertyValueSpecification\",\"valueRequired\":true,\"valueName\":\"search_term_string\"}}],\"inLanguage\":\"pt-BR\"},{\"@type\":\"Person\",\"@id\":\"https:\\\/\\\/www.p31noticias.com.br\\\/#\\\/schema\\\/person\\\/95f2ece30e3b4132065b915150cd0f94\",\"name\":\"Gon\u00e7alves Junior\",\"image\":{\"@type\":\"ImageObject\",\"inLanguage\":\"pt-BR\",\"@id\":\"https:\\\/\\\/secure.gravatar.com\\\/avatar\\\/6711f350116a89762687a48d66f723c799e5438a5b7578508d4294cd7a5d0800?s=96&d=mm&r=g\",\"url\":\"https:\\\/\\\/secure.gravatar.com\\\/avatar\\\/6711f350116a89762687a48d66f723c799e5438a5b7578508d4294cd7a5d0800?s=96&d=mm&r=g\",\"contentUrl\":\"https:\\\/\\\/secure.gravatar.com\\\/avatar\\\/6711f350116a89762687a48d66f723c799e5438a5b7578508d4294cd7a5d0800?s=96&d=mm&r=g\",\"caption\":\"Gon\u00e7alves Junior\"},\"url\":\"https:\\\/\\\/www.p31noticias.com.br\\\/?author=2\"}]}<\/script>\n<!-- \/ Yoast SEO Premium plugin. -->","yoast_head_json":{"title":"Arrecada\u00e7\u00e3o cai pela 4\u00aa vez e chega a R$ 174,31 bi em setembro - P31","robots":{"index":"index","follow":"follow","max-snippet":"max-snippet:-1","max-image-preview":"max-image-preview:large","max-video-preview":"max-video-preview:-1"},"canonical":"https:\/\/www.p31noticias.com.br\/?p=30614","og_locale":"pt_BR","og_type":"article","og_title":"Arrecada\u00e7\u00e3o cai pela 4\u00aa vez e chega a R$ 174,31 bi em setembro","og_description":"A arrecada\u00e7\u00e3o total das Receitas Federais fechou o m\u00eas de setembro em R$ 174,31 bilh\u00f5es, informou a Secretaria da Receita Federal. O valor representa queda de 0,34% em rela\u00e7\u00e3o a setembro de 2022, descontada a infla\u00e7\u00e3o medida pelo \u00cdndice de Pre\u00e7os ao Consumidor Amplo (IPCA).No per\u00edodo acumulado de janeiro a setembro, a arrecada\u00e7\u00e3o alcan\u00e7ou o [&hellip;]","og_url":"https:\/\/www.p31noticias.com.br\/?p=30614","og_site_name":"P31","article_published_time":"2023-10-24T19:16:06+00:00","article_modified_time":"2023-10-24T19:16:30+00:00","og_image":[{"width":1170,"height":700,"url":"https:\/\/www.p31noticias.com.br\/wp-content\/uploads\/2023\/10\/economia_1609210423_0.jpg","type":"image\/jpeg"}],"author":"Gon\u00e7alves Junior","twitter_card":"summary_large_image","twitter_misc":{"Escrito por":"Gon\u00e7alves Junior","Est. tempo de leitura":"3 minutos"},"schema":{"@context":"https:\/\/schema.org","@graph":[{"@type":"Article","@id":"https:\/\/www.p31noticias.com.br\/?p=30614#article","isPartOf":{"@id":"https:\/\/www.p31noticias.com.br\/?p=30614"},"author":{"name":"Gon\u00e7alves Junior","@id":"https:\/\/www.p31noticias.com.br\/#\/schema\/person\/95f2ece30e3b4132065b915150cd0f94"},"headline":"Arrecada\u00e7\u00e3o cai pela 4\u00aa vez e chega a R$ 174,31 bi em setembro","datePublished":"2023-10-24T19:16:06+00:00","dateModified":"2023-10-24T19:16:30+00:00","mainEntityOfPage":{"@id":"https:\/\/www.p31noticias.com.br\/?p=30614"},"wordCount":638,"commentCount":0,"image":{"@id":"https:\/\/www.p31noticias.com.br\/?p=30614#primaryimage"},"thumbnailUrl":"https:\/\/www.p31noticias.com.br\/wp-content\/uploads\/2023\/10\/economia_1609210423_0.jpg","articleSection":["Brasil","Economia"],"inLanguage":"pt-BR","potentialAction":[{"@type":"CommentAction","name":"Comment","target":["https:\/\/www.p31noticias.com.br\/?p=30614#respond"]}],"copyrightYear":"2023","copyrightHolder":{"@id":"https:\/\/www.p31noticias.com.br\/#organization"}},{"@type":"WebPage","@id":"https:\/\/www.p31noticias.com.br\/?p=30614","url":"https:\/\/www.p31noticias.com.br\/?p=30614","name":"Arrecada\u00e7\u00e3o cai pela 4\u00aa vez e chega a R$ 174,31 bi em setembro - P31","isPartOf":{"@id":"https:\/\/www.p31noticias.com.br\/#website"},"primaryImageOfPage":{"@id":"https:\/\/www.p31noticias.com.br\/?p=30614#primaryimage"},"image":{"@id":"https:\/\/www.p31noticias.com.br\/?p=30614#primaryimage"},"thumbnailUrl":"https:\/\/www.p31noticias.com.br\/wp-content\/uploads\/2023\/10\/economia_1609210423_0.jpg","datePublished":"2023-10-24T19:16:06+00:00","dateModified":"2023-10-24T19:16:30+00:00","author":{"@id":"https:\/\/www.p31noticias.com.br\/#\/schema\/person\/95f2ece30e3b4132065b915150cd0f94"},"breadcrumb":{"@id":"https:\/\/www.p31noticias.com.br\/?p=30614#breadcrumb"},"inLanguage":"pt-BR","potentialAction":[{"@type":"ReadAction","target":["https:\/\/www.p31noticias.com.br\/?p=30614"]}]},{"@type":"ImageObject","inLanguage":"pt-BR","@id":"https:\/\/www.p31noticias.com.br\/?p=30614#primaryimage","url":"https:\/\/www.p31noticias.com.br\/wp-content\/uploads\/2023\/10\/economia_1609210423_0.jpg","contentUrl":"https:\/\/www.p31noticias.com.br\/wp-content\/uploads\/2023\/10\/economia_1609210423_0.jpg","width":1170,"height":700,"caption":"Economia, Moeda Real,Dinheiro, Calculadora"},{"@type":"BreadcrumbList","@id":"https:\/\/www.p31noticias.com.br\/?p=30614#breadcrumb","itemListElement":[{"@type":"ListItem","position":1,"name":"In\u00edcio","item":"https:\/\/www.p31noticias.com.br\/"},{"@type":"ListItem","position":2,"name":"Arrecada\u00e7\u00e3o cai pela 4\u00aa vez e chega a R$ 174,31 bi em setembro"}]},{"@type":"WebSite","@id":"https:\/\/www.p31noticias.com.br\/#website","url":"https:\/\/www.p31noticias.com.br\/","name":"P31","description":"NOT\u00cdCIAS","potentialAction":[{"@type":"SearchAction","target":{"@type":"EntryPoint","urlTemplate":"https:\/\/www.p31noticias.com.br\/?s={search_term_string}"},"query-input":{"@type":"PropertyValueSpecification","valueRequired":true,"valueName":"search_term_string"}}],"inLanguage":"pt-BR"},{"@type":"Person","@id":"https:\/\/www.p31noticias.com.br\/#\/schema\/person\/95f2ece30e3b4132065b915150cd0f94","name":"Gon\u00e7alves Junior","image":{"@type":"ImageObject","inLanguage":"pt-BR","@id":"https:\/\/secure.gravatar.com\/avatar\/6711f350116a89762687a48d66f723c799e5438a5b7578508d4294cd7a5d0800?s=96&d=mm&r=g","url":"https:\/\/secure.gravatar.com\/avatar\/6711f350116a89762687a48d66f723c799e5438a5b7578508d4294cd7a5d0800?s=96&d=mm&r=g","contentUrl":"https:\/\/secure.gravatar.com\/avatar\/6711f350116a89762687a48d66f723c799e5438a5b7578508d4294cd7a5d0800?s=96&d=mm&r=g","caption":"Gon\u00e7alves Junior"},"url":"https:\/\/www.p31noticias.com.br\/?author=2"}]}},"amp_enabled":true,"_links":{"self":[{"href":"https:\/\/www.p31noticias.com.br\/index.php?rest_route=\/wp\/v2\/posts\/30614","targetHints":{"allow":["GET"]}}],"collection":[{"href":"https:\/\/www.p31noticias.com.br\/index.php?rest_route=\/wp\/v2\/posts"}],"about":[{"href":"https:\/\/www.p31noticias.com.br\/index.php?rest_route=\/wp\/v2\/types\/post"}],"author":[{"embeddable":true,"href":"https:\/\/www.p31noticias.com.br\/index.php?rest_route=\/wp\/v2\/users\/2"}],"replies":[{"embeddable":true,"href":"https:\/\/www.p31noticias.com.br\/index.php?rest_route=%2Fwp%2Fv2%2Fcomments&post=30614"}],"version-history":[{"count":1,"href":"https:\/\/www.p31noticias.com.br\/index.php?rest_route=\/wp\/v2\/posts\/30614\/revisions"}],"predecessor-version":[{"id":30616,"href":"https:\/\/www.p31noticias.com.br\/index.php?rest_route=\/wp\/v2\/posts\/30614\/revisions\/30616"}],"wp:featuredmedia":[{"embeddable":true,"href":"https:\/\/www.p31noticias.com.br\/index.php?rest_route=\/wp\/v2\/media\/30615"}],"wp:attachment":[{"href":"https:\/\/www.p31noticias.com.br\/index.php?rest_route=%2Fwp%2Fv2%2Fmedia&parent=30614"}],"wp:term":[{"taxonomy":"category","embeddable":true,"href":"https:\/\/www.p31noticias.com.br\/index.php?rest_route=%2Fwp%2Fv2%2Fcategories&post=30614"},{"taxonomy":"post_tag","embeddable":true,"href":"https:\/\/www.p31noticias.com.br\/index.php?rest_route=%2Fwp%2Fv2%2Ftags&post=30614"}],"curies":[{"name":"wp","href":"https:\/\/api.w.org\/{rel}","templated":true}]}}