{"id":30599,"date":"2023-10-24T11:06:24","date_gmt":"2023-10-24T14:06:24","guid":{"rendered":"https:\/\/p31noticias.com.br\/saude-vai-remanejar-r-101-mi-que-sobraram-do-fundo-de-combate-a-covid-2\/"},"modified":"2023-10-24T11:06:24","modified_gmt":"2023-10-24T14:06:24","slug":"saude-vai-remanejar-r-101-mi-que-sobraram-do-fundo-de-combate-a-covid-2","status":"publish","type":"post","link":"https:\/\/www.p31noticias.com.br\/?p=30599","title":{"rendered":"Sa\u00fade vai remanejar R$ 101 mi que sobraram do fundo de combate \u00e0 Covid"},"content":{"rendered":"<p>Dos R$ 101,5 milh\u00f5es que sobraram em um fundo criado pelo Governo do Distrito Federal (GDF) para combate \u00e0 pandemia da Covid-19, a Secretaria de Sa\u00fade (SES-DF) anunciou que remanejar\u00e1 o montante para outras \u00e1reas. Uma decis\u00e3o do Colegiado de Gest\u00e3o da pasta (CGSES-DF), divulgada no Di\u00e1rio Oficial do Distrito Federal (DODF) desta ter\u00e7a-feira (24\/10), [\u2026]<\/p>\n<p>O post <a href=\"https:\/\/www.delioandrade.com.br\/saude-vai-remanejar-r-101-mi-que-sobraram-do-fundo-de-combate-a-covid\/\">Sa\u00fade vai remanejar R$ 101 mi que sobraram do fundo de combate \u00e0 Covid<\/a> apareceu primeiro em <a href=\"https:\/\/www.delioandrade.com.br\/\">Blog do D\u00c9LIO ANDRADE<\/a>.<\/p>\n","protected":false},"excerpt":{"rendered":"<p>Dos R$ 101,5 milh\u00f5es que sobraram em um fundo criado pelo Governo do Distrito Federal (GDF) para combate \u00e0 pandemia da Covid-19, a Secretaria de Sa\u00fade (SES-DF) anunciou que remanejar\u00e1 o montante para outras \u00e1reas. Uma decis\u00e3o do Colegiado de Gest\u00e3o da pasta (CGSES-DF), divulgada no Di\u00e1rio Oficial do Distrito Federal (DODF) desta ter\u00e7a-feira (24\/10), [&hellip;]<\/p>\n","protected":false},"author":0,"featured_media":0,"comment_status":"open","ping_status":"open","sticky":false,"template":"","format":"standard","meta":{"footnotes":""},"categories":[21],"tags":[],"class_list":{"0":"post-30599","1":"post","2":"type-post","3":"status-publish","4":"format-standard","6":"category-brasilia"},"yoast_head":"<!-- This site is optimized with the Yoast SEO Premium plugin v24.5 (Yoast SEO v27.4) - https:\/\/yoast.com\/product\/yoast-seo-premium-wordpress\/ -->\n<title>Sa\u00fade vai remanejar R$ 101 mi que sobraram do fundo de combate \u00e0 Covid - P31<\/title>\n<meta name=\"robots\" content=\"index, follow, max-snippet:-1, max-image-preview:large, max-video-preview:-1\" \/>\n<link rel=\"canonical\" href=\"https:\/\/www.p31noticias.com.br\/?p=30599\" \/>\n<meta property=\"og:locale\" content=\"pt_BR\" \/>\n<meta property=\"og:type\" content=\"article\" \/>\n<meta property=\"og:title\" content=\"Sa\u00fade vai remanejar R$ 101 mi que sobraram do fundo de combate \u00e0 Covid\" \/>\n<meta property=\"og:description\" content=\"Dos R$ 101,5 milh\u00f5es que sobraram em um fundo criado pelo Governo do Distrito Federal (GDF) para combate \u00e0 pandemia da Covid-19, a Secretaria de Sa\u00fade (SES-DF) anunciou que remanejar\u00e1 o montante para outras \u00e1reas. Uma decis\u00e3o do Colegiado de Gest\u00e3o da pasta (CGSES-DF), divulgada no Di\u00e1rio Oficial do Distrito Federal (DODF) desta ter\u00e7a-feira (24\/10), [&hellip;]\" \/>\n<meta property=\"og:url\" content=\"https:\/\/www.p31noticias.com.br\/?p=30599\" \/>\n<meta property=\"og:site_name\" content=\"P31\" \/>\n<meta property=\"article:published_time\" content=\"2023-10-24T14:06:24+00:00\" \/>\n<meta name=\"twitter:card\" content=\"summary_large_image\" \/>\n<script type=\"application\/ld+json\" class=\"yoast-schema-graph\">{\"@context\":\"https:\\\/\\\/schema.org\",\"@graph\":[{\"@type\":\"Article\",\"@id\":\"https:\\\/\\\/www.p31noticias.com.br\\\/?p=30599#article\",\"isPartOf\":{\"@id\":\"https:\\\/\\\/www.p31noticias.com.br\\\/?p=30599\"},\"author\":{\"name\":\"\",\"@id\":\"\"},\"headline\":\"Sa\u00fade vai remanejar R$ 101 mi que sobraram do fundo de combate \u00e0 Covid\",\"datePublished\":\"2023-10-24T14:06:24+00:00\",\"mainEntityOfPage\":{\"@id\":\"https:\\\/\\\/www.p31noticias.com.br\\\/?p=30599\"},\"wordCount\":94,\"commentCount\":0,\"articleSection\":[\"Bras\u00edlia\"],\"inLanguage\":\"pt-BR\",\"potentialAction\":[{\"@type\":\"CommentAction\",\"name\":\"Comment\",\"target\":[\"https:\\\/\\\/www.p31noticias.com.br\\\/?p=30599#respond\"]}],\"copyrightYear\":\"2023\",\"copyrightHolder\":{\"@id\":\"https:\\\/\\\/www.p31noticias.com.br\\\/#organization\"}},{\"@type\":\"WebPage\",\"@id\":\"https:\\\/\\\/www.p31noticias.com.br\\\/?p=30599\",\"url\":\"https:\\\/\\\/www.p31noticias.com.br\\\/?p=30599\",\"name\":\"Sa\u00fade vai remanejar R$ 101 mi que sobraram do fundo de combate \u00e0 Covid - P31\",\"isPartOf\":{\"@id\":\"https:\\\/\\\/www.p31noticias.com.br\\\/#website\"},\"datePublished\":\"2023-10-24T14:06:24+00:00\",\"author\":{\"@id\":\"\"},\"breadcrumb\":{\"@id\":\"https:\\\/\\\/www.p31noticias.com.br\\\/?p=30599#breadcrumb\"},\"inLanguage\":\"pt-BR\",\"potentialAction\":[{\"@type\":\"ReadAction\",\"target\":[\"https:\\\/\\\/www.p31noticias.com.br\\\/?p=30599\"]}]},{\"@type\":\"BreadcrumbList\",\"@id\":\"https:\\\/\\\/www.p31noticias.com.br\\\/?p=30599#breadcrumb\",\"itemListElement\":[{\"@type\":\"ListItem\",\"position\":1,\"name\":\"In\u00edcio\",\"item\":\"https:\\\/\\\/www.p31noticias.com.br\\\/\"},{\"@type\":\"ListItem\",\"position\":2,\"name\":\"Sa\u00fade vai remanejar R$ 101 mi que sobraram do fundo de combate \u00e0 Covid\"}]},{\"@type\":\"WebSite\",\"@id\":\"https:\\\/\\\/www.p31noticias.com.br\\\/#website\",\"url\":\"https:\\\/\\\/www.p31noticias.com.br\\\/\",\"name\":\"P31\",\"description\":\"NOT\u00cdCIAS\",\"potentialAction\":[{\"@type\":\"SearchAction\",\"target\":{\"@type\":\"EntryPoint\",\"urlTemplate\":\"https:\\\/\\\/www.p31noticias.com.br\\\/?s={search_term_string}\"},\"query-input\":{\"@type\":\"PropertyValueSpecification\",\"valueRequired\":true,\"valueName\":\"search_term_string\"}}],\"inLanguage\":\"pt-BR\"}]}<\/script>\n<!-- \/ Yoast SEO Premium plugin. -->","yoast_head_json":{"title":"Sa\u00fade vai remanejar R$ 101 mi que sobraram do fundo de combate \u00e0 Covid - P31","robots":{"index":"index","follow":"follow","max-snippet":"max-snippet:-1","max-image-preview":"max-image-preview:large","max-video-preview":"max-video-preview:-1"},"canonical":"https:\/\/www.p31noticias.com.br\/?p=30599","og_locale":"pt_BR","og_type":"article","og_title":"Sa\u00fade vai remanejar R$ 101 mi que sobraram do fundo de combate \u00e0 Covid","og_description":"Dos R$ 101,5 milh\u00f5es que sobraram em um fundo criado pelo Governo do Distrito Federal (GDF) para combate \u00e0 pandemia da Covid-19, a Secretaria de Sa\u00fade (SES-DF) anunciou que remanejar\u00e1 o montante para outras \u00e1reas. Uma decis\u00e3o do Colegiado de Gest\u00e3o da pasta (CGSES-DF), divulgada no Di\u00e1rio Oficial do Distrito Federal (DODF) desta ter\u00e7a-feira (24\/10), [&hellip;]","og_url":"https:\/\/www.p31noticias.com.br\/?p=30599","og_site_name":"P31","article_published_time":"2023-10-24T14:06:24+00:00","twitter_card":"summary_large_image","schema":{"@context":"https:\/\/schema.org","@graph":[{"@type":"Article","@id":"https:\/\/www.p31noticias.com.br\/?p=30599#article","isPartOf":{"@id":"https:\/\/www.p31noticias.com.br\/?p=30599"},"author":{"name":"","@id":""},"headline":"Sa\u00fade vai remanejar R$ 101 mi que sobraram do fundo de combate \u00e0 Covid","datePublished":"2023-10-24T14:06:24+00:00","mainEntityOfPage":{"@id":"https:\/\/www.p31noticias.com.br\/?p=30599"},"wordCount":94,"commentCount":0,"articleSection":["Bras\u00edlia"],"inLanguage":"pt-BR","potentialAction":[{"@type":"CommentAction","name":"Comment","target":["https:\/\/www.p31noticias.com.br\/?p=30599#respond"]}],"copyrightYear":"2023","copyrightHolder":{"@id":"https:\/\/www.p31noticias.com.br\/#organization"}},{"@type":"WebPage","@id":"https:\/\/www.p31noticias.com.br\/?p=30599","url":"https:\/\/www.p31noticias.com.br\/?p=30599","name":"Sa\u00fade vai remanejar R$ 101 mi que sobraram do fundo de combate \u00e0 Covid - P31","isPartOf":{"@id":"https:\/\/www.p31noticias.com.br\/#website"},"datePublished":"2023-10-24T14:06:24+00:00","author":{"@id":""},"breadcrumb":{"@id":"https:\/\/www.p31noticias.com.br\/?p=30599#breadcrumb"},"inLanguage":"pt-BR","potentialAction":[{"@type":"ReadAction","target":["https:\/\/www.p31noticias.com.br\/?p=30599"]}]},{"@type":"BreadcrumbList","@id":"https:\/\/www.p31noticias.com.br\/?p=30599#breadcrumb","itemListElement":[{"@type":"ListItem","position":1,"name":"In\u00edcio","item":"https:\/\/www.p31noticias.com.br\/"},{"@type":"ListItem","position":2,"name":"Sa\u00fade vai remanejar R$ 101 mi que sobraram do fundo de combate \u00e0 Covid"}]},{"@type":"WebSite","@id":"https:\/\/www.p31noticias.com.br\/#website","url":"https:\/\/www.p31noticias.com.br\/","name":"P31","description":"NOT\u00cdCIAS","potentialAction":[{"@type":"SearchAction","target":{"@type":"EntryPoint","urlTemplate":"https:\/\/www.p31noticias.com.br\/?s={search_term_string}"},"query-input":{"@type":"PropertyValueSpecification","valueRequired":true,"valueName":"search_term_string"}}],"inLanguage":"pt-BR"}]}},"amp_enabled":true,"_links":{"self":[{"href":"https:\/\/www.p31noticias.com.br\/index.php?rest_route=\/wp\/v2\/posts\/30599","targetHints":{"allow":["GET"]}}],"collection":[{"href":"https:\/\/www.p31noticias.com.br\/index.php?rest_route=\/wp\/v2\/posts"}],"about":[{"href":"https:\/\/www.p31noticias.com.br\/index.php?rest_route=\/wp\/v2\/types\/post"}],"replies":[{"embeddable":true,"href":"https:\/\/www.p31noticias.com.br\/index.php?rest_route=%2Fwp%2Fv2%2Fcomments&post=30599"}],"version-history":[{"count":0,"href":"https:\/\/www.p31noticias.com.br\/index.php?rest_route=\/wp\/v2\/posts\/30599\/revisions"}],"wp:attachment":[{"href":"https:\/\/www.p31noticias.com.br\/index.php?rest_route=%2Fwp%2Fv2%2Fmedia&parent=30599"}],"wp:term":[{"taxonomy":"category","embeddable":true,"href":"https:\/\/www.p31noticias.com.br\/index.php?rest_route=%2Fwp%2Fv2%2Fcategories&post=30599"},{"taxonomy":"post_tag","embeddable":true,"href":"https:\/\/www.p31noticias.com.br\/index.php?rest_route=%2Fwp%2Fv2%2Ftags&post=30599"}],"curies":[{"name":"wp","href":"https:\/\/api.w.org\/{rel}","templated":true}]}}