{"id":30409,"date":"2023-10-21T17:33:39","date_gmt":"2023-10-21T20:33:39","guid":{"rendered":"https:\/\/p31noticias.com.br\/veto-de-lula-a-marco-temporal-e-positivo-mas-nao-vitoria-avalia-lideranca-indigena\/"},"modified":"2023-10-21T17:33:39","modified_gmt":"2023-10-21T20:33:39","slug":"veto-de-lula-a-marco-temporal-e-positivo-mas-nao-vitoria-avalia-lideranca-indigena","status":"publish","type":"post","link":"https:\/\/www.p31noticias.com.br\/?p=30409","title":{"rendered":"Veto de Lula a marco temporal \u00e9 \u2018positivo, mas n\u00e3o vit\u00f3ria\u2019, avalia lideran\u00e7a ind\u00edgena"},"content":{"rendered":"<p>Apesar de o veto parcial do presidente Luiz In\u00e1cio Lula da Silva (PT) ao projeto de lei que institui um marco temporal ter sido encarado como uma vit\u00f3ria pelo Minist\u00e9rio dos Povos Ind\u00edgenas (MPI) e trazido algum al\u00edvio moment\u00e2neo \u00e0 causa, um gosto amargo permaneceu para lideran\u00e7as que pediam a rejei\u00e7\u00e3o total do PL 2903\/23.\u00a0 [\u2026]<\/p>\n<p>O post <a href=\"https:\/\/www.delioandrade.com.br\/veto-de-lula-a-marco-temporal-e-positivo-mas-nao-vitoria-avalia-lideranca-indigena\/\">Veto de Lula a marco temporal \u00e9 \u2018positivo, mas n\u00e3o vit\u00f3ria\u2019, avalia lideran\u00e7a ind\u00edgena<\/a> apareceu primeiro em <a href=\"https:\/\/www.delioandrade.com.br\/\">Blog do D\u00c9LIO ANDRADE<\/a>.<\/p>\n","protected":false},"excerpt":{"rendered":"<p>Apesar de o veto parcial do presidente Luiz In\u00e1cio Lula da Silva (PT) ao projeto de lei que institui um marco temporal ter sido encarado como uma vit\u00f3ria pelo Minist\u00e9rio dos Povos Ind\u00edgenas (MPI) e trazido algum al\u00edvio moment\u00e2neo \u00e0 causa, um gosto amargo permaneceu para lideran\u00e7as que pediam a rejei\u00e7\u00e3o total do PL 2903\/23.\u00a0 [&hellip;]<\/p>\n","protected":false},"author":0,"featured_media":30407,"comment_status":"open","ping_status":"open","sticky":false,"template":"","format":"standard","meta":{"footnotes":""},"categories":[21],"tags":[],"class_list":{"0":"post-30409","1":"post","2":"type-post","3":"status-publish","4":"format-standard","5":"has-post-thumbnail","7":"category-brasilia"},"yoast_head":"<!-- This site is optimized with the Yoast SEO Premium plugin v24.5 (Yoast SEO v27.5) - https:\/\/yoast.com\/product\/yoast-seo-premium-wordpress\/ -->\n<title>Veto de Lula a marco temporal \u00e9 \u2018positivo, mas n\u00e3o vit\u00f3ria\u2019, avalia lideran\u00e7a ind\u00edgena - P31<\/title>\n<meta name=\"robots\" content=\"index, follow, max-snippet:-1, max-image-preview:large, max-video-preview:-1\" \/>\n<link rel=\"canonical\" href=\"https:\/\/www.p31noticias.com.br\/?p=30409\" \/>\n<meta property=\"og:locale\" content=\"pt_BR\" \/>\n<meta property=\"og:type\" content=\"article\" \/>\n<meta property=\"og:title\" content=\"Veto de Lula a marco temporal \u00e9 \u2018positivo, mas n\u00e3o vit\u00f3ria\u2019, avalia lideran\u00e7a ind\u00edgena\" \/>\n<meta property=\"og:description\" content=\"Apesar de o veto parcial do presidente Luiz In\u00e1cio Lula da Silva (PT) ao projeto de lei que institui um marco temporal ter sido encarado como uma vit\u00f3ria pelo Minist\u00e9rio dos Povos Ind\u00edgenas (MPI) e trazido algum al\u00edvio moment\u00e2neo \u00e0 causa, um gosto amargo permaneceu para lideran\u00e7as que pediam a rejei\u00e7\u00e3o total do PL 2903\/23.\u00a0 [&hellip;]\" \/>\n<meta property=\"og:url\" content=\"https:\/\/www.p31noticias.com.br\/?p=30409\" \/>\n<meta property=\"og:site_name\" content=\"P31\" \/>\n<meta property=\"article:published_time\" content=\"2023-10-21T20:33:39+00:00\" \/>\n<meta property=\"og:image\" content=\"https:\/\/www.p31noticias.com.br\/wp-content\/uploads\/2023\/10\/Capa-A-reacao-indigena-a-decisao-de-Lula-sobre-o-marco-temporal-PIOjhj-150x150-L4lPaE.jpeg\" \/>\n\t<meta property=\"og:image:width\" content=\"150\" \/>\n\t<meta property=\"og:image:height\" content=\"150\" \/>\n\t<meta property=\"og:image:type\" content=\"image\/jpeg\" \/>\n<meta name=\"twitter:card\" content=\"summary_large_image\" \/>\n<script type=\"application\/ld+json\" class=\"yoast-schema-graph\">{\"@context\":\"https:\\\/\\\/schema.org\",\"@graph\":[{\"@type\":\"Article\",\"@id\":\"https:\\\/\\\/www.p31noticias.com.br\\\/?p=30409#article\",\"isPartOf\":{\"@id\":\"https:\\\/\\\/www.p31noticias.com.br\\\/?p=30409\"},\"author\":{\"name\":\"\",\"@id\":\"\"},\"headline\":\"Veto de Lula a marco temporal \u00e9 \u2018positivo, mas n\u00e3o vit\u00f3ria\u2019, avalia lideran\u00e7a ind\u00edgena\",\"datePublished\":\"2023-10-21T20:33:39+00:00\",\"mainEntityOfPage\":{\"@id\":\"https:\\\/\\\/www.p31noticias.com.br\\\/?p=30409\"},\"wordCount\":105,\"commentCount\":0,\"image\":{\"@id\":\"https:\\\/\\\/www.p31noticias.com.br\\\/?p=30409#primaryimage\"},\"thumbnailUrl\":\"https:\\\/\\\/www.p31noticias.com.br\\\/wp-content\\\/uploads\\\/2023\\\/10\\\/Capa-A-reacao-indigena-a-decisao-de-Lula-sobre-o-marco-temporal-PIOjhj-150x150-L4lPaE.jpeg\",\"articleSection\":[\"Bras\u00edlia\"],\"inLanguage\":\"pt-BR\",\"potentialAction\":[{\"@type\":\"CommentAction\",\"name\":\"Comment\",\"target\":[\"https:\\\/\\\/www.p31noticias.com.br\\\/?p=30409#respond\"]}],\"copyrightYear\":\"2023\",\"copyrightHolder\":{\"@id\":\"https:\\\/\\\/www.p31noticias.com.br\\\/#organization\"}},{\"@type\":\"WebPage\",\"@id\":\"https:\\\/\\\/www.p31noticias.com.br\\\/?p=30409\",\"url\":\"https:\\\/\\\/www.p31noticias.com.br\\\/?p=30409\",\"name\":\"Veto de Lula a marco temporal \u00e9 \u2018positivo, mas n\u00e3o vit\u00f3ria\u2019, avalia lideran\u00e7a ind\u00edgena - P31\",\"isPartOf\":{\"@id\":\"https:\\\/\\\/www.p31noticias.com.br\\\/#website\"},\"primaryImageOfPage\":{\"@id\":\"https:\\\/\\\/www.p31noticias.com.br\\\/?p=30409#primaryimage\"},\"image\":{\"@id\":\"https:\\\/\\\/www.p31noticias.com.br\\\/?p=30409#primaryimage\"},\"thumbnailUrl\":\"https:\\\/\\\/www.p31noticias.com.br\\\/wp-content\\\/uploads\\\/2023\\\/10\\\/Capa-A-reacao-indigena-a-decisao-de-Lula-sobre-o-marco-temporal-PIOjhj-150x150-L4lPaE.jpeg\",\"datePublished\":\"2023-10-21T20:33:39+00:00\",\"author\":{\"@id\":\"\"},\"breadcrumb\":{\"@id\":\"https:\\\/\\\/www.p31noticias.com.br\\\/?p=30409#breadcrumb\"},\"inLanguage\":\"pt-BR\",\"potentialAction\":[{\"@type\":\"ReadAction\",\"target\":[\"https:\\\/\\\/www.p31noticias.com.br\\\/?p=30409\"]}]},{\"@type\":\"ImageObject\",\"inLanguage\":\"pt-BR\",\"@id\":\"https:\\\/\\\/www.p31noticias.com.br\\\/?p=30409#primaryimage\",\"url\":\"https:\\\/\\\/www.p31noticias.com.br\\\/wp-content\\\/uploads\\\/2023\\\/10\\\/Capa-A-reacao-indigena-a-decisao-de-Lula-sobre-o-marco-temporal-PIOjhj-150x150-L4lPaE.jpeg\",\"contentUrl\":\"https:\\\/\\\/www.p31noticias.com.br\\\/wp-content\\\/uploads\\\/2023\\\/10\\\/Capa-A-reacao-indigena-a-decisao-de-Lula-sobre-o-marco-temporal-PIOjhj-150x150-L4lPaE.jpeg\",\"width\":150,\"height\":150},{\"@type\":\"BreadcrumbList\",\"@id\":\"https:\\\/\\\/www.p31noticias.com.br\\\/?p=30409#breadcrumb\",\"itemListElement\":[{\"@type\":\"ListItem\",\"position\":1,\"name\":\"In\u00edcio\",\"item\":\"https:\\\/\\\/www.p31noticias.com.br\\\/\"},{\"@type\":\"ListItem\",\"position\":2,\"name\":\"Veto de Lula a marco temporal \u00e9 \u2018positivo, mas n\u00e3o vit\u00f3ria\u2019, avalia lideran\u00e7a ind\u00edgena\"}]},{\"@type\":\"WebSite\",\"@id\":\"https:\\\/\\\/www.p31noticias.com.br\\\/#website\",\"url\":\"https:\\\/\\\/www.p31noticias.com.br\\\/\",\"name\":\"P31\",\"description\":\"NOT\u00cdCIAS\",\"potentialAction\":[{\"@type\":\"SearchAction\",\"target\":{\"@type\":\"EntryPoint\",\"urlTemplate\":\"https:\\\/\\\/www.p31noticias.com.br\\\/?s={search_term_string}\"},\"query-input\":{\"@type\":\"PropertyValueSpecification\",\"valueRequired\":true,\"valueName\":\"search_term_string\"}}],\"inLanguage\":\"pt-BR\"}]}<\/script>\n<!-- \/ Yoast SEO Premium plugin. -->","yoast_head_json":{"title":"Veto de Lula a marco temporal \u00e9 \u2018positivo, mas n\u00e3o vit\u00f3ria\u2019, avalia lideran\u00e7a ind\u00edgena - P31","robots":{"index":"index","follow":"follow","max-snippet":"max-snippet:-1","max-image-preview":"max-image-preview:large","max-video-preview":"max-video-preview:-1"},"canonical":"https:\/\/www.p31noticias.com.br\/?p=30409","og_locale":"pt_BR","og_type":"article","og_title":"Veto de Lula a marco temporal \u00e9 \u2018positivo, mas n\u00e3o vit\u00f3ria\u2019, avalia lideran\u00e7a ind\u00edgena","og_description":"Apesar de o veto parcial do presidente Luiz In\u00e1cio Lula da Silva (PT) ao projeto de lei que institui um marco temporal ter sido encarado como uma vit\u00f3ria pelo Minist\u00e9rio dos Povos Ind\u00edgenas (MPI) e trazido algum al\u00edvio moment\u00e2neo \u00e0 causa, um gosto amargo permaneceu para lideran\u00e7as que pediam a rejei\u00e7\u00e3o total do PL 2903\/23.\u00a0 [&hellip;]","og_url":"https:\/\/www.p31noticias.com.br\/?p=30409","og_site_name":"P31","article_published_time":"2023-10-21T20:33:39+00:00","og_image":[{"width":150,"height":150,"url":"https:\/\/www.p31noticias.com.br\/wp-content\/uploads\/2023\/10\/Capa-A-reacao-indigena-a-decisao-de-Lula-sobre-o-marco-temporal-PIOjhj-150x150-L4lPaE.jpeg","type":"image\/jpeg"}],"twitter_card":"summary_large_image","schema":{"@context":"https:\/\/schema.org","@graph":[{"@type":"Article","@id":"https:\/\/www.p31noticias.com.br\/?p=30409#article","isPartOf":{"@id":"https:\/\/www.p31noticias.com.br\/?p=30409"},"author":{"name":"","@id":""},"headline":"Veto de Lula a marco temporal \u00e9 \u2018positivo, mas n\u00e3o vit\u00f3ria\u2019, avalia lideran\u00e7a ind\u00edgena","datePublished":"2023-10-21T20:33:39+00:00","mainEntityOfPage":{"@id":"https:\/\/www.p31noticias.com.br\/?p=30409"},"wordCount":105,"commentCount":0,"image":{"@id":"https:\/\/www.p31noticias.com.br\/?p=30409#primaryimage"},"thumbnailUrl":"https:\/\/www.p31noticias.com.br\/wp-content\/uploads\/2023\/10\/Capa-A-reacao-indigena-a-decisao-de-Lula-sobre-o-marco-temporal-PIOjhj-150x150-L4lPaE.jpeg","articleSection":["Bras\u00edlia"],"inLanguage":"pt-BR","potentialAction":[{"@type":"CommentAction","name":"Comment","target":["https:\/\/www.p31noticias.com.br\/?p=30409#respond"]}],"copyrightYear":"2023","copyrightHolder":{"@id":"https:\/\/www.p31noticias.com.br\/#organization"}},{"@type":"WebPage","@id":"https:\/\/www.p31noticias.com.br\/?p=30409","url":"https:\/\/www.p31noticias.com.br\/?p=30409","name":"Veto de Lula a marco temporal \u00e9 \u2018positivo, mas n\u00e3o vit\u00f3ria\u2019, avalia lideran\u00e7a ind\u00edgena - P31","isPartOf":{"@id":"https:\/\/www.p31noticias.com.br\/#website"},"primaryImageOfPage":{"@id":"https:\/\/www.p31noticias.com.br\/?p=30409#primaryimage"},"image":{"@id":"https:\/\/www.p31noticias.com.br\/?p=30409#primaryimage"},"thumbnailUrl":"https:\/\/www.p31noticias.com.br\/wp-content\/uploads\/2023\/10\/Capa-A-reacao-indigena-a-decisao-de-Lula-sobre-o-marco-temporal-PIOjhj-150x150-L4lPaE.jpeg","datePublished":"2023-10-21T20:33:39+00:00","author":{"@id":""},"breadcrumb":{"@id":"https:\/\/www.p31noticias.com.br\/?p=30409#breadcrumb"},"inLanguage":"pt-BR","potentialAction":[{"@type":"ReadAction","target":["https:\/\/www.p31noticias.com.br\/?p=30409"]}]},{"@type":"ImageObject","inLanguage":"pt-BR","@id":"https:\/\/www.p31noticias.com.br\/?p=30409#primaryimage","url":"https:\/\/www.p31noticias.com.br\/wp-content\/uploads\/2023\/10\/Capa-A-reacao-indigena-a-decisao-de-Lula-sobre-o-marco-temporal-PIOjhj-150x150-L4lPaE.jpeg","contentUrl":"https:\/\/www.p31noticias.com.br\/wp-content\/uploads\/2023\/10\/Capa-A-reacao-indigena-a-decisao-de-Lula-sobre-o-marco-temporal-PIOjhj-150x150-L4lPaE.jpeg","width":150,"height":150},{"@type":"BreadcrumbList","@id":"https:\/\/www.p31noticias.com.br\/?p=30409#breadcrumb","itemListElement":[{"@type":"ListItem","position":1,"name":"In\u00edcio","item":"https:\/\/www.p31noticias.com.br\/"},{"@type":"ListItem","position":2,"name":"Veto de Lula a marco temporal \u00e9 \u2018positivo, mas n\u00e3o vit\u00f3ria\u2019, avalia lideran\u00e7a ind\u00edgena"}]},{"@type":"WebSite","@id":"https:\/\/www.p31noticias.com.br\/#website","url":"https:\/\/www.p31noticias.com.br\/","name":"P31","description":"NOT\u00cdCIAS","potentialAction":[{"@type":"SearchAction","target":{"@type":"EntryPoint","urlTemplate":"https:\/\/www.p31noticias.com.br\/?s={search_term_string}"},"query-input":{"@type":"PropertyValueSpecification","valueRequired":true,"valueName":"search_term_string"}}],"inLanguage":"pt-BR"}]}},"amp_enabled":true,"_links":{"self":[{"href":"https:\/\/www.p31noticias.com.br\/index.php?rest_route=\/wp\/v2\/posts\/30409","targetHints":{"allow":["GET"]}}],"collection":[{"href":"https:\/\/www.p31noticias.com.br\/index.php?rest_route=\/wp\/v2\/posts"}],"about":[{"href":"https:\/\/www.p31noticias.com.br\/index.php?rest_route=\/wp\/v2\/types\/post"}],"replies":[{"embeddable":true,"href":"https:\/\/www.p31noticias.com.br\/index.php?rest_route=%2Fwp%2Fv2%2Fcomments&post=30409"}],"version-history":[{"count":0,"href":"https:\/\/www.p31noticias.com.br\/index.php?rest_route=\/wp\/v2\/posts\/30409\/revisions"}],"wp:featuredmedia":[{"embeddable":true,"href":"https:\/\/www.p31noticias.com.br\/index.php?rest_route=\/wp\/v2\/media\/30407"}],"wp:attachment":[{"href":"https:\/\/www.p31noticias.com.br\/index.php?rest_route=%2Fwp%2Fv2%2Fmedia&parent=30409"}],"wp:term":[{"taxonomy":"category","embeddable":true,"href":"https:\/\/www.p31noticias.com.br\/index.php?rest_route=%2Fwp%2Fv2%2Fcategories&post=30409"},{"taxonomy":"post_tag","embeddable":true,"href":"https:\/\/www.p31noticias.com.br\/index.php?rest_route=%2Fwp%2Fv2%2Ftags&post=30409"}],"curies":[{"name":"wp","href":"https:\/\/api.w.org\/{rel}","templated":true}]}}