{"id":30360,"date":"2023-10-20T18:11:39","date_gmt":"2023-10-20T21:11:39","guid":{"rendered":"https:\/\/p31noticias.com.br\/viaduto-do-sudoeste-sera-inaugurado-neste-sabado-veja-fotos\/"},"modified":"2023-10-20T18:11:39","modified_gmt":"2023-10-20T21:11:39","slug":"viaduto-do-sudoeste-sera-inaugurado-neste-sabado-veja-fotos","status":"publish","type":"post","link":"https:\/\/www.p31noticias.com.br\/?p=30360","title":{"rendered":"Viaduto do Sudoeste ser\u00e1 inaugurado neste s\u00e1bado. Veja fotos"},"content":{"rendered":"<p>O viaduto que liga o Sudoeste \u00e0 Estrada Parque Ind\u00fastrias Gr\u00e1ficas (Epig) ser\u00e1 inaugurado neste s\u00e1bado (21\/10). A\u00a0Secretaria de Obras do Distrito Federal calcula que a obra, iniciada em 2021, afetar\u00e1 aproximadamente 25 mil motoristas. A expectativa \u00e9 de que o tr\u00e2nsito na \u00e1rea seja liberado at\u00e9 o fim da tarde de s\u00e1bado (21\/10), ap\u00f3s [\u2026]<\/p>\n<p>O post <a href=\"https:\/\/www.delioandrade.com.br\/viaduto-do-sudoeste-sera-inaugurado-neste-sabado-veja-fotos\/\">Viaduto do Sudoeste ser\u00e1 inaugurado neste s\u00e1bado. Veja fotos<\/a> apareceu primeiro em <a href=\"https:\/\/www.delioandrade.com.br\/\">Blog do D\u00c9LIO ANDRADE<\/a>.<\/p>\n","protected":false},"excerpt":{"rendered":"<p>O viaduto que liga o Sudoeste \u00e0 Estrada Parque Ind\u00fastrias Gr\u00e1ficas (Epig) ser\u00e1 inaugurado neste s\u00e1bado (21\/10). A\u00a0Secretaria de Obras do Distrito Federal calcula que a obra, iniciada em 2021, afetar\u00e1 aproximadamente 25 mil motoristas. A expectativa \u00e9 de que o tr\u00e2nsito na \u00e1rea seja liberado at\u00e9 o fim da tarde de s\u00e1bado (21\/10), ap\u00f3s [&hellip;]<\/p>\n","protected":false},"author":0,"featured_media":30348,"comment_status":"open","ping_status":"open","sticky":false,"template":"","format":"standard","meta":{"footnotes":""},"categories":[21],"tags":[],"class_list":{"0":"post-30360","1":"post","2":"type-post","3":"status-publish","4":"format-standard","5":"has-post-thumbnail","7":"category-brasilia"},"yoast_head":"<!-- This site is optimized with the Yoast SEO Premium plugin v24.5 (Yoast SEO v27.5) - https:\/\/yoast.com\/product\/yoast-seo-premium-wordpress\/ -->\n<title>Viaduto do Sudoeste ser\u00e1 inaugurado neste s\u00e1bado. Veja fotos - P31<\/title>\n<meta name=\"robots\" content=\"index, follow, max-snippet:-1, max-image-preview:large, max-video-preview:-1\" \/>\n<link rel=\"canonical\" href=\"https:\/\/www.p31noticias.com.br\/?p=30360\" \/>\n<meta property=\"og:locale\" content=\"pt_BR\" \/>\n<meta property=\"og:type\" content=\"article\" \/>\n<meta property=\"og:title\" content=\"Viaduto do Sudoeste ser\u00e1 inaugurado neste s\u00e1bado. Veja fotos\" \/>\n<meta property=\"og:description\" content=\"O viaduto que liga o Sudoeste \u00e0 Estrada Parque Ind\u00fastrias Gr\u00e1ficas (Epig) ser\u00e1 inaugurado neste s\u00e1bado (21\/10). A\u00a0Secretaria de Obras do Distrito Federal calcula que a obra, iniciada em 2021, afetar\u00e1 aproximadamente 25 mil motoristas. A expectativa \u00e9 de que o tr\u00e2nsito na \u00e1rea seja liberado at\u00e9 o fim da tarde de s\u00e1bado (21\/10), ap\u00f3s [&hellip;]\" \/>\n<meta property=\"og:url\" content=\"https:\/\/www.p31noticias.com.br\/?p=30360\" \/>\n<meta property=\"og:site_name\" content=\"P31\" \/>\n<meta property=\"article:published_time\" content=\"2023-10-20T21:11:39+00:00\" \/>\n<meta property=\"og:image\" content=\"https:\/\/www.p31noticias.com.br\/wp-content\/uploads\/2023\/10\/Viaduto-Sudoeste-7-8sgb9U-150x150-RGJjyH.jpeg\" \/>\n\t<meta property=\"og:image:width\" content=\"150\" \/>\n\t<meta property=\"og:image:height\" content=\"150\" \/>\n\t<meta property=\"og:image:type\" content=\"image\/jpeg\" \/>\n<meta name=\"twitter:card\" content=\"summary_large_image\" \/>\n<script type=\"application\/ld+json\" class=\"yoast-schema-graph\">{\"@context\":\"https:\\\/\\\/schema.org\",\"@graph\":[{\"@type\":\"Article\",\"@id\":\"https:\\\/\\\/www.p31noticias.com.br\\\/?p=30360#article\",\"isPartOf\":{\"@id\":\"https:\\\/\\\/www.p31noticias.com.br\\\/?p=30360\"},\"author\":{\"name\":\"\",\"@id\":\"\"},\"headline\":\"Viaduto do Sudoeste ser\u00e1 inaugurado neste s\u00e1bado. Veja fotos\",\"datePublished\":\"2023-10-20T21:11:39+00:00\",\"mainEntityOfPage\":{\"@id\":\"https:\\\/\\\/www.p31noticias.com.br\\\/?p=30360\"},\"wordCount\":86,\"commentCount\":0,\"image\":{\"@id\":\"https:\\\/\\\/www.p31noticias.com.br\\\/?p=30360#primaryimage\"},\"thumbnailUrl\":\"https:\\\/\\\/www.p31noticias.com.br\\\/wp-content\\\/uploads\\\/2023\\\/10\\\/Viaduto-Sudoeste-7-8sgb9U-150x150-RGJjyH.jpeg\",\"articleSection\":[\"Bras\u00edlia\"],\"inLanguage\":\"pt-BR\",\"potentialAction\":[{\"@type\":\"CommentAction\",\"name\":\"Comment\",\"target\":[\"https:\\\/\\\/www.p31noticias.com.br\\\/?p=30360#respond\"]}],\"copyrightYear\":\"2023\",\"copyrightHolder\":{\"@id\":\"https:\\\/\\\/www.p31noticias.com.br\\\/#organization\"}},{\"@type\":\"WebPage\",\"@id\":\"https:\\\/\\\/www.p31noticias.com.br\\\/?p=30360\",\"url\":\"https:\\\/\\\/www.p31noticias.com.br\\\/?p=30360\",\"name\":\"Viaduto do Sudoeste ser\u00e1 inaugurado neste s\u00e1bado. Veja fotos - P31\",\"isPartOf\":{\"@id\":\"https:\\\/\\\/www.p31noticias.com.br\\\/#website\"},\"primaryImageOfPage\":{\"@id\":\"https:\\\/\\\/www.p31noticias.com.br\\\/?p=30360#primaryimage\"},\"image\":{\"@id\":\"https:\\\/\\\/www.p31noticias.com.br\\\/?p=30360#primaryimage\"},\"thumbnailUrl\":\"https:\\\/\\\/www.p31noticias.com.br\\\/wp-content\\\/uploads\\\/2023\\\/10\\\/Viaduto-Sudoeste-7-8sgb9U-150x150-RGJjyH.jpeg\",\"datePublished\":\"2023-10-20T21:11:39+00:00\",\"author\":{\"@id\":\"\"},\"breadcrumb\":{\"@id\":\"https:\\\/\\\/www.p31noticias.com.br\\\/?p=30360#breadcrumb\"},\"inLanguage\":\"pt-BR\",\"potentialAction\":[{\"@type\":\"ReadAction\",\"target\":[\"https:\\\/\\\/www.p31noticias.com.br\\\/?p=30360\"]}]},{\"@type\":\"ImageObject\",\"inLanguage\":\"pt-BR\",\"@id\":\"https:\\\/\\\/www.p31noticias.com.br\\\/?p=30360#primaryimage\",\"url\":\"https:\\\/\\\/www.p31noticias.com.br\\\/wp-content\\\/uploads\\\/2023\\\/10\\\/Viaduto-Sudoeste-7-8sgb9U-150x150-RGJjyH.jpeg\",\"contentUrl\":\"https:\\\/\\\/www.p31noticias.com.br\\\/wp-content\\\/uploads\\\/2023\\\/10\\\/Viaduto-Sudoeste-7-8sgb9U-150x150-RGJjyH.jpeg\",\"width\":150,\"height\":150},{\"@type\":\"BreadcrumbList\",\"@id\":\"https:\\\/\\\/www.p31noticias.com.br\\\/?p=30360#breadcrumb\",\"itemListElement\":[{\"@type\":\"ListItem\",\"position\":1,\"name\":\"In\u00edcio\",\"item\":\"https:\\\/\\\/www.p31noticias.com.br\\\/\"},{\"@type\":\"ListItem\",\"position\":2,\"name\":\"Viaduto do Sudoeste ser\u00e1 inaugurado neste s\u00e1bado. Veja fotos\"}]},{\"@type\":\"WebSite\",\"@id\":\"https:\\\/\\\/www.p31noticias.com.br\\\/#website\",\"url\":\"https:\\\/\\\/www.p31noticias.com.br\\\/\",\"name\":\"P31\",\"description\":\"NOT\u00cdCIAS\",\"potentialAction\":[{\"@type\":\"SearchAction\",\"target\":{\"@type\":\"EntryPoint\",\"urlTemplate\":\"https:\\\/\\\/www.p31noticias.com.br\\\/?s={search_term_string}\"},\"query-input\":{\"@type\":\"PropertyValueSpecification\",\"valueRequired\":true,\"valueName\":\"search_term_string\"}}],\"inLanguage\":\"pt-BR\"}]}<\/script>\n<!-- \/ Yoast SEO Premium plugin. -->","yoast_head_json":{"title":"Viaduto do Sudoeste ser\u00e1 inaugurado neste s\u00e1bado. Veja fotos - P31","robots":{"index":"index","follow":"follow","max-snippet":"max-snippet:-1","max-image-preview":"max-image-preview:large","max-video-preview":"max-video-preview:-1"},"canonical":"https:\/\/www.p31noticias.com.br\/?p=30360","og_locale":"pt_BR","og_type":"article","og_title":"Viaduto do Sudoeste ser\u00e1 inaugurado neste s\u00e1bado. Veja fotos","og_description":"O viaduto que liga o Sudoeste \u00e0 Estrada Parque Ind\u00fastrias Gr\u00e1ficas (Epig) ser\u00e1 inaugurado neste s\u00e1bado (21\/10). A\u00a0Secretaria de Obras do Distrito Federal calcula que a obra, iniciada em 2021, afetar\u00e1 aproximadamente 25 mil motoristas. A expectativa \u00e9 de que o tr\u00e2nsito na \u00e1rea seja liberado at\u00e9 o fim da tarde de s\u00e1bado (21\/10), ap\u00f3s [&hellip;]","og_url":"https:\/\/www.p31noticias.com.br\/?p=30360","og_site_name":"P31","article_published_time":"2023-10-20T21:11:39+00:00","og_image":[{"width":150,"height":150,"url":"https:\/\/www.p31noticias.com.br\/wp-content\/uploads\/2023\/10\/Viaduto-Sudoeste-7-8sgb9U-150x150-RGJjyH.jpeg","type":"image\/jpeg"}],"twitter_card":"summary_large_image","schema":{"@context":"https:\/\/schema.org","@graph":[{"@type":"Article","@id":"https:\/\/www.p31noticias.com.br\/?p=30360#article","isPartOf":{"@id":"https:\/\/www.p31noticias.com.br\/?p=30360"},"author":{"name":"","@id":""},"headline":"Viaduto do Sudoeste ser\u00e1 inaugurado neste s\u00e1bado. Veja fotos","datePublished":"2023-10-20T21:11:39+00:00","mainEntityOfPage":{"@id":"https:\/\/www.p31noticias.com.br\/?p=30360"},"wordCount":86,"commentCount":0,"image":{"@id":"https:\/\/www.p31noticias.com.br\/?p=30360#primaryimage"},"thumbnailUrl":"https:\/\/www.p31noticias.com.br\/wp-content\/uploads\/2023\/10\/Viaduto-Sudoeste-7-8sgb9U-150x150-RGJjyH.jpeg","articleSection":["Bras\u00edlia"],"inLanguage":"pt-BR","potentialAction":[{"@type":"CommentAction","name":"Comment","target":["https:\/\/www.p31noticias.com.br\/?p=30360#respond"]}],"copyrightYear":"2023","copyrightHolder":{"@id":"https:\/\/www.p31noticias.com.br\/#organization"}},{"@type":"WebPage","@id":"https:\/\/www.p31noticias.com.br\/?p=30360","url":"https:\/\/www.p31noticias.com.br\/?p=30360","name":"Viaduto do Sudoeste ser\u00e1 inaugurado neste s\u00e1bado. Veja fotos - P31","isPartOf":{"@id":"https:\/\/www.p31noticias.com.br\/#website"},"primaryImageOfPage":{"@id":"https:\/\/www.p31noticias.com.br\/?p=30360#primaryimage"},"image":{"@id":"https:\/\/www.p31noticias.com.br\/?p=30360#primaryimage"},"thumbnailUrl":"https:\/\/www.p31noticias.com.br\/wp-content\/uploads\/2023\/10\/Viaduto-Sudoeste-7-8sgb9U-150x150-RGJjyH.jpeg","datePublished":"2023-10-20T21:11:39+00:00","author":{"@id":""},"breadcrumb":{"@id":"https:\/\/www.p31noticias.com.br\/?p=30360#breadcrumb"},"inLanguage":"pt-BR","potentialAction":[{"@type":"ReadAction","target":["https:\/\/www.p31noticias.com.br\/?p=30360"]}]},{"@type":"ImageObject","inLanguage":"pt-BR","@id":"https:\/\/www.p31noticias.com.br\/?p=30360#primaryimage","url":"https:\/\/www.p31noticias.com.br\/wp-content\/uploads\/2023\/10\/Viaduto-Sudoeste-7-8sgb9U-150x150-RGJjyH.jpeg","contentUrl":"https:\/\/www.p31noticias.com.br\/wp-content\/uploads\/2023\/10\/Viaduto-Sudoeste-7-8sgb9U-150x150-RGJjyH.jpeg","width":150,"height":150},{"@type":"BreadcrumbList","@id":"https:\/\/www.p31noticias.com.br\/?p=30360#breadcrumb","itemListElement":[{"@type":"ListItem","position":1,"name":"In\u00edcio","item":"https:\/\/www.p31noticias.com.br\/"},{"@type":"ListItem","position":2,"name":"Viaduto do Sudoeste ser\u00e1 inaugurado neste s\u00e1bado. Veja fotos"}]},{"@type":"WebSite","@id":"https:\/\/www.p31noticias.com.br\/#website","url":"https:\/\/www.p31noticias.com.br\/","name":"P31","description":"NOT\u00cdCIAS","potentialAction":[{"@type":"SearchAction","target":{"@type":"EntryPoint","urlTemplate":"https:\/\/www.p31noticias.com.br\/?s={search_term_string}"},"query-input":{"@type":"PropertyValueSpecification","valueRequired":true,"valueName":"search_term_string"}}],"inLanguage":"pt-BR"}]}},"amp_enabled":true,"_links":{"self":[{"href":"https:\/\/www.p31noticias.com.br\/index.php?rest_route=\/wp\/v2\/posts\/30360","targetHints":{"allow":["GET"]}}],"collection":[{"href":"https:\/\/www.p31noticias.com.br\/index.php?rest_route=\/wp\/v2\/posts"}],"about":[{"href":"https:\/\/www.p31noticias.com.br\/index.php?rest_route=\/wp\/v2\/types\/post"}],"replies":[{"embeddable":true,"href":"https:\/\/www.p31noticias.com.br\/index.php?rest_route=%2Fwp%2Fv2%2Fcomments&post=30360"}],"version-history":[{"count":0,"href":"https:\/\/www.p31noticias.com.br\/index.php?rest_route=\/wp\/v2\/posts\/30360\/revisions"}],"wp:featuredmedia":[{"embeddable":true,"href":"https:\/\/www.p31noticias.com.br\/index.php?rest_route=\/wp\/v2\/media\/30348"}],"wp:attachment":[{"href":"https:\/\/www.p31noticias.com.br\/index.php?rest_route=%2Fwp%2Fv2%2Fmedia&parent=30360"}],"wp:term":[{"taxonomy":"category","embeddable":true,"href":"https:\/\/www.p31noticias.com.br\/index.php?rest_route=%2Fwp%2Fv2%2Fcategories&post=30360"},{"taxonomy":"post_tag","embeddable":true,"href":"https:\/\/www.p31noticias.com.br\/index.php?rest_route=%2Fwp%2Fv2%2Ftags&post=30360"}],"curies":[{"name":"wp","href":"https:\/\/api.w.org\/{rel}","templated":true}]}}